{"id":27017,"date":"2026-01-08T12:12:34","date_gmt":"2026-01-08T11:12:34","guid":{"rendered":"https:\/\/veritasinfo.org\/?p=27017"},"modified":"2026-01-08T12:12:34","modified_gmt":"2026-01-08T11:12:34","slug":"ffk-organizon-punetorine-e-pare-mjekesore-ne-nivel-vendi","status":"publish","type":"post","link":"https:\/\/veritasinfo.org\/?p=27017","title":{"rendered":"FFK organizon pun\u00ebtorin\u00eb e par\u00eb mjek\u00ebsore n\u00eb nivel vendi"},"content":{"rendered":"<p>Prishtin\u00eb 08 janar 2026 12:11<\/p>\n<p>Federata e Futbollit e Kosov\u00ebs, n\u00eb bashk\u00ebpunim me UEFA-n, ka mbajtur sot pun\u00ebtorin\u00eb e par\u00eb mjek\u00ebsore n\u00eb nivel vendi, duke bashkuar n\u00eb nj\u00eb forum t\u00eb p\u00ebrbashk\u00ebt mjek\u00ebt e Superlig\u00ebs, Lig\u00ebs s\u00eb Par\u00eb, futbollit t\u00eb vajzave dhe ekipeve komb\u00ebtare.<\/p>\n<p>Ky aktivitet p\u00ebrb\u00ebn nj\u00eb hap t\u00eb domosdosh\u00ebm drejt forcimit t\u00eb sistemit mjek\u00ebsor brenda futbollit kosovar dhe vjen si vazhdim\u00ebsi e projektit t\u00eb FFK-s\u00eb p\u00ebr kujdes t\u00eb shtuar ndaj sh\u00ebndetit t\u00eb futbollist\u00ebve, pasi m\u00eb par\u00eb jan\u00eb dh\u00ebn\u00eb donacion p\u00ebr klubet defribilator\u00ebt dhe \u00ebsht\u00eb si pjes\u00eb e unifikimit t\u00eb protokolleve me ato t\u00eb UEFA-s, duke i p\u00ebrafruar ato me standardet m\u00eb t\u00eb larta evropiane.<\/p>\n<p>Pun\u00ebtoria u drejtua nga ekipi mjek\u00ebsor i Komb\u00ebtares A t\u00eb Kosov\u00ebs: Dr. Amir Vejseli, Mustaf\u00eb Januzaj, Argjent Hoti dhe Skifter Imeri, t\u00eb cil\u00ebt ndan\u00eb njohurit\u00eb dhe p\u00ebrvojat e tyre profesionale, t\u00eb fituara p\u00ebrmes programeve t\u00eb avancuara t\u00eb edukimit t\u00eb UEFA-s.<\/p>\n<p>N\u00eb fokus t\u00eb ligj\u00ebrimeve ishin temat ky\u00e7e q\u00eb lidhen drejtp\u00ebrdrejt me sigurin\u00eb e futbollist\u00ebve, p\u00ebrfshir\u00eb menaxhimin e atakut kardiak, trajtimin e l\u00ebndimeve cervikale, r\u00ebnd\u00ebsin\u00eb e fizioterapis\u00eb n\u00eb fush\u00ebn e futbollit, si dhe menaxhimin e l\u00ebndimeve t\u00eb toraksit dhe ekstremiteteve. Pjesa teorike u plot\u00ebsua me ushtrime praktike, duke ofruar qasje konkrete p\u00ebr veprim n\u00eb situata reale gjat\u00eb ndeshjeve dhe st\u00ebrvitjeve.<\/p>\n<p>Presidenti Agim Ademi gjat\u00eb fjalimit t\u00eb tij n\u00eb hapje t\u00eb k\u00ebsaj pun\u00ebtorie tha se mbrojtja e sh\u00ebndetit t\u00eb futbollist\u00ebve \u00ebsht\u00eb themel i zhvillimit t\u00eb q\u00ebndruesh\u00ebm t\u00eb futbollit, ndaj si\u00e7 tha ai, ngritja e vazhdueshme e kapaciteteve profesionale t\u00eb stafit mjek\u00ebsor mbetet nj\u00eb nga prioritetet strategjike t\u00eb FFK-s\u00eb.<\/p>\n<p>P\u00ebrmes k\u00ebsaj pun\u00ebtorie, synohet standardizimi i protokolleve mjek\u00ebsore, forcimi i bashk\u00ebpunimit nd\u00ebrmjet mjek\u00ebve t\u00eb klubeve dhe ekipeve zinxhir t\u00eb komb\u00ebtares, si dhe krijimi i nj\u00eb platforme t\u00eb q\u00ebndrueshme p\u00ebr edukim t\u00eb vazhduesh\u00ebm, n\u00eb p\u00ebrputhje me praktikat m\u00eb t\u00eb mira nd\u00ebrkomb\u00ebtare.<\/p>\n","protected":false},"excerpt":{"rendered":"<p>Prishtin\u00eb 08 janar 2026 12:11 Federata e Futbollit e Kosov\u00ebs, n\u00eb bashk\u00ebpunim me UEFA-n, ka mbajtur sot pun\u00ebtorin\u00eb e par\u00eb mjek\u00ebsore n\u00eb nivel vendi, duke<\/p>\n","protected":false},"author":6,"featured_media":27018,"comment_status":"open","ping_status":"open","sticky":false,"template":"","format":"standard","meta":{"footnotes":""},"categories":[5],"tags":[],"class_list":["post-27017","post","type-post","status-publish","format-standard","has-post-thumbnail","hentry","category-sport-sq"],"yoast_head":"<!-- This site is optimized with the Yoast SEO plugin v25.3.1 - https:\/\/yoast.com\/wordpress\/plugins\/seo\/ -->\n<title>FFK organizon pun\u00ebtorin\u00eb e par\u00eb mjek\u00ebsore n\u00eb nivel vendi -<\/title>\n<meta name=\"robots\" content=\"index, follow, max-snippet:-1, max-image-preview:large, max-video-preview:-1\" \/>\n<link rel=\"canonical\" href=\"https:\/\/veritasinfo.org\/?p=27017\" \/>\n<meta property=\"og:locale\" content=\"en_US\" \/>\n<meta property=\"og:type\" content=\"article\" \/>\n<meta property=\"og:title\" content=\"FFK organizon pun\u00ebtorin\u00eb e par\u00eb mjek\u00ebsore n\u00eb nivel vendi -\" \/>\n<meta property=\"og:description\" content=\"Prishtin\u00eb 08 janar 2026 12:11 Federata e Futbollit e Kosov\u00ebs, n\u00eb bashk\u00ebpunim me UEFA-n, ka mbajtur sot pun\u00ebtorin\u00eb e par\u00eb mjek\u00ebsore n\u00eb nivel vendi, duke\" \/>\n<meta property=\"og:url\" content=\"https:\/\/veritasinfo.org\/?p=27017\" \/>\n<meta property=\"article:published_time\" content=\"2026-01-08T11:12:34+00:00\" \/>\n<meta property=\"og:image\" content=\"https:\/\/veritasinfo.org\/wp-content\/uploads\/2026\/01\/713860-exwLsfBYKy.jpg\" \/>\n\t<meta property=\"og:image:width\" content=\"780\" \/>\n\t<meta property=\"og:image:height\" content=\"500\" \/>\n\t<meta property=\"og:image:type\" content=\"image\/jpeg\" \/>\n<meta name=\"author\" content=\"US5\" \/>\n<meta name=\"twitter:card\" content=\"summary_large_image\" \/>\n<meta name=\"twitter:label1\" content=\"Written by\" \/>\n\t<meta name=\"twitter:data1\" content=\"US5\" \/>\n<script type=\"application\/ld+json\" class=\"yoast-schema-graph\">{\"@context\":\"https:\/\/schema.org\",\"@graph\":[{\"@type\":\"WebPage\",\"@id\":\"https:\/\/veritasinfo.org\/?p=27017\",\"url\":\"https:\/\/veritasinfo.org\/?p=27017\",\"name\":\"FFK organizon pun\u00ebtorin\u00eb e par\u00eb mjek\u00ebsore n\u00eb nivel vendi -\",\"isPartOf\":{\"@id\":\"https:\/\/veritasinfo.org\/#website\"},\"primaryImageOfPage\":{\"@id\":\"https:\/\/veritasinfo.org\/?p=27017#primaryimage\"},\"image\":{\"@id\":\"https:\/\/veritasinfo.org\/?p=27017#primaryimage\"},\"thumbnailUrl\":\"https:\/\/veritasinfo.org\/wp-content\/uploads\/2026\/01\/713860-exwLsfBYKy.jpg\",\"datePublished\":\"2026-01-08T11:12:34+00:00\",\"author\":{\"@id\":\"https:\/\/veritasinfo.org\/#\/schema\/person\/bc442336e35414d04494ab8fb45db4c6\"},\"breadcrumb\":{\"@id\":\"https:\/\/veritasinfo.org\/?p=27017#breadcrumb\"},\"inLanguage\":\"en-US\",\"potentialAction\":[{\"@type\":\"ReadAction\",\"target\":[\"https:\/\/veritasinfo.org\/?p=27017\"]}]},{\"@type\":\"ImageObject\",\"inLanguage\":\"en-US\",\"@id\":\"https:\/\/veritasinfo.org\/?p=27017#primaryimage\",\"url\":\"https:\/\/veritasinfo.org\/wp-content\/uploads\/2026\/01\/713860-exwLsfBYKy.jpg\",\"contentUrl\":\"https:\/\/veritasinfo.org\/wp-content\/uploads\/2026\/01\/713860-exwLsfBYKy.jpg\",\"width\":780,\"height\":500},{\"@type\":\"BreadcrumbList\",\"@id\":\"https:\/\/veritasinfo.org\/?p=27017#breadcrumb\",\"itemListElement\":[{\"@type\":\"ListItem\",\"position\":1,\"name\":\"Home\",\"item\":\"https:\/\/veritasinfo.org\/\"},{\"@type\":\"ListItem\",\"position\":2,\"name\":\"FFK organizon pun\u00ebtorin\u00eb e par\u00eb mjek\u00ebsore n\u00eb nivel vendi\"}]},{\"@type\":\"WebSite\",\"@id\":\"https:\/\/veritasinfo.org\/#website\",\"url\":\"https:\/\/veritasinfo.org\/\",\"name\":\"\",\"description\":\"\",\"potentialAction\":[{\"@type\":\"SearchAction\",\"target\":{\"@type\":\"EntryPoint\",\"urlTemplate\":\"https:\/\/veritasinfo.org\/?s={search_term_string}\"},\"query-input\":{\"@type\":\"PropertyValueSpecification\",\"valueRequired\":true,\"valueName\":\"search_term_string\"}}],\"inLanguage\":\"en-US\"},{\"@type\":\"Person\",\"@id\":\"https:\/\/veritasinfo.org\/#\/schema\/person\/bc442336e35414d04494ab8fb45db4c6\",\"name\":\"US5\",\"image\":{\"@type\":\"ImageObject\",\"inLanguage\":\"en-US\",\"@id\":\"https:\/\/veritasinfo.org\/#\/schema\/person\/image\/\",\"url\":\"https:\/\/secure.gravatar.com\/avatar\/16a61e7272a0c5d001121ebb9e60e925d5816e4ac1e443ed3e640d9a6ae55d0c?s=96&d=mm&r=g\",\"contentUrl\":\"https:\/\/secure.gravatar.com\/avatar\/16a61e7272a0c5d001121ebb9e60e925d5816e4ac1e443ed3e640d9a6ae55d0c?s=96&d=mm&r=g\",\"caption\":\"US5\"},\"url\":\"https:\/\/veritasinfo.org\/?author=6\"}]}<\/script>\n<!-- \/ Yoast SEO plugin. -->","yoast_head_json":{"title":"FFK organizon pun\u00ebtorin\u00eb e par\u00eb mjek\u00ebsore n\u00eb nivel vendi -","robots":{"index":"index","follow":"follow","max-snippet":"max-snippet:-1","max-image-preview":"max-image-preview:large","max-video-preview":"max-video-preview:-1"},"canonical":"https:\/\/veritasinfo.org\/?p=27017","og_locale":"en_US","og_type":"article","og_title":"FFK organizon pun\u00ebtorin\u00eb e par\u00eb mjek\u00ebsore n\u00eb nivel vendi -","og_description":"Prishtin\u00eb 08 janar 2026 12:11 Federata e Futbollit e Kosov\u00ebs, n\u00eb bashk\u00ebpunim me UEFA-n, ka mbajtur sot pun\u00ebtorin\u00eb e par\u00eb mjek\u00ebsore n\u00eb nivel vendi, duke","og_url":"https:\/\/veritasinfo.org\/?p=27017","article_published_time":"2026-01-08T11:12:34+00:00","og_image":[{"width":780,"height":500,"url":"https:\/\/veritasinfo.org\/wp-content\/uploads\/2026\/01\/713860-exwLsfBYKy.jpg","type":"image\/jpeg"}],"author":"US5","twitter_card":"summary_large_image","twitter_misc":{"Written by":"US5"},"schema":{"@context":"https:\/\/schema.org","@graph":[{"@type":"WebPage","@id":"https:\/\/veritasinfo.org\/?p=27017","url":"https:\/\/veritasinfo.org\/?p=27017","name":"FFK organizon pun\u00ebtorin\u00eb e par\u00eb mjek\u00ebsore n\u00eb nivel vendi -","isPartOf":{"@id":"https:\/\/veritasinfo.org\/#website"},"primaryImageOfPage":{"@id":"https:\/\/veritasinfo.org\/?p=27017#primaryimage"},"image":{"@id":"https:\/\/veritasinfo.org\/?p=27017#primaryimage"},"thumbnailUrl":"https:\/\/veritasinfo.org\/wp-content\/uploads\/2026\/01\/713860-exwLsfBYKy.jpg","datePublished":"2026-01-08T11:12:34+00:00","author":{"@id":"https:\/\/veritasinfo.org\/#\/schema\/person\/bc442336e35414d04494ab8fb45db4c6"},"breadcrumb":{"@id":"https:\/\/veritasinfo.org\/?p=27017#breadcrumb"},"inLanguage":"en-US","potentialAction":[{"@type":"ReadAction","target":["https:\/\/veritasinfo.org\/?p=27017"]}]},{"@type":"ImageObject","inLanguage":"en-US","@id":"https:\/\/veritasinfo.org\/?p=27017#primaryimage","url":"https:\/\/veritasinfo.org\/wp-content\/uploads\/2026\/01\/713860-exwLsfBYKy.jpg","contentUrl":"https:\/\/veritasinfo.org\/wp-content\/uploads\/2026\/01\/713860-exwLsfBYKy.jpg","width":780,"height":500},{"@type":"BreadcrumbList","@id":"https:\/\/veritasinfo.org\/?p=27017#breadcrumb","itemListElement":[{"@type":"ListItem","position":1,"name":"Home","item":"https:\/\/veritasinfo.org\/"},{"@type":"ListItem","position":2,"name":"FFK organizon pun\u00ebtorin\u00eb e par\u00eb mjek\u00ebsore n\u00eb nivel vendi"}]},{"@type":"WebSite","@id":"https:\/\/veritasinfo.org\/#website","url":"https:\/\/veritasinfo.org\/","name":"","description":"","potentialAction":[{"@type":"SearchAction","target":{"@type":"EntryPoint","urlTemplate":"https:\/\/veritasinfo.org\/?s={search_term_string}"},"query-input":{"@type":"PropertyValueSpecification","valueRequired":true,"valueName":"search_term_string"}}],"inLanguage":"en-US"},{"@type":"Person","@id":"https:\/\/veritasinfo.org\/#\/schema\/person\/bc442336e35414d04494ab8fb45db4c6","name":"US5","image":{"@type":"ImageObject","inLanguage":"en-US","@id":"https:\/\/veritasinfo.org\/#\/schema\/person\/image\/","url":"https:\/\/secure.gravatar.com\/avatar\/16a61e7272a0c5d001121ebb9e60e925d5816e4ac1e443ed3e640d9a6ae55d0c?s=96&d=mm&r=g","contentUrl":"https:\/\/secure.gravatar.com\/avatar\/16a61e7272a0c5d001121ebb9e60e925d5816e4ac1e443ed3e640d9a6ae55d0c?s=96&d=mm&r=g","caption":"US5"},"url":"https:\/\/veritasinfo.org\/?author=6"}]}},"featured_image_urls":{"full":["https:\/\/veritasinfo.org\/wp-content\/uploads\/2026\/01\/713860-exwLsfBYKy.jpg",780,500,false],"thumbnail":["https:\/\/veritasinfo.org\/wp-content\/uploads\/2026\/01\/713860-exwLsfBYKy-150x150.jpg",150,150,true],"medium":["https:\/\/veritasinfo.org\/wp-content\/uploads\/2026\/01\/713860-exwLsfBYKy-300x192.jpg",300,192,true],"medium_large":["https:\/\/veritasinfo.org\/wp-content\/uploads\/2026\/01\/713860-exwLsfBYKy-768x492.jpg",640,410,true],"large":["https:\/\/veritasinfo.org\/wp-content\/uploads\/2026\/01\/713860-exwLsfBYKy.jpg",640,410,false],"1536x1536":["https:\/\/veritasinfo.org\/wp-content\/uploads\/2026\/01\/713860-exwLsfBYKy.jpg",780,500,false],"2048x2048":["https:\/\/veritasinfo.org\/wp-content\/uploads\/2026\/01\/713860-exwLsfBYKy.jpg",780,500,false],"kreeti-slider-full":["https:\/\/veritasinfo.org\/wp-content\/uploads\/2026\/01\/713860-exwLsfBYKy.jpg",780,500,false],"kreeti-featured":["https:\/\/veritasinfo.org\/wp-content\/uploads\/2026\/01\/713860-exwLsfBYKy.jpg",780,500,false],"kreeti-medium":["https:\/\/veritasinfo.org\/wp-content\/uploads\/2026\/01\/713860-exwLsfBYKy.jpg",720,462,false],"kreeti-medium-square":["https:\/\/veritasinfo.org\/wp-content\/uploads\/2026\/01\/713860-exwLsfBYKy.jpg",350,224,false]},"author_info":{"info":["US5"]},"category_info":"<a href=\"https:\/\/veritasinfo.org\/?cat=5\" rel=\"category\">Sport<\/a>","tag_info":"Sport","comment_count":"0","_links":{"self":[{"href":"https:\/\/veritasinfo.org\/index.php?rest_route=\/wp\/v2\/posts\/27017","targetHints":{"allow":["GET"]}}],"collection":[{"href":"https:\/\/veritasinfo.org\/index.php?rest_route=\/wp\/v2\/posts"}],"about":[{"href":"https:\/\/veritasinfo.org\/index.php?rest_route=\/wp\/v2\/types\/post"}],"author":[{"embeddable":true,"href":"https:\/\/veritasinfo.org\/index.php?rest_route=\/wp\/v2\/users\/6"}],"replies":[{"embeddable":true,"href":"https:\/\/veritasinfo.org\/index.php?rest_route=%2Fwp%2Fv2%2Fcomments&post=27017"}],"version-history":[{"count":1,"href":"https:\/\/veritasinfo.org\/index.php?rest_route=\/wp\/v2\/posts\/27017\/revisions"}],"predecessor-version":[{"id":27019,"href":"https:\/\/veritasinfo.org\/index.php?rest_route=\/wp\/v2\/posts\/27017\/revisions\/27019"}],"wp:featuredmedia":[{"embeddable":true,"href":"https:\/\/veritasinfo.org\/index.php?rest_route=\/wp\/v2\/media\/27018"}],"wp:attachment":[{"href":"https:\/\/veritasinfo.org\/index.php?rest_route=%2Fwp%2Fv2%2Fmedia&parent=27017"}],"wp:term":[{"taxonomy":"category","embeddable":true,"href":"https:\/\/veritasinfo.org\/index.php?rest_route=%2Fwp%2Fv2%2Fcategories&post=27017"},{"taxonomy":"post_tag","embeddable":true,"href":"https:\/\/veritasinfo.org\/index.php?rest_route=%2Fwp%2Fv2%2Ftags&post=27017"}],"curies":[{"name":"wp","href":"https:\/\/api.w.org\/{rel}","templated":true}]}}