{"id":27003,"date":"2026-01-08T11:25:22","date_gmt":"2026-01-08T10:25:22","guid":{"rendered":"https:\/\/veritasinfo.org\/?p=27003"},"modified":"2026-01-08T11:25:22","modified_gmt":"2026-01-08T10:25:22","slug":"neglizhenca-e-komunes-qe-udhehiqet-nga-lista-serbe-rrezikon-qytetaret-pusetat-e-hapura-shnderrojne-mitrovicen-e-veriut-ne-zone-te-rrezikshme","status":"publish","type":"post","link":"https:\/\/veritasinfo.org\/?p=27003","title":{"rendered":"Neglizhenca e Komun\u00ebs q\u00eb udh\u00ebhiqet nga Lista Serbe rrezikon qytetar\u00ebt: Pusetat e hapura shnd\u00ebrrojn\u00eb Mitrovic\u00ebn e Veriut n\u00eb zon\u00eb t\u00eb rrezikshme"},"content":{"rendered":"<p>Mitrovic\u00eb e Veriut, 8 janar 2026 11:24<\/p>\n<p>N\u00eb Mitrovic\u00ebn e Veriut, dit\u00ebt e fundit \u00ebsht\u00eb hapur nj\u00eb num\u00ebr i madh pusetash n\u00eb rrug\u00ebt dhe sheshet e qytetit, n\u00ebn arsyetimin se kjo po b\u00ebhet p\u00ebr t\u00eb leht\u00ebsuar rrjedhjen e ujit pas reshjeve t\u00eb shumta. Megjithat\u00eb, m\u00ebnyra e pap\u00ebrgjegjshme dhe kaotike e realizimit t\u00eb k\u00ebtij veprimi ka nxjerr\u00eb n\u00eb pah neglizhenc\u00ebn serioze t\u00eb institucioneve lokale q\u00eb udh\u00ebhiqen nga Lista Serbe, duke rrezikuar drejtp\u00ebrdrejt sigurin\u00eb e qytetar\u00ebve.<\/p>\n<p>N\u00eb shum\u00eb lokacione, p\u00ebrfshir\u00eb edhe qendr\u00ebn e qytetit, pusetat e hapura jan\u00eb l\u00ebn\u00eb pa asnj\u00eb shenj\u00eb paralajm\u00ebruese apo sinjalizim t\u00eb rregullt. N\u00eb vend t\u00eb standardeve minimale t\u00eb siguris\u00eb, autoritetet komunale jan\u00eb mjaftuar me \u201czgjidhje\u201d t\u00eb improvizuara, si vendosja e karrigeve apo objekteve t\u00eb tjera rreth pusetave t\u00eb hapura. Ky veprim d\u00ebshmon qart\u00eb munges\u00ebn e seriozitetit, profesionalizmit dhe p\u00ebrgjegj\u00ebsis\u00eb nga ana e institucioneve q\u00eb drejtojn\u00eb komun\u00ebn.<\/p>\n<p>Fotografit\u00eb nga terreni tregojn\u00eb pusetat e hapura n\u00eb zona shum\u00eb t\u00eb frekuentuara nga k\u00ebmb\u00ebsor\u00ebt, ku \u00e7do dit\u00eb qarkullojn\u00eb qytetar\u00eb, f\u00ebmij\u00eb dhe persona t\u00eb moshuar. Pavar\u00ebsisht k\u00ebtij rreziku evident, institucionet lokale nuk kan\u00eb nd\u00ebrmarr\u00eb asnj\u00eb mas\u00eb konkrete p\u00ebr t\u00eb garantuar sigurin\u00eb publike.<\/p>\n<p>Situata b\u00ebhet edhe m\u00eb alarmante me faktin se tashm\u00eb jan\u00eb regjistruar t\u00eb pakt\u00ebn dy incidente, ku automjete kan\u00eb r\u00ebn\u00eb n\u00eb pusetat e hapura. Edhe pse fatmir\u00ebsisht nuk ka pasur l\u00ebndime t\u00eb r\u00ebnda, d\u00ebmet materiale jan\u00eb t\u00eb konsiderueshme dhe rreziku p\u00ebr pasoja tragjike mbetet real. K\u00ebto raste jan\u00eb d\u00ebshmi e drejtp\u00ebrdrejt\u00eb e d\u00ebshtimit t\u00eb menaxhimit komunal dhe e munges\u00ebs s\u00eb kontrollit institucional.<\/p>\n<p>Qytetar\u00ebt me t\u00eb drejt\u00eb k\u00ebrkojn\u00eb llogari dhe shtrojn\u00eb pyetjen se kush do t\u00eb mbaj\u00eb p\u00ebrgjegj\u00ebsi p\u00ebr k\u00ebt\u00eb gjendje t\u00eb rrezikshme. \u201cAskush nuk e konteston nevoj\u00ebn q\u00eb uji t\u00eb largohet, por kjo nuk mund t\u00eb b\u00ebhet duke rrezikuar jet\u00ebt e njer\u00ebzve. Kjo \u00ebsht\u00eb qendra e qytetit, jo nj\u00eb hap\u00ebsir\u00eb e l\u00ebn\u00eb n\u00eb m\u00ebshir\u00eb t\u00eb fatit\u201d, ka deklaruar p\u00ebr portalin \u201cVeritasinfo\u201d Milosh Simoviq, nj\u00eb nga qytetar\u00ebt e shqet\u00ebsuar.<\/p>\n<p>Mungesa e \u00e7do njoftimi zyrtar nga komuna dhe heshtja e institucioneve lokale vet\u00ebm sa e thellojn\u00eb p\u00ebrshtypjen e neglizhenc\u00ebs dhe pap\u00ebrgjegjshm\u00ebris\u00eb s\u00eb pushtetit lokal t\u00eb udh\u00ebhequr nga Lista Serbe. N\u00eb munges\u00eb t\u00eb reagimit institucional, qytetar\u00ebt jan\u00eb t\u00eb detyruar t\u00eb paralajm\u00ebrojn\u00eb vet\u00eb nj\u00ebri-tjetrin p\u00ebr rrezikun q\u00eb u kanoset n\u00eb rrug\u00ebt e qytetit.<\/p>\n<p>Pusetat e hapura n\u00eb Mitrovic\u00ebn e Veriut nuk p\u00ebrb\u00ebjn\u00eb m\u00eb vet\u00ebm nj\u00eb problem komunal, por nj\u00eb k\u00ebrc\u00ebnim serioz p\u00ebr sigurin\u00eb publike, p\u00ebr t\u00eb cilin institucionet lokale mbajn\u00eb p\u00ebrgjegj\u00ebsi t\u00eb drejtp\u00ebrdrejt\u00eb. Kjo situat\u00eb k\u00ebrkon reagim urgjent, transparenc\u00eb dhe llogaridh\u00ebnie nga autoritetet komunale, t\u00eb cilat deri tani kan\u00eb treguar munges\u00eb vullneti p\u00ebr t\u00eb mbrojtur qytetar\u00ebt q\u00eb pretendojn\u00eb t\u2019i p\u00ebrfaq\u00ebsojn\u00eb.<\/p>\n","protected":false},"excerpt":{"rendered":"<p>Mitrovic\u00eb e Veriut, 8 janar 2026 11:24 N\u00eb Mitrovic\u00ebn e Veriut, dit\u00ebt e fundit \u00ebsht\u00eb hapur nj\u00eb num\u00ebr i madh pusetash n\u00eb rrug\u00ebt dhe sheshet<\/p>\n","protected":false},"author":7,"featured_media":27004,"comment_status":"open","ping_status":"open","sticky":false,"template":"","format":"standard","meta":{"footnotes":""},"categories":[52],"tags":[],"class_list":["post-27003","post","type-post","status-publish","format-standard","has-post-thumbnail","hentry","category-komunat-sq"],"yoast_head":"<!-- This site is optimized with the Yoast SEO plugin v25.3.1 - https:\/\/yoast.com\/wordpress\/plugins\/seo\/ -->\n<title>Neglizhenca e Komun\u00ebs q\u00eb udh\u00ebhiqet nga Lista Serbe rrezikon qytetar\u00ebt: Pusetat e hapura shnd\u00ebrrojn\u00eb Mitrovic\u00ebn e Veriut n\u00eb zon\u00eb t\u00eb rrezikshme -<\/title>\n<meta name=\"robots\" content=\"index, follow, max-snippet:-1, max-image-preview:large, max-video-preview:-1\" \/>\n<link rel=\"canonical\" href=\"https:\/\/veritasinfo.org\/?p=27003\" \/>\n<meta property=\"og:locale\" content=\"en_US\" \/>\n<meta property=\"og:type\" content=\"article\" \/>\n<meta property=\"og:title\" content=\"Neglizhenca e Komun\u00ebs q\u00eb udh\u00ebhiqet nga Lista Serbe rrezikon qytetar\u00ebt: Pusetat e hapura shnd\u00ebrrojn\u00eb Mitrovic\u00ebn e Veriut n\u00eb zon\u00eb t\u00eb rrezikshme -\" \/>\n<meta property=\"og:description\" content=\"Mitrovic\u00eb e Veriut, 8 janar 2026 11:24 N\u00eb Mitrovic\u00ebn e Veriut, dit\u00ebt e fundit \u00ebsht\u00eb hapur nj\u00eb num\u00ebr i madh pusetash n\u00eb rrug\u00ebt dhe sheshet\" \/>\n<meta property=\"og:url\" content=\"https:\/\/veritasinfo.org\/?p=27003\" \/>\n<meta property=\"article:published_time\" content=\"2026-01-08T10:25:22+00:00\" \/>\n<meta property=\"og:image\" content=\"https:\/\/veritasinfo.org\/wp-content\/uploads\/2026\/01\/1000078947.jpg\" \/>\n\t<meta property=\"og:image:width\" content=\"907\" \/>\n\t<meta property=\"og:image:height\" content=\"1049\" \/>\n\t<meta property=\"og:image:type\" content=\"image\/jpeg\" \/>\n<meta name=\"author\" content=\"US6\" \/>\n<meta name=\"twitter:card\" content=\"summary_large_image\" \/>\n<meta name=\"twitter:label1\" content=\"Written by\" \/>\n\t<meta name=\"twitter:data1\" content=\"US6\" \/>\n\t<meta name=\"twitter:label2\" content=\"Est. reading time\" \/>\n\t<meta name=\"twitter:data2\" content=\"3 minutes\" \/>\n<script type=\"application\/ld+json\" class=\"yoast-schema-graph\">{\"@context\":\"https:\/\/schema.org\",\"@graph\":[{\"@type\":\"WebPage\",\"@id\":\"https:\/\/veritasinfo.org\/?p=27003\",\"url\":\"https:\/\/veritasinfo.org\/?p=27003\",\"name\":\"Neglizhenca e Komun\u00ebs q\u00eb udh\u00ebhiqet nga Lista Serbe rrezikon qytetar\u00ebt: Pusetat e hapura shnd\u00ebrrojn\u00eb Mitrovic\u00ebn e Veriut n\u00eb zon\u00eb t\u00eb rrezikshme -\",\"isPartOf\":{\"@id\":\"https:\/\/veritasinfo.org\/#website\"},\"primaryImageOfPage\":{\"@id\":\"https:\/\/veritasinfo.org\/?p=27003#primaryimage\"},\"image\":{\"@id\":\"https:\/\/veritasinfo.org\/?p=27003#primaryimage\"},\"thumbnailUrl\":\"https:\/\/veritasinfo.org\/wp-content\/uploads\/2026\/01\/1000078947.jpg\",\"datePublished\":\"2026-01-08T10:25:22+00:00\",\"author\":{\"@id\":\"https:\/\/veritasinfo.org\/#\/schema\/person\/fe199eede04c3937362892b7444747cc\"},\"breadcrumb\":{\"@id\":\"https:\/\/veritasinfo.org\/?p=27003#breadcrumb\"},\"inLanguage\":\"en-US\",\"potentialAction\":[{\"@type\":\"ReadAction\",\"target\":[\"https:\/\/veritasinfo.org\/?p=27003\"]}]},{\"@type\":\"ImageObject\",\"inLanguage\":\"en-US\",\"@id\":\"https:\/\/veritasinfo.org\/?p=27003#primaryimage\",\"url\":\"https:\/\/veritasinfo.org\/wp-content\/uploads\/2026\/01\/1000078947.jpg\",\"contentUrl\":\"https:\/\/veritasinfo.org\/wp-content\/uploads\/2026\/01\/1000078947.jpg\",\"width\":907,\"height\":1049},{\"@type\":\"BreadcrumbList\",\"@id\":\"https:\/\/veritasinfo.org\/?p=27003#breadcrumb\",\"itemListElement\":[{\"@type\":\"ListItem\",\"position\":1,\"name\":\"Home\",\"item\":\"https:\/\/veritasinfo.org\/\"},{\"@type\":\"ListItem\",\"position\":2,\"name\":\"Neglizhenca e Komun\u00ebs q\u00eb udh\u00ebhiqet nga Lista Serbe rrezikon qytetar\u00ebt: Pusetat e hapura shnd\u00ebrrojn\u00eb Mitrovic\u00ebn e Veriut n\u00eb zon\u00eb t\u00eb rrezikshme\"}]},{\"@type\":\"WebSite\",\"@id\":\"https:\/\/veritasinfo.org\/#website\",\"url\":\"https:\/\/veritasinfo.org\/\",\"name\":\"\",\"description\":\"\",\"potentialAction\":[{\"@type\":\"SearchAction\",\"target\":{\"@type\":\"EntryPoint\",\"urlTemplate\":\"https:\/\/veritasinfo.org\/?s={search_term_string}\"},\"query-input\":{\"@type\":\"PropertyValueSpecification\",\"valueRequired\":true,\"valueName\":\"search_term_string\"}}],\"inLanguage\":\"en-US\"},{\"@type\":\"Person\",\"@id\":\"https:\/\/veritasinfo.org\/#\/schema\/person\/fe199eede04c3937362892b7444747cc\",\"name\":\"US6\",\"image\":{\"@type\":\"ImageObject\",\"inLanguage\":\"en-US\",\"@id\":\"https:\/\/veritasinfo.org\/#\/schema\/person\/image\/\",\"url\":\"https:\/\/secure.gravatar.com\/avatar\/cb16c3c31c9d23b9b8c705964598220b3014e42ff51eb540ff23cefa3ae8c15f?s=96&d=mm&r=g\",\"contentUrl\":\"https:\/\/secure.gravatar.com\/avatar\/cb16c3c31c9d23b9b8c705964598220b3014e42ff51eb540ff23cefa3ae8c15f?s=96&d=mm&r=g\",\"caption\":\"US6\"},\"url\":\"https:\/\/veritasinfo.org\/?author=7\"}]}<\/script>\n<!-- \/ Yoast SEO plugin. -->","yoast_head_json":{"title":"Neglizhenca e Komun\u00ebs q\u00eb udh\u00ebhiqet nga Lista Serbe rrezikon qytetar\u00ebt: Pusetat e hapura shnd\u00ebrrojn\u00eb Mitrovic\u00ebn e Veriut n\u00eb zon\u00eb t\u00eb rrezikshme -","robots":{"index":"index","follow":"follow","max-snippet":"max-snippet:-1","max-image-preview":"max-image-preview:large","max-video-preview":"max-video-preview:-1"},"canonical":"https:\/\/veritasinfo.org\/?p=27003","og_locale":"en_US","og_type":"article","og_title":"Neglizhenca e Komun\u00ebs q\u00eb udh\u00ebhiqet nga Lista Serbe rrezikon qytetar\u00ebt: Pusetat e hapura shnd\u00ebrrojn\u00eb Mitrovic\u00ebn e Veriut n\u00eb zon\u00eb t\u00eb rrezikshme -","og_description":"Mitrovic\u00eb e Veriut, 8 janar 2026 11:24 N\u00eb Mitrovic\u00ebn e Veriut, dit\u00ebt e fundit \u00ebsht\u00eb hapur nj\u00eb num\u00ebr i madh pusetash n\u00eb rrug\u00ebt dhe sheshet","og_url":"https:\/\/veritasinfo.org\/?p=27003","article_published_time":"2026-01-08T10:25:22+00:00","og_image":[{"width":907,"height":1049,"url":"https:\/\/veritasinfo.org\/wp-content\/uploads\/2026\/01\/1000078947.jpg","type":"image\/jpeg"}],"author":"US6","twitter_card":"summary_large_image","twitter_misc":{"Written by":"US6","Est. reading time":"3 minutes"},"schema":{"@context":"https:\/\/schema.org","@graph":[{"@type":"WebPage","@id":"https:\/\/veritasinfo.org\/?p=27003","url":"https:\/\/veritasinfo.org\/?p=27003","name":"Neglizhenca e Komun\u00ebs q\u00eb udh\u00ebhiqet nga Lista Serbe rrezikon qytetar\u00ebt: Pusetat e hapura shnd\u00ebrrojn\u00eb Mitrovic\u00ebn e Veriut n\u00eb zon\u00eb t\u00eb rrezikshme -","isPartOf":{"@id":"https:\/\/veritasinfo.org\/#website"},"primaryImageOfPage":{"@id":"https:\/\/veritasinfo.org\/?p=27003#primaryimage"},"image":{"@id":"https:\/\/veritasinfo.org\/?p=27003#primaryimage"},"thumbnailUrl":"https:\/\/veritasinfo.org\/wp-content\/uploads\/2026\/01\/1000078947.jpg","datePublished":"2026-01-08T10:25:22+00:00","author":{"@id":"https:\/\/veritasinfo.org\/#\/schema\/person\/fe199eede04c3937362892b7444747cc"},"breadcrumb":{"@id":"https:\/\/veritasinfo.org\/?p=27003#breadcrumb"},"inLanguage":"en-US","potentialAction":[{"@type":"ReadAction","target":["https:\/\/veritasinfo.org\/?p=27003"]}]},{"@type":"ImageObject","inLanguage":"en-US","@id":"https:\/\/veritasinfo.org\/?p=27003#primaryimage","url":"https:\/\/veritasinfo.org\/wp-content\/uploads\/2026\/01\/1000078947.jpg","contentUrl":"https:\/\/veritasinfo.org\/wp-content\/uploads\/2026\/01\/1000078947.jpg","width":907,"height":1049},{"@type":"BreadcrumbList","@id":"https:\/\/veritasinfo.org\/?p=27003#breadcrumb","itemListElement":[{"@type":"ListItem","position":1,"name":"Home","item":"https:\/\/veritasinfo.org\/"},{"@type":"ListItem","position":2,"name":"Neglizhenca e Komun\u00ebs q\u00eb udh\u00ebhiqet nga Lista Serbe rrezikon qytetar\u00ebt: Pusetat e hapura shnd\u00ebrrojn\u00eb Mitrovic\u00ebn e Veriut n\u00eb zon\u00eb t\u00eb rrezikshme"}]},{"@type":"WebSite","@id":"https:\/\/veritasinfo.org\/#website","url":"https:\/\/veritasinfo.org\/","name":"","description":"","potentialAction":[{"@type":"SearchAction","target":{"@type":"EntryPoint","urlTemplate":"https:\/\/veritasinfo.org\/?s={search_term_string}"},"query-input":{"@type":"PropertyValueSpecification","valueRequired":true,"valueName":"search_term_string"}}],"inLanguage":"en-US"},{"@type":"Person","@id":"https:\/\/veritasinfo.org\/#\/schema\/person\/fe199eede04c3937362892b7444747cc","name":"US6","image":{"@type":"ImageObject","inLanguage":"en-US","@id":"https:\/\/veritasinfo.org\/#\/schema\/person\/image\/","url":"https:\/\/secure.gravatar.com\/avatar\/cb16c3c31c9d23b9b8c705964598220b3014e42ff51eb540ff23cefa3ae8c15f?s=96&d=mm&r=g","contentUrl":"https:\/\/secure.gravatar.com\/avatar\/cb16c3c31c9d23b9b8c705964598220b3014e42ff51eb540ff23cefa3ae8c15f?s=96&d=mm&r=g","caption":"US6"},"url":"https:\/\/veritasinfo.org\/?author=7"}]}},"featured_image_urls":{"full":["https:\/\/veritasinfo.org\/wp-content\/uploads\/2026\/01\/1000078947.jpg",907,1049,false],"thumbnail":["https:\/\/veritasinfo.org\/wp-content\/uploads\/2026\/01\/1000078947-150x150.jpg",150,150,true],"medium":["https:\/\/veritasinfo.org\/wp-content\/uploads\/2026\/01\/1000078947-259x300.jpg",259,300,true],"medium_large":["https:\/\/veritasinfo.org\/wp-content\/uploads\/2026\/01\/1000078947-768x888.jpg",640,740,true],"large":["https:\/\/veritasinfo.org\/wp-content\/uploads\/2026\/01\/1000078947-885x1024.jpg",640,741,true],"1536x1536":["https:\/\/veritasinfo.org\/wp-content\/uploads\/2026\/01\/1000078947.jpg",907,1049,false],"2048x2048":["https:\/\/veritasinfo.org\/wp-content\/uploads\/2026\/01\/1000078947.jpg",907,1049,false],"kreeti-slider-full":["https:\/\/veritasinfo.org\/wp-content\/uploads\/2026\/01\/1000078947.jpg",623,720,false],"kreeti-featured":["https:\/\/veritasinfo.org\/wp-content\/uploads\/2026\/01\/1000078947.jpg",907,1049,false],"kreeti-medium":["https:\/\/veritasinfo.org\/wp-content\/uploads\/2026\/01\/1000078947.jpg",458,530,false],"kreeti-medium-square":["https:\/\/veritasinfo.org\/wp-content\/uploads\/2026\/01\/1000078947.jpg",303,350,false]},"author_info":{"info":["US6"]},"category_info":"<a href=\"https:\/\/veritasinfo.org\/?cat=52\" rel=\"category\">Komunat<\/a>","tag_info":"Komunat","comment_count":"0","_links":{"self":[{"href":"https:\/\/veritasinfo.org\/index.php?rest_route=\/wp\/v2\/posts\/27003","targetHints":{"allow":["GET"]}}],"collection":[{"href":"https:\/\/veritasinfo.org\/index.php?rest_route=\/wp\/v2\/posts"}],"about":[{"href":"https:\/\/veritasinfo.org\/index.php?rest_route=\/wp\/v2\/types\/post"}],"author":[{"embeddable":true,"href":"https:\/\/veritasinfo.org\/index.php?rest_route=\/wp\/v2\/users\/7"}],"replies":[{"embeddable":true,"href":"https:\/\/veritasinfo.org\/index.php?rest_route=%2Fwp%2Fv2%2Fcomments&post=27003"}],"version-history":[{"count":1,"href":"https:\/\/veritasinfo.org\/index.php?rest_route=\/wp\/v2\/posts\/27003\/revisions"}],"predecessor-version":[{"id":27005,"href":"https:\/\/veritasinfo.org\/index.php?rest_route=\/wp\/v2\/posts\/27003\/revisions\/27005"}],"wp:featuredmedia":[{"embeddable":true,"href":"https:\/\/veritasinfo.org\/index.php?rest_route=\/wp\/v2\/media\/27004"}],"wp:attachment":[{"href":"https:\/\/veritasinfo.org\/index.php?rest_route=%2Fwp%2Fv2%2Fmedia&parent=27003"}],"wp:term":[{"taxonomy":"category","embeddable":true,"href":"https:\/\/veritasinfo.org\/index.php?rest_route=%2Fwp%2Fv2%2Fcategories&post=27003"},{"taxonomy":"post_tag","embeddable":true,"href":"https:\/\/veritasinfo.org\/index.php?rest_route=%2Fwp%2Fv2%2Ftags&post=27003"}],"curies":[{"name":"wp","href":"https:\/\/api.w.org\/{rel}","templated":true}]}}