{"id":2697,"date":"2025-07-06T15:53:53","date_gmt":"2025-07-06T13:53:53","guid":{"rendered":"https:\/\/veritasinfo.org\/?p=2697"},"modified":"2025-07-06T15:53:53","modified_gmt":"2025-07-06T13:53:53","slug":"kurti-e-quan-sulm-hibrid-te-serbise-kercenimin-me-bombe-ndaj-kuvendit","status":"publish","type":"post","link":"https:\/\/veritasinfo.org\/?p=2697","title":{"rendered":"Kurti e quan sulm hibrid t\u00eb Serbis\u00eb k\u00ebrc\u00ebnimin me bomb\u00eb ndaj Kuvendit"},"content":{"rendered":"<p>Prishtin\u00eb, 06 Korrik 2025<\/p>\n<p style=\"font-weight: 400;\"><span style=\"font-style: inherit; font-weight: inherit;\">Kryeministri n\u00eb detyr\u00eb, Albin Kurti, e ka quajtur sulm hibrid nga Serbia k\u00ebrc\u00ebnimin me bomb\u00eb ndaj Kuvendit t\u00eb Kosov\u00ebs.<\/span><\/p>\n<p style=\"font-weight: 400;\"><span style=\"font-style: inherit; font-weight: inherit;\">Ai n\u00eb nj\u00eb postim n\u00eb Facebook ka shkruar konfirmimi se k\u00ebrc\u00ebnimi me bomb\u00eb e ka origjin\u00ebn n\u00eb Serbi, d\u00ebshmon edhe nj\u00ebher\u00eb luft\u00ebn aktive hibride t\u00eb Serbis\u00eb ndaj Kosov\u00ebs.<\/span><\/p>\n<p style=\"font-weight: 400;\"><span style=\"font-style: inherit; font-weight: inherit;\">\u201cP\u00ebrg\u00ebzoj institucionet shtet\u00ebrore p\u00ebr reagimin e shpejt\u00eb dhe profesional\u201d, ka shkruar ai.<\/span><\/p>\n<p style=\"font-weight: 400;\"><span style=\"font-style: inherit; font-weight: inherit;\">Kurti e quan sulm hibrid t\u00eb Serbis\u00eb k\u00ebrc\u00ebnimin me bomb\u00eb ndaj Kuvendit<\/span><\/p>\n<p style=\"font-weight: 400;\"><span style=\"font-style: inherit; font-weight: inherit;\">Ministri n\u00eb detyr\u00eb i Pun\u00ebve t\u00eb Brendshme, Xhelal Sve\u00e7la, ka th\u00ebn\u00eb se numri p\u00ebrmes t\u00eb cilit \u00ebsht\u00eb b\u00ebr\u00eb k\u00ebrc\u00ebnimi me bomb\u00eb n\u00eb Kuvendin e Kosov\u00ebs \u00ebsht\u00eb i nj\u00eb shtetasi serb t\u00eb quajtur Lazar Zhivkoviq. Ai n\u00eb nj\u00eb postim n\u00eb Facebok ka shkruar se n\u00eb disa profile t\u00eb lidhura me k\u00ebt\u00eb num\u00ebr \u00ebsht\u00eb gjetur fotografia e kriminelit t\u00eb luft\u00ebs, Ratko Mladiq.<\/span><\/p>\n<p>&nbsp;<\/p>\n<p>&nbsp;<\/p>\n","protected":false},"excerpt":{"rendered":"<p>Prishtin\u00eb, 06 Korrik 2025 Kryeministri n\u00eb detyr\u00eb, Albin Kurti, e ka quajtur sulm hibrid nga Serbia k\u00ebrc\u00ebnimin me bomb\u00eb ndaj Kuvendit t\u00eb Kosov\u00ebs. Ai n\u00eb<\/p>\n","protected":false},"author":1,"featured_media":2698,"comment_status":"open","ping_status":"open","sticky":false,"template":"","format":"standard","meta":{"footnotes":""},"categories":[58],"tags":[],"class_list":["post-2697","post","type-post","status-publish","format-standard","has-post-thumbnail","hentry","category-politike-sq"],"yoast_head":"<!-- This site is optimized with the Yoast SEO plugin v25.3.1 - https:\/\/yoast.com\/wordpress\/plugins\/seo\/ -->\n<title>Kurti e quan sulm hibrid t\u00eb Serbis\u00eb k\u00ebrc\u00ebnimin me bomb\u00eb ndaj Kuvendit -<\/title>\n<meta name=\"robots\" content=\"index, follow, max-snippet:-1, max-image-preview:large, max-video-preview:-1\" \/>\n<link rel=\"canonical\" href=\"https:\/\/veritasinfo.org\/?p=2697\" \/>\n<meta property=\"og:locale\" content=\"en_US\" \/>\n<meta property=\"og:type\" content=\"article\" \/>\n<meta property=\"og:title\" content=\"Kurti e quan sulm hibrid t\u00eb Serbis\u00eb k\u00ebrc\u00ebnimin me bomb\u00eb ndaj Kuvendit -\" \/>\n<meta property=\"og:description\" content=\"Prishtin\u00eb, 06 Korrik 2025 Kryeministri n\u00eb detyr\u00eb, Albin Kurti, e ka quajtur sulm hibrid nga Serbia k\u00ebrc\u00ebnimin me bomb\u00eb ndaj Kuvendit t\u00eb Kosov\u00ebs. Ai n\u00eb\" \/>\n<meta property=\"og:url\" content=\"https:\/\/veritasinfo.org\/?p=2697\" \/>\n<meta property=\"article:published_time\" content=\"2025-07-06T13:53:53+00:00\" \/>\n<meta property=\"og:image\" content=\"https:\/\/veritasinfo.org\/wp-content\/uploads\/2025\/07\/IMG_1739.webp\" \/>\n\t<meta property=\"og:image:width\" content=\"1360\" \/>\n\t<meta property=\"og:image:height\" content=\"870\" \/>\n\t<meta property=\"og:image:type\" content=\"image\/webp\" \/>\n<meta name=\"author\" content=\"admin\" \/>\n<meta name=\"twitter:card\" content=\"summary_large_image\" \/>\n<meta name=\"twitter:label1\" content=\"Written by\" \/>\n\t<meta name=\"twitter:data1\" content=\"admin\" \/>\n\t<meta name=\"twitter:label2\" content=\"Est. reading time\" \/>\n\t<meta name=\"twitter:data2\" content=\"1 minute\" \/>\n<script type=\"application\/ld+json\" class=\"yoast-schema-graph\">{\"@context\":\"https:\/\/schema.org\",\"@graph\":[{\"@type\":\"WebPage\",\"@id\":\"https:\/\/veritasinfo.org\/?p=2697\",\"url\":\"https:\/\/veritasinfo.org\/?p=2697\",\"name\":\"Kurti e quan sulm hibrid t\u00eb Serbis\u00eb k\u00ebrc\u00ebnimin me bomb\u00eb ndaj Kuvendit -\",\"isPartOf\":{\"@id\":\"https:\/\/veritasinfo.org\/#website\"},\"primaryImageOfPage\":{\"@id\":\"https:\/\/veritasinfo.org\/?p=2697#primaryimage\"},\"image\":{\"@id\":\"https:\/\/veritasinfo.org\/?p=2697#primaryimage\"},\"thumbnailUrl\":\"https:\/\/veritasinfo.org\/wp-content\/uploads\/2025\/07\/IMG_1739.webp\",\"datePublished\":\"2025-07-06T13:53:53+00:00\",\"author\":{\"@id\":\"https:\/\/veritasinfo.org\/#\/schema\/person\/7701f8c088bece422266b100a712374f\"},\"breadcrumb\":{\"@id\":\"https:\/\/veritasinfo.org\/?p=2697#breadcrumb\"},\"inLanguage\":\"en-US\",\"potentialAction\":[{\"@type\":\"ReadAction\",\"target\":[\"https:\/\/veritasinfo.org\/?p=2697\"]}]},{\"@type\":\"ImageObject\",\"inLanguage\":\"en-US\",\"@id\":\"https:\/\/veritasinfo.org\/?p=2697#primaryimage\",\"url\":\"https:\/\/veritasinfo.org\/wp-content\/uploads\/2025\/07\/IMG_1739.webp\",\"contentUrl\":\"https:\/\/veritasinfo.org\/wp-content\/uploads\/2025\/07\/IMG_1739.webp\",\"width\":1360,\"height\":870},{\"@type\":\"BreadcrumbList\",\"@id\":\"https:\/\/veritasinfo.org\/?p=2697#breadcrumb\",\"itemListElement\":[{\"@type\":\"ListItem\",\"position\":1,\"name\":\"Home\",\"item\":\"https:\/\/veritasinfo.org\/\"},{\"@type\":\"ListItem\",\"position\":2,\"name\":\"Kurti e quan sulm hibrid t\u00eb Serbis\u00eb k\u00ebrc\u00ebnimin me bomb\u00eb ndaj Kuvendit\"}]},{\"@type\":\"WebSite\",\"@id\":\"https:\/\/veritasinfo.org\/#website\",\"url\":\"https:\/\/veritasinfo.org\/\",\"name\":\"\",\"description\":\"\",\"potentialAction\":[{\"@type\":\"SearchAction\",\"target\":{\"@type\":\"EntryPoint\",\"urlTemplate\":\"https:\/\/veritasinfo.org\/?s={search_term_string}\"},\"query-input\":{\"@type\":\"PropertyValueSpecification\",\"valueRequired\":true,\"valueName\":\"search_term_string\"}}],\"inLanguage\":\"en-US\"},{\"@type\":\"Person\",\"@id\":\"https:\/\/veritasinfo.org\/#\/schema\/person\/7701f8c088bece422266b100a712374f\",\"name\":\"admin\",\"image\":{\"@type\":\"ImageObject\",\"inLanguage\":\"en-US\",\"@id\":\"https:\/\/veritasinfo.org\/#\/schema\/person\/image\/\",\"url\":\"https:\/\/secure.gravatar.com\/avatar\/ea53aa3bf6c9a12d5fde8ce4deff43fef3885ae33cf60184161a50d6987cfd2f?s=96&d=mm&r=g\",\"contentUrl\":\"https:\/\/secure.gravatar.com\/avatar\/ea53aa3bf6c9a12d5fde8ce4deff43fef3885ae33cf60184161a50d6987cfd2f?s=96&d=mm&r=g\",\"caption\":\"admin\"},\"sameAs\":[\"https:\/\/veritasinfo.org\"],\"url\":\"https:\/\/veritasinfo.org\/?author=1\"}]}<\/script>\n<!-- \/ Yoast SEO plugin. -->","yoast_head_json":{"title":"Kurti e quan sulm hibrid t\u00eb Serbis\u00eb k\u00ebrc\u00ebnimin me bomb\u00eb ndaj Kuvendit -","robots":{"index":"index","follow":"follow","max-snippet":"max-snippet:-1","max-image-preview":"max-image-preview:large","max-video-preview":"max-video-preview:-1"},"canonical":"https:\/\/veritasinfo.org\/?p=2697","og_locale":"en_US","og_type":"article","og_title":"Kurti e quan sulm hibrid t\u00eb Serbis\u00eb k\u00ebrc\u00ebnimin me bomb\u00eb ndaj Kuvendit -","og_description":"Prishtin\u00eb, 06 Korrik 2025 Kryeministri n\u00eb detyr\u00eb, Albin Kurti, e ka quajtur sulm hibrid nga Serbia k\u00ebrc\u00ebnimin me bomb\u00eb ndaj Kuvendit t\u00eb Kosov\u00ebs. Ai n\u00eb","og_url":"https:\/\/veritasinfo.org\/?p=2697","article_published_time":"2025-07-06T13:53:53+00:00","og_image":[{"width":1360,"height":870,"url":"https:\/\/veritasinfo.org\/wp-content\/uploads\/2025\/07\/IMG_1739.webp","type":"image\/webp"}],"author":"admin","twitter_card":"summary_large_image","twitter_misc":{"Written by":"admin","Est. reading time":"1 minute"},"schema":{"@context":"https:\/\/schema.org","@graph":[{"@type":"WebPage","@id":"https:\/\/veritasinfo.org\/?p=2697","url":"https:\/\/veritasinfo.org\/?p=2697","name":"Kurti e quan sulm hibrid t\u00eb Serbis\u00eb k\u00ebrc\u00ebnimin me bomb\u00eb ndaj Kuvendit -","isPartOf":{"@id":"https:\/\/veritasinfo.org\/#website"},"primaryImageOfPage":{"@id":"https:\/\/veritasinfo.org\/?p=2697#primaryimage"},"image":{"@id":"https:\/\/veritasinfo.org\/?p=2697#primaryimage"},"thumbnailUrl":"https:\/\/veritasinfo.org\/wp-content\/uploads\/2025\/07\/IMG_1739.webp","datePublished":"2025-07-06T13:53:53+00:00","author":{"@id":"https:\/\/veritasinfo.org\/#\/schema\/person\/7701f8c088bece422266b100a712374f"},"breadcrumb":{"@id":"https:\/\/veritasinfo.org\/?p=2697#breadcrumb"},"inLanguage":"en-US","potentialAction":[{"@type":"ReadAction","target":["https:\/\/veritasinfo.org\/?p=2697"]}]},{"@type":"ImageObject","inLanguage":"en-US","@id":"https:\/\/veritasinfo.org\/?p=2697#primaryimage","url":"https:\/\/veritasinfo.org\/wp-content\/uploads\/2025\/07\/IMG_1739.webp","contentUrl":"https:\/\/veritasinfo.org\/wp-content\/uploads\/2025\/07\/IMG_1739.webp","width":1360,"height":870},{"@type":"BreadcrumbList","@id":"https:\/\/veritasinfo.org\/?p=2697#breadcrumb","itemListElement":[{"@type":"ListItem","position":1,"name":"Home","item":"https:\/\/veritasinfo.org\/"},{"@type":"ListItem","position":2,"name":"Kurti e quan sulm hibrid t\u00eb Serbis\u00eb k\u00ebrc\u00ebnimin me bomb\u00eb ndaj Kuvendit"}]},{"@type":"WebSite","@id":"https:\/\/veritasinfo.org\/#website","url":"https:\/\/veritasinfo.org\/","name":"","description":"","potentialAction":[{"@type":"SearchAction","target":{"@type":"EntryPoint","urlTemplate":"https:\/\/veritasinfo.org\/?s={search_term_string}"},"query-input":{"@type":"PropertyValueSpecification","valueRequired":true,"valueName":"search_term_string"}}],"inLanguage":"en-US"},{"@type":"Person","@id":"https:\/\/veritasinfo.org\/#\/schema\/person\/7701f8c088bece422266b100a712374f","name":"admin","image":{"@type":"ImageObject","inLanguage":"en-US","@id":"https:\/\/veritasinfo.org\/#\/schema\/person\/image\/","url":"https:\/\/secure.gravatar.com\/avatar\/ea53aa3bf6c9a12d5fde8ce4deff43fef3885ae33cf60184161a50d6987cfd2f?s=96&d=mm&r=g","contentUrl":"https:\/\/secure.gravatar.com\/avatar\/ea53aa3bf6c9a12d5fde8ce4deff43fef3885ae33cf60184161a50d6987cfd2f?s=96&d=mm&r=g","caption":"admin"},"sameAs":["https:\/\/veritasinfo.org"],"url":"https:\/\/veritasinfo.org\/?author=1"}]}},"featured_image_urls":{"full":["https:\/\/veritasinfo.org\/wp-content\/uploads\/2025\/07\/IMG_1739.webp",1360,870,false],"thumbnail":["https:\/\/veritasinfo.org\/wp-content\/uploads\/2025\/07\/IMG_1739-150x150.webp",150,150,true],"medium":["https:\/\/veritasinfo.org\/wp-content\/uploads\/2025\/07\/IMG_1739-300x192.webp",300,192,true],"medium_large":["https:\/\/veritasinfo.org\/wp-content\/uploads\/2025\/07\/IMG_1739-768x491.webp",640,409,true],"large":["https:\/\/veritasinfo.org\/wp-content\/uploads\/2025\/07\/IMG_1739-1024x655.webp",640,409,true],"1536x1536":["https:\/\/veritasinfo.org\/wp-content\/uploads\/2025\/07\/IMG_1739.webp",1360,870,false],"2048x2048":["https:\/\/veritasinfo.org\/wp-content\/uploads\/2025\/07\/IMG_1739.webp",1360,870,false],"kreeti-slider-full":["https:\/\/veritasinfo.org\/wp-content\/uploads\/2025\/07\/IMG_1739.webp",1126,720,false],"kreeti-featured":["https:\/\/veritasinfo.org\/wp-content\/uploads\/2025\/07\/IMG_1739.webp",1024,655,false],"kreeti-medium":["https:\/\/veritasinfo.org\/wp-content\/uploads\/2025\/07\/IMG_1739.webp",720,461,false],"kreeti-medium-square":["https:\/\/veritasinfo.org\/wp-content\/uploads\/2025\/07\/IMG_1739.webp",350,224,false]},"author_info":{"info":["admin"]},"category_info":"<a href=\"https:\/\/veritasinfo.org\/?cat=58\" rel=\"category\">Politik\u00eb<\/a>","tag_info":"Politik\u00eb","comment_count":"0","_links":{"self":[{"href":"https:\/\/veritasinfo.org\/index.php?rest_route=\/wp\/v2\/posts\/2697","targetHints":{"allow":["GET"]}}],"collection":[{"href":"https:\/\/veritasinfo.org\/index.php?rest_route=\/wp\/v2\/posts"}],"about":[{"href":"https:\/\/veritasinfo.org\/index.php?rest_route=\/wp\/v2\/types\/post"}],"author":[{"embeddable":true,"href":"https:\/\/veritasinfo.org\/index.php?rest_route=\/wp\/v2\/users\/1"}],"replies":[{"embeddable":true,"href":"https:\/\/veritasinfo.org\/index.php?rest_route=%2Fwp%2Fv2%2Fcomments&post=2697"}],"version-history":[{"count":1,"href":"https:\/\/veritasinfo.org\/index.php?rest_route=\/wp\/v2\/posts\/2697\/revisions"}],"predecessor-version":[{"id":2699,"href":"https:\/\/veritasinfo.org\/index.php?rest_route=\/wp\/v2\/posts\/2697\/revisions\/2699"}],"wp:featuredmedia":[{"embeddable":true,"href":"https:\/\/veritasinfo.org\/index.php?rest_route=\/wp\/v2\/media\/2698"}],"wp:attachment":[{"href":"https:\/\/veritasinfo.org\/index.php?rest_route=%2Fwp%2Fv2%2Fmedia&parent=2697"}],"wp:term":[{"taxonomy":"category","embeddable":true,"href":"https:\/\/veritasinfo.org\/index.php?rest_route=%2Fwp%2Fv2%2Fcategories&post=2697"},{"taxonomy":"post_tag","embeddable":true,"href":"https:\/\/veritasinfo.org\/index.php?rest_route=%2Fwp%2Fv2%2Ftags&post=2697"}],"curies":[{"name":"wp","href":"https:\/\/api.w.org\/{rel}","templated":true}]}}