{"id":2695,"date":"2025-07-06T14:11:01","date_gmt":"2025-07-06T12:11:01","guid":{"rendered":"https:\/\/veritasinfo.org\/?p=2695"},"modified":"2025-07-06T14:11:01","modified_gmt":"2025-07-06T12:11:01","slug":"asfaltimi-dhe-zgjerimi-i-rrugeve-ne-bergjani-dhe-mikronaselje-drejt-perfundimit","status":"publish","type":"post","link":"https:\/\/veritasinfo.org\/?p=2695","title":{"rendered":"Asfaltimi dhe zgjerimi i rrug\u00ebve n\u00eb B\u00ebrgjani dhe Mikronaselje drejt p\u00ebrfundimit"},"content":{"rendered":"<p>Komuna e Mitrovic\u00ebs s\u00eb Veriut po vazhdon me realizimin e investimeve kapitale t\u00eb planifikuara p\u00ebr k\u00ebt\u00eb vit.<\/p>\n<p>N\u00eb lagjet periferike B\u00ebrgjani dhe Mikronaselje jan\u00eb drejt p\u00ebrfundimit punimet p\u00ebr zgjerimin dhe asfaltimin e rrug\u00ebs q\u00eb p\u00ebrdoret shpesh nga banor\u00ebt e Mitrovic\u00ebs si sh\u00ebtitore.<\/p>\n<p>P\u00ebrve\u00e7 k\u00ebsaj rruge, n\u00eb qytetin ton\u00eb kan\u00eb filluar punimet edhe n\u00eb disa lokacione t\u00eb tjera me prioritet.<\/p>\n<p>Qytetar\u00ebt shprehin mir\u00ebnjohjen e tyre p\u00ebr pun\u00ebtor\u00ebt q\u00eb, edhe n\u00eb k\u00ebto temperatura t\u00eb larta, po punojn\u00eb me intensitet p\u00ebr t\u00eb p\u00ebrfunduar projektet e nisura brenda afatit t\u00eb parapar\u00eb.<\/p>\n<p>Duhet theksuar se para disa dit\u00ebsh \u00ebsht\u00eb p\u00ebrfunduar vendosja dhe sh\u00ebnimi i sinjalistik\u00ebs horizontale dhe vertikale n\u00eb trafik.<\/p>\n<p><img decoding=\"async\" class=\"alignnone size-medium wp-image-2691 lazyload\" data-src=\"https:\/\/veritasinfo.org\/wp-content\/uploads\/2025\/07\/1000067309-300x135.jpg\" alt=\"\" width=\"300\" height=\"135\" data-srcset=\"https:\/\/veritasinfo.org\/wp-content\/uploads\/2025\/07\/1000067309-300x135.jpg 300w, https:\/\/veritasinfo.org\/wp-content\/uploads\/2025\/07\/1000067309-1024x461.jpg 1024w, https:\/\/veritasinfo.org\/wp-content\/uploads\/2025\/07\/1000067309-768x345.jpg 768w, https:\/\/veritasinfo.org\/wp-content\/uploads\/2025\/07\/1000067309-1536x691.jpg 1536w, https:\/\/veritasinfo.org\/wp-content\/uploads\/2025\/07\/1000067309-2048x921.jpg 2048w\" data-sizes=\"(max-width: 300px) 100vw, 300px\" src=\"data:image\/gif;base64,R0lGODlhAQABAAAAACH5BAEKAAEALAAAAAABAAEAAAICTAEAOw==\" style=\"--smush-placeholder-width: 300px; --smush-placeholder-aspect-ratio: 300\/135;\" \/><img decoding=\"async\" class=\"alignnone size-medium wp-image-2690 lazyload\" data-src=\"https:\/\/veritasinfo.org\/wp-content\/uploads\/2025\/07\/1000067310-300x135.jpg\" alt=\"\" width=\"300\" height=\"135\" data-srcset=\"https:\/\/veritasinfo.org\/wp-content\/uploads\/2025\/07\/1000067310-300x135.jpg 300w, https:\/\/veritasinfo.org\/wp-content\/uploads\/2025\/07\/1000067310-1024x461.jpg 1024w, https:\/\/veritasinfo.org\/wp-content\/uploads\/2025\/07\/1000067310-768x345.jpg 768w, https:\/\/veritasinfo.org\/wp-content\/uploads\/2025\/07\/1000067310-1536x691.jpg 1536w, https:\/\/veritasinfo.org\/wp-content\/uploads\/2025\/07\/1000067310-2048x921.jpg 2048w\" data-sizes=\"(max-width: 300px) 100vw, 300px\" src=\"data:image\/gif;base64,R0lGODlhAQABAAAAACH5BAEKAAEALAAAAAABAAEAAAICTAEAOw==\" style=\"--smush-placeholder-width: 300px; --smush-placeholder-aspect-ratio: 300\/135;\" \/><\/p>\n<p><em>\u00a0<\/em><\/p>\n","protected":false},"excerpt":{"rendered":"<p>Komuna e Mitrovic\u00ebs s\u00eb Veriut po vazhdon me realizimin e investimeve kapitale t\u00eb planifikuara p\u00ebr k\u00ebt\u00eb vit. N\u00eb lagjet periferike B\u00ebrgjani dhe Mikronaselje jan\u00eb drejt<\/p>\n","protected":false},"author":1,"featured_media":2689,"comment_status":"open","ping_status":"open","sticky":false,"template":"","format":"standard","meta":{"footnotes":""},"categories":[52],"tags":[],"class_list":["post-2695","post","type-post","status-publish","format-standard","has-post-thumbnail","hentry","category-komunat-sq"],"yoast_head":"<!-- This site is optimized with the Yoast SEO plugin v25.3.1 - https:\/\/yoast.com\/wordpress\/plugins\/seo\/ -->\n<title>Asfaltimi dhe zgjerimi i rrug\u00ebve n\u00eb B\u00ebrgjani dhe Mikronaselje drejt p\u00ebrfundimit -<\/title>\n<meta name=\"robots\" content=\"index, follow, max-snippet:-1, max-image-preview:large, max-video-preview:-1\" \/>\n<link rel=\"canonical\" href=\"https:\/\/veritasinfo.org\/?p=2695\" \/>\n<meta property=\"og:locale\" content=\"en_US\" \/>\n<meta property=\"og:type\" content=\"article\" \/>\n<meta property=\"og:title\" content=\"Asfaltimi dhe zgjerimi i rrug\u00ebve n\u00eb B\u00ebrgjani dhe Mikronaselje drejt p\u00ebrfundimit -\" \/>\n<meta property=\"og:description\" content=\"Komuna e Mitrovic\u00ebs s\u00eb Veriut po vazhdon me realizimin e investimeve kapitale t\u00eb planifikuara p\u00ebr k\u00ebt\u00eb vit. N\u00eb lagjet periferike B\u00ebrgjani dhe Mikronaselje jan\u00eb drejt\" \/>\n<meta property=\"og:url\" content=\"https:\/\/veritasinfo.org\/?p=2695\" \/>\n<meta property=\"article:published_time\" content=\"2025-07-06T12:11:01+00:00\" \/>\n<meta property=\"og:image\" content=\"https:\/\/veritasinfo.org\/wp-content\/uploads\/2025\/07\/Prokurori-Shala-leshon-urdher-arrest-ndaj-Milan-Radojiciq-per-barrikadat-e-_20250706_140304_0000-819x1024.png\" \/>\n\t<meta property=\"og:image:width\" content=\"819\" \/>\n\t<meta property=\"og:image:height\" content=\"1024\" \/>\n\t<meta property=\"og:image:type\" content=\"image\/png\" \/>\n<meta name=\"author\" content=\"admin\" \/>\n<meta name=\"twitter:card\" content=\"summary_large_image\" \/>\n<meta name=\"twitter:label1\" content=\"Written by\" \/>\n\t<meta name=\"twitter:data1\" content=\"admin\" \/>\n\t<meta name=\"twitter:label2\" content=\"Est. reading time\" \/>\n\t<meta name=\"twitter:data2\" content=\"2 minutes\" \/>\n<script type=\"application\/ld+json\" class=\"yoast-schema-graph\">{\"@context\":\"https:\/\/schema.org\",\"@graph\":[{\"@type\":\"WebPage\",\"@id\":\"https:\/\/veritasinfo.org\/?p=2695\",\"url\":\"https:\/\/veritasinfo.org\/?p=2695\",\"name\":\"Asfaltimi dhe zgjerimi i rrug\u00ebve n\u00eb B\u00ebrgjani dhe Mikronaselje drejt p\u00ebrfundimit -\",\"isPartOf\":{\"@id\":\"https:\/\/veritasinfo.org\/#website\"},\"primaryImageOfPage\":{\"@id\":\"https:\/\/veritasinfo.org\/?p=2695#primaryimage\"},\"image\":{\"@id\":\"https:\/\/veritasinfo.org\/?p=2695#primaryimage\"},\"thumbnailUrl\":\"https:\/\/veritasinfo.org\/wp-content\/uploads\/2025\/07\/Prokurori-Shala-leshon-urdher-arrest-ndaj-Milan-Radojiciq-per-barrikadat-e-_20250706_140304_0000.png\",\"datePublished\":\"2025-07-06T12:11:01+00:00\",\"author\":{\"@id\":\"https:\/\/veritasinfo.org\/#\/schema\/person\/7701f8c088bece422266b100a712374f\"},\"breadcrumb\":{\"@id\":\"https:\/\/veritasinfo.org\/?p=2695#breadcrumb\"},\"inLanguage\":\"en-US\",\"potentialAction\":[{\"@type\":\"ReadAction\",\"target\":[\"https:\/\/veritasinfo.org\/?p=2695\"]}]},{\"@type\":\"ImageObject\",\"inLanguage\":\"en-US\",\"@id\":\"https:\/\/veritasinfo.org\/?p=2695#primaryimage\",\"url\":\"https:\/\/veritasinfo.org\/wp-content\/uploads\/2025\/07\/Prokurori-Shala-leshon-urdher-arrest-ndaj-Milan-Radojiciq-per-barrikadat-e-_20250706_140304_0000.png\",\"contentUrl\":\"https:\/\/veritasinfo.org\/wp-content\/uploads\/2025\/07\/Prokurori-Shala-leshon-urdher-arrest-ndaj-Milan-Radojiciq-per-barrikadat-e-_20250706_140304_0000.png\",\"width\":1080,\"height\":1350},{\"@type\":\"BreadcrumbList\",\"@id\":\"https:\/\/veritasinfo.org\/?p=2695#breadcrumb\",\"itemListElement\":[{\"@type\":\"ListItem\",\"position\":1,\"name\":\"Home\",\"item\":\"https:\/\/veritasinfo.org\/\"},{\"@type\":\"ListItem\",\"position\":2,\"name\":\"Asfaltimi dhe zgjerimi i rrug\u00ebve n\u00eb B\u00ebrgjani dhe Mikronaselje drejt p\u00ebrfundimit\"}]},{\"@type\":\"WebSite\",\"@id\":\"https:\/\/veritasinfo.org\/#website\",\"url\":\"https:\/\/veritasinfo.org\/\",\"name\":\"\",\"description\":\"\",\"potentialAction\":[{\"@type\":\"SearchAction\",\"target\":{\"@type\":\"EntryPoint\",\"urlTemplate\":\"https:\/\/veritasinfo.org\/?s={search_term_string}\"},\"query-input\":{\"@type\":\"PropertyValueSpecification\",\"valueRequired\":true,\"valueName\":\"search_term_string\"}}],\"inLanguage\":\"en-US\"},{\"@type\":\"Person\",\"@id\":\"https:\/\/veritasinfo.org\/#\/schema\/person\/7701f8c088bece422266b100a712374f\",\"name\":\"admin\",\"image\":{\"@type\":\"ImageObject\",\"inLanguage\":\"en-US\",\"@id\":\"https:\/\/veritasinfo.org\/#\/schema\/person\/image\/\",\"url\":\"https:\/\/secure.gravatar.com\/avatar\/ea53aa3bf6c9a12d5fde8ce4deff43fef3885ae33cf60184161a50d6987cfd2f?s=96&d=mm&r=g\",\"contentUrl\":\"https:\/\/secure.gravatar.com\/avatar\/ea53aa3bf6c9a12d5fde8ce4deff43fef3885ae33cf60184161a50d6987cfd2f?s=96&d=mm&r=g\",\"caption\":\"admin\"},\"sameAs\":[\"https:\/\/veritasinfo.org\"],\"url\":\"https:\/\/veritasinfo.org\/?author=1\"}]}<\/script>\n<!-- \/ Yoast SEO plugin. -->","yoast_head_json":{"title":"Asfaltimi dhe zgjerimi i rrug\u00ebve n\u00eb B\u00ebrgjani dhe Mikronaselje drejt p\u00ebrfundimit -","robots":{"index":"index","follow":"follow","max-snippet":"max-snippet:-1","max-image-preview":"max-image-preview:large","max-video-preview":"max-video-preview:-1"},"canonical":"https:\/\/veritasinfo.org\/?p=2695","og_locale":"en_US","og_type":"article","og_title":"Asfaltimi dhe zgjerimi i rrug\u00ebve n\u00eb B\u00ebrgjani dhe Mikronaselje drejt p\u00ebrfundimit -","og_description":"Komuna e Mitrovic\u00ebs s\u00eb Veriut po vazhdon me realizimin e investimeve kapitale t\u00eb planifikuara p\u00ebr k\u00ebt\u00eb vit. N\u00eb lagjet periferike B\u00ebrgjani dhe Mikronaselje jan\u00eb drejt","og_url":"https:\/\/veritasinfo.org\/?p=2695","article_published_time":"2025-07-06T12:11:01+00:00","og_image":[{"width":819,"height":1024,"url":"https:\/\/veritasinfo.org\/wp-content\/uploads\/2025\/07\/Prokurori-Shala-leshon-urdher-arrest-ndaj-Milan-Radojiciq-per-barrikadat-e-_20250706_140304_0000-819x1024.png","type":"image\/png"}],"author":"admin","twitter_card":"summary_large_image","twitter_misc":{"Written by":"admin","Est. reading time":"2 minutes"},"schema":{"@context":"https:\/\/schema.org","@graph":[{"@type":"WebPage","@id":"https:\/\/veritasinfo.org\/?p=2695","url":"https:\/\/veritasinfo.org\/?p=2695","name":"Asfaltimi dhe zgjerimi i rrug\u00ebve n\u00eb B\u00ebrgjani dhe Mikronaselje drejt p\u00ebrfundimit -","isPartOf":{"@id":"https:\/\/veritasinfo.org\/#website"},"primaryImageOfPage":{"@id":"https:\/\/veritasinfo.org\/?p=2695#primaryimage"},"image":{"@id":"https:\/\/veritasinfo.org\/?p=2695#primaryimage"},"thumbnailUrl":"https:\/\/veritasinfo.org\/wp-content\/uploads\/2025\/07\/Prokurori-Shala-leshon-urdher-arrest-ndaj-Milan-Radojiciq-per-barrikadat-e-_20250706_140304_0000.png","datePublished":"2025-07-06T12:11:01+00:00","author":{"@id":"https:\/\/veritasinfo.org\/#\/schema\/person\/7701f8c088bece422266b100a712374f"},"breadcrumb":{"@id":"https:\/\/veritasinfo.org\/?p=2695#breadcrumb"},"inLanguage":"en-US","potentialAction":[{"@type":"ReadAction","target":["https:\/\/veritasinfo.org\/?p=2695"]}]},{"@type":"ImageObject","inLanguage":"en-US","@id":"https:\/\/veritasinfo.org\/?p=2695#primaryimage","url":"https:\/\/veritasinfo.org\/wp-content\/uploads\/2025\/07\/Prokurori-Shala-leshon-urdher-arrest-ndaj-Milan-Radojiciq-per-barrikadat-e-_20250706_140304_0000.png","contentUrl":"https:\/\/veritasinfo.org\/wp-content\/uploads\/2025\/07\/Prokurori-Shala-leshon-urdher-arrest-ndaj-Milan-Radojiciq-per-barrikadat-e-_20250706_140304_0000.png","width":1080,"height":1350},{"@type":"BreadcrumbList","@id":"https:\/\/veritasinfo.org\/?p=2695#breadcrumb","itemListElement":[{"@type":"ListItem","position":1,"name":"Home","item":"https:\/\/veritasinfo.org\/"},{"@type":"ListItem","position":2,"name":"Asfaltimi dhe zgjerimi i rrug\u00ebve n\u00eb B\u00ebrgjani dhe Mikronaselje drejt p\u00ebrfundimit"}]},{"@type":"WebSite","@id":"https:\/\/veritasinfo.org\/#website","url":"https:\/\/veritasinfo.org\/","name":"","description":"","potentialAction":[{"@type":"SearchAction","target":{"@type":"EntryPoint","urlTemplate":"https:\/\/veritasinfo.org\/?s={search_term_string}"},"query-input":{"@type":"PropertyValueSpecification","valueRequired":true,"valueName":"search_term_string"}}],"inLanguage":"en-US"},{"@type":"Person","@id":"https:\/\/veritasinfo.org\/#\/schema\/person\/7701f8c088bece422266b100a712374f","name":"admin","image":{"@type":"ImageObject","inLanguage":"en-US","@id":"https:\/\/veritasinfo.org\/#\/schema\/person\/image\/","url":"https:\/\/secure.gravatar.com\/avatar\/ea53aa3bf6c9a12d5fde8ce4deff43fef3885ae33cf60184161a50d6987cfd2f?s=96&d=mm&r=g","contentUrl":"https:\/\/secure.gravatar.com\/avatar\/ea53aa3bf6c9a12d5fde8ce4deff43fef3885ae33cf60184161a50d6987cfd2f?s=96&d=mm&r=g","caption":"admin"},"sameAs":["https:\/\/veritasinfo.org"],"url":"https:\/\/veritasinfo.org\/?author=1"}]}},"featured_image_urls":{"full":["https:\/\/veritasinfo.org\/wp-content\/uploads\/2025\/07\/Prokurori-Shala-leshon-urdher-arrest-ndaj-Milan-Radojiciq-per-barrikadat-e-_20250706_140304_0000.png",1080,1350,false],"thumbnail":["https:\/\/veritasinfo.org\/wp-content\/uploads\/2025\/07\/Prokurori-Shala-leshon-urdher-arrest-ndaj-Milan-Radojiciq-per-barrikadat-e-_20250706_140304_0000-150x150.png",150,150,true],"medium":["https:\/\/veritasinfo.org\/wp-content\/uploads\/2025\/07\/Prokurori-Shala-leshon-urdher-arrest-ndaj-Milan-Radojiciq-per-barrikadat-e-_20250706_140304_0000-240x300.png",240,300,true],"medium_large":["https:\/\/veritasinfo.org\/wp-content\/uploads\/2025\/07\/Prokurori-Shala-leshon-urdher-arrest-ndaj-Milan-Radojiciq-per-barrikadat-e-_20250706_140304_0000-768x960.png",640,800,true],"large":["https:\/\/veritasinfo.org\/wp-content\/uploads\/2025\/07\/Prokurori-Shala-leshon-urdher-arrest-ndaj-Milan-Radojiciq-per-barrikadat-e-_20250706_140304_0000-819x1024.png",640,800,true],"1536x1536":["https:\/\/veritasinfo.org\/wp-content\/uploads\/2025\/07\/Prokurori-Shala-leshon-urdher-arrest-ndaj-Milan-Radojiciq-per-barrikadat-e-_20250706_140304_0000.png",1080,1350,false],"2048x2048":["https:\/\/veritasinfo.org\/wp-content\/uploads\/2025\/07\/Prokurori-Shala-leshon-urdher-arrest-ndaj-Milan-Radojiciq-per-barrikadat-e-_20250706_140304_0000.png",1080,1350,false],"kreeti-slider-full":["https:\/\/veritasinfo.org\/wp-content\/uploads\/2025\/07\/Prokurori-Shala-leshon-urdher-arrest-ndaj-Milan-Radojiciq-per-barrikadat-e-_20250706_140304_0000.png",576,720,false],"kreeti-featured":["https:\/\/veritasinfo.org\/wp-content\/uploads\/2025\/07\/Prokurori-Shala-leshon-urdher-arrest-ndaj-Milan-Radojiciq-per-barrikadat-e-_20250706_140304_0000.png",1024,1280,false],"kreeti-medium":["https:\/\/veritasinfo.org\/wp-content\/uploads\/2025\/07\/Prokurori-Shala-leshon-urdher-arrest-ndaj-Milan-Radojiciq-per-barrikadat-e-_20250706_140304_0000.png",424,530,false],"kreeti-medium-square":["https:\/\/veritasinfo.org\/wp-content\/uploads\/2025\/07\/Prokurori-Shala-leshon-urdher-arrest-ndaj-Milan-Radojiciq-per-barrikadat-e-_20250706_140304_0000.png",280,350,false]},"author_info":{"info":["admin"]},"category_info":"<a href=\"https:\/\/veritasinfo.org\/?cat=52\" rel=\"category\">Komunat<\/a>","tag_info":"Komunat","comment_count":"0","_links":{"self":[{"href":"https:\/\/veritasinfo.org\/index.php?rest_route=\/wp\/v2\/posts\/2695","targetHints":{"allow":["GET"]}}],"collection":[{"href":"https:\/\/veritasinfo.org\/index.php?rest_route=\/wp\/v2\/posts"}],"about":[{"href":"https:\/\/veritasinfo.org\/index.php?rest_route=\/wp\/v2\/types\/post"}],"author":[{"embeddable":true,"href":"https:\/\/veritasinfo.org\/index.php?rest_route=\/wp\/v2\/users\/1"}],"replies":[{"embeddable":true,"href":"https:\/\/veritasinfo.org\/index.php?rest_route=%2Fwp%2Fv2%2Fcomments&post=2695"}],"version-history":[{"count":1,"href":"https:\/\/veritasinfo.org\/index.php?rest_route=\/wp\/v2\/posts\/2695\/revisions"}],"predecessor-version":[{"id":2696,"href":"https:\/\/veritasinfo.org\/index.php?rest_route=\/wp\/v2\/posts\/2695\/revisions\/2696"}],"wp:featuredmedia":[{"embeddable":true,"href":"https:\/\/veritasinfo.org\/index.php?rest_route=\/wp\/v2\/media\/2689"}],"wp:attachment":[{"href":"https:\/\/veritasinfo.org\/index.php?rest_route=%2Fwp%2Fv2%2Fmedia&parent=2695"}],"wp:term":[{"taxonomy":"category","embeddable":true,"href":"https:\/\/veritasinfo.org\/index.php?rest_route=%2Fwp%2Fv2%2Fcategories&post=2695"},{"taxonomy":"post_tag","embeddable":true,"href":"https:\/\/veritasinfo.org\/index.php?rest_route=%2Fwp%2Fv2%2Ftags&post=2695"}],"curies":[{"name":"wp","href":"https:\/\/api.w.org\/{rel}","templated":true}]}}