{"id":26870,"date":"2026-01-07T16:11:51","date_gmt":"2026-01-07T15:11:51","guid":{"rendered":"https:\/\/veritasinfo.org\/?p=26870"},"modified":"2026-01-07T16:11:51","modified_gmt":"2026-01-07T15:11:51","slug":"bislimi-nuk-e-kam-takuar-gjuriqin-do-te-adresoj-padi-per-dezinformim","status":"publish","type":"post","link":"https:\/\/veritasinfo.org\/?p=26870","title":{"rendered":"Bislimi: Nuk e kam takuar Gjuriqin, do t\u00eb adresoj padi p\u00ebr dezinformim"},"content":{"rendered":"<p>Prishtin\u00eb 07 janar 2026 16:10<\/p>\n<p>Z\u00ebvend\u00ebskryeministri n\u00eb detyr\u00eb, Besnik Bislimi thot\u00eb se nj\u00eb dit\u00eb m\u00eb par\u00eb dezinformata t\u00eb shumta dhe propagand\u00eb nga portale n\u00eb Kosov\u00eb u p\u00ebrhap\u00ebn duke keqinterpretuar, si\u00e7 thot\u00eb ai, q\u00ebllimsh\u00ebm nj\u00eb artikull t\u00eb gazet\u00ebs zvicerane NZZ.<\/p>\n<p>\u201c\u00cbsht\u00eb p\u00ebr keqardhje me sa leht\u00ebsi dhe shpejt\u00ebsi krijohen dhe shp\u00ebrndahen dezinformatat me synim informimin e rrejsh\u00ebm ndaj opinionit publik dhe \u00e7orientim t\u00eb s\u00eb v\u00ebrtet\u00ebs\u201d, ka shkruar n\u00eb reagimin e tij, Bislimi.<\/p>\n<p>Thot\u00eb se si z\u00ebvend\u00ebskryeminist\u00ebr i Qeveris\u00eb s\u00eb Republik\u00ebs s\u00eb Kosov\u00ebs, apo n\u00eb kapacitet tjet\u00ebr, asnj\u00ebher\u00eb nuk ka pasur takime &#8220;t\u00eb fshehta e sekrete&#8221;, e aq m\u00eb pak me personazhe si Marko Gjuriq.<\/p>\n<p>\u201cAs gazeta serioze zvicerane NZZ nuk aludoi n\u00eb shkrimin e saj q\u00eb nga publikimi n\u00eb asnj\u00eb moment p\u00ebr nj\u00eb takim t\u00eb till\u00eb, por ishin portalet joprofesionale dhe gazetar\u00eb joprofesional\u00eb q\u00eb raportuan rrejsh\u00ebm n\u00eb at\u00eb m\u00ebnyr\u00eb, duke keqp\u00ebrdorur artikullin nga NZZ\u201d, ka shkruar Bislimi.<\/p>\n<p>Z\u00ebvend\u00ebskryeministri n\u00eb detyr\u00eb ka paralajm\u00ebruar padi. \u201cDezinformatat e shumta t\u00eb shp\u00ebrndara n\u00eb m\u00ebnyr\u00eb t\u00eb q\u00ebllimshme do t&#8217;i adresoj p\u00ebrmes ankes\u00ebs\/padis\u00eb n\u00eb institucionet relevante\u201d, ka shkruar ai.<\/p>\n","protected":false},"excerpt":{"rendered":"<p>Prishtin\u00eb 07 janar 2026 16:10 Z\u00ebvend\u00ebskryeministri n\u00eb detyr\u00eb, Besnik Bislimi thot\u00eb se nj\u00eb dit\u00eb m\u00eb par\u00eb dezinformata t\u00eb shumta dhe propagand\u00eb nga portale n\u00eb Kosov\u00eb<\/p>\n","protected":false},"author":6,"featured_media":26872,"comment_status":"open","ping_status":"open","sticky":false,"template":"","format":"standard","meta":{"footnotes":""},"categories":[93],"tags":[],"class_list":["post-26870","post","type-post","status-publish","format-standard","has-post-thumbnail","hentry","category-politika-sq"],"yoast_head":"<!-- This site is optimized with the Yoast SEO plugin v25.3.1 - https:\/\/yoast.com\/wordpress\/plugins\/seo\/ -->\n<title>Bislimi: Nuk e kam takuar Gjuriqin, do t\u00eb adresoj padi p\u00ebr dezinformim -<\/title>\n<meta name=\"robots\" content=\"index, follow, max-snippet:-1, max-image-preview:large, max-video-preview:-1\" \/>\n<link rel=\"canonical\" href=\"https:\/\/veritasinfo.org\/?p=26870\" \/>\n<meta property=\"og:locale\" content=\"en_US\" \/>\n<meta property=\"og:type\" content=\"article\" \/>\n<meta property=\"og:title\" content=\"Bislimi: Nuk e kam takuar Gjuriqin, do t\u00eb adresoj padi p\u00ebr dezinformim -\" \/>\n<meta property=\"og:description\" content=\"Prishtin\u00eb 07 janar 2026 16:10 Z\u00ebvend\u00ebskryeministri n\u00eb detyr\u00eb, Besnik Bislimi thot\u00eb se nj\u00eb dit\u00eb m\u00eb par\u00eb dezinformata t\u00eb shumta dhe propagand\u00eb nga portale n\u00eb Kosov\u00eb\" \/>\n<meta property=\"og:url\" content=\"https:\/\/veritasinfo.org\/?p=26870\" \/>\n<meta property=\"article:published_time\" content=\"2026-01-07T15:11:51+00:00\" \/>\n<meta property=\"og:image\" content=\"https:\/\/veritasinfo.org\/wp-content\/uploads\/2026\/01\/713789-oTe9FH7yYT.jpg\" \/>\n\t<meta property=\"og:image:width\" content=\"780\" \/>\n\t<meta property=\"og:image:height\" content=\"500\" \/>\n\t<meta property=\"og:image:type\" content=\"image\/jpeg\" \/>\n<meta name=\"author\" content=\"US5\" \/>\n<meta name=\"twitter:card\" content=\"summary_large_image\" \/>\n<meta name=\"twitter:label1\" content=\"Written by\" \/>\n\t<meta name=\"twitter:data1\" content=\"US5\" \/>\n<script type=\"application\/ld+json\" class=\"yoast-schema-graph\">{\"@context\":\"https:\/\/schema.org\",\"@graph\":[{\"@type\":\"WebPage\",\"@id\":\"https:\/\/veritasinfo.org\/?p=26870\",\"url\":\"https:\/\/veritasinfo.org\/?p=26870\",\"name\":\"Bislimi: Nuk e kam takuar Gjuriqin, do t\u00eb adresoj padi p\u00ebr dezinformim -\",\"isPartOf\":{\"@id\":\"https:\/\/veritasinfo.org\/#website\"},\"primaryImageOfPage\":{\"@id\":\"https:\/\/veritasinfo.org\/?p=26870#primaryimage\"},\"image\":{\"@id\":\"https:\/\/veritasinfo.org\/?p=26870#primaryimage\"},\"thumbnailUrl\":\"https:\/\/veritasinfo.org\/wp-content\/uploads\/2026\/01\/713789-oTe9FH7yYT.jpg\",\"datePublished\":\"2026-01-07T15:11:51+00:00\",\"author\":{\"@id\":\"https:\/\/veritasinfo.org\/#\/schema\/person\/bc442336e35414d04494ab8fb45db4c6\"},\"breadcrumb\":{\"@id\":\"https:\/\/veritasinfo.org\/?p=26870#breadcrumb\"},\"inLanguage\":\"en-US\",\"potentialAction\":[{\"@type\":\"ReadAction\",\"target\":[\"https:\/\/veritasinfo.org\/?p=26870\"]}]},{\"@type\":\"ImageObject\",\"inLanguage\":\"en-US\",\"@id\":\"https:\/\/veritasinfo.org\/?p=26870#primaryimage\",\"url\":\"https:\/\/veritasinfo.org\/wp-content\/uploads\/2026\/01\/713789-oTe9FH7yYT.jpg\",\"contentUrl\":\"https:\/\/veritasinfo.org\/wp-content\/uploads\/2026\/01\/713789-oTe9FH7yYT.jpg\",\"width\":780,\"height\":500},{\"@type\":\"BreadcrumbList\",\"@id\":\"https:\/\/veritasinfo.org\/?p=26870#breadcrumb\",\"itemListElement\":[{\"@type\":\"ListItem\",\"position\":1,\"name\":\"Home\",\"item\":\"https:\/\/veritasinfo.org\/\"},{\"@type\":\"ListItem\",\"position\":2,\"name\":\"Bislimi: Nuk e kam takuar Gjuriqin, do t\u00eb adresoj padi p\u00ebr dezinformim\"}]},{\"@type\":\"WebSite\",\"@id\":\"https:\/\/veritasinfo.org\/#website\",\"url\":\"https:\/\/veritasinfo.org\/\",\"name\":\"\",\"description\":\"\",\"potentialAction\":[{\"@type\":\"SearchAction\",\"target\":{\"@type\":\"EntryPoint\",\"urlTemplate\":\"https:\/\/veritasinfo.org\/?s={search_term_string}\"},\"query-input\":{\"@type\":\"PropertyValueSpecification\",\"valueRequired\":true,\"valueName\":\"search_term_string\"}}],\"inLanguage\":\"en-US\"},{\"@type\":\"Person\",\"@id\":\"https:\/\/veritasinfo.org\/#\/schema\/person\/bc442336e35414d04494ab8fb45db4c6\",\"name\":\"US5\",\"image\":{\"@type\":\"ImageObject\",\"inLanguage\":\"en-US\",\"@id\":\"https:\/\/veritasinfo.org\/#\/schema\/person\/image\/\",\"url\":\"https:\/\/secure.gravatar.com\/avatar\/16a61e7272a0c5d001121ebb9e60e925d5816e4ac1e443ed3e640d9a6ae55d0c?s=96&d=mm&r=g\",\"contentUrl\":\"https:\/\/secure.gravatar.com\/avatar\/16a61e7272a0c5d001121ebb9e60e925d5816e4ac1e443ed3e640d9a6ae55d0c?s=96&d=mm&r=g\",\"caption\":\"US5\"},\"url\":\"https:\/\/veritasinfo.org\/?author=6\"}]}<\/script>\n<!-- \/ Yoast SEO plugin. -->","yoast_head_json":{"title":"Bislimi: Nuk e kam takuar Gjuriqin, do t\u00eb adresoj padi p\u00ebr dezinformim -","robots":{"index":"index","follow":"follow","max-snippet":"max-snippet:-1","max-image-preview":"max-image-preview:large","max-video-preview":"max-video-preview:-1"},"canonical":"https:\/\/veritasinfo.org\/?p=26870","og_locale":"en_US","og_type":"article","og_title":"Bislimi: Nuk e kam takuar Gjuriqin, do t\u00eb adresoj padi p\u00ebr dezinformim -","og_description":"Prishtin\u00eb 07 janar 2026 16:10 Z\u00ebvend\u00ebskryeministri n\u00eb detyr\u00eb, Besnik Bislimi thot\u00eb se nj\u00eb dit\u00eb m\u00eb par\u00eb dezinformata t\u00eb shumta dhe propagand\u00eb nga portale n\u00eb Kosov\u00eb","og_url":"https:\/\/veritasinfo.org\/?p=26870","article_published_time":"2026-01-07T15:11:51+00:00","og_image":[{"width":780,"height":500,"url":"https:\/\/veritasinfo.org\/wp-content\/uploads\/2026\/01\/713789-oTe9FH7yYT.jpg","type":"image\/jpeg"}],"author":"US5","twitter_card":"summary_large_image","twitter_misc":{"Written by":"US5"},"schema":{"@context":"https:\/\/schema.org","@graph":[{"@type":"WebPage","@id":"https:\/\/veritasinfo.org\/?p=26870","url":"https:\/\/veritasinfo.org\/?p=26870","name":"Bislimi: Nuk e kam takuar Gjuriqin, do t\u00eb adresoj padi p\u00ebr dezinformim -","isPartOf":{"@id":"https:\/\/veritasinfo.org\/#website"},"primaryImageOfPage":{"@id":"https:\/\/veritasinfo.org\/?p=26870#primaryimage"},"image":{"@id":"https:\/\/veritasinfo.org\/?p=26870#primaryimage"},"thumbnailUrl":"https:\/\/veritasinfo.org\/wp-content\/uploads\/2026\/01\/713789-oTe9FH7yYT.jpg","datePublished":"2026-01-07T15:11:51+00:00","author":{"@id":"https:\/\/veritasinfo.org\/#\/schema\/person\/bc442336e35414d04494ab8fb45db4c6"},"breadcrumb":{"@id":"https:\/\/veritasinfo.org\/?p=26870#breadcrumb"},"inLanguage":"en-US","potentialAction":[{"@type":"ReadAction","target":["https:\/\/veritasinfo.org\/?p=26870"]}]},{"@type":"ImageObject","inLanguage":"en-US","@id":"https:\/\/veritasinfo.org\/?p=26870#primaryimage","url":"https:\/\/veritasinfo.org\/wp-content\/uploads\/2026\/01\/713789-oTe9FH7yYT.jpg","contentUrl":"https:\/\/veritasinfo.org\/wp-content\/uploads\/2026\/01\/713789-oTe9FH7yYT.jpg","width":780,"height":500},{"@type":"BreadcrumbList","@id":"https:\/\/veritasinfo.org\/?p=26870#breadcrumb","itemListElement":[{"@type":"ListItem","position":1,"name":"Home","item":"https:\/\/veritasinfo.org\/"},{"@type":"ListItem","position":2,"name":"Bislimi: Nuk e kam takuar Gjuriqin, do t\u00eb adresoj padi p\u00ebr dezinformim"}]},{"@type":"WebSite","@id":"https:\/\/veritasinfo.org\/#website","url":"https:\/\/veritasinfo.org\/","name":"","description":"","potentialAction":[{"@type":"SearchAction","target":{"@type":"EntryPoint","urlTemplate":"https:\/\/veritasinfo.org\/?s={search_term_string}"},"query-input":{"@type":"PropertyValueSpecification","valueRequired":true,"valueName":"search_term_string"}}],"inLanguage":"en-US"},{"@type":"Person","@id":"https:\/\/veritasinfo.org\/#\/schema\/person\/bc442336e35414d04494ab8fb45db4c6","name":"US5","image":{"@type":"ImageObject","inLanguage":"en-US","@id":"https:\/\/veritasinfo.org\/#\/schema\/person\/image\/","url":"https:\/\/secure.gravatar.com\/avatar\/16a61e7272a0c5d001121ebb9e60e925d5816e4ac1e443ed3e640d9a6ae55d0c?s=96&d=mm&r=g","contentUrl":"https:\/\/secure.gravatar.com\/avatar\/16a61e7272a0c5d001121ebb9e60e925d5816e4ac1e443ed3e640d9a6ae55d0c?s=96&d=mm&r=g","caption":"US5"},"url":"https:\/\/veritasinfo.org\/?author=6"}]}},"featured_image_urls":{"full":["https:\/\/veritasinfo.org\/wp-content\/uploads\/2026\/01\/713789-oTe9FH7yYT.jpg",780,500,false],"thumbnail":["https:\/\/veritasinfo.org\/wp-content\/uploads\/2026\/01\/713789-oTe9FH7yYT-150x150.jpg",150,150,true],"medium":["https:\/\/veritasinfo.org\/wp-content\/uploads\/2026\/01\/713789-oTe9FH7yYT-300x192.jpg",300,192,true],"medium_large":["https:\/\/veritasinfo.org\/wp-content\/uploads\/2026\/01\/713789-oTe9FH7yYT-768x492.jpg",640,410,true],"large":["https:\/\/veritasinfo.org\/wp-content\/uploads\/2026\/01\/713789-oTe9FH7yYT.jpg",640,410,false],"1536x1536":["https:\/\/veritasinfo.org\/wp-content\/uploads\/2026\/01\/713789-oTe9FH7yYT.jpg",780,500,false],"2048x2048":["https:\/\/veritasinfo.org\/wp-content\/uploads\/2026\/01\/713789-oTe9FH7yYT.jpg",780,500,false],"kreeti-slider-full":["https:\/\/veritasinfo.org\/wp-content\/uploads\/2026\/01\/713789-oTe9FH7yYT.jpg",780,500,false],"kreeti-featured":["https:\/\/veritasinfo.org\/wp-content\/uploads\/2026\/01\/713789-oTe9FH7yYT.jpg",780,500,false],"kreeti-medium":["https:\/\/veritasinfo.org\/wp-content\/uploads\/2026\/01\/713789-oTe9FH7yYT.jpg",720,462,false],"kreeti-medium-square":["https:\/\/veritasinfo.org\/wp-content\/uploads\/2026\/01\/713789-oTe9FH7yYT.jpg",350,224,false]},"author_info":{"info":["US5"]},"category_info":"<a href=\"https:\/\/veritasinfo.org\/?cat=93\" rel=\"category\">Politika<\/a>","tag_info":"Politika","comment_count":"0","_links":{"self":[{"href":"https:\/\/veritasinfo.org\/index.php?rest_route=\/wp\/v2\/posts\/26870","targetHints":{"allow":["GET"]}}],"collection":[{"href":"https:\/\/veritasinfo.org\/index.php?rest_route=\/wp\/v2\/posts"}],"about":[{"href":"https:\/\/veritasinfo.org\/index.php?rest_route=\/wp\/v2\/types\/post"}],"author":[{"embeddable":true,"href":"https:\/\/veritasinfo.org\/index.php?rest_route=\/wp\/v2\/users\/6"}],"replies":[{"embeddable":true,"href":"https:\/\/veritasinfo.org\/index.php?rest_route=%2Fwp%2Fv2%2Fcomments&post=26870"}],"version-history":[{"count":1,"href":"https:\/\/veritasinfo.org\/index.php?rest_route=\/wp\/v2\/posts\/26870\/revisions"}],"predecessor-version":[{"id":26873,"href":"https:\/\/veritasinfo.org\/index.php?rest_route=\/wp\/v2\/posts\/26870\/revisions\/26873"}],"wp:featuredmedia":[{"embeddable":true,"href":"https:\/\/veritasinfo.org\/index.php?rest_route=\/wp\/v2\/media\/26872"}],"wp:attachment":[{"href":"https:\/\/veritasinfo.org\/index.php?rest_route=%2Fwp%2Fv2%2Fmedia&parent=26870"}],"wp:term":[{"taxonomy":"category","embeddable":true,"href":"https:\/\/veritasinfo.org\/index.php?rest_route=%2Fwp%2Fv2%2Fcategories&post=26870"},{"taxonomy":"post_tag","embeddable":true,"href":"https:\/\/veritasinfo.org\/index.php?rest_route=%2Fwp%2Fv2%2Ftags&post=26870"}],"curies":[{"name":"wp","href":"https:\/\/api.w.org\/{rel}","templated":true}]}}