{"id":26842,"date":"2026-01-07T13:19:56","date_gmt":"2026-01-07T12:19:56","guid":{"rendered":"https:\/\/veritasinfo.org\/?p=26842"},"modified":"2026-01-07T13:20:30","modified_gmt":"2026-01-07T12:20:30","slug":"26842","status":"publish","type":"post","link":"https:\/\/veritasinfo.org\/?p=26842&lang=sr","title":{"rendered":"Kurti: Trenutno je situacija pod kontrolom, sa \u0161tetom, bez ozbiljnih povreda"},"content":{"rendered":"<p>Pri\u0161tina, 07. januar 2026. 13:15<\/p>\n<p>Premijer u tehni\u010dkom mandatu, Aljbin Kurti, izjavio je da je situacija nakon poplava na Kosovu pod kontrolom. Prema njegovim re\u010dima, osim materijalne \u0161tete na infrastrukturi i privatnim posedima, sre\u0107om nema ozbiljnijih povreda.<\/p>\n<p>Kurti je naveo da su ju\u010de, tokom celog dana, uve\u010de i tokom no\u0107i, ekipe agencija Ministarstva unutra\u0161njih poslova i Ministarstva \u017eivotne sredine, prostornog planiranja i infrastrukture, uklju\u010duju\u0107i i nadle\u017ene ministre Dzelala Sve\u00e7lu i Hysena Durmi\u0161ija, bile na terenu kako bi pratili stanje izazvano poplavama, preduzimali potrebne intervencije i podr\u017eavali lokalne institucije u evakuaciji stanovnika iz ugro\u017eenih zona.<\/p>\n<p>Tako\u0111e, Kurti je rekao da je ministar Elbert Krasni\u0107i bio u kontaktu sa predsednicima op\u0161tina najpogo\u0111enijih poplavama, dok je Kosovske snage bezbednosti dr\u017eale svoje jedinice u stalnoj pripravnosti, koordinisale sa lokalnim \u0161tabovima za vanredne situacije i u \u0110akovici pru\u017eale podr\u0161ku lokalnim i centralnim vlastima u evakuaciji i sme\u0161taju ugro\u017eenih porodica.<\/p>\n<p>Premijer je naglasio da se posebno pazilo na o\u010duvanje kriti\u010dne infrastrukture.<\/p>\n<p>\u201ePrema dosada\u0161njim izve\u0161tajima Agencije za upravljanje vanrednim situacijama, op\u0161tine pogo\u0111ene ju\u010dera\u0161njim poplavama su: Fush\u00eb Kosova, Lipjan, Obili\u0107, Drenas, Podujevo, \u0160timlje, Gra\u010danica, Prizren, Suhareka, Mali\u0161evo, Rahovec, Mamu\u0161a, Draga\u0161, Mitrovica, Vu\u010ditrn, Skenderaj, Klina, Istok, Junik, De\u010dani i Pe\u0107. Operativne ekipe nastavljaju da budu na terenu, prate stanje i ostaju u punoj pripravnosti. Trenutno je situacija pod kontrolom. Osim materijalne \u0161tete na infrastrukturi i privatnim posedima, sre\u0107om nema ozbiljnih povreda\u201c, napisao je Kurti.<\/p>\n<p>On je dodao da je tokom no\u0107i intervenisano na vi\u0161e lokacija zbog klizi\u0161ta zemlje i kamenja, kao i u zonama gde su bunari bili blokirani. Naglasio je da nadle\u017ene kompanije i dalje ostaju u pripravnosti.<\/p>\n<p>\u201eZahvaljujem zvani\u010dnicima dr\u017eavnih agencija, profesionalnim timovima vatrogasaca i spasila\u010dkih slu\u017ebi i institucijama bezbednosti na njihovoj po\u017ertvovanoj reakciji u slu\u017ebi gra\u0111ana. Zahvaljujem gra\u0111anima na solidarnosti i saradnji sa nadle\u017enim institucijama, i apelujem da i dalje pa\u017eljivo prate uputstva javnih institucija dok se stanje izazvano poplavama potpuno ne prevazi\u0111e\u201c, napisao je premijer u tehni\u010dkom mandatu.<\/p>\n","protected":false},"excerpt":{"rendered":"<p>Pri\u0161tina, 07. januar 2026. 13:15 Premijer u tehni\u010dkom mandatu, Aljbin Kurti, izjavio je da je situacija nakon poplava na Kosovu pod kontrolom. Prema njegovim re\u010dima,<\/p>\n","protected":false},"author":6,"featured_media":26840,"comment_status":"open","ping_status":"open","sticky":false,"template":"","format":"standard","meta":{"footnotes":""},"categories":[24],"tags":[],"class_list":["post-26842","post","type-post","status-publish","format-standard","has-post-thumbnail","hentry","category-uncategorized-sr"],"yoast_head":"<!-- This site is optimized with the Yoast SEO plugin v25.3.1 - https:\/\/yoast.com\/wordpress\/plugins\/seo\/ -->\n<title>Kurti: Trenutno je situacija pod kontrolom, sa \u0161tetom, bez ozbiljnih povreda -<\/title>\n<meta name=\"robots\" content=\"index, follow, max-snippet:-1, max-image-preview:large, max-video-preview:-1\" \/>\n<link rel=\"canonical\" href=\"https:\/\/veritasinfo.org\/?p=26842&lang=sr\" \/>\n<meta property=\"og:locale\" content=\"en_US\" \/>\n<meta property=\"og:type\" content=\"article\" \/>\n<meta property=\"og:title\" content=\"Kurti: Trenutno je situacija pod kontrolom, sa \u0161tetom, bez ozbiljnih povreda -\" \/>\n<meta property=\"og:description\" content=\"Pri\u0161tina, 07. januar 2026. 13:15 Premijer u tehni\u010dkom mandatu, Aljbin Kurti, izjavio je da je situacija nakon poplava na Kosovu pod kontrolom. Prema njegovim re\u010dima,\" \/>\n<meta property=\"og:url\" content=\"https:\/\/veritasinfo.org\/?p=26842&amp;lang=sr\" \/>\n<meta property=\"article:published_time\" content=\"2026-01-07T12:19:56+00:00\" \/>\n<meta property=\"article:modified_time\" content=\"2026-01-07T12:20:30+00:00\" \/>\n<meta property=\"og:image\" content=\"https:\/\/veritasinfo.org\/wp-content\/uploads\/2026\/01\/713776-Aol7i2fGho.jpg\" \/>\n\t<meta property=\"og:image:width\" content=\"780\" \/>\n\t<meta property=\"og:image:height\" content=\"500\" \/>\n\t<meta property=\"og:image:type\" content=\"image\/jpeg\" \/>\n<meta name=\"author\" content=\"US5\" \/>\n<meta name=\"twitter:card\" content=\"summary_large_image\" \/>\n<meta name=\"twitter:label1\" content=\"Written by\" \/>\n\t<meta name=\"twitter:data1\" content=\"US5\" \/>\n\t<meta name=\"twitter:label2\" content=\"Est. reading time\" \/>\n\t<meta name=\"twitter:data2\" content=\"2 minutes\" \/>\n<script type=\"application\/ld+json\" class=\"yoast-schema-graph\">{\"@context\":\"https:\/\/schema.org\",\"@graph\":[{\"@type\":\"WebPage\",\"@id\":\"https:\/\/veritasinfo.org\/?p=26842&lang=sr\",\"url\":\"https:\/\/veritasinfo.org\/?p=26842&lang=sr\",\"name\":\"Kurti: Trenutno je situacija pod kontrolom, sa \u0161tetom, bez ozbiljnih povreda -\",\"isPartOf\":{\"@id\":\"https:\/\/veritasinfo.org\/#website\"},\"primaryImageOfPage\":{\"@id\":\"https:\/\/veritasinfo.org\/?p=26842&lang=sr#primaryimage\"},\"image\":{\"@id\":\"https:\/\/veritasinfo.org\/?p=26842&lang=sr#primaryimage\"},\"thumbnailUrl\":\"https:\/\/veritasinfo.org\/wp-content\/uploads\/2026\/01\/713776-Aol7i2fGho.jpg\",\"datePublished\":\"2026-01-07T12:19:56+00:00\",\"dateModified\":\"2026-01-07T12:20:30+00:00\",\"author\":{\"@id\":\"https:\/\/veritasinfo.org\/#\/schema\/person\/bc442336e35414d04494ab8fb45db4c6\"},\"breadcrumb\":{\"@id\":\"https:\/\/veritasinfo.org\/?p=26842&lang=sr#breadcrumb\"},\"inLanguage\":\"en-US\",\"potentialAction\":[{\"@type\":\"ReadAction\",\"target\":[\"https:\/\/veritasinfo.org\/?p=26842&lang=sr\"]}]},{\"@type\":\"ImageObject\",\"inLanguage\":\"en-US\",\"@id\":\"https:\/\/veritasinfo.org\/?p=26842&lang=sr#primaryimage\",\"url\":\"https:\/\/veritasinfo.org\/wp-content\/uploads\/2026\/01\/713776-Aol7i2fGho.jpg\",\"contentUrl\":\"https:\/\/veritasinfo.org\/wp-content\/uploads\/2026\/01\/713776-Aol7i2fGho.jpg\",\"width\":780,\"height\":500},{\"@type\":\"BreadcrumbList\",\"@id\":\"https:\/\/veritasinfo.org\/?p=26842&lang=sr#breadcrumb\",\"itemListElement\":[{\"@type\":\"ListItem\",\"position\":1,\"name\":\"Home\",\"item\":\"https:\/\/veritasinfo.org\/\"},{\"@type\":\"ListItem\",\"position\":2,\"name\":\"Kurti: Trenutno je situacija pod kontrolom, sa \u0161tetom, bez ozbiljnih povreda\"}]},{\"@type\":\"WebSite\",\"@id\":\"https:\/\/veritasinfo.org\/#website\",\"url\":\"https:\/\/veritasinfo.org\/\",\"name\":\"\",\"description\":\"\",\"potentialAction\":[{\"@type\":\"SearchAction\",\"target\":{\"@type\":\"EntryPoint\",\"urlTemplate\":\"https:\/\/veritasinfo.org\/?s={search_term_string}\"},\"query-input\":{\"@type\":\"PropertyValueSpecification\",\"valueRequired\":true,\"valueName\":\"search_term_string\"}}],\"inLanguage\":\"en-US\"},{\"@type\":\"Person\",\"@id\":\"https:\/\/veritasinfo.org\/#\/schema\/person\/bc442336e35414d04494ab8fb45db4c6\",\"name\":\"US5\",\"image\":{\"@type\":\"ImageObject\",\"inLanguage\":\"en-US\",\"@id\":\"https:\/\/veritasinfo.org\/#\/schema\/person\/image\/\",\"url\":\"https:\/\/secure.gravatar.com\/avatar\/16a61e7272a0c5d001121ebb9e60e925d5816e4ac1e443ed3e640d9a6ae55d0c?s=96&d=mm&r=g\",\"contentUrl\":\"https:\/\/secure.gravatar.com\/avatar\/16a61e7272a0c5d001121ebb9e60e925d5816e4ac1e443ed3e640d9a6ae55d0c?s=96&d=mm&r=g\",\"caption\":\"US5\"},\"url\":\"https:\/\/veritasinfo.org\/?author=6\"}]}<\/script>\n<!-- \/ Yoast SEO plugin. -->","yoast_head_json":{"title":"Kurti: Trenutno je situacija pod kontrolom, sa \u0161tetom, bez ozbiljnih povreda -","robots":{"index":"index","follow":"follow","max-snippet":"max-snippet:-1","max-image-preview":"max-image-preview:large","max-video-preview":"max-video-preview:-1"},"canonical":"https:\/\/veritasinfo.org\/?p=26842&lang=sr","og_locale":"en_US","og_type":"article","og_title":"Kurti: Trenutno je situacija pod kontrolom, sa \u0161tetom, bez ozbiljnih povreda -","og_description":"Pri\u0161tina, 07. januar 2026. 13:15 Premijer u tehni\u010dkom mandatu, Aljbin Kurti, izjavio je da je situacija nakon poplava na Kosovu pod kontrolom. Prema njegovim re\u010dima,","og_url":"https:\/\/veritasinfo.org\/?p=26842&lang=sr","article_published_time":"2026-01-07T12:19:56+00:00","article_modified_time":"2026-01-07T12:20:30+00:00","og_image":[{"width":780,"height":500,"url":"https:\/\/veritasinfo.org\/wp-content\/uploads\/2026\/01\/713776-Aol7i2fGho.jpg","type":"image\/jpeg"}],"author":"US5","twitter_card":"summary_large_image","twitter_misc":{"Written by":"US5","Est. reading time":"2 minutes"},"schema":{"@context":"https:\/\/schema.org","@graph":[{"@type":"WebPage","@id":"https:\/\/veritasinfo.org\/?p=26842&lang=sr","url":"https:\/\/veritasinfo.org\/?p=26842&lang=sr","name":"Kurti: Trenutno je situacija pod kontrolom, sa \u0161tetom, bez ozbiljnih povreda -","isPartOf":{"@id":"https:\/\/veritasinfo.org\/#website"},"primaryImageOfPage":{"@id":"https:\/\/veritasinfo.org\/?p=26842&lang=sr#primaryimage"},"image":{"@id":"https:\/\/veritasinfo.org\/?p=26842&lang=sr#primaryimage"},"thumbnailUrl":"https:\/\/veritasinfo.org\/wp-content\/uploads\/2026\/01\/713776-Aol7i2fGho.jpg","datePublished":"2026-01-07T12:19:56+00:00","dateModified":"2026-01-07T12:20:30+00:00","author":{"@id":"https:\/\/veritasinfo.org\/#\/schema\/person\/bc442336e35414d04494ab8fb45db4c6"},"breadcrumb":{"@id":"https:\/\/veritasinfo.org\/?p=26842&lang=sr#breadcrumb"},"inLanguage":"en-US","potentialAction":[{"@type":"ReadAction","target":["https:\/\/veritasinfo.org\/?p=26842&lang=sr"]}]},{"@type":"ImageObject","inLanguage":"en-US","@id":"https:\/\/veritasinfo.org\/?p=26842&lang=sr#primaryimage","url":"https:\/\/veritasinfo.org\/wp-content\/uploads\/2026\/01\/713776-Aol7i2fGho.jpg","contentUrl":"https:\/\/veritasinfo.org\/wp-content\/uploads\/2026\/01\/713776-Aol7i2fGho.jpg","width":780,"height":500},{"@type":"BreadcrumbList","@id":"https:\/\/veritasinfo.org\/?p=26842&lang=sr#breadcrumb","itemListElement":[{"@type":"ListItem","position":1,"name":"Home","item":"https:\/\/veritasinfo.org\/"},{"@type":"ListItem","position":2,"name":"Kurti: Trenutno je situacija pod kontrolom, sa \u0161tetom, bez ozbiljnih povreda"}]},{"@type":"WebSite","@id":"https:\/\/veritasinfo.org\/#website","url":"https:\/\/veritasinfo.org\/","name":"","description":"","potentialAction":[{"@type":"SearchAction","target":{"@type":"EntryPoint","urlTemplate":"https:\/\/veritasinfo.org\/?s={search_term_string}"},"query-input":{"@type":"PropertyValueSpecification","valueRequired":true,"valueName":"search_term_string"}}],"inLanguage":"en-US"},{"@type":"Person","@id":"https:\/\/veritasinfo.org\/#\/schema\/person\/bc442336e35414d04494ab8fb45db4c6","name":"US5","image":{"@type":"ImageObject","inLanguage":"en-US","@id":"https:\/\/veritasinfo.org\/#\/schema\/person\/image\/","url":"https:\/\/secure.gravatar.com\/avatar\/16a61e7272a0c5d001121ebb9e60e925d5816e4ac1e443ed3e640d9a6ae55d0c?s=96&d=mm&r=g","contentUrl":"https:\/\/secure.gravatar.com\/avatar\/16a61e7272a0c5d001121ebb9e60e925d5816e4ac1e443ed3e640d9a6ae55d0c?s=96&d=mm&r=g","caption":"US5"},"url":"https:\/\/veritasinfo.org\/?author=6"}]}},"featured_image_urls":{"full":["https:\/\/veritasinfo.org\/wp-content\/uploads\/2026\/01\/713776-Aol7i2fGho.jpg",780,500,false],"thumbnail":["https:\/\/veritasinfo.org\/wp-content\/uploads\/2026\/01\/713776-Aol7i2fGho-150x150.jpg",150,150,true],"medium":["https:\/\/veritasinfo.org\/wp-content\/uploads\/2026\/01\/713776-Aol7i2fGho-300x192.jpg",300,192,true],"medium_large":["https:\/\/veritasinfo.org\/wp-content\/uploads\/2026\/01\/713776-Aol7i2fGho-768x492.jpg",640,410,true],"large":["https:\/\/veritasinfo.org\/wp-content\/uploads\/2026\/01\/713776-Aol7i2fGho.jpg",640,410,false],"1536x1536":["https:\/\/veritasinfo.org\/wp-content\/uploads\/2026\/01\/713776-Aol7i2fGho.jpg",780,500,false],"2048x2048":["https:\/\/veritasinfo.org\/wp-content\/uploads\/2026\/01\/713776-Aol7i2fGho.jpg",780,500,false],"kreeti-slider-full":["https:\/\/veritasinfo.org\/wp-content\/uploads\/2026\/01\/713776-Aol7i2fGho.jpg",780,500,false],"kreeti-featured":["https:\/\/veritasinfo.org\/wp-content\/uploads\/2026\/01\/713776-Aol7i2fGho.jpg",780,500,false],"kreeti-medium":["https:\/\/veritasinfo.org\/wp-content\/uploads\/2026\/01\/713776-Aol7i2fGho.jpg",720,462,false],"kreeti-medium-square":["https:\/\/veritasinfo.org\/wp-content\/uploads\/2026\/01\/713776-Aol7i2fGho.jpg",350,224,false]},"author_info":{"info":["US5"]},"category_info":"<a href=\"https:\/\/veritasinfo.org\/?cat=24&#038;lang=sr\" rel=\"category\">Uncategorized<\/a>","tag_info":"Uncategorized","comment_count":"0","_links":{"self":[{"href":"https:\/\/veritasinfo.org\/index.php?rest_route=\/wp\/v2\/posts\/26842","targetHints":{"allow":["GET"]}}],"collection":[{"href":"https:\/\/veritasinfo.org\/index.php?rest_route=\/wp\/v2\/posts"}],"about":[{"href":"https:\/\/veritasinfo.org\/index.php?rest_route=\/wp\/v2\/types\/post"}],"author":[{"embeddable":true,"href":"https:\/\/veritasinfo.org\/index.php?rest_route=\/wp\/v2\/users\/6"}],"replies":[{"embeddable":true,"href":"https:\/\/veritasinfo.org\/index.php?rest_route=%2Fwp%2Fv2%2Fcomments&post=26842"}],"version-history":[{"count":2,"href":"https:\/\/veritasinfo.org\/index.php?rest_route=\/wp\/v2\/posts\/26842\/revisions"}],"predecessor-version":[{"id":26844,"href":"https:\/\/veritasinfo.org\/index.php?rest_route=\/wp\/v2\/posts\/26842\/revisions\/26844"}],"wp:featuredmedia":[{"embeddable":true,"href":"https:\/\/veritasinfo.org\/index.php?rest_route=\/wp\/v2\/media\/26840"}],"wp:attachment":[{"href":"https:\/\/veritasinfo.org\/index.php?rest_route=%2Fwp%2Fv2%2Fmedia&parent=26842"}],"wp:term":[{"taxonomy":"category","embeddable":true,"href":"https:\/\/veritasinfo.org\/index.php?rest_route=%2Fwp%2Fv2%2Fcategories&post=26842"},{"taxonomy":"post_tag","embeddable":true,"href":"https:\/\/veritasinfo.org\/index.php?rest_route=%2Fwp%2Fv2%2Ftags&post=26842"}],"curies":[{"name":"wp","href":"https:\/\/api.w.org\/{rel}","templated":true}]}}