{"id":26804,"date":"2026-01-07T10:34:41","date_gmt":"2026-01-07T09:34:41","guid":{"rendered":"https:\/\/veritasinfo.org\/?p=26804"},"modified":"2026-01-07T10:34:41","modified_gmt":"2026-01-07T09:34:41","slug":"6-viktima-dhe-qindra-fluturime-te-anuluara-per-shkak-te-motit-te-keq-ne-te-gjithe-europen","status":"publish","type":"post","link":"https:\/\/veritasinfo.org\/?p=26804","title":{"rendered":"6 viktima dhe qindra fluturime t\u00eb anuluara p\u00ebr shkak t\u00eb motit t\u00eb keq n\u00eb t\u00eb gjith\u00eb Europ\u00ebn"},"content":{"rendered":"<p>Prishtin\u00eb 07 janar 2026 10:33<\/p>\n<p>Reshjet e dendura t\u00eb d\u00ebbor\u00ebs dhe kushtet e akullta t\u00eb motit kan\u00eb shkaktuar nd\u00ebrprerje t\u00eb udh\u00ebtimit n\u00eb t\u00eb gjith\u00eb Europ\u00ebn, nd\u00ebrkoh\u00eb q\u00eb 6 viktima jan\u00eb raportuar n\u00eb incidente t\u00eb lidhura me motin n\u00eb kontinent, raporton A2 CNN.<\/p>\n<p>Pes\u00eb persona vdiq\u00ebn n\u00eb dy rajone t\u00eb ndara t\u00eb Franc\u00ebs si pasoj\u00eb e kushteve t\u00eb rrezikshme t\u00eb drejtimit t\u00eb automjeteve, than\u00eb autoritetet, nd\u00ebrsa nj\u00eb grua humbi jet\u00ebn gjithashtu n\u00eb kryeqytetin e Bosnj\u00ebs, Sarajev\u00eb, pasi mbi qytet ra 40 cm bor\u00eb.<\/p>\n<p>Qindra fluturime jan\u00eb anuluar n\u00eb t\u00eb gjith\u00eb Evrop\u00ebn, me mij\u00ebra t\u00eb tjer\u00eb t\u00eb bllokuar n\u00eb aeroportet e Parisit dhe Amsterdamit. Nd\u00ebrprerjet e fluturimeve pritet t\u00eb vazhdojn\u00eb deri t\u00eb m\u00ebrkur\u00ebn.<\/p>\n<p>Ballkani ka par\u00eb gjithashtu reshje bore dhe shira t\u00eb rr\u00ebmbyesh\u00ebm. Nj\u00eb grua vdiq n\u00eb kryeqytetin boshnjak Sarajev\u00eb t\u00eb h\u00ebn\u00ebn, pasi nj\u00eb pem\u00eb e r\u00ebnduar nga bora e lag\u00ebsht ra mbi t\u00eb, tha policia, p\u00ebrcjell A2 CNN.<\/p>\n<p>Ministri francez i Transportit, Philippe Tabarot, tha se pritej m\u00eb shum\u00eb bor\u00eb n\u00eb vend nat\u00ebn e s\u00eb mart\u00ebs dhe t\u00eb m\u00ebrkur\u00ebn. Ai u b\u00ebri thirrje njer\u00ebzve t\u00eb udh\u00ebtojn\u00eb sa m\u00eb pak t\u00eb jet\u00eb e mundur n\u00eb rrug\u00eb dhe t\u00eb punojn\u00eb nga sht\u00ebpia.<\/p>\n<p>Sh\u00ebrbimi komb\u00ebtar meteorologjik i Franc\u00ebs tha se 38 distrikte do t\u00eb vendosen n\u00eb alarm portokalli p\u00ebr bor\u00eb dhe akull t\u00eb m\u00ebrkur\u00ebn. Shum\u00eb sh\u00ebrbime treni u anuluan n\u00eb disa pjes\u00eb t\u00eb vendit, shkruan A2 CNN.<\/p>\n<p>N\u00eb kryeqytetin e Franc\u00ebs, autoritetet than\u00eb se aeroporti Roissy-Charles de Gaulle do t\u00eb anuloj\u00eb 40% t\u00eb fluturimeve p\u00ebr disa or\u00eb t\u00eb m\u00ebrkur\u00ebn n\u00eb m\u00ebngjes, n\u00eb m\u00ebnyr\u00eb q\u00eb stafi t\u00eb mund t\u00eb pastroj\u00eb bor\u00ebn nga pistat. Aeroporti Orly i kryeqytetit planifikoi t\u00eb anuloj\u00eb nj\u00eb t\u00eb kat\u00ebrt\u00ebn e fluturimeve t\u00eb tij gjat\u00eb s\u00eb nj\u00ebjt\u00ebs periudh\u00eb kohore.<\/p>\n<p>M\u00eb shum\u00eb se 400 fluturime u anuluan n\u00eb aeroportin Schiphol t\u00eb Amsterdamit t\u00eb m\u00ebrkur\u00ebn, duke shkaktuar nd\u00ebrprerje t\u00eb m\u00ebdha t\u00eb planeve t\u00eb udh\u00ebtimit.<\/p>\n<p>Qindra pasagjer\u00eb mbet\u00ebn t\u00eb bllokuar, shum\u00eb prej t\u00eb cil\u00ebve nuk mund\u00ebn t\u00eb bashkoheshin me fluturimet lidh\u00ebse. Radh\u00eb t\u00eb gjata u formuan n\u00eb sportelet e linjave ajrore, nd\u00ebrsa njer\u00ebzit prisnin informacion se kur do t\u00eb rifillonin fluturimet.<\/p>\n<p>Edhe udh\u00ebtimet hekurudhore u nd\u00ebrpren\u00eb gjithashtu. T\u00eb mart\u00ebn n\u00eb m\u00ebngjes, t\u00eb gjitha sh\u00ebrbimet hekurudhore n\u00eb Holand\u00eb u ndal\u00ebn p\u00ebr nj\u00eb periudh\u00eb t\u00eb shkurt\u00ebr pas nj\u00eb nd\u00ebrprerjeje t\u00eb sistemit t\u00eb teknologjis\u00eb s\u00eb informacionit.<\/p>\n<p>Disa trena filluan t\u00eb qarkullonin pas or\u00ebs 09:00 sipas or\u00ebs lokale, por problemet vazhduan gjat\u00eb dit\u00ebs. Sh\u00ebrbimet e Eurostar p\u00ebr n\u00eb Paris nga Amsterdami ose u anuluan ose u vonuan.<\/p>\n","protected":false},"excerpt":{"rendered":"<p>Prishtin\u00eb 07 janar 2026 10:33 Reshjet e dendura t\u00eb d\u00ebbor\u00ebs dhe kushtet e akullta t\u00eb motit kan\u00eb shkaktuar nd\u00ebrprerje t\u00eb udh\u00ebtimit n\u00eb t\u00eb gjith\u00eb Europ\u00ebn,<\/p>\n","protected":false},"author":6,"featured_media":26805,"comment_status":"open","ping_status":"open","sticky":false,"template":"","format":"standard","meta":{"footnotes":""},"categories":[58],"tags":[],"class_list":["post-26804","post","type-post","status-publish","format-standard","has-post-thumbnail","hentry","category-politike-sq"],"yoast_head":"<!-- This site is optimized with the Yoast SEO plugin v25.3.1 - https:\/\/yoast.com\/wordpress\/plugins\/seo\/ -->\n<title>6 viktima dhe qindra fluturime t\u00eb anuluara p\u00ebr shkak t\u00eb motit t\u00eb keq n\u00eb t\u00eb gjith\u00eb Europ\u00ebn -<\/title>\n<meta name=\"robots\" content=\"index, follow, max-snippet:-1, max-image-preview:large, max-video-preview:-1\" \/>\n<link rel=\"canonical\" href=\"https:\/\/veritasinfo.org\/?p=26804\" \/>\n<meta property=\"og:locale\" content=\"en_US\" \/>\n<meta property=\"og:type\" content=\"article\" \/>\n<meta property=\"og:title\" content=\"6 viktima dhe qindra fluturime t\u00eb anuluara p\u00ebr shkak t\u00eb motit t\u00eb keq n\u00eb t\u00eb gjith\u00eb Europ\u00ebn -\" \/>\n<meta property=\"og:description\" content=\"Prishtin\u00eb 07 janar 2026 10:33 Reshjet e dendura t\u00eb d\u00ebbor\u00ebs dhe kushtet e akullta t\u00eb motit kan\u00eb shkaktuar nd\u00ebrprerje t\u00eb udh\u00ebtimit n\u00eb t\u00eb gjith\u00eb Europ\u00ebn,\" \/>\n<meta property=\"og:url\" content=\"https:\/\/veritasinfo.org\/?p=26804\" \/>\n<meta property=\"article:published_time\" content=\"2026-01-07T09:34:41+00:00\" \/>\n<meta property=\"og:image\" content=\"https:\/\/veritasinfo.org\/wp-content\/uploads\/2026\/01\/airplane-snow.jpeg\" \/>\n\t<meta property=\"og:image:width\" content=\"900\" \/>\n\t<meta property=\"og:image:height\" content=\"506\" \/>\n\t<meta property=\"og:image:type\" content=\"image\/jpeg\" \/>\n<meta name=\"author\" content=\"US5\" \/>\n<meta name=\"twitter:card\" content=\"summary_large_image\" \/>\n<meta name=\"twitter:label1\" content=\"Written by\" \/>\n\t<meta name=\"twitter:data1\" content=\"US5\" \/>\n<script type=\"application\/ld+json\" class=\"yoast-schema-graph\">{\"@context\":\"https:\/\/schema.org\",\"@graph\":[{\"@type\":\"WebPage\",\"@id\":\"https:\/\/veritasinfo.org\/?p=26804\",\"url\":\"https:\/\/veritasinfo.org\/?p=26804\",\"name\":\"6 viktima dhe qindra fluturime t\u00eb anuluara p\u00ebr shkak t\u00eb motit t\u00eb keq n\u00eb t\u00eb gjith\u00eb Europ\u00ebn -\",\"isPartOf\":{\"@id\":\"https:\/\/veritasinfo.org\/#website\"},\"primaryImageOfPage\":{\"@id\":\"https:\/\/veritasinfo.org\/?p=26804#primaryimage\"},\"image\":{\"@id\":\"https:\/\/veritasinfo.org\/?p=26804#primaryimage\"},\"thumbnailUrl\":\"https:\/\/veritasinfo.org\/wp-content\/uploads\/2026\/01\/airplane-snow.jpeg\",\"datePublished\":\"2026-01-07T09:34:41+00:00\",\"author\":{\"@id\":\"https:\/\/veritasinfo.org\/#\/schema\/person\/bc442336e35414d04494ab8fb45db4c6\"},\"breadcrumb\":{\"@id\":\"https:\/\/veritasinfo.org\/?p=26804#breadcrumb\"},\"inLanguage\":\"en-US\",\"potentialAction\":[{\"@type\":\"ReadAction\",\"target\":[\"https:\/\/veritasinfo.org\/?p=26804\"]}]},{\"@type\":\"ImageObject\",\"inLanguage\":\"en-US\",\"@id\":\"https:\/\/veritasinfo.org\/?p=26804#primaryimage\",\"url\":\"https:\/\/veritasinfo.org\/wp-content\/uploads\/2026\/01\/airplane-snow.jpeg\",\"contentUrl\":\"https:\/\/veritasinfo.org\/wp-content\/uploads\/2026\/01\/airplane-snow.jpeg\",\"width\":900,\"height\":506,\"caption\":\"Red airplane flying over snow mountains in the clouds. Aerial shot.\"},{\"@type\":\"BreadcrumbList\",\"@id\":\"https:\/\/veritasinfo.org\/?p=26804#breadcrumb\",\"itemListElement\":[{\"@type\":\"ListItem\",\"position\":1,\"name\":\"Home\",\"item\":\"https:\/\/veritasinfo.org\/\"},{\"@type\":\"ListItem\",\"position\":2,\"name\":\"6 viktima dhe qindra fluturime t\u00eb anuluara p\u00ebr shkak t\u00eb motit t\u00eb keq n\u00eb t\u00eb gjith\u00eb Europ\u00ebn\"}]},{\"@type\":\"WebSite\",\"@id\":\"https:\/\/veritasinfo.org\/#website\",\"url\":\"https:\/\/veritasinfo.org\/\",\"name\":\"\",\"description\":\"\",\"potentialAction\":[{\"@type\":\"SearchAction\",\"target\":{\"@type\":\"EntryPoint\",\"urlTemplate\":\"https:\/\/veritasinfo.org\/?s={search_term_string}\"},\"query-input\":{\"@type\":\"PropertyValueSpecification\",\"valueRequired\":true,\"valueName\":\"search_term_string\"}}],\"inLanguage\":\"en-US\"},{\"@type\":\"Person\",\"@id\":\"https:\/\/veritasinfo.org\/#\/schema\/person\/bc442336e35414d04494ab8fb45db4c6\",\"name\":\"US5\",\"image\":{\"@type\":\"ImageObject\",\"inLanguage\":\"en-US\",\"@id\":\"https:\/\/veritasinfo.org\/#\/schema\/person\/image\/\",\"url\":\"https:\/\/secure.gravatar.com\/avatar\/16a61e7272a0c5d001121ebb9e60e925d5816e4ac1e443ed3e640d9a6ae55d0c?s=96&d=mm&r=g\",\"contentUrl\":\"https:\/\/secure.gravatar.com\/avatar\/16a61e7272a0c5d001121ebb9e60e925d5816e4ac1e443ed3e640d9a6ae55d0c?s=96&d=mm&r=g\",\"caption\":\"US5\"},\"url\":\"https:\/\/veritasinfo.org\/?author=6\"}]}<\/script>\n<!-- \/ Yoast SEO plugin. -->","yoast_head_json":{"title":"6 viktima dhe qindra fluturime t\u00eb anuluara p\u00ebr shkak t\u00eb motit t\u00eb keq n\u00eb t\u00eb gjith\u00eb Europ\u00ebn -","robots":{"index":"index","follow":"follow","max-snippet":"max-snippet:-1","max-image-preview":"max-image-preview:large","max-video-preview":"max-video-preview:-1"},"canonical":"https:\/\/veritasinfo.org\/?p=26804","og_locale":"en_US","og_type":"article","og_title":"6 viktima dhe qindra fluturime t\u00eb anuluara p\u00ebr shkak t\u00eb motit t\u00eb keq n\u00eb t\u00eb gjith\u00eb Europ\u00ebn -","og_description":"Prishtin\u00eb 07 janar 2026 10:33 Reshjet e dendura t\u00eb d\u00ebbor\u00ebs dhe kushtet e akullta t\u00eb motit kan\u00eb shkaktuar nd\u00ebrprerje t\u00eb udh\u00ebtimit n\u00eb t\u00eb gjith\u00eb Europ\u00ebn,","og_url":"https:\/\/veritasinfo.org\/?p=26804","article_published_time":"2026-01-07T09:34:41+00:00","og_image":[{"width":900,"height":506,"url":"https:\/\/veritasinfo.org\/wp-content\/uploads\/2026\/01\/airplane-snow.jpeg","type":"image\/jpeg"}],"author":"US5","twitter_card":"summary_large_image","twitter_misc":{"Written by":"US5"},"schema":{"@context":"https:\/\/schema.org","@graph":[{"@type":"WebPage","@id":"https:\/\/veritasinfo.org\/?p=26804","url":"https:\/\/veritasinfo.org\/?p=26804","name":"6 viktima dhe qindra fluturime t\u00eb anuluara p\u00ebr shkak t\u00eb motit t\u00eb keq n\u00eb t\u00eb gjith\u00eb Europ\u00ebn -","isPartOf":{"@id":"https:\/\/veritasinfo.org\/#website"},"primaryImageOfPage":{"@id":"https:\/\/veritasinfo.org\/?p=26804#primaryimage"},"image":{"@id":"https:\/\/veritasinfo.org\/?p=26804#primaryimage"},"thumbnailUrl":"https:\/\/veritasinfo.org\/wp-content\/uploads\/2026\/01\/airplane-snow.jpeg","datePublished":"2026-01-07T09:34:41+00:00","author":{"@id":"https:\/\/veritasinfo.org\/#\/schema\/person\/bc442336e35414d04494ab8fb45db4c6"},"breadcrumb":{"@id":"https:\/\/veritasinfo.org\/?p=26804#breadcrumb"},"inLanguage":"en-US","potentialAction":[{"@type":"ReadAction","target":["https:\/\/veritasinfo.org\/?p=26804"]}]},{"@type":"ImageObject","inLanguage":"en-US","@id":"https:\/\/veritasinfo.org\/?p=26804#primaryimage","url":"https:\/\/veritasinfo.org\/wp-content\/uploads\/2026\/01\/airplane-snow.jpeg","contentUrl":"https:\/\/veritasinfo.org\/wp-content\/uploads\/2026\/01\/airplane-snow.jpeg","width":900,"height":506,"caption":"Red airplane flying over snow mountains in the clouds. Aerial shot."},{"@type":"BreadcrumbList","@id":"https:\/\/veritasinfo.org\/?p=26804#breadcrumb","itemListElement":[{"@type":"ListItem","position":1,"name":"Home","item":"https:\/\/veritasinfo.org\/"},{"@type":"ListItem","position":2,"name":"6 viktima dhe qindra fluturime t\u00eb anuluara p\u00ebr shkak t\u00eb motit t\u00eb keq n\u00eb t\u00eb gjith\u00eb Europ\u00ebn"}]},{"@type":"WebSite","@id":"https:\/\/veritasinfo.org\/#website","url":"https:\/\/veritasinfo.org\/","name":"","description":"","potentialAction":[{"@type":"SearchAction","target":{"@type":"EntryPoint","urlTemplate":"https:\/\/veritasinfo.org\/?s={search_term_string}"},"query-input":{"@type":"PropertyValueSpecification","valueRequired":true,"valueName":"search_term_string"}}],"inLanguage":"en-US"},{"@type":"Person","@id":"https:\/\/veritasinfo.org\/#\/schema\/person\/bc442336e35414d04494ab8fb45db4c6","name":"US5","image":{"@type":"ImageObject","inLanguage":"en-US","@id":"https:\/\/veritasinfo.org\/#\/schema\/person\/image\/","url":"https:\/\/secure.gravatar.com\/avatar\/16a61e7272a0c5d001121ebb9e60e925d5816e4ac1e443ed3e640d9a6ae55d0c?s=96&d=mm&r=g","contentUrl":"https:\/\/secure.gravatar.com\/avatar\/16a61e7272a0c5d001121ebb9e60e925d5816e4ac1e443ed3e640d9a6ae55d0c?s=96&d=mm&r=g","caption":"US5"},"url":"https:\/\/veritasinfo.org\/?author=6"}]}},"featured_image_urls":{"full":["https:\/\/veritasinfo.org\/wp-content\/uploads\/2026\/01\/airplane-snow.jpeg",900,506,false],"thumbnail":["https:\/\/veritasinfo.org\/wp-content\/uploads\/2026\/01\/airplane-snow-150x150.jpeg",150,150,true],"medium":["https:\/\/veritasinfo.org\/wp-content\/uploads\/2026\/01\/airplane-snow-300x169.jpeg",300,169,true],"medium_large":["https:\/\/veritasinfo.org\/wp-content\/uploads\/2026\/01\/airplane-snow-768x432.jpeg",640,360,true],"large":["https:\/\/veritasinfo.org\/wp-content\/uploads\/2026\/01\/airplane-snow.jpeg",640,360,false],"1536x1536":["https:\/\/veritasinfo.org\/wp-content\/uploads\/2026\/01\/airplane-snow.jpeg",900,506,false],"2048x2048":["https:\/\/veritasinfo.org\/wp-content\/uploads\/2026\/01\/airplane-snow.jpeg",900,506,false],"kreeti-slider-full":["https:\/\/veritasinfo.org\/wp-content\/uploads\/2026\/01\/airplane-snow.jpeg",900,506,false],"kreeti-featured":["https:\/\/veritasinfo.org\/wp-content\/uploads\/2026\/01\/airplane-snow.jpeg",900,506,false],"kreeti-medium":["https:\/\/veritasinfo.org\/wp-content\/uploads\/2026\/01\/airplane-snow.jpeg",720,405,false],"kreeti-medium-square":["https:\/\/veritasinfo.org\/wp-content\/uploads\/2026\/01\/airplane-snow.jpeg",350,197,false]},"author_info":{"info":["US5"]},"category_info":"<a href=\"https:\/\/veritasinfo.org\/?cat=58\" rel=\"category\">Politik\u00eb<\/a>","tag_info":"Politik\u00eb","comment_count":"0","_links":{"self":[{"href":"https:\/\/veritasinfo.org\/index.php?rest_route=\/wp\/v2\/posts\/26804","targetHints":{"allow":["GET"]}}],"collection":[{"href":"https:\/\/veritasinfo.org\/index.php?rest_route=\/wp\/v2\/posts"}],"about":[{"href":"https:\/\/veritasinfo.org\/index.php?rest_route=\/wp\/v2\/types\/post"}],"author":[{"embeddable":true,"href":"https:\/\/veritasinfo.org\/index.php?rest_route=\/wp\/v2\/users\/6"}],"replies":[{"embeddable":true,"href":"https:\/\/veritasinfo.org\/index.php?rest_route=%2Fwp%2Fv2%2Fcomments&post=26804"}],"version-history":[{"count":1,"href":"https:\/\/veritasinfo.org\/index.php?rest_route=\/wp\/v2\/posts\/26804\/revisions"}],"predecessor-version":[{"id":26806,"href":"https:\/\/veritasinfo.org\/index.php?rest_route=\/wp\/v2\/posts\/26804\/revisions\/26806"}],"wp:featuredmedia":[{"embeddable":true,"href":"https:\/\/veritasinfo.org\/index.php?rest_route=\/wp\/v2\/media\/26805"}],"wp:attachment":[{"href":"https:\/\/veritasinfo.org\/index.php?rest_route=%2Fwp%2Fv2%2Fmedia&parent=26804"}],"wp:term":[{"taxonomy":"category","embeddable":true,"href":"https:\/\/veritasinfo.org\/index.php?rest_route=%2Fwp%2Fv2%2Fcategories&post=26804"},{"taxonomy":"post_tag","embeddable":true,"href":"https:\/\/veritasinfo.org\/index.php?rest_route=%2Fwp%2Fv2%2Ftags&post=26804"}],"curies":[{"name":"wp","href":"https:\/\/api.w.org\/{rel}","templated":true}]}}