{"id":2680,"date":"2025-07-06T12:11:15","date_gmt":"2025-07-06T10:11:15","guid":{"rendered":"https:\/\/veritasinfo.org\/?p=2680"},"modified":"2025-07-06T12:11:15","modified_gmt":"2025-07-06T10:11:15","slug":"zgjedhjet-lokale-me-23-korrik-fillon-regjistrim-i-votuesve-jashte-vendit","status":"publish","type":"post","link":"https:\/\/veritasinfo.org\/?p=2680","title":{"rendered":"Zgjedhjet lokale, m\u00eb 23 korrik fillon regjistrim i votuesve jasht\u00eb vendit"},"content":{"rendered":"<p>Prishtin\u00eb, 06 Korrik 2025<\/p>\n<p>T\u00eb gjith\u00eb shtetasit e Kosov\u00ebs me t\u00eb drejt\u00eb vote q\u00eb jetojn\u00eb jasht\u00eb vendit, p\u00ebrve\u00e7 zgjedhjeve p\u00ebr Kuvend, mund t\u00eb votojn\u00eb edhe n\u00eb zgjedhjet lokale p\u00ebr kryetar\u00eb t\u00eb komunave dhe p\u00ebr kuvende komunale, n\u00ebse aplikojn\u00eb dhe regjistrohen suksessh\u00ebm p\u00ebr votim jasht\u00eb Kosov\u00ebs.<\/p>\n<p>Z\u00ebdh\u00ebn\u00ebsi i KQZ-s\u00eb, Valmir Elezi ka theksuar p\u00ebr RTKlive se p\u00ebr procesin e regjistrimit t\u00eb votuesve jasht\u00eb Kosov\u00ebs, KQZ-ja ka caktuar afatin 38 dit\u00ebsh, i cili do t\u00eb filloj\u00eb m\u00eb 23 korrik dhe do t\u00eb p\u00ebrfundoj\u00eb m\u00eb 29 gusht 2025.<\/p>\n<p>Sipas tij, aplikimi p\u00ebr regjistrim do t\u00eb mund t\u00eb b\u00ebhet p\u00ebrmes platform\u00ebs elektronike t\u00eb KQZ-s\u00eb ose p\u00ebrmes post\u00ebs, duke d\u00ebrguar aplikimin n\u00eb kutin\u00eb postare t\u00eb KQZ-s\u00eb n\u00eb Kosov\u00eb.<\/p>\n<p>Elezi ka theksuar se \u00e7do aplikim p\u00ebr regjistrim duhet t\u00eb jet\u00eb individual.<\/p>\n<p>Ndryshe nga zgjedhjet p\u00ebr Kuvendin e Kosov\u00ebs, n\u00eb Zgjedhjet Lokale, votimi jasht\u00eb vendit realizohet vet\u00ebm p\u00ebrmes post\u00ebs, pasi Ligji p\u00ebr Zgjedhjet e P\u00ebrgjithshme specifikon se votimi n\u00eb p\u00ebrfaq\u00ebsi diplomatike nuk aplikohet n\u00eb k\u00ebt\u00eb lloj zgjedhjesh.<\/p>\n<p>Gjithashtu, Elezi ka b\u00ebr\u00eb t\u00eb ditur se n\u00eb k\u00ebto zgjedhje, KQZ-ja do t\u00eb sigurohet q\u00eb shtetasve t\u00eb Kosov\u00ebs q\u00eb regjistrohen suksessh\u00ebm p\u00ebr t\u00eb votuar nga jasht\u00eb Kosov\u00ebs n\u00eb votimin me post\u00eb, t\u2019ua d\u00ebrgoj\u00eb p\u00ebrmes post\u00ebs pakon me flet\u00ebvotime.\u201cK\u00ebt\u00eb kosto do ta mbuloj\u00eb KQZ. Kjo mas\u00eb, konsiderojm\u00eb se do t\u00eb ndikoj\u00eb n\u00eb integritetin e k\u00ebtij procesi. Nd\u00ebrkaq, votuesi do t\u00eb duhet q\u00eb pakon me flet\u00ebvotime ta d\u00ebrgoj\u00eb n\u00eb ndonj\u00ebr\u00ebn nga kutit\u00eb postare t\u00eb KQZ-s\u00eb q\u00eb hapen n\u00eb shtete t\u00eb ndryshme t\u00eb bot\u00ebs dhe n\u00eb Kosov\u00eb\u201d, ka th\u00ebn\u00eb ai p\u00ebr RTKlive.<\/p>\n<p>Sipas Elezit, periudha e votimit jasht\u00eb Kosov\u00ebs do t\u00eb vlej\u00eb vet\u00ebm p\u00ebr shtetasit q\u00eb do t\u00eb arrin\u00eb t\u00eb regjistrohen si votues jasht\u00eb Kosov\u00ebs gjat\u00eb periudh\u00ebs s\u00eb regjistrimit.<\/p>\n<p>Sipas vendimit t\u00eb KQZ-s\u00eb, votimi p\u00ebrmes post\u00ebs do t\u00eb filloj\u00eb m\u00eb 17 shtator dhe do t\u00eb p\u00ebrfundoj\u00eb nj\u00eb dit\u00eb para dit\u00ebs s\u00eb zgjedhjeve n\u00eb Kosov\u00eb, pra m\u00eb 11 tetor 2025.<\/p>\n","protected":false},"excerpt":{"rendered":"<p>Prishtin\u00eb, 06 Korrik 2025 T\u00eb gjith\u00eb shtetasit e Kosov\u00ebs me t\u00eb drejt\u00eb vote q\u00eb jetojn\u00eb jasht\u00eb vendit, p\u00ebrve\u00e7 zgjedhjeve p\u00ebr Kuvend, mund t\u00eb votojn\u00eb edhe<\/p>\n","protected":false},"author":1,"featured_media":2681,"comment_status":"open","ping_status":"open","sticky":false,"template":"","format":"standard","meta":{"footnotes":""},"categories":[60],"tags":[],"class_list":["post-2680","post","type-post","status-publish","format-standard","has-post-thumbnail","hentry","category-shoqerore-sq"],"yoast_head":"<!-- This site is optimized with the Yoast SEO plugin v25.3.1 - https:\/\/yoast.com\/wordpress\/plugins\/seo\/ -->\n<title>Zgjedhjet lokale, m\u00eb 23 korrik fillon regjistrim i votuesve jasht\u00eb vendit -<\/title>\n<meta name=\"robots\" content=\"index, follow, max-snippet:-1, max-image-preview:large, max-video-preview:-1\" \/>\n<link rel=\"canonical\" href=\"https:\/\/veritasinfo.org\/?p=2680\" \/>\n<meta property=\"og:locale\" content=\"en_US\" \/>\n<meta property=\"og:type\" content=\"article\" \/>\n<meta property=\"og:title\" content=\"Zgjedhjet lokale, m\u00eb 23 korrik fillon regjistrim i votuesve jasht\u00eb vendit -\" \/>\n<meta property=\"og:description\" content=\"Prishtin\u00eb, 06 Korrik 2025 T\u00eb gjith\u00eb shtetasit e Kosov\u00ebs me t\u00eb drejt\u00eb vote q\u00eb jetojn\u00eb jasht\u00eb vendit, p\u00ebrve\u00e7 zgjedhjeve p\u00ebr Kuvend, mund t\u00eb votojn\u00eb edhe\" \/>\n<meta property=\"og:url\" content=\"https:\/\/veritasinfo.org\/?p=2680\" \/>\n<meta property=\"article:published_time\" content=\"2025-07-06T10:11:15+00:00\" \/>\n<meta property=\"og:image\" content=\"https:\/\/veritasinfo.org\/wp-content\/uploads\/2025\/07\/IMG_1736.jpeg\" \/>\n\t<meta property=\"og:image:width\" content=\"900\" \/>\n\t<meta property=\"og:image:height\" content=\"568\" \/>\n\t<meta property=\"og:image:type\" content=\"image\/jpeg\" \/>\n<meta name=\"author\" content=\"admin\" \/>\n<meta name=\"twitter:card\" content=\"summary_large_image\" \/>\n<meta name=\"twitter:label1\" content=\"Written by\" \/>\n\t<meta name=\"twitter:data1\" content=\"admin\" \/>\n\t<meta name=\"twitter:label2\" content=\"Est. reading time\" \/>\n\t<meta name=\"twitter:data2\" content=\"2 minutes\" \/>\n<script type=\"application\/ld+json\" class=\"yoast-schema-graph\">{\"@context\":\"https:\/\/schema.org\",\"@graph\":[{\"@type\":\"WebPage\",\"@id\":\"https:\/\/veritasinfo.org\/?p=2680\",\"url\":\"https:\/\/veritasinfo.org\/?p=2680\",\"name\":\"Zgjedhjet lokale, m\u00eb 23 korrik fillon regjistrim i votuesve jasht\u00eb vendit -\",\"isPartOf\":{\"@id\":\"https:\/\/veritasinfo.org\/#website\"},\"primaryImageOfPage\":{\"@id\":\"https:\/\/veritasinfo.org\/?p=2680#primaryimage\"},\"image\":{\"@id\":\"https:\/\/veritasinfo.org\/?p=2680#primaryimage\"},\"thumbnailUrl\":\"https:\/\/veritasinfo.org\/wp-content\/uploads\/2025\/07\/IMG_1736.jpeg\",\"datePublished\":\"2025-07-06T10:11:15+00:00\",\"author\":{\"@id\":\"https:\/\/veritasinfo.org\/#\/schema\/person\/7701f8c088bece422266b100a712374f\"},\"breadcrumb\":{\"@id\":\"https:\/\/veritasinfo.org\/?p=2680#breadcrumb\"},\"inLanguage\":\"en-US\",\"potentialAction\":[{\"@type\":\"ReadAction\",\"target\":[\"https:\/\/veritasinfo.org\/?p=2680\"]}]},{\"@type\":\"ImageObject\",\"inLanguage\":\"en-US\",\"@id\":\"https:\/\/veritasinfo.org\/?p=2680#primaryimage\",\"url\":\"https:\/\/veritasinfo.org\/wp-content\/uploads\/2025\/07\/IMG_1736.jpeg\",\"contentUrl\":\"https:\/\/veritasinfo.org\/wp-content\/uploads\/2025\/07\/IMG_1736.jpeg\",\"width\":900,\"height\":568},{\"@type\":\"BreadcrumbList\",\"@id\":\"https:\/\/veritasinfo.org\/?p=2680#breadcrumb\",\"itemListElement\":[{\"@type\":\"ListItem\",\"position\":1,\"name\":\"Home\",\"item\":\"https:\/\/veritasinfo.org\/\"},{\"@type\":\"ListItem\",\"position\":2,\"name\":\"Zgjedhjet lokale, m\u00eb 23 korrik fillon regjistrim i votuesve jasht\u00eb vendit\"}]},{\"@type\":\"WebSite\",\"@id\":\"https:\/\/veritasinfo.org\/#website\",\"url\":\"https:\/\/veritasinfo.org\/\",\"name\":\"\",\"description\":\"\",\"potentialAction\":[{\"@type\":\"SearchAction\",\"target\":{\"@type\":\"EntryPoint\",\"urlTemplate\":\"https:\/\/veritasinfo.org\/?s={search_term_string}\"},\"query-input\":{\"@type\":\"PropertyValueSpecification\",\"valueRequired\":true,\"valueName\":\"search_term_string\"}}],\"inLanguage\":\"en-US\"},{\"@type\":\"Person\",\"@id\":\"https:\/\/veritasinfo.org\/#\/schema\/person\/7701f8c088bece422266b100a712374f\",\"name\":\"admin\",\"image\":{\"@type\":\"ImageObject\",\"inLanguage\":\"en-US\",\"@id\":\"https:\/\/veritasinfo.org\/#\/schema\/person\/image\/\",\"url\":\"https:\/\/secure.gravatar.com\/avatar\/ea53aa3bf6c9a12d5fde8ce4deff43fef3885ae33cf60184161a50d6987cfd2f?s=96&d=mm&r=g\",\"contentUrl\":\"https:\/\/secure.gravatar.com\/avatar\/ea53aa3bf6c9a12d5fde8ce4deff43fef3885ae33cf60184161a50d6987cfd2f?s=96&d=mm&r=g\",\"caption\":\"admin\"},\"sameAs\":[\"https:\/\/veritasinfo.org\"],\"url\":\"https:\/\/veritasinfo.org\/?author=1\"}]}<\/script>\n<!-- \/ Yoast SEO plugin. -->","yoast_head_json":{"title":"Zgjedhjet lokale, m\u00eb 23 korrik fillon regjistrim i votuesve jasht\u00eb vendit -","robots":{"index":"index","follow":"follow","max-snippet":"max-snippet:-1","max-image-preview":"max-image-preview:large","max-video-preview":"max-video-preview:-1"},"canonical":"https:\/\/veritasinfo.org\/?p=2680","og_locale":"en_US","og_type":"article","og_title":"Zgjedhjet lokale, m\u00eb 23 korrik fillon regjistrim i votuesve jasht\u00eb vendit -","og_description":"Prishtin\u00eb, 06 Korrik 2025 T\u00eb gjith\u00eb shtetasit e Kosov\u00ebs me t\u00eb drejt\u00eb vote q\u00eb jetojn\u00eb jasht\u00eb vendit, p\u00ebrve\u00e7 zgjedhjeve p\u00ebr Kuvend, mund t\u00eb votojn\u00eb edhe","og_url":"https:\/\/veritasinfo.org\/?p=2680","article_published_time":"2025-07-06T10:11:15+00:00","og_image":[{"width":900,"height":568,"url":"https:\/\/veritasinfo.org\/wp-content\/uploads\/2025\/07\/IMG_1736.jpeg","type":"image\/jpeg"}],"author":"admin","twitter_card":"summary_large_image","twitter_misc":{"Written by":"admin","Est. reading time":"2 minutes"},"schema":{"@context":"https:\/\/schema.org","@graph":[{"@type":"WebPage","@id":"https:\/\/veritasinfo.org\/?p=2680","url":"https:\/\/veritasinfo.org\/?p=2680","name":"Zgjedhjet lokale, m\u00eb 23 korrik fillon regjistrim i votuesve jasht\u00eb vendit -","isPartOf":{"@id":"https:\/\/veritasinfo.org\/#website"},"primaryImageOfPage":{"@id":"https:\/\/veritasinfo.org\/?p=2680#primaryimage"},"image":{"@id":"https:\/\/veritasinfo.org\/?p=2680#primaryimage"},"thumbnailUrl":"https:\/\/veritasinfo.org\/wp-content\/uploads\/2025\/07\/IMG_1736.jpeg","datePublished":"2025-07-06T10:11:15+00:00","author":{"@id":"https:\/\/veritasinfo.org\/#\/schema\/person\/7701f8c088bece422266b100a712374f"},"breadcrumb":{"@id":"https:\/\/veritasinfo.org\/?p=2680#breadcrumb"},"inLanguage":"en-US","potentialAction":[{"@type":"ReadAction","target":["https:\/\/veritasinfo.org\/?p=2680"]}]},{"@type":"ImageObject","inLanguage":"en-US","@id":"https:\/\/veritasinfo.org\/?p=2680#primaryimage","url":"https:\/\/veritasinfo.org\/wp-content\/uploads\/2025\/07\/IMG_1736.jpeg","contentUrl":"https:\/\/veritasinfo.org\/wp-content\/uploads\/2025\/07\/IMG_1736.jpeg","width":900,"height":568},{"@type":"BreadcrumbList","@id":"https:\/\/veritasinfo.org\/?p=2680#breadcrumb","itemListElement":[{"@type":"ListItem","position":1,"name":"Home","item":"https:\/\/veritasinfo.org\/"},{"@type":"ListItem","position":2,"name":"Zgjedhjet lokale, m\u00eb 23 korrik fillon regjistrim i votuesve jasht\u00eb vendit"}]},{"@type":"WebSite","@id":"https:\/\/veritasinfo.org\/#website","url":"https:\/\/veritasinfo.org\/","name":"","description":"","potentialAction":[{"@type":"SearchAction","target":{"@type":"EntryPoint","urlTemplate":"https:\/\/veritasinfo.org\/?s={search_term_string}"},"query-input":{"@type":"PropertyValueSpecification","valueRequired":true,"valueName":"search_term_string"}}],"inLanguage":"en-US"},{"@type":"Person","@id":"https:\/\/veritasinfo.org\/#\/schema\/person\/7701f8c088bece422266b100a712374f","name":"admin","image":{"@type":"ImageObject","inLanguage":"en-US","@id":"https:\/\/veritasinfo.org\/#\/schema\/person\/image\/","url":"https:\/\/secure.gravatar.com\/avatar\/ea53aa3bf6c9a12d5fde8ce4deff43fef3885ae33cf60184161a50d6987cfd2f?s=96&d=mm&r=g","contentUrl":"https:\/\/secure.gravatar.com\/avatar\/ea53aa3bf6c9a12d5fde8ce4deff43fef3885ae33cf60184161a50d6987cfd2f?s=96&d=mm&r=g","caption":"admin"},"sameAs":["https:\/\/veritasinfo.org"],"url":"https:\/\/veritasinfo.org\/?author=1"}]}},"featured_image_urls":{"full":["https:\/\/veritasinfo.org\/wp-content\/uploads\/2025\/07\/IMG_1736.jpeg",900,568,false],"thumbnail":["https:\/\/veritasinfo.org\/wp-content\/uploads\/2025\/07\/IMG_1736-150x150.jpeg",150,150,true],"medium":["https:\/\/veritasinfo.org\/wp-content\/uploads\/2025\/07\/IMG_1736-300x189.jpeg",300,189,true],"medium_large":["https:\/\/veritasinfo.org\/wp-content\/uploads\/2025\/07\/IMG_1736-768x485.jpeg",640,404,true],"large":["https:\/\/veritasinfo.org\/wp-content\/uploads\/2025\/07\/IMG_1736.jpeg",640,404,false],"1536x1536":["https:\/\/veritasinfo.org\/wp-content\/uploads\/2025\/07\/IMG_1736.jpeg",900,568,false],"2048x2048":["https:\/\/veritasinfo.org\/wp-content\/uploads\/2025\/07\/IMG_1736.jpeg",900,568,false],"kreeti-slider-full":["https:\/\/veritasinfo.org\/wp-content\/uploads\/2025\/07\/IMG_1736.jpeg",900,568,false],"kreeti-featured":["https:\/\/veritasinfo.org\/wp-content\/uploads\/2025\/07\/IMG_1736.jpeg",900,568,false],"kreeti-medium":["https:\/\/veritasinfo.org\/wp-content\/uploads\/2025\/07\/IMG_1736.jpeg",720,454,false],"kreeti-medium-square":["https:\/\/veritasinfo.org\/wp-content\/uploads\/2025\/07\/IMG_1736.jpeg",350,221,false]},"author_info":{"info":["admin"]},"category_info":"<a href=\"https:\/\/veritasinfo.org\/?cat=60\" rel=\"category\">Shoq\u00ebrore<\/a>","tag_info":"Shoq\u00ebrore","comment_count":"0","_links":{"self":[{"href":"https:\/\/veritasinfo.org\/index.php?rest_route=\/wp\/v2\/posts\/2680","targetHints":{"allow":["GET"]}}],"collection":[{"href":"https:\/\/veritasinfo.org\/index.php?rest_route=\/wp\/v2\/posts"}],"about":[{"href":"https:\/\/veritasinfo.org\/index.php?rest_route=\/wp\/v2\/types\/post"}],"author":[{"embeddable":true,"href":"https:\/\/veritasinfo.org\/index.php?rest_route=\/wp\/v2\/users\/1"}],"replies":[{"embeddable":true,"href":"https:\/\/veritasinfo.org\/index.php?rest_route=%2Fwp%2Fv2%2Fcomments&post=2680"}],"version-history":[{"count":1,"href":"https:\/\/veritasinfo.org\/index.php?rest_route=\/wp\/v2\/posts\/2680\/revisions"}],"predecessor-version":[{"id":2682,"href":"https:\/\/veritasinfo.org\/index.php?rest_route=\/wp\/v2\/posts\/2680\/revisions\/2682"}],"wp:featuredmedia":[{"embeddable":true,"href":"https:\/\/veritasinfo.org\/index.php?rest_route=\/wp\/v2\/media\/2681"}],"wp:attachment":[{"href":"https:\/\/veritasinfo.org\/index.php?rest_route=%2Fwp%2Fv2%2Fmedia&parent=2680"}],"wp:term":[{"taxonomy":"category","embeddable":true,"href":"https:\/\/veritasinfo.org\/index.php?rest_route=%2Fwp%2Fv2%2Fcategories&post=2680"},{"taxonomy":"post_tag","embeddable":true,"href":"https:\/\/veritasinfo.org\/index.php?rest_route=%2Fwp%2Fv2%2Ftags&post=2680"}],"curies":[{"name":"wp","href":"https:\/\/api.w.org\/{rel}","templated":true}]}}