{"id":2675,"date":"2025-07-06T10:20:54","date_gmt":"2025-07-06T08:20:54","guid":{"rendered":"https:\/\/veritasinfo.org\/?p=2675"},"modified":"2025-07-06T14:17:17","modified_gmt":"2025-07-06T12:17:17","slug":"regjisori-malazez-debohet-nga-serbia-nje-perpjekje-per-te-frikesuar-dhe-disiplinuar-kritiket","status":"publish","type":"post","link":"https:\/\/veritasinfo.org\/?p=2675","title":{"rendered":"Regjisori malazez d\u00ebbohet nga Serbia: &#8220;Nj\u00eb p\u00ebrpjekje p\u00ebr t\u00eb frik\u00ebsuar dhe disiplinuar kritik\u00ebt&#8221;"},"content":{"rendered":"<p><strong>Podgoric\u00eb, 6 korrik 2025<\/strong><\/p>\n<p>\u201cNj\u00eb artist mund t\u00eb jet\u00eb nj\u00eb k\u00ebrc\u00ebnim p\u00ebr sistemet politike represive n\u00ebse mesazhi i tij \u00ebsht\u00eb i fuqish\u00ebm dhe i rreziksh\u00ebm\u201d, thot\u00eb p\u00ebr Radion Evropa e Lir\u00eb regjisori dhe kolumnisti malazez Danilo Marunoviq, i cili u d\u00ebbua nga Serbia m\u00eb 27 qershor.<\/p>\n<p>Q\u00ebndrimi i tij kritik ndaj situat\u00ebs politike n\u00eb Serbi, i shprehur p\u00ebrmes kolumnave q\u00eb boton n\u00eb Mal t\u00eb Zi, u dha si nj\u00eb arsye formale. \u201cNuk do t\u00eb kisha pasur kurr\u00eb t\u00eb b\u00ebja me Serbin\u00eb deri n\u00eb at\u00eb mas\u00eb sa ai regjim t\u00eb mos ishte drejtp\u00ebrdrejt p\u00ebrgjegj\u00ebs p\u00ebr mohimin e lirive q\u00eb malazez\u00ebt n\u00eb k\u00ebt\u00eb vend duhet t\u00eb ken\u00eb\u201d.<\/p>\n<p>Nga dhoma e hotelit, an\u00ebtar\u00ebt e Agjencis\u00eb Serbe t\u00eb Siguris\u00eb dhe Informacionit (BIA) e \u00e7uan at\u00eb n\u00eb nj\u00eb marrje n\u00eb pyetje dymb\u00ebdhjet\u00eb or\u00ebshe. Atij u ndalua t\u00eb hyj n\u00eb Serbi p\u00ebr nj\u00eb vit dhe u shoq\u00ebrua deri n\u00eb kufi.<\/p>\n","protected":false},"excerpt":{"rendered":"<p>Podgoric\u00eb, 6 korrik 2025 \u201cNj\u00eb artist mund t\u00eb jet\u00eb nj\u00eb k\u00ebrc\u00ebnim p\u00ebr sistemet politike represive n\u00ebse mesazhi i tij \u00ebsht\u00eb i fuqish\u00ebm dhe i rreziksh\u00ebm\u201d,<\/p>\n","protected":false},"author":2,"featured_media":2676,"comment_status":"open","ping_status":"open","sticky":false,"template":"","format":"standard","meta":{"footnotes":""},"categories":[54,58],"tags":[],"class_list":["post-2675","post","type-post","status-publish","format-standard","has-post-thumbnail","hentry","category-kulture-sq","category-politike-sq"],"yoast_head":"<!-- This site is optimized with the Yoast SEO plugin v25.3.1 - https:\/\/yoast.com\/wordpress\/plugins\/seo\/ -->\n<title>Regjisori malazez d\u00ebbohet nga Serbia: &quot;Nj\u00eb p\u00ebrpjekje p\u00ebr t\u00eb frik\u00ebsuar dhe disiplinuar kritik\u00ebt&quot; -<\/title>\n<meta name=\"robots\" content=\"index, follow, max-snippet:-1, max-image-preview:large, max-video-preview:-1\" \/>\n<link rel=\"canonical\" href=\"https:\/\/veritasinfo.org\/?p=2675\" \/>\n<meta property=\"og:locale\" content=\"en_US\" \/>\n<meta property=\"og:type\" content=\"article\" \/>\n<meta property=\"og:title\" content=\"Regjisori malazez d\u00ebbohet nga Serbia: &quot;Nj\u00eb p\u00ebrpjekje p\u00ebr t\u00eb frik\u00ebsuar dhe disiplinuar kritik\u00ebt&quot; -\" \/>\n<meta property=\"og:description\" content=\"Podgoric\u00eb, 6 korrik 2025 \u201cNj\u00eb artist mund t\u00eb jet\u00eb nj\u00eb k\u00ebrc\u00ebnim p\u00ebr sistemet politike represive n\u00ebse mesazhi i tij \u00ebsht\u00eb i fuqish\u00ebm dhe i rreziksh\u00ebm\u201d,\" \/>\n<meta property=\"og:url\" content=\"https:\/\/veritasinfo.org\/?p=2675\" \/>\n<meta property=\"article:published_time\" content=\"2025-07-06T08:20:54+00:00\" \/>\n<meta property=\"article:modified_time\" content=\"2025-07-06T12:17:17+00:00\" \/>\n<meta property=\"og:image\" content=\"https:\/\/veritasinfo.org\/wp-content\/uploads\/2025\/07\/danilo-marunovic-foto-screenshot-rtcg-1024x686-1.jpg\" \/>\n\t<meta property=\"og:image:width\" content=\"1024\" \/>\n\t<meta property=\"og:image:height\" content=\"686\" \/>\n\t<meta property=\"og:image:type\" content=\"image\/jpeg\" \/>\n<meta name=\"author\" content=\"US1\" \/>\n<meta name=\"twitter:card\" content=\"summary_large_image\" \/>\n<meta name=\"twitter:label1\" content=\"Written by\" \/>\n\t<meta name=\"twitter:data1\" content=\"US1\" \/>\n\t<meta name=\"twitter:label2\" content=\"Est. reading time\" \/>\n\t<meta name=\"twitter:data2\" content=\"1 minute\" \/>\n<script type=\"application\/ld+json\" class=\"yoast-schema-graph\">{\"@context\":\"https:\/\/schema.org\",\"@graph\":[{\"@type\":\"WebPage\",\"@id\":\"https:\/\/veritasinfo.org\/?p=2675\",\"url\":\"https:\/\/veritasinfo.org\/?p=2675\",\"name\":\"Regjisori malazez d\u00ebbohet nga Serbia: \\\"Nj\u00eb p\u00ebrpjekje p\u00ebr t\u00eb frik\u00ebsuar dhe disiplinuar kritik\u00ebt\\\" -\",\"isPartOf\":{\"@id\":\"https:\/\/veritasinfo.org\/#website\"},\"primaryImageOfPage\":{\"@id\":\"https:\/\/veritasinfo.org\/?p=2675#primaryimage\"},\"image\":{\"@id\":\"https:\/\/veritasinfo.org\/?p=2675#primaryimage\"},\"thumbnailUrl\":\"https:\/\/veritasinfo.org\/wp-content\/uploads\/2025\/07\/danilo-marunovic-foto-screenshot-rtcg-1024x686-1.jpg\",\"datePublished\":\"2025-07-06T08:20:54+00:00\",\"dateModified\":\"2025-07-06T12:17:17+00:00\",\"author\":{\"@id\":\"https:\/\/veritasinfo.org\/#\/schema\/person\/c2b8be262ea994d0995addca692c5e98\"},\"breadcrumb\":{\"@id\":\"https:\/\/veritasinfo.org\/?p=2675#breadcrumb\"},\"inLanguage\":\"en-US\",\"potentialAction\":[{\"@type\":\"ReadAction\",\"target\":[\"https:\/\/veritasinfo.org\/?p=2675\"]}]},{\"@type\":\"ImageObject\",\"inLanguage\":\"en-US\",\"@id\":\"https:\/\/veritasinfo.org\/?p=2675#primaryimage\",\"url\":\"https:\/\/veritasinfo.org\/wp-content\/uploads\/2025\/07\/danilo-marunovic-foto-screenshot-rtcg-1024x686-1.jpg\",\"contentUrl\":\"https:\/\/veritasinfo.org\/wp-content\/uploads\/2025\/07\/danilo-marunovic-foto-screenshot-rtcg-1024x686-1.jpg\",\"width\":1024,\"height\":686},{\"@type\":\"BreadcrumbList\",\"@id\":\"https:\/\/veritasinfo.org\/?p=2675#breadcrumb\",\"itemListElement\":[{\"@type\":\"ListItem\",\"position\":1,\"name\":\"Home\",\"item\":\"https:\/\/veritasinfo.org\/\"},{\"@type\":\"ListItem\",\"position\":2,\"name\":\"Regjisori malazez d\u00ebbohet nga Serbia: &#8220;Nj\u00eb p\u00ebrpjekje p\u00ebr t\u00eb frik\u00ebsuar dhe disiplinuar kritik\u00ebt&#8221;\"}]},{\"@type\":\"WebSite\",\"@id\":\"https:\/\/veritasinfo.org\/#website\",\"url\":\"https:\/\/veritasinfo.org\/\",\"name\":\"\",\"description\":\"\",\"potentialAction\":[{\"@type\":\"SearchAction\",\"target\":{\"@type\":\"EntryPoint\",\"urlTemplate\":\"https:\/\/veritasinfo.org\/?s={search_term_string}\"},\"query-input\":{\"@type\":\"PropertyValueSpecification\",\"valueRequired\":true,\"valueName\":\"search_term_string\"}}],\"inLanguage\":\"en-US\"},{\"@type\":\"Person\",\"@id\":\"https:\/\/veritasinfo.org\/#\/schema\/person\/c2b8be262ea994d0995addca692c5e98\",\"name\":\"US1\",\"image\":{\"@type\":\"ImageObject\",\"inLanguage\":\"en-US\",\"@id\":\"https:\/\/veritasinfo.org\/#\/schema\/person\/image\/\",\"url\":\"https:\/\/secure.gravatar.com\/avatar\/4e96a59bd256abf9956eb9963ac891a47461ffb364d47b0e9aab113328fdb75b?s=96&d=mm&r=g\",\"contentUrl\":\"https:\/\/secure.gravatar.com\/avatar\/4e96a59bd256abf9956eb9963ac891a47461ffb364d47b0e9aab113328fdb75b?s=96&d=mm&r=g\",\"caption\":\"US1\"},\"url\":\"https:\/\/veritasinfo.org\/?author=2\"}]}<\/script>\n<!-- \/ Yoast SEO plugin. -->","yoast_head_json":{"title":"Regjisori malazez d\u00ebbohet nga Serbia: \"Nj\u00eb p\u00ebrpjekje p\u00ebr t\u00eb frik\u00ebsuar dhe disiplinuar kritik\u00ebt\" -","robots":{"index":"index","follow":"follow","max-snippet":"max-snippet:-1","max-image-preview":"max-image-preview:large","max-video-preview":"max-video-preview:-1"},"canonical":"https:\/\/veritasinfo.org\/?p=2675","og_locale":"en_US","og_type":"article","og_title":"Regjisori malazez d\u00ebbohet nga Serbia: \"Nj\u00eb p\u00ebrpjekje p\u00ebr t\u00eb frik\u00ebsuar dhe disiplinuar kritik\u00ebt\" -","og_description":"Podgoric\u00eb, 6 korrik 2025 \u201cNj\u00eb artist mund t\u00eb jet\u00eb nj\u00eb k\u00ebrc\u00ebnim p\u00ebr sistemet politike represive n\u00ebse mesazhi i tij \u00ebsht\u00eb i fuqish\u00ebm dhe i rreziksh\u00ebm\u201d,","og_url":"https:\/\/veritasinfo.org\/?p=2675","article_published_time":"2025-07-06T08:20:54+00:00","article_modified_time":"2025-07-06T12:17:17+00:00","og_image":[{"width":1024,"height":686,"url":"https:\/\/veritasinfo.org\/wp-content\/uploads\/2025\/07\/danilo-marunovic-foto-screenshot-rtcg-1024x686-1.jpg","type":"image\/jpeg"}],"author":"US1","twitter_card":"summary_large_image","twitter_misc":{"Written by":"US1","Est. reading time":"1 minute"},"schema":{"@context":"https:\/\/schema.org","@graph":[{"@type":"WebPage","@id":"https:\/\/veritasinfo.org\/?p=2675","url":"https:\/\/veritasinfo.org\/?p=2675","name":"Regjisori malazez d\u00ebbohet nga Serbia: \"Nj\u00eb p\u00ebrpjekje p\u00ebr t\u00eb frik\u00ebsuar dhe disiplinuar kritik\u00ebt\" -","isPartOf":{"@id":"https:\/\/veritasinfo.org\/#website"},"primaryImageOfPage":{"@id":"https:\/\/veritasinfo.org\/?p=2675#primaryimage"},"image":{"@id":"https:\/\/veritasinfo.org\/?p=2675#primaryimage"},"thumbnailUrl":"https:\/\/veritasinfo.org\/wp-content\/uploads\/2025\/07\/danilo-marunovic-foto-screenshot-rtcg-1024x686-1.jpg","datePublished":"2025-07-06T08:20:54+00:00","dateModified":"2025-07-06T12:17:17+00:00","author":{"@id":"https:\/\/veritasinfo.org\/#\/schema\/person\/c2b8be262ea994d0995addca692c5e98"},"breadcrumb":{"@id":"https:\/\/veritasinfo.org\/?p=2675#breadcrumb"},"inLanguage":"en-US","potentialAction":[{"@type":"ReadAction","target":["https:\/\/veritasinfo.org\/?p=2675"]}]},{"@type":"ImageObject","inLanguage":"en-US","@id":"https:\/\/veritasinfo.org\/?p=2675#primaryimage","url":"https:\/\/veritasinfo.org\/wp-content\/uploads\/2025\/07\/danilo-marunovic-foto-screenshot-rtcg-1024x686-1.jpg","contentUrl":"https:\/\/veritasinfo.org\/wp-content\/uploads\/2025\/07\/danilo-marunovic-foto-screenshot-rtcg-1024x686-1.jpg","width":1024,"height":686},{"@type":"BreadcrumbList","@id":"https:\/\/veritasinfo.org\/?p=2675#breadcrumb","itemListElement":[{"@type":"ListItem","position":1,"name":"Home","item":"https:\/\/veritasinfo.org\/"},{"@type":"ListItem","position":2,"name":"Regjisori malazez d\u00ebbohet nga Serbia: &#8220;Nj\u00eb p\u00ebrpjekje p\u00ebr t\u00eb frik\u00ebsuar dhe disiplinuar kritik\u00ebt&#8221;"}]},{"@type":"WebSite","@id":"https:\/\/veritasinfo.org\/#website","url":"https:\/\/veritasinfo.org\/","name":"","description":"","potentialAction":[{"@type":"SearchAction","target":{"@type":"EntryPoint","urlTemplate":"https:\/\/veritasinfo.org\/?s={search_term_string}"},"query-input":{"@type":"PropertyValueSpecification","valueRequired":true,"valueName":"search_term_string"}}],"inLanguage":"en-US"},{"@type":"Person","@id":"https:\/\/veritasinfo.org\/#\/schema\/person\/c2b8be262ea994d0995addca692c5e98","name":"US1","image":{"@type":"ImageObject","inLanguage":"en-US","@id":"https:\/\/veritasinfo.org\/#\/schema\/person\/image\/","url":"https:\/\/secure.gravatar.com\/avatar\/4e96a59bd256abf9956eb9963ac891a47461ffb364d47b0e9aab113328fdb75b?s=96&d=mm&r=g","contentUrl":"https:\/\/secure.gravatar.com\/avatar\/4e96a59bd256abf9956eb9963ac891a47461ffb364d47b0e9aab113328fdb75b?s=96&d=mm&r=g","caption":"US1"},"url":"https:\/\/veritasinfo.org\/?author=2"}]}},"featured_image_urls":{"full":["https:\/\/veritasinfo.org\/wp-content\/uploads\/2025\/07\/danilo-marunovic-foto-screenshot-rtcg-1024x686-1.jpg",1024,686,false],"thumbnail":["https:\/\/veritasinfo.org\/wp-content\/uploads\/2025\/07\/danilo-marunovic-foto-screenshot-rtcg-1024x686-1-150x150.jpg",150,150,true],"medium":["https:\/\/veritasinfo.org\/wp-content\/uploads\/2025\/07\/danilo-marunovic-foto-screenshot-rtcg-1024x686-1-300x201.jpg",300,201,true],"medium_large":["https:\/\/veritasinfo.org\/wp-content\/uploads\/2025\/07\/danilo-marunovic-foto-screenshot-rtcg-1024x686-1-768x515.jpg",640,429,true],"large":["https:\/\/veritasinfo.org\/wp-content\/uploads\/2025\/07\/danilo-marunovic-foto-screenshot-rtcg-1024x686-1.jpg",640,429,false],"1536x1536":["https:\/\/veritasinfo.org\/wp-content\/uploads\/2025\/07\/danilo-marunovic-foto-screenshot-rtcg-1024x686-1.jpg",1024,686,false],"2048x2048":["https:\/\/veritasinfo.org\/wp-content\/uploads\/2025\/07\/danilo-marunovic-foto-screenshot-rtcg-1024x686-1.jpg",1024,686,false],"kreeti-slider-full":["https:\/\/veritasinfo.org\/wp-content\/uploads\/2025\/07\/danilo-marunovic-foto-screenshot-rtcg-1024x686-1.jpg",1024,686,false],"kreeti-featured":["https:\/\/veritasinfo.org\/wp-content\/uploads\/2025\/07\/danilo-marunovic-foto-screenshot-rtcg-1024x686-1.jpg",1024,686,false],"kreeti-medium":["https:\/\/veritasinfo.org\/wp-content\/uploads\/2025\/07\/danilo-marunovic-foto-screenshot-rtcg-1024x686-1.jpg",720,482,false],"kreeti-medium-square":["https:\/\/veritasinfo.org\/wp-content\/uploads\/2025\/07\/danilo-marunovic-foto-screenshot-rtcg-1024x686-1.jpg",350,234,false]},"author_info":{"info":["US1"]},"category_info":"<a href=\"https:\/\/veritasinfo.org\/?cat=54\" rel=\"category\">Kultur\u00eb<\/a> <a href=\"https:\/\/veritasinfo.org\/?cat=58\" rel=\"category\">Politik\u00eb<\/a>","tag_info":"Politik\u00eb","comment_count":"0","_links":{"self":[{"href":"https:\/\/veritasinfo.org\/index.php?rest_route=\/wp\/v2\/posts\/2675","targetHints":{"allow":["GET"]}}],"collection":[{"href":"https:\/\/veritasinfo.org\/index.php?rest_route=\/wp\/v2\/posts"}],"about":[{"href":"https:\/\/veritasinfo.org\/index.php?rest_route=\/wp\/v2\/types\/post"}],"author":[{"embeddable":true,"href":"https:\/\/veritasinfo.org\/index.php?rest_route=\/wp\/v2\/users\/2"}],"replies":[{"embeddable":true,"href":"https:\/\/veritasinfo.org\/index.php?rest_route=%2Fwp%2Fv2%2Fcomments&post=2675"}],"version-history":[{"count":1,"href":"https:\/\/veritasinfo.org\/index.php?rest_route=\/wp\/v2\/posts\/2675\/revisions"}],"predecessor-version":[{"id":2677,"href":"https:\/\/veritasinfo.org\/index.php?rest_route=\/wp\/v2\/posts\/2675\/revisions\/2677"}],"wp:featuredmedia":[{"embeddable":true,"href":"https:\/\/veritasinfo.org\/index.php?rest_route=\/wp\/v2\/media\/2676"}],"wp:attachment":[{"href":"https:\/\/veritasinfo.org\/index.php?rest_route=%2Fwp%2Fv2%2Fmedia&parent=2675"}],"wp:term":[{"taxonomy":"category","embeddable":true,"href":"https:\/\/veritasinfo.org\/index.php?rest_route=%2Fwp%2Fv2%2Fcategories&post=2675"},{"taxonomy":"post_tag","embeddable":true,"href":"https:\/\/veritasinfo.org\/index.php?rest_route=%2Fwp%2Fv2%2Ftags&post=2675"}],"curies":[{"name":"wp","href":"https:\/\/api.w.org\/{rel}","templated":true}]}}