{"id":26714,"date":"2026-01-06T16:50:53","date_gmt":"2026-01-06T15:50:53","guid":{"rendered":"https:\/\/veritasinfo.org\/?p=26714"},"modified":"2026-01-06T16:50:53","modified_gmt":"2026-01-06T15:50:53","slug":"vjen-reagimi-i-zagrebit-zyrtar-pasi-vuciq-permendi-serish-aleancen-ushtarake-midis-kroacise-kosoves-dhe-shqiperise","status":"publish","type":"post","link":"https:\/\/veritasinfo.org\/?p=26714","title":{"rendered":"Vjen reagimi i Zagrebit zyrtar pasi Vu\u00e7iq p\u00ebrmendi s\u00ebrish \u201caleanc\u00ebn ushtarake midis Kroacis\u00eb, Kosov\u00ebs dhe Shqip\u00ebris\u00eb\u201d"},"content":{"rendered":"<p>Prishtin\u00eb 06 Janar 2026 16:50<\/p>\n<p>Ministri i Brendsh\u00ebm i Kroacis\u00eb, Davor Bozhinoviq, ka b\u00ebr\u00eb nj\u00eb reagim, pasi presidenti serb Aleksandar Vu\u00e7iq akuzoi vendin e tij nj\u00eb dit\u00eb m\u00eb par\u00eb se po udh\u00ebheq nj\u00eb aleanc\u00eb ushtarake me Kosov\u00ebn dhe Shqip\u00ebrin\u00eb kund\u00ebr Serbis\u00eb.<\/p>\n<p>Si\u00e7 kujtojn\u00eb mediat kroate, p\u00ebrcjell Telegrafi, t\u00eb h\u00ebn\u00ebn, Vu\u00e7iq akuzoi Kroacin\u00eb se po punon s\u00eb bashku me Kosov\u00ebn dhe Shqip\u00ebrin\u00eb \u201cp\u00ebr shkat\u00ebrrimin e tij dhe se kjo p\u00ebrfaq\u00ebson nj\u00eb k\u00ebrc\u00ebnim ushtarak\u201d.<\/p>\n<p>Vu\u00e7iq tha se duhet t\u00eb jet\u00eb e qart\u00eb p\u00ebr t\u00eb gjith\u00eb se kjo \u201cnuk \u00ebsht\u00eb nj\u00eb aleanc\u00eb kund\u00ebr Austris\u00eb\u201d, k\u00ebshtu q\u00eb ai \u201cka detyrimin t\u2019ua shpjegoj\u00eb k\u00ebt\u00eb serb\u00ebve\u201d.<\/p>\n<p>\u201cN\u00eb Beograd, ne e kuptojm\u00eb shum\u00eb mir\u00eb aleanc\u00ebn e re ushtarake t\u00eb krijuar midis Zagrebit, Prishtin\u00ebs dhe Tiran\u00ebs. Ajo nuk u krijua kund\u00ebr askujt tjet\u00ebr, por kund\u00ebr popullit serb\u201d, ka pretenduar Vu\u00e7iq, duke njoftuar \u201cforcimin e aft\u00ebsive ushtarake t\u00eb Serbis\u00eb\u201d.<\/p>\n<p>Dhe duke iu p\u00ebrgjigjur pyetjes s\u00eb nj\u00eb gazetari n\u00eb lidhje me deklaratat e Vu\u00e7iqit, z\u00ebvend\u00ebspresidenti kroat b\u00ebri thirrje p\u00ebr paqe dhe bashk\u00ebpunim n\u00eb fqinj\u00ebsi.<\/p>\n","protected":false},"excerpt":{"rendered":"<p>Prishtin\u00eb 06 Janar 2026 16:50 Ministri i Brendsh\u00ebm i Kroacis\u00eb, Davor Bozhinoviq, ka b\u00ebr\u00eb nj\u00eb reagim, pasi presidenti serb Aleksandar Vu\u00e7iq akuzoi vendin e tij<\/p>\n","protected":false},"author":6,"featured_media":26715,"comment_status":"open","ping_status":"open","sticky":false,"template":"","format":"standard","meta":{"footnotes":""},"categories":[58],"tags":[],"class_list":["post-26714","post","type-post","status-publish","format-standard","has-post-thumbnail","hentry","category-politike-sq"],"yoast_head":"<!-- This site is optimized with the Yoast SEO plugin v25.3.1 - https:\/\/yoast.com\/wordpress\/plugins\/seo\/ -->\n<title>Vjen reagimi i Zagrebit zyrtar pasi Vu\u00e7iq p\u00ebrmendi s\u00ebrish \u201caleanc\u00ebn ushtarake midis Kroacis\u00eb, Kosov\u00ebs dhe Shqip\u00ebris\u00eb\u201d -<\/title>\n<meta name=\"robots\" content=\"index, follow, max-snippet:-1, max-image-preview:large, max-video-preview:-1\" \/>\n<link rel=\"canonical\" href=\"https:\/\/veritasinfo.org\/?p=26714\" \/>\n<meta property=\"og:locale\" content=\"en_US\" \/>\n<meta property=\"og:type\" content=\"article\" \/>\n<meta property=\"og:title\" content=\"Vjen reagimi i Zagrebit zyrtar pasi Vu\u00e7iq p\u00ebrmendi s\u00ebrish \u201caleanc\u00ebn ushtarake midis Kroacis\u00eb, Kosov\u00ebs dhe Shqip\u00ebris\u00eb\u201d -\" \/>\n<meta property=\"og:description\" content=\"Prishtin\u00eb 06 Janar 2026 16:50 Ministri i Brendsh\u00ebm i Kroacis\u00eb, Davor Bozhinoviq, ka b\u00ebr\u00eb nj\u00eb reagim, pasi presidenti serb Aleksandar Vu\u00e7iq akuzoi vendin e tij\" \/>\n<meta property=\"og:url\" content=\"https:\/\/veritasinfo.org\/?p=26714\" \/>\n<meta property=\"article:published_time\" content=\"2026-01-06T15:50:53+00:00\" \/>\n<meta property=\"og:image\" content=\"https:\/\/veritasinfo.org\/wp-content\/uploads\/2026\/01\/image-10-3.webp\" \/>\n\t<meta property=\"og:image:width\" content=\"1245\" \/>\n\t<meta property=\"og:image:height\" content=\"699\" \/>\n\t<meta property=\"og:image:type\" content=\"image\/webp\" \/>\n<meta name=\"author\" content=\"US5\" \/>\n<meta name=\"twitter:card\" content=\"summary_large_image\" \/>\n<meta name=\"twitter:label1\" content=\"Written by\" \/>\n\t<meta name=\"twitter:data1\" content=\"US5\" \/>\n<script type=\"application\/ld+json\" class=\"yoast-schema-graph\">{\"@context\":\"https:\/\/schema.org\",\"@graph\":[{\"@type\":\"WebPage\",\"@id\":\"https:\/\/veritasinfo.org\/?p=26714\",\"url\":\"https:\/\/veritasinfo.org\/?p=26714\",\"name\":\"Vjen reagimi i Zagrebit zyrtar pasi Vu\u00e7iq p\u00ebrmendi s\u00ebrish \u201caleanc\u00ebn ushtarake midis Kroacis\u00eb, Kosov\u00ebs dhe Shqip\u00ebris\u00eb\u201d -\",\"isPartOf\":{\"@id\":\"https:\/\/veritasinfo.org\/#website\"},\"primaryImageOfPage\":{\"@id\":\"https:\/\/veritasinfo.org\/?p=26714#primaryimage\"},\"image\":{\"@id\":\"https:\/\/veritasinfo.org\/?p=26714#primaryimage\"},\"thumbnailUrl\":\"https:\/\/veritasinfo.org\/wp-content\/uploads\/2026\/01\/image-10-3.webp\",\"datePublished\":\"2026-01-06T15:50:53+00:00\",\"author\":{\"@id\":\"https:\/\/veritasinfo.org\/#\/schema\/person\/bc442336e35414d04494ab8fb45db4c6\"},\"breadcrumb\":{\"@id\":\"https:\/\/veritasinfo.org\/?p=26714#breadcrumb\"},\"inLanguage\":\"en-US\",\"potentialAction\":[{\"@type\":\"ReadAction\",\"target\":[\"https:\/\/veritasinfo.org\/?p=26714\"]}]},{\"@type\":\"ImageObject\",\"inLanguage\":\"en-US\",\"@id\":\"https:\/\/veritasinfo.org\/?p=26714#primaryimage\",\"url\":\"https:\/\/veritasinfo.org\/wp-content\/uploads\/2026\/01\/image-10-3.webp\",\"contentUrl\":\"https:\/\/veritasinfo.org\/wp-content\/uploads\/2026\/01\/image-10-3.webp\",\"width\":1245,\"height\":699},{\"@type\":\"BreadcrumbList\",\"@id\":\"https:\/\/veritasinfo.org\/?p=26714#breadcrumb\",\"itemListElement\":[{\"@type\":\"ListItem\",\"position\":1,\"name\":\"Home\",\"item\":\"https:\/\/veritasinfo.org\/\"},{\"@type\":\"ListItem\",\"position\":2,\"name\":\"Vjen reagimi i Zagrebit zyrtar pasi Vu\u00e7iq p\u00ebrmendi s\u00ebrish \u201caleanc\u00ebn ushtarake midis Kroacis\u00eb, Kosov\u00ebs dhe Shqip\u00ebris\u00eb\u201d\"}]},{\"@type\":\"WebSite\",\"@id\":\"https:\/\/veritasinfo.org\/#website\",\"url\":\"https:\/\/veritasinfo.org\/\",\"name\":\"\",\"description\":\"\",\"potentialAction\":[{\"@type\":\"SearchAction\",\"target\":{\"@type\":\"EntryPoint\",\"urlTemplate\":\"https:\/\/veritasinfo.org\/?s={search_term_string}\"},\"query-input\":{\"@type\":\"PropertyValueSpecification\",\"valueRequired\":true,\"valueName\":\"search_term_string\"}}],\"inLanguage\":\"en-US\"},{\"@type\":\"Person\",\"@id\":\"https:\/\/veritasinfo.org\/#\/schema\/person\/bc442336e35414d04494ab8fb45db4c6\",\"name\":\"US5\",\"image\":{\"@type\":\"ImageObject\",\"inLanguage\":\"en-US\",\"@id\":\"https:\/\/veritasinfo.org\/#\/schema\/person\/image\/\",\"url\":\"https:\/\/secure.gravatar.com\/avatar\/16a61e7272a0c5d001121ebb9e60e925d5816e4ac1e443ed3e640d9a6ae55d0c?s=96&d=mm&r=g\",\"contentUrl\":\"https:\/\/secure.gravatar.com\/avatar\/16a61e7272a0c5d001121ebb9e60e925d5816e4ac1e443ed3e640d9a6ae55d0c?s=96&d=mm&r=g\",\"caption\":\"US5\"},\"url\":\"https:\/\/veritasinfo.org\/?author=6\"}]}<\/script>\n<!-- \/ Yoast SEO plugin. -->","yoast_head_json":{"title":"Vjen reagimi i Zagrebit zyrtar pasi Vu\u00e7iq p\u00ebrmendi s\u00ebrish \u201caleanc\u00ebn ushtarake midis Kroacis\u00eb, Kosov\u00ebs dhe Shqip\u00ebris\u00eb\u201d -","robots":{"index":"index","follow":"follow","max-snippet":"max-snippet:-1","max-image-preview":"max-image-preview:large","max-video-preview":"max-video-preview:-1"},"canonical":"https:\/\/veritasinfo.org\/?p=26714","og_locale":"en_US","og_type":"article","og_title":"Vjen reagimi i Zagrebit zyrtar pasi Vu\u00e7iq p\u00ebrmendi s\u00ebrish \u201caleanc\u00ebn ushtarake midis Kroacis\u00eb, Kosov\u00ebs dhe Shqip\u00ebris\u00eb\u201d -","og_description":"Prishtin\u00eb 06 Janar 2026 16:50 Ministri i Brendsh\u00ebm i Kroacis\u00eb, Davor Bozhinoviq, ka b\u00ebr\u00eb nj\u00eb reagim, pasi presidenti serb Aleksandar Vu\u00e7iq akuzoi vendin e tij","og_url":"https:\/\/veritasinfo.org\/?p=26714","article_published_time":"2026-01-06T15:50:53+00:00","og_image":[{"width":1245,"height":699,"url":"https:\/\/veritasinfo.org\/wp-content\/uploads\/2026\/01\/image-10-3.webp","type":"image\/webp"}],"author":"US5","twitter_card":"summary_large_image","twitter_misc":{"Written by":"US5"},"schema":{"@context":"https:\/\/schema.org","@graph":[{"@type":"WebPage","@id":"https:\/\/veritasinfo.org\/?p=26714","url":"https:\/\/veritasinfo.org\/?p=26714","name":"Vjen reagimi i Zagrebit zyrtar pasi Vu\u00e7iq p\u00ebrmendi s\u00ebrish \u201caleanc\u00ebn ushtarake midis Kroacis\u00eb, Kosov\u00ebs dhe Shqip\u00ebris\u00eb\u201d -","isPartOf":{"@id":"https:\/\/veritasinfo.org\/#website"},"primaryImageOfPage":{"@id":"https:\/\/veritasinfo.org\/?p=26714#primaryimage"},"image":{"@id":"https:\/\/veritasinfo.org\/?p=26714#primaryimage"},"thumbnailUrl":"https:\/\/veritasinfo.org\/wp-content\/uploads\/2026\/01\/image-10-3.webp","datePublished":"2026-01-06T15:50:53+00:00","author":{"@id":"https:\/\/veritasinfo.org\/#\/schema\/person\/bc442336e35414d04494ab8fb45db4c6"},"breadcrumb":{"@id":"https:\/\/veritasinfo.org\/?p=26714#breadcrumb"},"inLanguage":"en-US","potentialAction":[{"@type":"ReadAction","target":["https:\/\/veritasinfo.org\/?p=26714"]}]},{"@type":"ImageObject","inLanguage":"en-US","@id":"https:\/\/veritasinfo.org\/?p=26714#primaryimage","url":"https:\/\/veritasinfo.org\/wp-content\/uploads\/2026\/01\/image-10-3.webp","contentUrl":"https:\/\/veritasinfo.org\/wp-content\/uploads\/2026\/01\/image-10-3.webp","width":1245,"height":699},{"@type":"BreadcrumbList","@id":"https:\/\/veritasinfo.org\/?p=26714#breadcrumb","itemListElement":[{"@type":"ListItem","position":1,"name":"Home","item":"https:\/\/veritasinfo.org\/"},{"@type":"ListItem","position":2,"name":"Vjen reagimi i Zagrebit zyrtar pasi Vu\u00e7iq p\u00ebrmendi s\u00ebrish \u201caleanc\u00ebn ushtarake midis Kroacis\u00eb, Kosov\u00ebs dhe Shqip\u00ebris\u00eb\u201d"}]},{"@type":"WebSite","@id":"https:\/\/veritasinfo.org\/#website","url":"https:\/\/veritasinfo.org\/","name":"","description":"","potentialAction":[{"@type":"SearchAction","target":{"@type":"EntryPoint","urlTemplate":"https:\/\/veritasinfo.org\/?s={search_term_string}"},"query-input":{"@type":"PropertyValueSpecification","valueRequired":true,"valueName":"search_term_string"}}],"inLanguage":"en-US"},{"@type":"Person","@id":"https:\/\/veritasinfo.org\/#\/schema\/person\/bc442336e35414d04494ab8fb45db4c6","name":"US5","image":{"@type":"ImageObject","inLanguage":"en-US","@id":"https:\/\/veritasinfo.org\/#\/schema\/person\/image\/","url":"https:\/\/secure.gravatar.com\/avatar\/16a61e7272a0c5d001121ebb9e60e925d5816e4ac1e443ed3e640d9a6ae55d0c?s=96&d=mm&r=g","contentUrl":"https:\/\/secure.gravatar.com\/avatar\/16a61e7272a0c5d001121ebb9e60e925d5816e4ac1e443ed3e640d9a6ae55d0c?s=96&d=mm&r=g","caption":"US5"},"url":"https:\/\/veritasinfo.org\/?author=6"}]}},"featured_image_urls":{"full":["https:\/\/veritasinfo.org\/wp-content\/uploads\/2026\/01\/image-10-3.webp",1245,699,false],"thumbnail":["https:\/\/veritasinfo.org\/wp-content\/uploads\/2026\/01\/image-10-3-150x150.webp",150,150,true],"medium":["https:\/\/veritasinfo.org\/wp-content\/uploads\/2026\/01\/image-10-3-300x168.webp",300,168,true],"medium_large":["https:\/\/veritasinfo.org\/wp-content\/uploads\/2026\/01\/image-10-3-768x431.webp",640,359,true],"large":["https:\/\/veritasinfo.org\/wp-content\/uploads\/2026\/01\/image-10-3-1024x575.webp",640,359,true],"1536x1536":["https:\/\/veritasinfo.org\/wp-content\/uploads\/2026\/01\/image-10-3.webp",1245,699,false],"2048x2048":["https:\/\/veritasinfo.org\/wp-content\/uploads\/2026\/01\/image-10-3.webp",1245,699,false],"kreeti-slider-full":["https:\/\/veritasinfo.org\/wp-content\/uploads\/2026\/01\/image-10-3.webp",1245,699,false],"kreeti-featured":["https:\/\/veritasinfo.org\/wp-content\/uploads\/2026\/01\/image-10-3.webp",1024,575,false],"kreeti-medium":["https:\/\/veritasinfo.org\/wp-content\/uploads\/2026\/01\/image-10-3.webp",720,404,false],"kreeti-medium-square":["https:\/\/veritasinfo.org\/wp-content\/uploads\/2026\/01\/image-10-3.webp",350,197,false]},"author_info":{"info":["US5"]},"category_info":"<a href=\"https:\/\/veritasinfo.org\/?cat=58\" rel=\"category\">Politik\u00eb<\/a>","tag_info":"Politik\u00eb","comment_count":"0","_links":{"self":[{"href":"https:\/\/veritasinfo.org\/index.php?rest_route=\/wp\/v2\/posts\/26714","targetHints":{"allow":["GET"]}}],"collection":[{"href":"https:\/\/veritasinfo.org\/index.php?rest_route=\/wp\/v2\/posts"}],"about":[{"href":"https:\/\/veritasinfo.org\/index.php?rest_route=\/wp\/v2\/types\/post"}],"author":[{"embeddable":true,"href":"https:\/\/veritasinfo.org\/index.php?rest_route=\/wp\/v2\/users\/6"}],"replies":[{"embeddable":true,"href":"https:\/\/veritasinfo.org\/index.php?rest_route=%2Fwp%2Fv2%2Fcomments&post=26714"}],"version-history":[{"count":1,"href":"https:\/\/veritasinfo.org\/index.php?rest_route=\/wp\/v2\/posts\/26714\/revisions"}],"predecessor-version":[{"id":26716,"href":"https:\/\/veritasinfo.org\/index.php?rest_route=\/wp\/v2\/posts\/26714\/revisions\/26716"}],"wp:featuredmedia":[{"embeddable":true,"href":"https:\/\/veritasinfo.org\/index.php?rest_route=\/wp\/v2\/media\/26715"}],"wp:attachment":[{"href":"https:\/\/veritasinfo.org\/index.php?rest_route=%2Fwp%2Fv2%2Fmedia&parent=26714"}],"wp:term":[{"taxonomy":"category","embeddable":true,"href":"https:\/\/veritasinfo.org\/index.php?rest_route=%2Fwp%2Fv2%2Fcategories&post=26714"},{"taxonomy":"post_tag","embeddable":true,"href":"https:\/\/veritasinfo.org\/index.php?rest_route=%2Fwp%2Fv2%2Ftags&post=26714"}],"curies":[{"name":"wp","href":"https:\/\/api.w.org\/{rel}","templated":true}]}}