{"id":2664,"date":"2025-07-06T09:59:19","date_gmt":"2025-07-06T07:59:19","guid":{"rendered":"https:\/\/veritasinfo.org\/?p=2664"},"modified":"2025-07-06T09:59:19","modified_gmt":"2025-07-06T07:59:19","slug":"avokati-i-popullit-procesi-ne-hage-po-zhvillohet-pa-transparence-dhe-pa-garanci-per-drejtesi","status":"publish","type":"post","link":"https:\/\/veritasinfo.org\/?p=2664","title":{"rendered":"Avokati i Popullit: Procesi n\u00eb Hag\u00eb po zhvillohet pa transparenc\u00eb dhe pa garanci p\u00ebr drejt\u00ebsi"},"content":{"rendered":"<p><strong>Prishtin\u00eb, 6 korrik 2025<\/strong><\/p>\n<p>Zgjatjen e paraburgimit p\u00ebr t\u00eb akuzuarit n\u00eb Dhomat e Specializuara n\u00eb Hag\u00eb, Avokati i Popullit, Naim Qelaj, e ka cil\u00ebsuar si t\u00eb papranueshme dhe n\u00eb kund\u00ebrshtim me standardet e Gjykat\u00ebs Evropiane p\u00ebr t\u00eb Drejtat e Njeriut, duke theksuar se procesi gjyq\u00ebsor ndaj ish-krer\u00ebve t\u00eb U\u00c7K-s\u00eb po zhvillohet me munges\u00eb transparence dhe n\u00eb rrethana q\u00eb ngren\u00eb dilema serioze p\u00ebr drejt\u00ebsin\u00eb.<\/p>\n<p>N\u00eb nj\u00eb intervist\u00eb p\u00ebr Ekonomia Online, Qelaj ka theksuar se institucionet vendore do t\u00eb duhej t\u00eb luanin rol m\u00eb aktiv n\u00eb monitorimin e procesit p\u00ebr t\u00eb garantuar q\u00eb po zbatohen standardet nd\u00ebrkomb\u00ebtare p\u00ebr nj\u00eb proces t\u00eb drejt\u00eb dhe t\u00eb barabart\u00eb.<\/p>\n<p>\u201cPo b\u00ebhen pes\u00eb vite nga kur ka filluar funksionimi i k\u00ebsaj gjykate. Un\u00eb konsideroj q\u00eb ka shum\u00eb dilema lidhur me at\u00eb se a po respektohen standardet p\u00ebr nj\u00eb gjykim t\u00eb drejt\u00eb dhe t\u00eb paansh\u00ebm. Ka munguar nj\u00eb transparenc\u00eb e k\u00ebsaj gjykate p\u00ebr t\u2019i dh\u00ebn\u00eb p\u00ebrgjigje pyetjeve, shqet\u00ebsimeve dhe dilemave t\u00eb opinionit publik. Natyrisht jan\u00eb \u00e7\u00ebshtje t\u00eb nd\u00ebrlikuara, delikate, t\u00eb ndjeshme, p\u00ebr t\u00eb cilat un\u00eb konsideroj q\u00eb edhe institucionet vendore \u00ebsht\u00eb dashur q\u00eb t\u00eb b\u00ebjn\u00eb m\u00eb shum\u00eb n\u00eb drejtim t\u00eb monitorimit t\u00eb k\u00ebtij procesi gjyq\u00ebsor, p\u00ebr t\u2019u garantuar dhe p\u00ebr t\u2019u siguruar q\u00eb po garantohen dhe po respektohen k\u00ebto standarde\u201d, tha ai.<\/p>\n<p>Nj\u00eb nga shqet\u00ebsimet kryesore t\u00eb Avokatit t\u00eb Popullit \u00ebsht\u00eb zgjatja e paraburgimit t\u00eb t\u00eb akuzuarve, q\u00eb sipas tij bie ndesh me t\u00eb drejt\u00ebn p\u00ebr mbrojtje n\u00eb liri dhe me vet\u00eb parimet e Gjykat\u00ebs Evropiane p\u00ebr t\u00eb Drejtat e Njeriut.<\/p>\n","protected":false},"excerpt":{"rendered":"<p>Prishtin\u00eb, 6 korrik 2025 Zgjatjen e paraburgimit p\u00ebr t\u00eb akuzuarit n\u00eb Dhomat e Specializuara n\u00eb Hag\u00eb, Avokati i Popullit, Naim Qelaj, e ka cil\u00ebsuar si<\/p>\n","protected":false},"author":2,"featured_media":2665,"comment_status":"open","ping_status":"open","sticky":false,"template":"","format":"standard","meta":{"footnotes":""},"categories":[60],"tags":[],"class_list":["post-2664","post","type-post","status-publish","format-standard","has-post-thumbnail","hentry","category-shoqerore-sq"],"yoast_head":"<!-- This site is optimized with the Yoast SEO plugin v25.3.1 - https:\/\/yoast.com\/wordpress\/plugins\/seo\/ -->\n<title>Avokati i Popullit: Procesi n\u00eb Hag\u00eb po zhvillohet pa transparenc\u00eb dhe pa garanci p\u00ebr drejt\u00ebsi -<\/title>\n<meta name=\"robots\" content=\"index, follow, max-snippet:-1, max-image-preview:large, max-video-preview:-1\" \/>\n<link rel=\"canonical\" href=\"https:\/\/veritasinfo.org\/?p=2664\" \/>\n<meta property=\"og:locale\" content=\"en_US\" \/>\n<meta property=\"og:type\" content=\"article\" \/>\n<meta property=\"og:title\" content=\"Avokati i Popullit: Procesi n\u00eb Hag\u00eb po zhvillohet pa transparenc\u00eb dhe pa garanci p\u00ebr drejt\u00ebsi -\" \/>\n<meta property=\"og:description\" content=\"Prishtin\u00eb, 6 korrik 2025 Zgjatjen e paraburgimit p\u00ebr t\u00eb akuzuarit n\u00eb Dhomat e Specializuara n\u00eb Hag\u00eb, Avokati i Popullit, Naim Qelaj, e ka cil\u00ebsuar si\" \/>\n<meta property=\"og:url\" content=\"https:\/\/veritasinfo.org\/?p=2664\" \/>\n<meta property=\"article:published_time\" content=\"2025-07-06T07:59:19+00:00\" \/>\n<meta property=\"og:image\" content=\"https:\/\/veritasinfo.org\/wp-content\/uploads\/2025\/07\/qelaj.jpg\" \/>\n\t<meta property=\"og:image:width\" content=\"696\" \/>\n\t<meta property=\"og:image:height\" content=\"522\" \/>\n\t<meta property=\"og:image:type\" content=\"image\/jpeg\" \/>\n<meta name=\"author\" content=\"US1\" \/>\n<meta name=\"twitter:card\" content=\"summary_large_image\" \/>\n<meta name=\"twitter:label1\" content=\"Written by\" \/>\n\t<meta name=\"twitter:data1\" content=\"US1\" \/>\n\t<meta name=\"twitter:label2\" content=\"Est. reading time\" \/>\n\t<meta name=\"twitter:data2\" content=\"2 minutes\" \/>\n<script type=\"application\/ld+json\" class=\"yoast-schema-graph\">{\"@context\":\"https:\/\/schema.org\",\"@graph\":[{\"@type\":\"WebPage\",\"@id\":\"https:\/\/veritasinfo.org\/?p=2664\",\"url\":\"https:\/\/veritasinfo.org\/?p=2664\",\"name\":\"Avokati i Popullit: Procesi n\u00eb Hag\u00eb po zhvillohet pa transparenc\u00eb dhe pa garanci p\u00ebr drejt\u00ebsi -\",\"isPartOf\":{\"@id\":\"https:\/\/veritasinfo.org\/#website\"},\"primaryImageOfPage\":{\"@id\":\"https:\/\/veritasinfo.org\/?p=2664#primaryimage\"},\"image\":{\"@id\":\"https:\/\/veritasinfo.org\/?p=2664#primaryimage\"},\"thumbnailUrl\":\"https:\/\/veritasinfo.org\/wp-content\/uploads\/2025\/07\/qelaj.jpg\",\"datePublished\":\"2025-07-06T07:59:19+00:00\",\"author\":{\"@id\":\"https:\/\/veritasinfo.org\/#\/schema\/person\/c2b8be262ea994d0995addca692c5e98\"},\"breadcrumb\":{\"@id\":\"https:\/\/veritasinfo.org\/?p=2664#breadcrumb\"},\"inLanguage\":\"en-US\",\"potentialAction\":[{\"@type\":\"ReadAction\",\"target\":[\"https:\/\/veritasinfo.org\/?p=2664\"]}]},{\"@type\":\"ImageObject\",\"inLanguage\":\"en-US\",\"@id\":\"https:\/\/veritasinfo.org\/?p=2664#primaryimage\",\"url\":\"https:\/\/veritasinfo.org\/wp-content\/uploads\/2025\/07\/qelaj.jpg\",\"contentUrl\":\"https:\/\/veritasinfo.org\/wp-content\/uploads\/2025\/07\/qelaj.jpg\",\"width\":696,\"height\":522},{\"@type\":\"BreadcrumbList\",\"@id\":\"https:\/\/veritasinfo.org\/?p=2664#breadcrumb\",\"itemListElement\":[{\"@type\":\"ListItem\",\"position\":1,\"name\":\"Home\",\"item\":\"https:\/\/veritasinfo.org\/\"},{\"@type\":\"ListItem\",\"position\":2,\"name\":\"Avokati i Popullit: Procesi n\u00eb Hag\u00eb po zhvillohet pa transparenc\u00eb dhe pa garanci p\u00ebr drejt\u00ebsi\"}]},{\"@type\":\"WebSite\",\"@id\":\"https:\/\/veritasinfo.org\/#website\",\"url\":\"https:\/\/veritasinfo.org\/\",\"name\":\"\",\"description\":\"\",\"potentialAction\":[{\"@type\":\"SearchAction\",\"target\":{\"@type\":\"EntryPoint\",\"urlTemplate\":\"https:\/\/veritasinfo.org\/?s={search_term_string}\"},\"query-input\":{\"@type\":\"PropertyValueSpecification\",\"valueRequired\":true,\"valueName\":\"search_term_string\"}}],\"inLanguage\":\"en-US\"},{\"@type\":\"Person\",\"@id\":\"https:\/\/veritasinfo.org\/#\/schema\/person\/c2b8be262ea994d0995addca692c5e98\",\"name\":\"US1\",\"image\":{\"@type\":\"ImageObject\",\"inLanguage\":\"en-US\",\"@id\":\"https:\/\/veritasinfo.org\/#\/schema\/person\/image\/\",\"url\":\"https:\/\/secure.gravatar.com\/avatar\/4e96a59bd256abf9956eb9963ac891a47461ffb364d47b0e9aab113328fdb75b?s=96&d=mm&r=g\",\"contentUrl\":\"https:\/\/secure.gravatar.com\/avatar\/4e96a59bd256abf9956eb9963ac891a47461ffb364d47b0e9aab113328fdb75b?s=96&d=mm&r=g\",\"caption\":\"US1\"},\"url\":\"https:\/\/veritasinfo.org\/?author=2\"}]}<\/script>\n<!-- \/ Yoast SEO plugin. -->","yoast_head_json":{"title":"Avokati i Popullit: Procesi n\u00eb Hag\u00eb po zhvillohet pa transparenc\u00eb dhe pa garanci p\u00ebr drejt\u00ebsi -","robots":{"index":"index","follow":"follow","max-snippet":"max-snippet:-1","max-image-preview":"max-image-preview:large","max-video-preview":"max-video-preview:-1"},"canonical":"https:\/\/veritasinfo.org\/?p=2664","og_locale":"en_US","og_type":"article","og_title":"Avokati i Popullit: Procesi n\u00eb Hag\u00eb po zhvillohet pa transparenc\u00eb dhe pa garanci p\u00ebr drejt\u00ebsi -","og_description":"Prishtin\u00eb, 6 korrik 2025 Zgjatjen e paraburgimit p\u00ebr t\u00eb akuzuarit n\u00eb Dhomat e Specializuara n\u00eb Hag\u00eb, Avokati i Popullit, Naim Qelaj, e ka cil\u00ebsuar si","og_url":"https:\/\/veritasinfo.org\/?p=2664","article_published_time":"2025-07-06T07:59:19+00:00","og_image":[{"width":696,"height":522,"url":"https:\/\/veritasinfo.org\/wp-content\/uploads\/2025\/07\/qelaj.jpg","type":"image\/jpeg"}],"author":"US1","twitter_card":"summary_large_image","twitter_misc":{"Written by":"US1","Est. reading time":"2 minutes"},"schema":{"@context":"https:\/\/schema.org","@graph":[{"@type":"WebPage","@id":"https:\/\/veritasinfo.org\/?p=2664","url":"https:\/\/veritasinfo.org\/?p=2664","name":"Avokati i Popullit: Procesi n\u00eb Hag\u00eb po zhvillohet pa transparenc\u00eb dhe pa garanci p\u00ebr drejt\u00ebsi -","isPartOf":{"@id":"https:\/\/veritasinfo.org\/#website"},"primaryImageOfPage":{"@id":"https:\/\/veritasinfo.org\/?p=2664#primaryimage"},"image":{"@id":"https:\/\/veritasinfo.org\/?p=2664#primaryimage"},"thumbnailUrl":"https:\/\/veritasinfo.org\/wp-content\/uploads\/2025\/07\/qelaj.jpg","datePublished":"2025-07-06T07:59:19+00:00","author":{"@id":"https:\/\/veritasinfo.org\/#\/schema\/person\/c2b8be262ea994d0995addca692c5e98"},"breadcrumb":{"@id":"https:\/\/veritasinfo.org\/?p=2664#breadcrumb"},"inLanguage":"en-US","potentialAction":[{"@type":"ReadAction","target":["https:\/\/veritasinfo.org\/?p=2664"]}]},{"@type":"ImageObject","inLanguage":"en-US","@id":"https:\/\/veritasinfo.org\/?p=2664#primaryimage","url":"https:\/\/veritasinfo.org\/wp-content\/uploads\/2025\/07\/qelaj.jpg","contentUrl":"https:\/\/veritasinfo.org\/wp-content\/uploads\/2025\/07\/qelaj.jpg","width":696,"height":522},{"@type":"BreadcrumbList","@id":"https:\/\/veritasinfo.org\/?p=2664#breadcrumb","itemListElement":[{"@type":"ListItem","position":1,"name":"Home","item":"https:\/\/veritasinfo.org\/"},{"@type":"ListItem","position":2,"name":"Avokati i Popullit: Procesi n\u00eb Hag\u00eb po zhvillohet pa transparenc\u00eb dhe pa garanci p\u00ebr drejt\u00ebsi"}]},{"@type":"WebSite","@id":"https:\/\/veritasinfo.org\/#website","url":"https:\/\/veritasinfo.org\/","name":"","description":"","potentialAction":[{"@type":"SearchAction","target":{"@type":"EntryPoint","urlTemplate":"https:\/\/veritasinfo.org\/?s={search_term_string}"},"query-input":{"@type":"PropertyValueSpecification","valueRequired":true,"valueName":"search_term_string"}}],"inLanguage":"en-US"},{"@type":"Person","@id":"https:\/\/veritasinfo.org\/#\/schema\/person\/c2b8be262ea994d0995addca692c5e98","name":"US1","image":{"@type":"ImageObject","inLanguage":"en-US","@id":"https:\/\/veritasinfo.org\/#\/schema\/person\/image\/","url":"https:\/\/secure.gravatar.com\/avatar\/4e96a59bd256abf9956eb9963ac891a47461ffb364d47b0e9aab113328fdb75b?s=96&d=mm&r=g","contentUrl":"https:\/\/secure.gravatar.com\/avatar\/4e96a59bd256abf9956eb9963ac891a47461ffb364d47b0e9aab113328fdb75b?s=96&d=mm&r=g","caption":"US1"},"url":"https:\/\/veritasinfo.org\/?author=2"}]}},"featured_image_urls":{"full":["https:\/\/veritasinfo.org\/wp-content\/uploads\/2025\/07\/qelaj.jpg",696,522,false],"thumbnail":["https:\/\/veritasinfo.org\/wp-content\/uploads\/2025\/07\/qelaj-150x150.jpg",150,150,true],"medium":["https:\/\/veritasinfo.org\/wp-content\/uploads\/2025\/07\/qelaj-300x225.jpg",300,225,true],"medium_large":["https:\/\/veritasinfo.org\/wp-content\/uploads\/2025\/07\/qelaj.jpg",640,480,false],"large":["https:\/\/veritasinfo.org\/wp-content\/uploads\/2025\/07\/qelaj.jpg",640,480,false],"1536x1536":["https:\/\/veritasinfo.org\/wp-content\/uploads\/2025\/07\/qelaj.jpg",696,522,false],"2048x2048":["https:\/\/veritasinfo.org\/wp-content\/uploads\/2025\/07\/qelaj.jpg",696,522,false],"kreeti-slider-full":["https:\/\/veritasinfo.org\/wp-content\/uploads\/2025\/07\/qelaj.jpg",696,522,false],"kreeti-featured":["https:\/\/veritasinfo.org\/wp-content\/uploads\/2025\/07\/qelaj.jpg",696,522,false],"kreeti-medium":["https:\/\/veritasinfo.org\/wp-content\/uploads\/2025\/07\/qelaj.jpg",696,522,false],"kreeti-medium-square":["https:\/\/veritasinfo.org\/wp-content\/uploads\/2025\/07\/qelaj.jpg",350,263,false]},"author_info":{"info":["US1"]},"category_info":"<a href=\"https:\/\/veritasinfo.org\/?cat=60\" rel=\"category\">Shoq\u00ebrore<\/a>","tag_info":"Shoq\u00ebrore","comment_count":"0","_links":{"self":[{"href":"https:\/\/veritasinfo.org\/index.php?rest_route=\/wp\/v2\/posts\/2664","targetHints":{"allow":["GET"]}}],"collection":[{"href":"https:\/\/veritasinfo.org\/index.php?rest_route=\/wp\/v2\/posts"}],"about":[{"href":"https:\/\/veritasinfo.org\/index.php?rest_route=\/wp\/v2\/types\/post"}],"author":[{"embeddable":true,"href":"https:\/\/veritasinfo.org\/index.php?rest_route=\/wp\/v2\/users\/2"}],"replies":[{"embeddable":true,"href":"https:\/\/veritasinfo.org\/index.php?rest_route=%2Fwp%2Fv2%2Fcomments&post=2664"}],"version-history":[{"count":1,"href":"https:\/\/veritasinfo.org\/index.php?rest_route=\/wp\/v2\/posts\/2664\/revisions"}],"predecessor-version":[{"id":2666,"href":"https:\/\/veritasinfo.org\/index.php?rest_route=\/wp\/v2\/posts\/2664\/revisions\/2666"}],"wp:featuredmedia":[{"embeddable":true,"href":"https:\/\/veritasinfo.org\/index.php?rest_route=\/wp\/v2\/media\/2665"}],"wp:attachment":[{"href":"https:\/\/veritasinfo.org\/index.php?rest_route=%2Fwp%2Fv2%2Fmedia&parent=2664"}],"wp:term":[{"taxonomy":"category","embeddable":true,"href":"https:\/\/veritasinfo.org\/index.php?rest_route=%2Fwp%2Fv2%2Fcategories&post=2664"},{"taxonomy":"post_tag","embeddable":true,"href":"https:\/\/veritasinfo.org\/index.php?rest_route=%2Fwp%2Fv2%2Ftags&post=2664"}],"curies":[{"name":"wp","href":"https:\/\/api.w.org\/{rel}","templated":true}]}}