{"id":26636,"date":"2026-01-06T08:18:51","date_gmt":"2026-01-06T07:18:51","guid":{"rendered":"https:\/\/veritasinfo.org\/?p=26636"},"modified":"2026-01-06T08:18:51","modified_gmt":"2026-01-06T07:18:51","slug":"dve-osobe-ranjene-vatrenim-oruzjem-u-prizrenu","status":"publish","type":"post","link":"https:\/\/veritasinfo.org\/?p=26636&lang=sr","title":{"rendered":"Dve osobe ranjene vatrenim oru\u017ejem u Prizrenu"},"content":{"rendered":"<p>Pri\u0161tina, 6. januar 2026. 08:15<\/p>\n<p>Dve osobe su ranjene vatrenim oru\u017ejem u Prizrenu.<\/p>\n<p>Policija Kosova saop\u0161tila je da se incident dogodio u ulici \u201eAli Hadri\u201c.<\/p>\n<p>\u201eOdmah su anga\u017eovane policijske patrole koje su iza\u0161le na lice mesta. Osumnji\u010deni nisu zate\u010deni na mestu doga\u0111aja. Prema informacijama prikupljenim na terenu, kao posledica pucnjave bilo je i povre\u0111enih osoba, koje su upu\u0107ene na Odeljenje hitne pomo\u0107i Regionalne bolnice u Prizrenu radi medicinskog tretmana.<\/p>\n<p>Prema medicinskom timu, povre\u0111eni (F. T. i V. H. iz Prizrena) nalaze se van \u017eivotne opasnosti i nastavljaju dalji medicinski tretman\u201c, saop\u0161tila je Policija za teve1.info.<\/p>\n<p>Na lice mesta iza\u0161li su de\u017eurni tu\u017eilac, razli\u010dite policijske jedinice, de\u017eurni istra\u017eitelji Policijske stanice Prizren, kao i istra\u017eitelji iz Regionalnog sektora za istrage, koji su preduzeli sve neophodne mere za obezbe\u0111enje i uvi\u0111aj mesta doga\u0111aja. Tako\u0111e, u bolni\u010dkoj hitnoj slu\u017ebi anga\u017eovane su policijske patrole radi obezbe\u0111enja povre\u0111enih tokom medicinskog tretmana.O slu\u010daju su obave\u0161tene i Regionalne istrage.<br \/>\nSlu\u010daj je u fazi istrage, a policija radi na identifikaciji i hap\u0161enju lica uklju\u010denih u incident.<\/p>\n","protected":false},"excerpt":{"rendered":"<p>Pri\u0161tina, 6. januar 2026. 08:15 Dve osobe su ranjene vatrenim oru\u017ejem u Prizrenu. Policija Kosova saop\u0161tila je da se incident dogodio u ulici \u201eAli Hadri\u201c.<\/p>\n","protected":false},"author":6,"featured_media":26634,"comment_status":"open","ping_status":"open","sticky":false,"template":"","format":"standard","meta":{"footnotes":""},"categories":[103],"tags":[],"class_list":["post-26636","post","type-post","status-publish","format-standard","has-post-thumbnail","hentry","category-hronika"],"yoast_head":"<!-- This site is optimized with the Yoast SEO plugin v25.3.1 - https:\/\/yoast.com\/wordpress\/plugins\/seo\/ -->\n<title>Dve osobe ranjene vatrenim oru\u017ejem u Prizrenu -<\/title>\n<meta name=\"robots\" content=\"index, follow, max-snippet:-1, max-image-preview:large, max-video-preview:-1\" \/>\n<link rel=\"canonical\" href=\"https:\/\/veritasinfo.org\/?p=26636&lang=sr\" \/>\n<meta property=\"og:locale\" content=\"en_US\" \/>\n<meta property=\"og:type\" content=\"article\" \/>\n<meta property=\"og:title\" content=\"Dve osobe ranjene vatrenim oru\u017ejem u Prizrenu -\" \/>\n<meta property=\"og:description\" content=\"Pri\u0161tina, 6. januar 2026. 08:15 Dve osobe su ranjene vatrenim oru\u017ejem u Prizrenu. Policija Kosova saop\u0161tila je da se incident dogodio u ulici \u201eAli Hadri\u201c.\" \/>\n<meta property=\"og:url\" content=\"https:\/\/veritasinfo.org\/?p=26636&amp;lang=sr\" \/>\n<meta property=\"article:published_time\" content=\"2026-01-06T07:18:51+00:00\" \/>\n<meta property=\"og:image\" content=\"https:\/\/veritasinfo.org\/wp-content\/uploads\/2026\/01\/IMG_20260106_081500.jpg\" \/>\n\t<meta property=\"og:image:width\" content=\"773\" \/>\n\t<meta property=\"og:image:height\" content=\"298\" \/>\n\t<meta property=\"og:image:type\" content=\"image\/jpeg\" \/>\n<meta name=\"author\" content=\"US5\" \/>\n<meta name=\"twitter:card\" content=\"summary_large_image\" \/>\n<meta name=\"twitter:label1\" content=\"Written by\" \/>\n\t<meta name=\"twitter:data1\" content=\"US5\" \/>\n\t<meta name=\"twitter:label2\" content=\"Est. reading time\" \/>\n\t<meta name=\"twitter:data2\" content=\"1 minute\" \/>\n<script type=\"application\/ld+json\" class=\"yoast-schema-graph\">{\"@context\":\"https:\/\/schema.org\",\"@graph\":[{\"@type\":\"WebPage\",\"@id\":\"https:\/\/veritasinfo.org\/?p=26636&lang=sr\",\"url\":\"https:\/\/veritasinfo.org\/?p=26636&lang=sr\",\"name\":\"Dve osobe ranjene vatrenim oru\u017ejem u Prizrenu -\",\"isPartOf\":{\"@id\":\"https:\/\/veritasinfo.org\/#website\"},\"primaryImageOfPage\":{\"@id\":\"https:\/\/veritasinfo.org\/?p=26636&lang=sr#primaryimage\"},\"image\":{\"@id\":\"https:\/\/veritasinfo.org\/?p=26636&lang=sr#primaryimage\"},\"thumbnailUrl\":\"https:\/\/veritasinfo.org\/wp-content\/uploads\/2026\/01\/IMG_20260106_081500.jpg\",\"datePublished\":\"2026-01-06T07:18:51+00:00\",\"author\":{\"@id\":\"https:\/\/veritasinfo.org\/#\/schema\/person\/bc442336e35414d04494ab8fb45db4c6\"},\"breadcrumb\":{\"@id\":\"https:\/\/veritasinfo.org\/?p=26636&lang=sr#breadcrumb\"},\"inLanguage\":\"en-US\",\"potentialAction\":[{\"@type\":\"ReadAction\",\"target\":[\"https:\/\/veritasinfo.org\/?p=26636&lang=sr\"]}]},{\"@type\":\"ImageObject\",\"inLanguage\":\"en-US\",\"@id\":\"https:\/\/veritasinfo.org\/?p=26636&lang=sr#primaryimage\",\"url\":\"https:\/\/veritasinfo.org\/wp-content\/uploads\/2026\/01\/IMG_20260106_081500.jpg\",\"contentUrl\":\"https:\/\/veritasinfo.org\/wp-content\/uploads\/2026\/01\/IMG_20260106_081500.jpg\",\"width\":773,\"height\":298},{\"@type\":\"BreadcrumbList\",\"@id\":\"https:\/\/veritasinfo.org\/?p=26636&lang=sr#breadcrumb\",\"itemListElement\":[{\"@type\":\"ListItem\",\"position\":1,\"name\":\"Home\",\"item\":\"https:\/\/veritasinfo.org\/\"},{\"@type\":\"ListItem\",\"position\":2,\"name\":\"Dve osobe ranjene vatrenim oru\u017ejem u Prizrenu\"}]},{\"@type\":\"WebSite\",\"@id\":\"https:\/\/veritasinfo.org\/#website\",\"url\":\"https:\/\/veritasinfo.org\/\",\"name\":\"\",\"description\":\"\",\"potentialAction\":[{\"@type\":\"SearchAction\",\"target\":{\"@type\":\"EntryPoint\",\"urlTemplate\":\"https:\/\/veritasinfo.org\/?s={search_term_string}\"},\"query-input\":{\"@type\":\"PropertyValueSpecification\",\"valueRequired\":true,\"valueName\":\"search_term_string\"}}],\"inLanguage\":\"en-US\"},{\"@type\":\"Person\",\"@id\":\"https:\/\/veritasinfo.org\/#\/schema\/person\/bc442336e35414d04494ab8fb45db4c6\",\"name\":\"US5\",\"image\":{\"@type\":\"ImageObject\",\"inLanguage\":\"en-US\",\"@id\":\"https:\/\/veritasinfo.org\/#\/schema\/person\/image\/\",\"url\":\"https:\/\/secure.gravatar.com\/avatar\/16a61e7272a0c5d001121ebb9e60e925d5816e4ac1e443ed3e640d9a6ae55d0c?s=96&d=mm&r=g\",\"contentUrl\":\"https:\/\/secure.gravatar.com\/avatar\/16a61e7272a0c5d001121ebb9e60e925d5816e4ac1e443ed3e640d9a6ae55d0c?s=96&d=mm&r=g\",\"caption\":\"US5\"},\"url\":\"https:\/\/veritasinfo.org\/?author=6\"}]}<\/script>\n<!-- \/ Yoast SEO plugin. -->","yoast_head_json":{"title":"Dve osobe ranjene vatrenim oru\u017ejem u Prizrenu -","robots":{"index":"index","follow":"follow","max-snippet":"max-snippet:-1","max-image-preview":"max-image-preview:large","max-video-preview":"max-video-preview:-1"},"canonical":"https:\/\/veritasinfo.org\/?p=26636&lang=sr","og_locale":"en_US","og_type":"article","og_title":"Dve osobe ranjene vatrenim oru\u017ejem u Prizrenu -","og_description":"Pri\u0161tina, 6. januar 2026. 08:15 Dve osobe su ranjene vatrenim oru\u017ejem u Prizrenu. Policija Kosova saop\u0161tila je da se incident dogodio u ulici \u201eAli Hadri\u201c.","og_url":"https:\/\/veritasinfo.org\/?p=26636&lang=sr","article_published_time":"2026-01-06T07:18:51+00:00","og_image":[{"width":773,"height":298,"url":"https:\/\/veritasinfo.org\/wp-content\/uploads\/2026\/01\/IMG_20260106_081500.jpg","type":"image\/jpeg"}],"author":"US5","twitter_card":"summary_large_image","twitter_misc":{"Written by":"US5","Est. reading time":"1 minute"},"schema":{"@context":"https:\/\/schema.org","@graph":[{"@type":"WebPage","@id":"https:\/\/veritasinfo.org\/?p=26636&lang=sr","url":"https:\/\/veritasinfo.org\/?p=26636&lang=sr","name":"Dve osobe ranjene vatrenim oru\u017ejem u Prizrenu -","isPartOf":{"@id":"https:\/\/veritasinfo.org\/#website"},"primaryImageOfPage":{"@id":"https:\/\/veritasinfo.org\/?p=26636&lang=sr#primaryimage"},"image":{"@id":"https:\/\/veritasinfo.org\/?p=26636&lang=sr#primaryimage"},"thumbnailUrl":"https:\/\/veritasinfo.org\/wp-content\/uploads\/2026\/01\/IMG_20260106_081500.jpg","datePublished":"2026-01-06T07:18:51+00:00","author":{"@id":"https:\/\/veritasinfo.org\/#\/schema\/person\/bc442336e35414d04494ab8fb45db4c6"},"breadcrumb":{"@id":"https:\/\/veritasinfo.org\/?p=26636&lang=sr#breadcrumb"},"inLanguage":"en-US","potentialAction":[{"@type":"ReadAction","target":["https:\/\/veritasinfo.org\/?p=26636&lang=sr"]}]},{"@type":"ImageObject","inLanguage":"en-US","@id":"https:\/\/veritasinfo.org\/?p=26636&lang=sr#primaryimage","url":"https:\/\/veritasinfo.org\/wp-content\/uploads\/2026\/01\/IMG_20260106_081500.jpg","contentUrl":"https:\/\/veritasinfo.org\/wp-content\/uploads\/2026\/01\/IMG_20260106_081500.jpg","width":773,"height":298},{"@type":"BreadcrumbList","@id":"https:\/\/veritasinfo.org\/?p=26636&lang=sr#breadcrumb","itemListElement":[{"@type":"ListItem","position":1,"name":"Home","item":"https:\/\/veritasinfo.org\/"},{"@type":"ListItem","position":2,"name":"Dve osobe ranjene vatrenim oru\u017ejem u Prizrenu"}]},{"@type":"WebSite","@id":"https:\/\/veritasinfo.org\/#website","url":"https:\/\/veritasinfo.org\/","name":"","description":"","potentialAction":[{"@type":"SearchAction","target":{"@type":"EntryPoint","urlTemplate":"https:\/\/veritasinfo.org\/?s={search_term_string}"},"query-input":{"@type":"PropertyValueSpecification","valueRequired":true,"valueName":"search_term_string"}}],"inLanguage":"en-US"},{"@type":"Person","@id":"https:\/\/veritasinfo.org\/#\/schema\/person\/bc442336e35414d04494ab8fb45db4c6","name":"US5","image":{"@type":"ImageObject","inLanguage":"en-US","@id":"https:\/\/veritasinfo.org\/#\/schema\/person\/image\/","url":"https:\/\/secure.gravatar.com\/avatar\/16a61e7272a0c5d001121ebb9e60e925d5816e4ac1e443ed3e640d9a6ae55d0c?s=96&d=mm&r=g","contentUrl":"https:\/\/secure.gravatar.com\/avatar\/16a61e7272a0c5d001121ebb9e60e925d5816e4ac1e443ed3e640d9a6ae55d0c?s=96&d=mm&r=g","caption":"US5"},"url":"https:\/\/veritasinfo.org\/?author=6"}]}},"featured_image_urls":{"full":["https:\/\/veritasinfo.org\/wp-content\/uploads\/2026\/01\/IMG_20260106_081500.jpg",773,298,false],"thumbnail":["https:\/\/veritasinfo.org\/wp-content\/uploads\/2026\/01\/IMG_20260106_081500-150x150.jpg",150,150,true],"medium":["https:\/\/veritasinfo.org\/wp-content\/uploads\/2026\/01\/IMG_20260106_081500-300x116.jpg",300,116,true],"medium_large":["https:\/\/veritasinfo.org\/wp-content\/uploads\/2026\/01\/IMG_20260106_081500-768x296.jpg",640,247,true],"large":["https:\/\/veritasinfo.org\/wp-content\/uploads\/2026\/01\/IMG_20260106_081500.jpg",640,247,false],"1536x1536":["https:\/\/veritasinfo.org\/wp-content\/uploads\/2026\/01\/IMG_20260106_081500.jpg",773,298,false],"2048x2048":["https:\/\/veritasinfo.org\/wp-content\/uploads\/2026\/01\/IMG_20260106_081500.jpg",773,298,false],"kreeti-slider-full":["https:\/\/veritasinfo.org\/wp-content\/uploads\/2026\/01\/IMG_20260106_081500.jpg",773,298,false],"kreeti-featured":["https:\/\/veritasinfo.org\/wp-content\/uploads\/2026\/01\/IMG_20260106_081500.jpg",773,298,false],"kreeti-medium":["https:\/\/veritasinfo.org\/wp-content\/uploads\/2026\/01\/IMG_20260106_081500.jpg",720,278,false],"kreeti-medium-square":["https:\/\/veritasinfo.org\/wp-content\/uploads\/2026\/01\/IMG_20260106_081500.jpg",350,135,false]},"author_info":{"info":["US5"]},"category_info":"<a href=\"https:\/\/veritasinfo.org\/?cat=103&#038;lang=sr\" rel=\"category\">Hronika<\/a>","tag_info":"Hronika","comment_count":"0","_links":{"self":[{"href":"https:\/\/veritasinfo.org\/index.php?rest_route=\/wp\/v2\/posts\/26636","targetHints":{"allow":["GET"]}}],"collection":[{"href":"https:\/\/veritasinfo.org\/index.php?rest_route=\/wp\/v2\/posts"}],"about":[{"href":"https:\/\/veritasinfo.org\/index.php?rest_route=\/wp\/v2\/types\/post"}],"author":[{"embeddable":true,"href":"https:\/\/veritasinfo.org\/index.php?rest_route=\/wp\/v2\/users\/6"}],"replies":[{"embeddable":true,"href":"https:\/\/veritasinfo.org\/index.php?rest_route=%2Fwp%2Fv2%2Fcomments&post=26636"}],"version-history":[{"count":1,"href":"https:\/\/veritasinfo.org\/index.php?rest_route=\/wp\/v2\/posts\/26636\/revisions"}],"predecessor-version":[{"id":26637,"href":"https:\/\/veritasinfo.org\/index.php?rest_route=\/wp\/v2\/posts\/26636\/revisions\/26637"}],"wp:featuredmedia":[{"embeddable":true,"href":"https:\/\/veritasinfo.org\/index.php?rest_route=\/wp\/v2\/media\/26634"}],"wp:attachment":[{"href":"https:\/\/veritasinfo.org\/index.php?rest_route=%2Fwp%2Fv2%2Fmedia&parent=26636"}],"wp:term":[{"taxonomy":"category","embeddable":true,"href":"https:\/\/veritasinfo.org\/index.php?rest_route=%2Fwp%2Fv2%2Fcategories&post=26636"},{"taxonomy":"post_tag","embeddable":true,"href":"https:\/\/veritasinfo.org\/index.php?rest_route=%2Fwp%2Fv2%2Ftags&post=26636"}],"curies":[{"name":"wp","href":"https:\/\/api.w.org\/{rel}","templated":true}]}}