{"id":26594,"date":"2026-01-05T18:52:14","date_gmt":"2026-01-05T17:52:14","guid":{"rendered":"https:\/\/veritasinfo.org\/?p=26594"},"modified":"2026-01-05T18:52:14","modified_gmt":"2026-01-05T17:52:14","slug":"ambasadori-rus-ne-serbi-shperndan-dezinformata-per-spastrimin-etnik-te-serbeve-ne-kosove","status":"publish","type":"post","link":"https:\/\/veritasinfo.org\/?p=26594","title":{"rendered":"Ambasadori rus n\u00eb Serbi shp\u00ebrndan dezinformata p\u00ebr \u201cspastrimin etnik t\u00eb serb\u00ebve\u201d n\u00eb Kosov\u00eb"},"content":{"rendered":"<p><strong>Prishtin\u00eb, 5 Janar 2026 18:51<\/strong><\/p>\n<p>Ambasadori rus n\u00eb Serbi, Aleksandar Bocan-Har\u00e7enko, po p\u00ebrhap dezinformata duke pretenduar se n\u00eb Kosov\u00eb po zhvillohet nj\u00eb \u201cspastrim etnik gradual i serb\u00ebve\u201d, si dhe se autoritetet e Kosov\u00ebs po krijojn\u00eb q\u00ebllimisht \u201ckushte t\u00eb padurueshme jetese\u201d p\u00ebr komunitetin serb.<\/p>\n<p>\u00c7far\u00eb tha Bocan-Har\u00e7enko?<br \/>\n\u201cB\u00ebhet fjal\u00eb, p\u00ebr k\u00ebt\u00eb mund t\u00eb flitet hapur, p\u00ebr nj\u00eb spastrimi etnik gradual t\u00eb pa shpallur. Me fjal\u00eb t\u00eb tjera \u2014 d\u00ebbimin e serb\u00ebve nga territori i Kosov\u00ebs, krijimin e kushteve t\u00eb padurueshme p\u00ebr jetes\u00eb p\u00ebr ta. Dhe e gjith\u00eb kjo po b\u00ebhet, nuk do t\u00eb rikujtojm\u00eb tani se p\u00ebr \u00e7far\u00eb b\u00ebhet fjal\u00eb, por ky pushtim i veriut t\u00eb Kosov\u00ebs nga ana e Prishtin\u00ebs ka ndodhur, po ndodh dhe, p\u00ebr fat t\u00eb keq, duhet t\u00eb nisemi nga fakti se do t\u00eb vazhdoj\u00eb\u201d, tha shefi i p\u00ebrfaq\u00ebsis\u00eb diplomatike ruse n\u00eb Beograd, raporton RT Balkan.<\/p>\n<p>Analiz\u00eb e deklarat\u00ebs<br \/>\nSipas Telegrafit, Har\u00e7enko dhe mediat ruse si RT Balkan e Sputnik Serbia po p\u00ebrs\u00ebrisin narrativ\u00ebn e Beogradit se Kosova \u201cpo i vret serb\u00ebt sistematikisht\u201d, nj\u00eb pretendim q\u00eb cil\u00ebsohet si i pabazuar dhe i paprovuar nga raportet nd\u00ebrkomb\u00ebtare.<br \/>\nSerb\u00ebt n\u00eb Kosov\u00eb g\u00ebzojn\u00eb t\u00eb drejta t\u00eb konsiderueshme, jan\u00eb t\u00eb integruar n\u00eb institucionet shtet\u00ebrore dhe shum\u00eb problematikat me t\u00eb cilat p\u00ebrballen lidhen m\u00eb shum\u00eb me politik\u00ebn e Beogradit sesa me institucionet e Kosov\u00ebs.<\/p>\n<p>N\u00eb Kuvendin e Kosov\u00ebs, nga 120 deputet\u00eb, 20 vende jan\u00eb t\u00eb rezervuara p\u00ebr komunitetet jo-shumic\u00eb, prej t\u00eb cilave 10 i takojn\u00eb komunitetit serb.<br \/>\n&lt;span;&gt;Kjo tregon se p\u00ebrfaq\u00ebsuesit serb\u00eb marrin pjes\u00eb drejtp\u00ebrdrejt n\u00eb pushtetin legjislativ t\u00eb Kosov\u00ebs. <!--\/data\/user\/0\/com.samsung.android.app.notes\/files\/clipdata\/clipdata_bodytext_260105_184954_895.sdocx--><\/p>\n","protected":false},"excerpt":{"rendered":"<p>Prishtin\u00eb, 5 Janar 2026 18:51 Ambasadori rus n\u00eb Serbi, Aleksandar Bocan-Har\u00e7enko, po p\u00ebrhap dezinformata duke pretenduar se n\u00eb Kosov\u00eb po zhvillohet nj\u00eb \u201cspastrim etnik gradual<\/p>\n","protected":false},"author":7,"featured_media":26595,"comment_status":"open","ping_status":"open","sticky":false,"template":"","format":"standard","meta":{"footnotes":""},"categories":[58],"tags":[],"class_list":["post-26594","post","type-post","status-publish","format-standard","has-post-thumbnail","hentry","category-politike-sq"],"yoast_head":"<!-- This site is optimized with the Yoast SEO plugin v25.3.1 - https:\/\/yoast.com\/wordpress\/plugins\/seo\/ -->\n<title>Ambasadori rus n\u00eb Serbi shp\u00ebrndan dezinformata p\u00ebr \u201cspastrimin etnik t\u00eb serb\u00ebve\u201d n\u00eb Kosov\u00eb -<\/title>\n<meta name=\"robots\" content=\"index, follow, max-snippet:-1, max-image-preview:large, max-video-preview:-1\" \/>\n<link rel=\"canonical\" href=\"https:\/\/veritasinfo.org\/?p=26594\" \/>\n<meta property=\"og:locale\" content=\"en_US\" \/>\n<meta property=\"og:type\" content=\"article\" \/>\n<meta property=\"og:title\" content=\"Ambasadori rus n\u00eb Serbi shp\u00ebrndan dezinformata p\u00ebr \u201cspastrimin etnik t\u00eb serb\u00ebve\u201d n\u00eb Kosov\u00eb -\" \/>\n<meta property=\"og:description\" content=\"Prishtin\u00eb, 5 Janar 2026 18:51 Ambasadori rus n\u00eb Serbi, Aleksandar Bocan-Har\u00e7enko, po p\u00ebrhap dezinformata duke pretenduar se n\u00eb Kosov\u00eb po zhvillohet nj\u00eb \u201cspastrim etnik gradual\" \/>\n<meta property=\"og:url\" content=\"https:\/\/veritasinfo.org\/?p=26594\" \/>\n<meta property=\"article:published_time\" content=\"2026-01-05T17:52:14+00:00\" \/>\n<meta property=\"og:image\" content=\"https:\/\/veritasinfo.org\/wp-content\/uploads\/2026\/01\/image-4.webp\" \/>\n\t<meta property=\"og:image:width\" content=\"1245\" \/>\n\t<meta property=\"og:image:height\" content=\"700\" \/>\n\t<meta property=\"og:image:type\" content=\"image\/webp\" \/>\n<meta name=\"author\" content=\"US6\" \/>\n<meta name=\"twitter:card\" content=\"summary_large_image\" \/>\n<meta name=\"twitter:label1\" content=\"Written by\" \/>\n\t<meta name=\"twitter:data1\" content=\"US6\" \/>\n\t<meta name=\"twitter:label2\" content=\"Est. reading time\" \/>\n\t<meta name=\"twitter:data2\" content=\"2 minutes\" \/>\n<script type=\"application\/ld+json\" class=\"yoast-schema-graph\">{\"@context\":\"https:\/\/schema.org\",\"@graph\":[{\"@type\":\"WebPage\",\"@id\":\"https:\/\/veritasinfo.org\/?p=26594\",\"url\":\"https:\/\/veritasinfo.org\/?p=26594\",\"name\":\"Ambasadori rus n\u00eb Serbi shp\u00ebrndan dezinformata p\u00ebr \u201cspastrimin etnik t\u00eb serb\u00ebve\u201d n\u00eb Kosov\u00eb -\",\"isPartOf\":{\"@id\":\"https:\/\/veritasinfo.org\/#website\"},\"primaryImageOfPage\":{\"@id\":\"https:\/\/veritasinfo.org\/?p=26594#primaryimage\"},\"image\":{\"@id\":\"https:\/\/veritasinfo.org\/?p=26594#primaryimage\"},\"thumbnailUrl\":\"https:\/\/veritasinfo.org\/wp-content\/uploads\/2026\/01\/image-4.webp\",\"datePublished\":\"2026-01-05T17:52:14+00:00\",\"author\":{\"@id\":\"https:\/\/veritasinfo.org\/#\/schema\/person\/fe199eede04c3937362892b7444747cc\"},\"breadcrumb\":{\"@id\":\"https:\/\/veritasinfo.org\/?p=26594#breadcrumb\"},\"inLanguage\":\"en-US\",\"potentialAction\":[{\"@type\":\"ReadAction\",\"target\":[\"https:\/\/veritasinfo.org\/?p=26594\"]}]},{\"@type\":\"ImageObject\",\"inLanguage\":\"en-US\",\"@id\":\"https:\/\/veritasinfo.org\/?p=26594#primaryimage\",\"url\":\"https:\/\/veritasinfo.org\/wp-content\/uploads\/2026\/01\/image-4.webp\",\"contentUrl\":\"https:\/\/veritasinfo.org\/wp-content\/uploads\/2026\/01\/image-4.webp\",\"width\":1245,\"height\":700},{\"@type\":\"BreadcrumbList\",\"@id\":\"https:\/\/veritasinfo.org\/?p=26594#breadcrumb\",\"itemListElement\":[{\"@type\":\"ListItem\",\"position\":1,\"name\":\"Home\",\"item\":\"https:\/\/veritasinfo.org\/\"},{\"@type\":\"ListItem\",\"position\":2,\"name\":\"Ambasadori rus n\u00eb Serbi shp\u00ebrndan dezinformata p\u00ebr \u201cspastrimin etnik t\u00eb serb\u00ebve\u201d n\u00eb Kosov\u00eb\"}]},{\"@type\":\"WebSite\",\"@id\":\"https:\/\/veritasinfo.org\/#website\",\"url\":\"https:\/\/veritasinfo.org\/\",\"name\":\"\",\"description\":\"\",\"potentialAction\":[{\"@type\":\"SearchAction\",\"target\":{\"@type\":\"EntryPoint\",\"urlTemplate\":\"https:\/\/veritasinfo.org\/?s={search_term_string}\"},\"query-input\":{\"@type\":\"PropertyValueSpecification\",\"valueRequired\":true,\"valueName\":\"search_term_string\"}}],\"inLanguage\":\"en-US\"},{\"@type\":\"Person\",\"@id\":\"https:\/\/veritasinfo.org\/#\/schema\/person\/fe199eede04c3937362892b7444747cc\",\"name\":\"US6\",\"image\":{\"@type\":\"ImageObject\",\"inLanguage\":\"en-US\",\"@id\":\"https:\/\/veritasinfo.org\/#\/schema\/person\/image\/\",\"url\":\"https:\/\/secure.gravatar.com\/avatar\/cb16c3c31c9d23b9b8c705964598220b3014e42ff51eb540ff23cefa3ae8c15f?s=96&d=mm&r=g\",\"contentUrl\":\"https:\/\/secure.gravatar.com\/avatar\/cb16c3c31c9d23b9b8c705964598220b3014e42ff51eb540ff23cefa3ae8c15f?s=96&d=mm&r=g\",\"caption\":\"US6\"},\"url\":\"https:\/\/veritasinfo.org\/?author=7\"}]}<\/script>\n<!-- \/ Yoast SEO plugin. -->","yoast_head_json":{"title":"Ambasadori rus n\u00eb Serbi shp\u00ebrndan dezinformata p\u00ebr \u201cspastrimin etnik t\u00eb serb\u00ebve\u201d n\u00eb Kosov\u00eb -","robots":{"index":"index","follow":"follow","max-snippet":"max-snippet:-1","max-image-preview":"max-image-preview:large","max-video-preview":"max-video-preview:-1"},"canonical":"https:\/\/veritasinfo.org\/?p=26594","og_locale":"en_US","og_type":"article","og_title":"Ambasadori rus n\u00eb Serbi shp\u00ebrndan dezinformata p\u00ebr \u201cspastrimin etnik t\u00eb serb\u00ebve\u201d n\u00eb Kosov\u00eb -","og_description":"Prishtin\u00eb, 5 Janar 2026 18:51 Ambasadori rus n\u00eb Serbi, Aleksandar Bocan-Har\u00e7enko, po p\u00ebrhap dezinformata duke pretenduar se n\u00eb Kosov\u00eb po zhvillohet nj\u00eb \u201cspastrim etnik gradual","og_url":"https:\/\/veritasinfo.org\/?p=26594","article_published_time":"2026-01-05T17:52:14+00:00","og_image":[{"width":1245,"height":700,"url":"https:\/\/veritasinfo.org\/wp-content\/uploads\/2026\/01\/image-4.webp","type":"image\/webp"}],"author":"US6","twitter_card":"summary_large_image","twitter_misc":{"Written by":"US6","Est. reading time":"2 minutes"},"schema":{"@context":"https:\/\/schema.org","@graph":[{"@type":"WebPage","@id":"https:\/\/veritasinfo.org\/?p=26594","url":"https:\/\/veritasinfo.org\/?p=26594","name":"Ambasadori rus n\u00eb Serbi shp\u00ebrndan dezinformata p\u00ebr \u201cspastrimin etnik t\u00eb serb\u00ebve\u201d n\u00eb Kosov\u00eb -","isPartOf":{"@id":"https:\/\/veritasinfo.org\/#website"},"primaryImageOfPage":{"@id":"https:\/\/veritasinfo.org\/?p=26594#primaryimage"},"image":{"@id":"https:\/\/veritasinfo.org\/?p=26594#primaryimage"},"thumbnailUrl":"https:\/\/veritasinfo.org\/wp-content\/uploads\/2026\/01\/image-4.webp","datePublished":"2026-01-05T17:52:14+00:00","author":{"@id":"https:\/\/veritasinfo.org\/#\/schema\/person\/fe199eede04c3937362892b7444747cc"},"breadcrumb":{"@id":"https:\/\/veritasinfo.org\/?p=26594#breadcrumb"},"inLanguage":"en-US","potentialAction":[{"@type":"ReadAction","target":["https:\/\/veritasinfo.org\/?p=26594"]}]},{"@type":"ImageObject","inLanguage":"en-US","@id":"https:\/\/veritasinfo.org\/?p=26594#primaryimage","url":"https:\/\/veritasinfo.org\/wp-content\/uploads\/2026\/01\/image-4.webp","contentUrl":"https:\/\/veritasinfo.org\/wp-content\/uploads\/2026\/01\/image-4.webp","width":1245,"height":700},{"@type":"BreadcrumbList","@id":"https:\/\/veritasinfo.org\/?p=26594#breadcrumb","itemListElement":[{"@type":"ListItem","position":1,"name":"Home","item":"https:\/\/veritasinfo.org\/"},{"@type":"ListItem","position":2,"name":"Ambasadori rus n\u00eb Serbi shp\u00ebrndan dezinformata p\u00ebr \u201cspastrimin etnik t\u00eb serb\u00ebve\u201d n\u00eb Kosov\u00eb"}]},{"@type":"WebSite","@id":"https:\/\/veritasinfo.org\/#website","url":"https:\/\/veritasinfo.org\/","name":"","description":"","potentialAction":[{"@type":"SearchAction","target":{"@type":"EntryPoint","urlTemplate":"https:\/\/veritasinfo.org\/?s={search_term_string}"},"query-input":{"@type":"PropertyValueSpecification","valueRequired":true,"valueName":"search_term_string"}}],"inLanguage":"en-US"},{"@type":"Person","@id":"https:\/\/veritasinfo.org\/#\/schema\/person\/fe199eede04c3937362892b7444747cc","name":"US6","image":{"@type":"ImageObject","inLanguage":"en-US","@id":"https:\/\/veritasinfo.org\/#\/schema\/person\/image\/","url":"https:\/\/secure.gravatar.com\/avatar\/cb16c3c31c9d23b9b8c705964598220b3014e42ff51eb540ff23cefa3ae8c15f?s=96&d=mm&r=g","contentUrl":"https:\/\/secure.gravatar.com\/avatar\/cb16c3c31c9d23b9b8c705964598220b3014e42ff51eb540ff23cefa3ae8c15f?s=96&d=mm&r=g","caption":"US6"},"url":"https:\/\/veritasinfo.org\/?author=7"}]}},"featured_image_urls":{"full":["https:\/\/veritasinfo.org\/wp-content\/uploads\/2026\/01\/image-4.webp",1245,700,false],"thumbnail":["https:\/\/veritasinfo.org\/wp-content\/uploads\/2026\/01\/image-4-150x150.webp",150,150,true],"medium":["https:\/\/veritasinfo.org\/wp-content\/uploads\/2026\/01\/image-4-300x169.webp",300,169,true],"medium_large":["https:\/\/veritasinfo.org\/wp-content\/uploads\/2026\/01\/image-4-768x432.webp",640,360,true],"large":["https:\/\/veritasinfo.org\/wp-content\/uploads\/2026\/01\/image-4-1024x576.webp",640,360,true],"1536x1536":["https:\/\/veritasinfo.org\/wp-content\/uploads\/2026\/01\/image-4.webp",1245,700,false],"2048x2048":["https:\/\/veritasinfo.org\/wp-content\/uploads\/2026\/01\/image-4.webp",1245,700,false],"kreeti-slider-full":["https:\/\/veritasinfo.org\/wp-content\/uploads\/2026\/01\/image-4.webp",1245,700,false],"kreeti-featured":["https:\/\/veritasinfo.org\/wp-content\/uploads\/2026\/01\/image-4.webp",1024,576,false],"kreeti-medium":["https:\/\/veritasinfo.org\/wp-content\/uploads\/2026\/01\/image-4.webp",720,405,false],"kreeti-medium-square":["https:\/\/veritasinfo.org\/wp-content\/uploads\/2026\/01\/image-4.webp",350,197,false]},"author_info":{"info":["US6"]},"category_info":"<a href=\"https:\/\/veritasinfo.org\/?cat=58\" rel=\"category\">Politik\u00eb<\/a>","tag_info":"Politik\u00eb","comment_count":"0","_links":{"self":[{"href":"https:\/\/veritasinfo.org\/index.php?rest_route=\/wp\/v2\/posts\/26594","targetHints":{"allow":["GET"]}}],"collection":[{"href":"https:\/\/veritasinfo.org\/index.php?rest_route=\/wp\/v2\/posts"}],"about":[{"href":"https:\/\/veritasinfo.org\/index.php?rest_route=\/wp\/v2\/types\/post"}],"author":[{"embeddable":true,"href":"https:\/\/veritasinfo.org\/index.php?rest_route=\/wp\/v2\/users\/7"}],"replies":[{"embeddable":true,"href":"https:\/\/veritasinfo.org\/index.php?rest_route=%2Fwp%2Fv2%2Fcomments&post=26594"}],"version-history":[{"count":1,"href":"https:\/\/veritasinfo.org\/index.php?rest_route=\/wp\/v2\/posts\/26594\/revisions"}],"predecessor-version":[{"id":26596,"href":"https:\/\/veritasinfo.org\/index.php?rest_route=\/wp\/v2\/posts\/26594\/revisions\/26596"}],"wp:featuredmedia":[{"embeddable":true,"href":"https:\/\/veritasinfo.org\/index.php?rest_route=\/wp\/v2\/media\/26595"}],"wp:attachment":[{"href":"https:\/\/veritasinfo.org\/index.php?rest_route=%2Fwp%2Fv2%2Fmedia&parent=26594"}],"wp:term":[{"taxonomy":"category","embeddable":true,"href":"https:\/\/veritasinfo.org\/index.php?rest_route=%2Fwp%2Fv2%2Fcategories&post=26594"},{"taxonomy":"post_tag","embeddable":true,"href":"https:\/\/veritasinfo.org\/index.php?rest_route=%2Fwp%2Fv2%2Ftags&post=26594"}],"curies":[{"name":"wp","href":"https:\/\/api.w.org\/{rel}","templated":true}]}}