{"id":26584,"date":"2026-01-05T18:02:08","date_gmt":"2026-01-05T17:02:08","guid":{"rendered":"https:\/\/veritasinfo.org\/?p=26584"},"modified":"2026-01-05T18:02:08","modified_gmt":"2026-01-05T17:02:08","slug":"permbyllet-procesi-i-terheqjes-se-fletevotimeve-nga-diaspora","status":"publish","type":"post","link":"https:\/\/veritasinfo.org\/?p=26584","title":{"rendered":"P\u00ebrmbyllet procesi i t\u00ebrheqjes s\u00eb flet\u00ebvotimeve nga diaspora"},"content":{"rendered":"<p><strong>Prishtin\u00eb, 5 janar 2026 18:02<\/strong><\/p>\n<p>Komisioni Qendror i Zgjedhjeve (KQZ) ka p\u00ebrfunduar sot procesin e t\u00ebrheqjes s\u00eb pakove me flet\u00ebvotime nga kutit\u00eb postare jasht\u00eb Kosov\u00ebs, t\u00eb destinuara p\u00ebr votimin me post\u00eb n\u00eb zgjedhjet e parakohshme parlamentare t\u00eb 28 dhjetorit 2025.<\/p>\n<p>Z\u00ebdh\u00ebn\u00ebsi i KQZ-s\u00eb, Valmir Elezi, ka b\u00ebr\u00eb t\u00eb ditur se nga dhjetori i vitit 2025 deri m\u00eb 5 janar 2026 jan\u00eb t\u00ebrhequr gjithsej 48,602 pako me flet\u00ebvotime, nd\u00ebrkoh\u00eb q\u00eb rreth 58 mij\u00eb shtetas t\u00eb Kosov\u00ebs ishin regjistruar p\u00ebr t\u00eb votuar p\u00ebrmes post\u00ebs.<\/p>\n<p>Sipas Elezit, m\u00eb 23 dhe 29 dhjetor 2025 nga kutit\u00eb postare n\u00eb Berlin dhe Bern\u00eb jan\u00eb t\u00ebrhequr 28,555 pako. Pas vler\u00ebsimit, 27,600 prej tyre jan\u00eb aprovuar, nd\u00ebrsa 955 jan\u00eb refuzuar p\u00ebr shkak t\u00eb munges\u00ebs s\u00eb dokumentacionit t\u00eb nevojsh\u00ebm, kryesisht d\u00ebftes\u00ebs s\u00eb regjistrimit t\u00eb votuesit. Num\u00ebrimi i k\u00ebtyre flet\u00ebvotimeve ka nisur m\u00eb 3 janar dhe pritet t\u00eb p\u00ebrfundoj\u00eb gjat\u00eb dit\u00ebs s\u00eb 5 janarit.<\/p>\n<p>Procesi ka vazhduar m\u00eb 2 janar 2026, kur nga kutit\u00eb postare n\u00eb disa qytete nd\u00ebrkomb\u00ebtare, p\u00ebrfshir\u00eb Prag\u00ebn, Londr\u00ebn, Parisin, Stambollin, New York-un dhe Kanberr\u00ebn, jan\u00eb t\u00ebrhequr edhe 8,180 pako t\u00eb tjera, t\u00eb cilat tashm\u00eb jan\u00eb transportuar n\u00eb Kosov\u00eb.<\/p>\n<p>Nd\u00ebrkaq, m\u00eb 5 janar \u00ebsht\u00eb p\u00ebrmbyllur t\u00ebrheqja e fundit e pakove nga 13 kuti postare t\u00eb vendosura n\u00eb qytete t\u00eb ndryshme evropiane dhe rajonale, prej nga jan\u00eb mbledhur edhe 11,867 pako me flet\u00ebvotime.<\/p>\n<p>KQZ ka njoftuar se t\u00eb gjitha pakot e t\u00ebrhequra m\u00eb 2 dhe 5 janar do t\u2019i n\u00ebnshtrohen procesit t\u00eb verifikimit dhe vet\u00ebm ato q\u00eb plot\u00ebsojn\u00eb kriteret ligjore do t\u00eb num\u00ebrohen n\u00eb Qendr\u00ebn e Num\u00ebrimit dhe Rezultateve.<\/p>\n<p>P\u00ebr leht\u00ebsimin e votimit nga jasht\u00eb vendit, KQZ kishte funksionalizuar kuti postare n\u00eb 23 shtete t\u00eb ndryshme t\u00eb bot\u00ebs.<\/p>\n<p>&nbsp;<\/p>\n","protected":false},"excerpt":{"rendered":"<p>Prishtin\u00eb, 5 janar 2026 18:02 Komisioni Qendror i Zgjedhjeve (KQZ) ka p\u00ebrfunduar sot procesin e t\u00ebrheqjes s\u00eb pakove me flet\u00ebvotime nga kutit\u00eb postare jasht\u00eb Kosov\u00ebs,<\/p>\n","protected":false},"author":7,"featured_media":26585,"comment_status":"open","ping_status":"open","sticky":false,"template":"","format":"standard","meta":{"footnotes":""},"categories":[8],"tags":[],"class_list":["post-26584","post","type-post","status-publish","format-standard","has-post-thumbnail","hentry","category-blog-sq"],"yoast_head":"<!-- This site is optimized with the Yoast SEO plugin v25.3.1 - https:\/\/yoast.com\/wordpress\/plugins\/seo\/ -->\n<title>P\u00ebrmbyllet procesi i t\u00ebrheqjes s\u00eb flet\u00ebvotimeve nga diaspora -<\/title>\n<meta name=\"robots\" content=\"index, follow, max-snippet:-1, max-image-preview:large, max-video-preview:-1\" \/>\n<link rel=\"canonical\" href=\"https:\/\/veritasinfo.org\/?p=26584\" \/>\n<meta property=\"og:locale\" content=\"en_US\" \/>\n<meta property=\"og:type\" content=\"article\" \/>\n<meta property=\"og:title\" content=\"P\u00ebrmbyllet procesi i t\u00ebrheqjes s\u00eb flet\u00ebvotimeve nga diaspora -\" \/>\n<meta property=\"og:description\" content=\"Prishtin\u00eb, 5 janar 2026 18:02 Komisioni Qendror i Zgjedhjeve (KQZ) ka p\u00ebrfunduar sot procesin e t\u00ebrheqjes s\u00eb pakove me flet\u00ebvotime nga kutit\u00eb postare jasht\u00eb Kosov\u00ebs,\" \/>\n<meta property=\"og:url\" content=\"https:\/\/veritasinfo.org\/?p=26584\" \/>\n<meta property=\"article:published_time\" content=\"2026-01-05T17:02:08+00:00\" \/>\n<meta property=\"og:image\" content=\"https:\/\/veritasinfo.org\/wp-content\/uploads\/2026\/01\/713642-DomI7EWtj6.jpg\" \/>\n\t<meta property=\"og:image:width\" content=\"780\" \/>\n\t<meta property=\"og:image:height\" content=\"500\" \/>\n\t<meta property=\"og:image:type\" content=\"image\/jpeg\" \/>\n<meta name=\"author\" content=\"US6\" \/>\n<meta name=\"twitter:card\" content=\"summary_large_image\" \/>\n<meta name=\"twitter:label1\" content=\"Written by\" \/>\n\t<meta name=\"twitter:data1\" content=\"US6\" \/>\n\t<meta name=\"twitter:label2\" content=\"Est. reading time\" \/>\n\t<meta name=\"twitter:data2\" content=\"2 minutes\" \/>\n<script type=\"application\/ld+json\" class=\"yoast-schema-graph\">{\"@context\":\"https:\/\/schema.org\",\"@graph\":[{\"@type\":\"WebPage\",\"@id\":\"https:\/\/veritasinfo.org\/?p=26584\",\"url\":\"https:\/\/veritasinfo.org\/?p=26584\",\"name\":\"P\u00ebrmbyllet procesi i t\u00ebrheqjes s\u00eb flet\u00ebvotimeve nga diaspora -\",\"isPartOf\":{\"@id\":\"https:\/\/veritasinfo.org\/#website\"},\"primaryImageOfPage\":{\"@id\":\"https:\/\/veritasinfo.org\/?p=26584#primaryimage\"},\"image\":{\"@id\":\"https:\/\/veritasinfo.org\/?p=26584#primaryimage\"},\"thumbnailUrl\":\"https:\/\/veritasinfo.org\/wp-content\/uploads\/2026\/01\/713642-DomI7EWtj6.jpg\",\"datePublished\":\"2026-01-05T17:02:08+00:00\",\"author\":{\"@id\":\"https:\/\/veritasinfo.org\/#\/schema\/person\/fe199eede04c3937362892b7444747cc\"},\"breadcrumb\":{\"@id\":\"https:\/\/veritasinfo.org\/?p=26584#breadcrumb\"},\"inLanguage\":\"en-US\",\"potentialAction\":[{\"@type\":\"ReadAction\",\"target\":[\"https:\/\/veritasinfo.org\/?p=26584\"]}]},{\"@type\":\"ImageObject\",\"inLanguage\":\"en-US\",\"@id\":\"https:\/\/veritasinfo.org\/?p=26584#primaryimage\",\"url\":\"https:\/\/veritasinfo.org\/wp-content\/uploads\/2026\/01\/713642-DomI7EWtj6.jpg\",\"contentUrl\":\"https:\/\/veritasinfo.org\/wp-content\/uploads\/2026\/01\/713642-DomI7EWtj6.jpg\",\"width\":780,\"height\":500},{\"@type\":\"BreadcrumbList\",\"@id\":\"https:\/\/veritasinfo.org\/?p=26584#breadcrumb\",\"itemListElement\":[{\"@type\":\"ListItem\",\"position\":1,\"name\":\"Home\",\"item\":\"https:\/\/veritasinfo.org\/\"},{\"@type\":\"ListItem\",\"position\":2,\"name\":\"P\u00ebrmbyllet procesi i t\u00ebrheqjes s\u00eb flet\u00ebvotimeve nga diaspora\"}]},{\"@type\":\"WebSite\",\"@id\":\"https:\/\/veritasinfo.org\/#website\",\"url\":\"https:\/\/veritasinfo.org\/\",\"name\":\"\",\"description\":\"\",\"potentialAction\":[{\"@type\":\"SearchAction\",\"target\":{\"@type\":\"EntryPoint\",\"urlTemplate\":\"https:\/\/veritasinfo.org\/?s={search_term_string}\"},\"query-input\":{\"@type\":\"PropertyValueSpecification\",\"valueRequired\":true,\"valueName\":\"search_term_string\"}}],\"inLanguage\":\"en-US\"},{\"@type\":\"Person\",\"@id\":\"https:\/\/veritasinfo.org\/#\/schema\/person\/fe199eede04c3937362892b7444747cc\",\"name\":\"US6\",\"image\":{\"@type\":\"ImageObject\",\"inLanguage\":\"en-US\",\"@id\":\"https:\/\/veritasinfo.org\/#\/schema\/person\/image\/\",\"url\":\"https:\/\/secure.gravatar.com\/avatar\/cb16c3c31c9d23b9b8c705964598220b3014e42ff51eb540ff23cefa3ae8c15f?s=96&d=mm&r=g\",\"contentUrl\":\"https:\/\/secure.gravatar.com\/avatar\/cb16c3c31c9d23b9b8c705964598220b3014e42ff51eb540ff23cefa3ae8c15f?s=96&d=mm&r=g\",\"caption\":\"US6\"},\"url\":\"https:\/\/veritasinfo.org\/?author=7\"}]}<\/script>\n<!-- \/ Yoast SEO plugin. -->","yoast_head_json":{"title":"P\u00ebrmbyllet procesi i t\u00ebrheqjes s\u00eb flet\u00ebvotimeve nga diaspora -","robots":{"index":"index","follow":"follow","max-snippet":"max-snippet:-1","max-image-preview":"max-image-preview:large","max-video-preview":"max-video-preview:-1"},"canonical":"https:\/\/veritasinfo.org\/?p=26584","og_locale":"en_US","og_type":"article","og_title":"P\u00ebrmbyllet procesi i t\u00ebrheqjes s\u00eb flet\u00ebvotimeve nga diaspora -","og_description":"Prishtin\u00eb, 5 janar 2026 18:02 Komisioni Qendror i Zgjedhjeve (KQZ) ka p\u00ebrfunduar sot procesin e t\u00ebrheqjes s\u00eb pakove me flet\u00ebvotime nga kutit\u00eb postare jasht\u00eb Kosov\u00ebs,","og_url":"https:\/\/veritasinfo.org\/?p=26584","article_published_time":"2026-01-05T17:02:08+00:00","og_image":[{"width":780,"height":500,"url":"https:\/\/veritasinfo.org\/wp-content\/uploads\/2026\/01\/713642-DomI7EWtj6.jpg","type":"image\/jpeg"}],"author":"US6","twitter_card":"summary_large_image","twitter_misc":{"Written by":"US6","Est. reading time":"2 minutes"},"schema":{"@context":"https:\/\/schema.org","@graph":[{"@type":"WebPage","@id":"https:\/\/veritasinfo.org\/?p=26584","url":"https:\/\/veritasinfo.org\/?p=26584","name":"P\u00ebrmbyllet procesi i t\u00ebrheqjes s\u00eb flet\u00ebvotimeve nga diaspora -","isPartOf":{"@id":"https:\/\/veritasinfo.org\/#website"},"primaryImageOfPage":{"@id":"https:\/\/veritasinfo.org\/?p=26584#primaryimage"},"image":{"@id":"https:\/\/veritasinfo.org\/?p=26584#primaryimage"},"thumbnailUrl":"https:\/\/veritasinfo.org\/wp-content\/uploads\/2026\/01\/713642-DomI7EWtj6.jpg","datePublished":"2026-01-05T17:02:08+00:00","author":{"@id":"https:\/\/veritasinfo.org\/#\/schema\/person\/fe199eede04c3937362892b7444747cc"},"breadcrumb":{"@id":"https:\/\/veritasinfo.org\/?p=26584#breadcrumb"},"inLanguage":"en-US","potentialAction":[{"@type":"ReadAction","target":["https:\/\/veritasinfo.org\/?p=26584"]}]},{"@type":"ImageObject","inLanguage":"en-US","@id":"https:\/\/veritasinfo.org\/?p=26584#primaryimage","url":"https:\/\/veritasinfo.org\/wp-content\/uploads\/2026\/01\/713642-DomI7EWtj6.jpg","contentUrl":"https:\/\/veritasinfo.org\/wp-content\/uploads\/2026\/01\/713642-DomI7EWtj6.jpg","width":780,"height":500},{"@type":"BreadcrumbList","@id":"https:\/\/veritasinfo.org\/?p=26584#breadcrumb","itemListElement":[{"@type":"ListItem","position":1,"name":"Home","item":"https:\/\/veritasinfo.org\/"},{"@type":"ListItem","position":2,"name":"P\u00ebrmbyllet procesi i t\u00ebrheqjes s\u00eb flet\u00ebvotimeve nga diaspora"}]},{"@type":"WebSite","@id":"https:\/\/veritasinfo.org\/#website","url":"https:\/\/veritasinfo.org\/","name":"","description":"","potentialAction":[{"@type":"SearchAction","target":{"@type":"EntryPoint","urlTemplate":"https:\/\/veritasinfo.org\/?s={search_term_string}"},"query-input":{"@type":"PropertyValueSpecification","valueRequired":true,"valueName":"search_term_string"}}],"inLanguage":"en-US"},{"@type":"Person","@id":"https:\/\/veritasinfo.org\/#\/schema\/person\/fe199eede04c3937362892b7444747cc","name":"US6","image":{"@type":"ImageObject","inLanguage":"en-US","@id":"https:\/\/veritasinfo.org\/#\/schema\/person\/image\/","url":"https:\/\/secure.gravatar.com\/avatar\/cb16c3c31c9d23b9b8c705964598220b3014e42ff51eb540ff23cefa3ae8c15f?s=96&d=mm&r=g","contentUrl":"https:\/\/secure.gravatar.com\/avatar\/cb16c3c31c9d23b9b8c705964598220b3014e42ff51eb540ff23cefa3ae8c15f?s=96&d=mm&r=g","caption":"US6"},"url":"https:\/\/veritasinfo.org\/?author=7"}]}},"featured_image_urls":{"full":["https:\/\/veritasinfo.org\/wp-content\/uploads\/2026\/01\/713642-DomI7EWtj6.jpg",780,500,false],"thumbnail":["https:\/\/veritasinfo.org\/wp-content\/uploads\/2026\/01\/713642-DomI7EWtj6-150x150.jpg",150,150,true],"medium":["https:\/\/veritasinfo.org\/wp-content\/uploads\/2026\/01\/713642-DomI7EWtj6-300x192.jpg",300,192,true],"medium_large":["https:\/\/veritasinfo.org\/wp-content\/uploads\/2026\/01\/713642-DomI7EWtj6-768x492.jpg",640,410,true],"large":["https:\/\/veritasinfo.org\/wp-content\/uploads\/2026\/01\/713642-DomI7EWtj6.jpg",640,410,false],"1536x1536":["https:\/\/veritasinfo.org\/wp-content\/uploads\/2026\/01\/713642-DomI7EWtj6.jpg",780,500,false],"2048x2048":["https:\/\/veritasinfo.org\/wp-content\/uploads\/2026\/01\/713642-DomI7EWtj6.jpg",780,500,false],"kreeti-slider-full":["https:\/\/veritasinfo.org\/wp-content\/uploads\/2026\/01\/713642-DomI7EWtj6.jpg",780,500,false],"kreeti-featured":["https:\/\/veritasinfo.org\/wp-content\/uploads\/2026\/01\/713642-DomI7EWtj6.jpg",780,500,false],"kreeti-medium":["https:\/\/veritasinfo.org\/wp-content\/uploads\/2026\/01\/713642-DomI7EWtj6.jpg",720,462,false],"kreeti-medium-square":["https:\/\/veritasinfo.org\/wp-content\/uploads\/2026\/01\/713642-DomI7EWtj6.jpg",350,224,false]},"author_info":{"info":["US6"]},"category_info":"<a href=\"https:\/\/veritasinfo.org\/?cat=8\" rel=\"category\">Zgjedhjet parlamentare 2025<\/a>","tag_info":"Zgjedhjet parlamentare 2025","comment_count":"0","_links":{"self":[{"href":"https:\/\/veritasinfo.org\/index.php?rest_route=\/wp\/v2\/posts\/26584","targetHints":{"allow":["GET"]}}],"collection":[{"href":"https:\/\/veritasinfo.org\/index.php?rest_route=\/wp\/v2\/posts"}],"about":[{"href":"https:\/\/veritasinfo.org\/index.php?rest_route=\/wp\/v2\/types\/post"}],"author":[{"embeddable":true,"href":"https:\/\/veritasinfo.org\/index.php?rest_route=\/wp\/v2\/users\/7"}],"replies":[{"embeddable":true,"href":"https:\/\/veritasinfo.org\/index.php?rest_route=%2Fwp%2Fv2%2Fcomments&post=26584"}],"version-history":[{"count":1,"href":"https:\/\/veritasinfo.org\/index.php?rest_route=\/wp\/v2\/posts\/26584\/revisions"}],"predecessor-version":[{"id":26586,"href":"https:\/\/veritasinfo.org\/index.php?rest_route=\/wp\/v2\/posts\/26584\/revisions\/26586"}],"wp:featuredmedia":[{"embeddable":true,"href":"https:\/\/veritasinfo.org\/index.php?rest_route=\/wp\/v2\/media\/26585"}],"wp:attachment":[{"href":"https:\/\/veritasinfo.org\/index.php?rest_route=%2Fwp%2Fv2%2Fmedia&parent=26584"}],"wp:term":[{"taxonomy":"category","embeddable":true,"href":"https:\/\/veritasinfo.org\/index.php?rest_route=%2Fwp%2Fv2%2Fcategories&post=26584"},{"taxonomy":"post_tag","embeddable":true,"href":"https:\/\/veritasinfo.org\/index.php?rest_route=%2Fwp%2Fv2%2Ftags&post=26584"}],"curies":[{"name":"wp","href":"https:\/\/api.w.org\/{rel}","templated":true}]}}