{"id":26574,"date":"2026-01-05T15:23:10","date_gmt":"2026-01-05T14:23:10","guid":{"rendered":"https:\/\/veritasinfo.org\/?p=26574"},"modified":"2026-01-05T15:23:10","modified_gmt":"2026-01-05T14:23:10","slug":"vuciq-zagrebi-dhe-prishtina-duan-te-me-rrezojne-une-sjam-sllobodan-millosheviqi","status":"publish","type":"post","link":"https:\/\/veritasinfo.org\/?p=26574","title":{"rendered":"Vu\u00e7iq: Zagrebi dhe Prishtina duan t\u00eb m\u00eb rr\u00ebzojn\u00eb, un\u00eb s\u2019jam Sllobodan Millosheviqi"},"content":{"rendered":"<p>Prishtin\u00eb 05 Janar 2026 15:21<\/p>\n<p>Presidenti serb Aleksandar Vu\u00e7i\u00e7 mori pjes\u00eb t\u00eb h\u00ebn\u00ebn n\u00eb hapjen e nj\u00eb spitali t\u00eb ri n\u00eb Trebinje. Nga aty, Vu\u00e7iq ka th\u00ebn\u00eb se shtetet e rajonit po punojn\u00eb p\u00ebr ta rr\u00ebzuar at\u00eb. Nd\u00ebr t\u00eb tjera ai e akuzoi edhe Prishtin\u00ebn zyrtare.<\/p>\n<p>\u201cNjer\u00ebzit n\u00eb Serbi e duan Republik\u00ebn Srpska dhe nuk turp\u00ebrohen ta thon\u00eb k\u00ebt\u00eb. \u00cbsht\u00eb m\u00eb mir\u00eb t\u00eb jetosh si skifter p\u00ebr nj\u00eb dit\u00eb sesa t\u00eb fshihesh si mi p\u00ebr pjes\u00ebn tjet\u00ebr t\u00eb jet\u00ebs. Fushata m\u00eb e ndyr\u00eb po zhvillohet kund\u00ebr Serbis\u00eb kudo n\u00eb rajon, jo vet\u00ebm n\u00eb Prishtin\u00eb dhe Zagreb, por edhe n\u00eb Sarajev\u00eb dhe Podgoric\u00eb. Serbia do t\u00eb b\u00ebj\u00eb gjith\u00e7ka p\u00ebr t\u00eb ruajtur paqen dhe ne mund ta b\u00ebjm\u00eb k\u00ebt\u00eb vet\u00ebm n\u00ebse jemi nj\u00eb penges\u00eb mjaftuesh\u00ebm e fort\u00eb.<br \/>\nKroacia po punon s\u00eb bashkume Kosov\u00ebn dhe Shqip\u00ebrin\u00eb p\u00ebr t\u00eb na shkat\u00ebrruar dhe po p\u00ebrb\u00ebjn\u00eb nj\u00eb k\u00ebrc\u00ebnim ushtarak. Ne do t\u00eb vazhdojm\u00eb t\u00eb forcojm\u00eb kapacitetet ushtarake.<br \/>\nDo ta dyfishojm\u00eb forc\u00ebn ton\u00eb ushtarake, e cila tani \u00ebsht\u00eb e dyta me rritjen m\u00eb t\u00eb shpejt\u00eb n\u00eb bot\u00eb, n\u00eb dy vitet e ardhshme, sepse e dim\u00eb shum\u00eb mir\u00eb se \u00e7far\u00eb \u00ebsht\u00eb liria. Liria \u00ebsht\u00eb gj\u00ebja m\u00eb e r\u00ebnd\u00ebsishme p\u00ebr nj\u00eb serb. Do ta ruajm\u00eb at\u00eb, pa rrezikuar ask\u00ebnd. Vitin e kaluar b\u00ebt\u00eb gjith\u00e7ka p\u00ebr t\u00eb m\u00eb rr\u00ebzuar me ndihm\u00ebn e nj\u00eb faktori t\u00eb jasht\u00ebm. D\u00ebshtuat. Un\u00eb nuk jam Slobodan Millosheviq , nuk jam as naiv dhe as budalla q\u00eb t\u2019ju besoj. Ne po ruajm\u00eb paqen, por do t\u00eb jemi t\u00eb gatsh\u00ebm t\u2019i japim nj\u00eb p\u00ebrgjigje adekuate \u00e7do agresori. Aq t\u00eb fort\u00eb sa nuk do t\u2019u ndodh\u00eb m\u00eb kurr\u00eb. Amerika ka filluar t\u00eb mbroj\u00eb interesat e saj. \u00c7far\u00eb do t\u00eb b\u00ebjm\u00eb kur t\u00eb thon\u00eb se u duhet Grenlanda? Nuk do t\u00eb nd\u00ebrhyjm\u00eb n\u00eb k\u00ebt\u00eb, le t\u00eb vendosin vet\u00eb. Do t\u2019i pyesim se \u00e7far\u00eb ndodhi me Kosov\u00ebn\u201d \u2013 tha Vu\u00e7iq.<\/p>\n","protected":false},"excerpt":{"rendered":"<p>Prishtin\u00eb 05 Janar 2026 15:21 Presidenti serb Aleksandar Vu\u00e7i\u00e7 mori pjes\u00eb t\u00eb h\u00ebn\u00ebn n\u00eb hapjen e nj\u00eb spitali t\u00eb ri n\u00eb Trebinje. Nga aty, Vu\u00e7iq<\/p>\n","protected":false},"author":6,"featured_media":26575,"comment_status":"open","ping_status":"open","sticky":false,"template":"","format":"standard","meta":{"footnotes":""},"categories":[58],"tags":[],"class_list":["post-26574","post","type-post","status-publish","format-standard","has-post-thumbnail","hentry","category-politike-sq"],"yoast_head":"<!-- This site is optimized with the Yoast SEO plugin v25.3.1 - https:\/\/yoast.com\/wordpress\/plugins\/seo\/ -->\n<title>Vu\u00e7iq: Zagrebi dhe Prishtina duan t\u00eb m\u00eb rr\u00ebzojn\u00eb, un\u00eb s\u2019jam Sllobodan Millosheviqi -<\/title>\n<meta name=\"robots\" content=\"index, follow, max-snippet:-1, max-image-preview:large, max-video-preview:-1\" \/>\n<link rel=\"canonical\" href=\"https:\/\/veritasinfo.org\/?p=26574\" \/>\n<meta property=\"og:locale\" content=\"en_US\" \/>\n<meta property=\"og:type\" content=\"article\" \/>\n<meta property=\"og:title\" content=\"Vu\u00e7iq: Zagrebi dhe Prishtina duan t\u00eb m\u00eb rr\u00ebzojn\u00eb, un\u00eb s\u2019jam Sllobodan Millosheviqi -\" \/>\n<meta property=\"og:description\" content=\"Prishtin\u00eb 05 Janar 2026 15:21 Presidenti serb Aleksandar Vu\u00e7i\u00e7 mori pjes\u00eb t\u00eb h\u00ebn\u00ebn n\u00eb hapjen e nj\u00eb spitali t\u00eb ri n\u00eb Trebinje. Nga aty, Vu\u00e7iq\" \/>\n<meta property=\"og:url\" content=\"https:\/\/veritasinfo.org\/?p=26574\" \/>\n<meta property=\"article:published_time\" content=\"2026-01-05T14:23:10+00:00\" \/>\n<meta property=\"og:image\" content=\"https:\/\/veritasinfo.org\/wp-content\/uploads\/2026\/01\/37781411.jpg\" \/>\n\t<meta property=\"og:image:width\" content=\"670\" \/>\n\t<meta property=\"og:image:height\" content=\"474\" \/>\n\t<meta property=\"og:image:type\" content=\"image\/jpeg\" \/>\n<meta name=\"author\" content=\"US5\" \/>\n<meta name=\"twitter:card\" content=\"summary_large_image\" \/>\n<meta name=\"twitter:label1\" content=\"Written by\" \/>\n\t<meta name=\"twitter:data1\" content=\"US5\" \/>\n<script type=\"application\/ld+json\" class=\"yoast-schema-graph\">{\"@context\":\"https:\/\/schema.org\",\"@graph\":[{\"@type\":\"WebPage\",\"@id\":\"https:\/\/veritasinfo.org\/?p=26574\",\"url\":\"https:\/\/veritasinfo.org\/?p=26574\",\"name\":\"Vu\u00e7iq: Zagrebi dhe Prishtina duan t\u00eb m\u00eb rr\u00ebzojn\u00eb, un\u00eb s\u2019jam Sllobodan Millosheviqi -\",\"isPartOf\":{\"@id\":\"https:\/\/veritasinfo.org\/#website\"},\"primaryImageOfPage\":{\"@id\":\"https:\/\/veritasinfo.org\/?p=26574#primaryimage\"},\"image\":{\"@id\":\"https:\/\/veritasinfo.org\/?p=26574#primaryimage\"},\"thumbnailUrl\":\"https:\/\/veritasinfo.org\/wp-content\/uploads\/2026\/01\/37781411.jpg\",\"datePublished\":\"2026-01-05T14:23:10+00:00\",\"author\":{\"@id\":\"https:\/\/veritasinfo.org\/#\/schema\/person\/bc442336e35414d04494ab8fb45db4c6\"},\"breadcrumb\":{\"@id\":\"https:\/\/veritasinfo.org\/?p=26574#breadcrumb\"},\"inLanguage\":\"en-US\",\"potentialAction\":[{\"@type\":\"ReadAction\",\"target\":[\"https:\/\/veritasinfo.org\/?p=26574\"]}]},{\"@type\":\"ImageObject\",\"inLanguage\":\"en-US\",\"@id\":\"https:\/\/veritasinfo.org\/?p=26574#primaryimage\",\"url\":\"https:\/\/veritasinfo.org\/wp-content\/uploads\/2026\/01\/37781411.jpg\",\"contentUrl\":\"https:\/\/veritasinfo.org\/wp-content\/uploads\/2026\/01\/37781411.jpg\",\"width\":670,\"height\":474},{\"@type\":\"BreadcrumbList\",\"@id\":\"https:\/\/veritasinfo.org\/?p=26574#breadcrumb\",\"itemListElement\":[{\"@type\":\"ListItem\",\"position\":1,\"name\":\"Home\",\"item\":\"https:\/\/veritasinfo.org\/\"},{\"@type\":\"ListItem\",\"position\":2,\"name\":\"Vu\u00e7iq: Zagrebi dhe Prishtina duan t\u00eb m\u00eb rr\u00ebzojn\u00eb, un\u00eb s\u2019jam Sllobodan Millosheviqi\"}]},{\"@type\":\"WebSite\",\"@id\":\"https:\/\/veritasinfo.org\/#website\",\"url\":\"https:\/\/veritasinfo.org\/\",\"name\":\"\",\"description\":\"\",\"potentialAction\":[{\"@type\":\"SearchAction\",\"target\":{\"@type\":\"EntryPoint\",\"urlTemplate\":\"https:\/\/veritasinfo.org\/?s={search_term_string}\"},\"query-input\":{\"@type\":\"PropertyValueSpecification\",\"valueRequired\":true,\"valueName\":\"search_term_string\"}}],\"inLanguage\":\"en-US\"},{\"@type\":\"Person\",\"@id\":\"https:\/\/veritasinfo.org\/#\/schema\/person\/bc442336e35414d04494ab8fb45db4c6\",\"name\":\"US5\",\"image\":{\"@type\":\"ImageObject\",\"inLanguage\":\"en-US\",\"@id\":\"https:\/\/veritasinfo.org\/#\/schema\/person\/image\/\",\"url\":\"https:\/\/secure.gravatar.com\/avatar\/16a61e7272a0c5d001121ebb9e60e925d5816e4ac1e443ed3e640d9a6ae55d0c?s=96&d=mm&r=g\",\"contentUrl\":\"https:\/\/secure.gravatar.com\/avatar\/16a61e7272a0c5d001121ebb9e60e925d5816e4ac1e443ed3e640d9a6ae55d0c?s=96&d=mm&r=g\",\"caption\":\"US5\"},\"url\":\"https:\/\/veritasinfo.org\/?author=6\"}]}<\/script>\n<!-- \/ Yoast SEO plugin. -->","yoast_head_json":{"title":"Vu\u00e7iq: Zagrebi dhe Prishtina duan t\u00eb m\u00eb rr\u00ebzojn\u00eb, un\u00eb s\u2019jam Sllobodan Millosheviqi -","robots":{"index":"index","follow":"follow","max-snippet":"max-snippet:-1","max-image-preview":"max-image-preview:large","max-video-preview":"max-video-preview:-1"},"canonical":"https:\/\/veritasinfo.org\/?p=26574","og_locale":"en_US","og_type":"article","og_title":"Vu\u00e7iq: Zagrebi dhe Prishtina duan t\u00eb m\u00eb rr\u00ebzojn\u00eb, un\u00eb s\u2019jam Sllobodan Millosheviqi -","og_description":"Prishtin\u00eb 05 Janar 2026 15:21 Presidenti serb Aleksandar Vu\u00e7i\u00e7 mori pjes\u00eb t\u00eb h\u00ebn\u00ebn n\u00eb hapjen e nj\u00eb spitali t\u00eb ri n\u00eb Trebinje. Nga aty, Vu\u00e7iq","og_url":"https:\/\/veritasinfo.org\/?p=26574","article_published_time":"2026-01-05T14:23:10+00:00","og_image":[{"width":670,"height":474,"url":"https:\/\/veritasinfo.org\/wp-content\/uploads\/2026\/01\/37781411.jpg","type":"image\/jpeg"}],"author":"US5","twitter_card":"summary_large_image","twitter_misc":{"Written by":"US5"},"schema":{"@context":"https:\/\/schema.org","@graph":[{"@type":"WebPage","@id":"https:\/\/veritasinfo.org\/?p=26574","url":"https:\/\/veritasinfo.org\/?p=26574","name":"Vu\u00e7iq: Zagrebi dhe Prishtina duan t\u00eb m\u00eb rr\u00ebzojn\u00eb, un\u00eb s\u2019jam Sllobodan Millosheviqi -","isPartOf":{"@id":"https:\/\/veritasinfo.org\/#website"},"primaryImageOfPage":{"@id":"https:\/\/veritasinfo.org\/?p=26574#primaryimage"},"image":{"@id":"https:\/\/veritasinfo.org\/?p=26574#primaryimage"},"thumbnailUrl":"https:\/\/veritasinfo.org\/wp-content\/uploads\/2026\/01\/37781411.jpg","datePublished":"2026-01-05T14:23:10+00:00","author":{"@id":"https:\/\/veritasinfo.org\/#\/schema\/person\/bc442336e35414d04494ab8fb45db4c6"},"breadcrumb":{"@id":"https:\/\/veritasinfo.org\/?p=26574#breadcrumb"},"inLanguage":"en-US","potentialAction":[{"@type":"ReadAction","target":["https:\/\/veritasinfo.org\/?p=26574"]}]},{"@type":"ImageObject","inLanguage":"en-US","@id":"https:\/\/veritasinfo.org\/?p=26574#primaryimage","url":"https:\/\/veritasinfo.org\/wp-content\/uploads\/2026\/01\/37781411.jpg","contentUrl":"https:\/\/veritasinfo.org\/wp-content\/uploads\/2026\/01\/37781411.jpg","width":670,"height":474},{"@type":"BreadcrumbList","@id":"https:\/\/veritasinfo.org\/?p=26574#breadcrumb","itemListElement":[{"@type":"ListItem","position":1,"name":"Home","item":"https:\/\/veritasinfo.org\/"},{"@type":"ListItem","position":2,"name":"Vu\u00e7iq: Zagrebi dhe Prishtina duan t\u00eb m\u00eb rr\u00ebzojn\u00eb, un\u00eb s\u2019jam Sllobodan Millosheviqi"}]},{"@type":"WebSite","@id":"https:\/\/veritasinfo.org\/#website","url":"https:\/\/veritasinfo.org\/","name":"","description":"","potentialAction":[{"@type":"SearchAction","target":{"@type":"EntryPoint","urlTemplate":"https:\/\/veritasinfo.org\/?s={search_term_string}"},"query-input":{"@type":"PropertyValueSpecification","valueRequired":true,"valueName":"search_term_string"}}],"inLanguage":"en-US"},{"@type":"Person","@id":"https:\/\/veritasinfo.org\/#\/schema\/person\/bc442336e35414d04494ab8fb45db4c6","name":"US5","image":{"@type":"ImageObject","inLanguage":"en-US","@id":"https:\/\/veritasinfo.org\/#\/schema\/person\/image\/","url":"https:\/\/secure.gravatar.com\/avatar\/16a61e7272a0c5d001121ebb9e60e925d5816e4ac1e443ed3e640d9a6ae55d0c?s=96&d=mm&r=g","contentUrl":"https:\/\/secure.gravatar.com\/avatar\/16a61e7272a0c5d001121ebb9e60e925d5816e4ac1e443ed3e640d9a6ae55d0c?s=96&d=mm&r=g","caption":"US5"},"url":"https:\/\/veritasinfo.org\/?author=6"}]}},"featured_image_urls":{"full":["https:\/\/veritasinfo.org\/wp-content\/uploads\/2026\/01\/37781411.jpg",670,474,false],"thumbnail":["https:\/\/veritasinfo.org\/wp-content\/uploads\/2026\/01\/37781411-150x150.jpg",150,150,true],"medium":["https:\/\/veritasinfo.org\/wp-content\/uploads\/2026\/01\/37781411-300x212.jpg",300,212,true],"medium_large":["https:\/\/veritasinfo.org\/wp-content\/uploads\/2026\/01\/37781411.jpg",640,453,false],"large":["https:\/\/veritasinfo.org\/wp-content\/uploads\/2026\/01\/37781411.jpg",640,453,false],"1536x1536":["https:\/\/veritasinfo.org\/wp-content\/uploads\/2026\/01\/37781411.jpg",670,474,false],"2048x2048":["https:\/\/veritasinfo.org\/wp-content\/uploads\/2026\/01\/37781411.jpg",670,474,false],"kreeti-slider-full":["https:\/\/veritasinfo.org\/wp-content\/uploads\/2026\/01\/37781411.jpg",670,474,false],"kreeti-featured":["https:\/\/veritasinfo.org\/wp-content\/uploads\/2026\/01\/37781411.jpg",670,474,false],"kreeti-medium":["https:\/\/veritasinfo.org\/wp-content\/uploads\/2026\/01\/37781411.jpg",670,474,false],"kreeti-medium-square":["https:\/\/veritasinfo.org\/wp-content\/uploads\/2026\/01\/37781411.jpg",350,248,false]},"author_info":{"info":["US5"]},"category_info":"<a href=\"https:\/\/veritasinfo.org\/?cat=58\" rel=\"category\">Politik\u00eb<\/a>","tag_info":"Politik\u00eb","comment_count":"0","_links":{"self":[{"href":"https:\/\/veritasinfo.org\/index.php?rest_route=\/wp\/v2\/posts\/26574","targetHints":{"allow":["GET"]}}],"collection":[{"href":"https:\/\/veritasinfo.org\/index.php?rest_route=\/wp\/v2\/posts"}],"about":[{"href":"https:\/\/veritasinfo.org\/index.php?rest_route=\/wp\/v2\/types\/post"}],"author":[{"embeddable":true,"href":"https:\/\/veritasinfo.org\/index.php?rest_route=\/wp\/v2\/users\/6"}],"replies":[{"embeddable":true,"href":"https:\/\/veritasinfo.org\/index.php?rest_route=%2Fwp%2Fv2%2Fcomments&post=26574"}],"version-history":[{"count":1,"href":"https:\/\/veritasinfo.org\/index.php?rest_route=\/wp\/v2\/posts\/26574\/revisions"}],"predecessor-version":[{"id":26576,"href":"https:\/\/veritasinfo.org\/index.php?rest_route=\/wp\/v2\/posts\/26574\/revisions\/26576"}],"wp:featuredmedia":[{"embeddable":true,"href":"https:\/\/veritasinfo.org\/index.php?rest_route=\/wp\/v2\/media\/26575"}],"wp:attachment":[{"href":"https:\/\/veritasinfo.org\/index.php?rest_route=%2Fwp%2Fv2%2Fmedia&parent=26574"}],"wp:term":[{"taxonomy":"category","embeddable":true,"href":"https:\/\/veritasinfo.org\/index.php?rest_route=%2Fwp%2Fv2%2Fcategories&post=26574"},{"taxonomy":"post_tag","embeddable":true,"href":"https:\/\/veritasinfo.org\/index.php?rest_route=%2Fwp%2Fv2%2Ftags&post=26574"}],"curies":[{"name":"wp","href":"https:\/\/api.w.org\/{rel}","templated":true}]}}