{"id":26542,"date":"2026-01-05T12:09:18","date_gmt":"2026-01-05T11:09:18","guid":{"rendered":"https:\/\/veritasinfo.org\/?p=26542"},"modified":"2026-01-05T12:09:18","modified_gmt":"2026-01-05T11:09:18","slug":"mbi-28-milione-euro-ministria-e-infrastruktures-finalizon-kontratat-per-mirembajtjen-dimerore","status":"publish","type":"post","link":"https:\/\/veritasinfo.org\/?p=26542","title":{"rendered":"Mbi 2,8 milion\u00eb euro\/ Ministria e Infrastruktur\u00ebs finalizon kontratat p\u00ebr mir\u00ebmbajtjen dim\u00ebrore"},"content":{"rendered":"<p>Prishtin\u00eb 05 Janar 2026 12:08<\/p>\n<p>Ministria e Infrastruktur\u00ebs dhe Transportit ka njoftuar p\u00ebr n\u00ebnshkrimin e kontratave p\u00ebr mir\u00ebmbajtjen dim\u00ebrore t\u00eb autoudh\u00ebve A7 \u201cIbrahim Rugova\u201d dhe A6 \u201cArb\u00ebn Xhaferi\u201d, me q\u00ebllim garantimin e siguris\u00eb rrugore gjat\u00eb sezonit dim\u00ebror.<\/p>\n<p>L\u00ebnda e kontrat\u00ebs ka t\u00eb b\u00ebj\u00eb me sh\u00ebrbimet e mir\u00ebmbajtjes dim\u00ebrore, p\u00ebrfshir\u00eb pastrimin e bor\u00ebs, shkrifetimin, trajtimin kund\u00ebr akullit dhe transportin e bor\u00ebs s\u00eb larguar nga rruga. K\u00ebto sh\u00ebrbime jan\u00eb thelb\u00ebsore p\u00ebr ruajtjen e qarkullimit t\u00eb sigurt dhe p\u00ebr funksionimin normal t\u00eb ekonomis\u00eb gjat\u00eb kushteve t\u00eb v\u00ebshtira atmosferike.<\/p>\n<p>Ministria thekson se moti dim\u00ebror shpesh \u00ebsht\u00eb i paparashikuesh\u00ebm dhe k\u00ebrkon nj\u00eb qasje fleksibile, pasi bora, ngricat, akulli dhe akulli i zi paraqesin rrezik serioz p\u00ebr pjes\u00ebmarr\u00ebsit n\u00eb trafik.<\/p>\n","protected":false},"excerpt":{"rendered":"<p>Prishtin\u00eb 05 Janar 2026 12:08 Ministria e Infrastruktur\u00ebs dhe Transportit ka njoftuar p\u00ebr n\u00ebnshkrimin e kontratave p\u00ebr mir\u00ebmbajtjen dim\u00ebrore t\u00eb autoudh\u00ebve A7 \u201cIbrahim Rugova\u201d dhe<\/p>\n","protected":false},"author":6,"featured_media":26543,"comment_status":"open","ping_status":"open","sticky":false,"template":"","format":"standard","meta":{"footnotes":""},"categories":[60],"tags":[],"class_list":["post-26542","post","type-post","status-publish","format-standard","has-post-thumbnail","hentry","category-shoqerore-sq"],"yoast_head":"<!-- This site is optimized with the Yoast SEO plugin v25.3.1 - https:\/\/yoast.com\/wordpress\/plugins\/seo\/ -->\n<title>Mbi 2,8 milion\u00eb euro\/ Ministria e Infrastruktur\u00ebs finalizon kontratat p\u00ebr mir\u00ebmbajtjen dim\u00ebrore -<\/title>\n<meta name=\"robots\" content=\"index, follow, max-snippet:-1, max-image-preview:large, max-video-preview:-1\" \/>\n<link rel=\"canonical\" href=\"https:\/\/veritasinfo.org\/?p=26542\" \/>\n<meta property=\"og:locale\" content=\"en_US\" \/>\n<meta property=\"og:type\" content=\"article\" \/>\n<meta property=\"og:title\" content=\"Mbi 2,8 milion\u00eb euro\/ Ministria e Infrastruktur\u00ebs finalizon kontratat p\u00ebr mir\u00ebmbajtjen dim\u00ebrore -\" \/>\n<meta property=\"og:description\" content=\"Prishtin\u00eb 05 Janar 2026 12:08 Ministria e Infrastruktur\u00ebs dhe Transportit ka njoftuar p\u00ebr n\u00ebnshkrimin e kontratave p\u00ebr mir\u00ebmbajtjen dim\u00ebrore t\u00eb autoudh\u00ebve A7 \u201cIbrahim Rugova\u201d dhe\" \/>\n<meta property=\"og:url\" content=\"https:\/\/veritasinfo.org\/?p=26542\" \/>\n<meta property=\"article:published_time\" content=\"2026-01-05T11:09:18+00:00\" \/>\n<meta property=\"og:image\" content=\"https:\/\/veritasinfo.org\/wp-content\/uploads\/2026\/01\/1-6-1.jpg\" \/>\n\t<meta property=\"og:image:width\" content=\"855\" \/>\n\t<meta property=\"og:image:height\" content=\"480\" \/>\n\t<meta property=\"og:image:type\" content=\"image\/jpeg\" \/>\n<meta name=\"author\" content=\"US5\" \/>\n<meta name=\"twitter:card\" content=\"summary_large_image\" \/>\n<meta name=\"twitter:label1\" content=\"Written by\" \/>\n\t<meta name=\"twitter:data1\" content=\"US5\" \/>\n<script type=\"application\/ld+json\" class=\"yoast-schema-graph\">{\"@context\":\"https:\/\/schema.org\",\"@graph\":[{\"@type\":\"WebPage\",\"@id\":\"https:\/\/veritasinfo.org\/?p=26542\",\"url\":\"https:\/\/veritasinfo.org\/?p=26542\",\"name\":\"Mbi 2,8 milion\u00eb euro\/ Ministria e Infrastruktur\u00ebs finalizon kontratat p\u00ebr mir\u00ebmbajtjen dim\u00ebrore -\",\"isPartOf\":{\"@id\":\"https:\/\/veritasinfo.org\/#website\"},\"primaryImageOfPage\":{\"@id\":\"https:\/\/veritasinfo.org\/?p=26542#primaryimage\"},\"image\":{\"@id\":\"https:\/\/veritasinfo.org\/?p=26542#primaryimage\"},\"thumbnailUrl\":\"https:\/\/veritasinfo.org\/wp-content\/uploads\/2026\/01\/1-6-1.jpg\",\"datePublished\":\"2026-01-05T11:09:18+00:00\",\"author\":{\"@id\":\"https:\/\/veritasinfo.org\/#\/schema\/person\/bc442336e35414d04494ab8fb45db4c6\"},\"breadcrumb\":{\"@id\":\"https:\/\/veritasinfo.org\/?p=26542#breadcrumb\"},\"inLanguage\":\"en-US\",\"potentialAction\":[{\"@type\":\"ReadAction\",\"target\":[\"https:\/\/veritasinfo.org\/?p=26542\"]}]},{\"@type\":\"ImageObject\",\"inLanguage\":\"en-US\",\"@id\":\"https:\/\/veritasinfo.org\/?p=26542#primaryimage\",\"url\":\"https:\/\/veritasinfo.org\/wp-content\/uploads\/2026\/01\/1-6-1.jpg\",\"contentUrl\":\"https:\/\/veritasinfo.org\/wp-content\/uploads\/2026\/01\/1-6-1.jpg\",\"width\":855,\"height\":480},{\"@type\":\"BreadcrumbList\",\"@id\":\"https:\/\/veritasinfo.org\/?p=26542#breadcrumb\",\"itemListElement\":[{\"@type\":\"ListItem\",\"position\":1,\"name\":\"Home\",\"item\":\"https:\/\/veritasinfo.org\/\"},{\"@type\":\"ListItem\",\"position\":2,\"name\":\"Mbi 2,8 milion\u00eb euro\/ Ministria e Infrastruktur\u00ebs finalizon kontratat p\u00ebr mir\u00ebmbajtjen dim\u00ebrore\"}]},{\"@type\":\"WebSite\",\"@id\":\"https:\/\/veritasinfo.org\/#website\",\"url\":\"https:\/\/veritasinfo.org\/\",\"name\":\"\",\"description\":\"\",\"potentialAction\":[{\"@type\":\"SearchAction\",\"target\":{\"@type\":\"EntryPoint\",\"urlTemplate\":\"https:\/\/veritasinfo.org\/?s={search_term_string}\"},\"query-input\":{\"@type\":\"PropertyValueSpecification\",\"valueRequired\":true,\"valueName\":\"search_term_string\"}}],\"inLanguage\":\"en-US\"},{\"@type\":\"Person\",\"@id\":\"https:\/\/veritasinfo.org\/#\/schema\/person\/bc442336e35414d04494ab8fb45db4c6\",\"name\":\"US5\",\"image\":{\"@type\":\"ImageObject\",\"inLanguage\":\"en-US\",\"@id\":\"https:\/\/veritasinfo.org\/#\/schema\/person\/image\/\",\"url\":\"https:\/\/secure.gravatar.com\/avatar\/16a61e7272a0c5d001121ebb9e60e925d5816e4ac1e443ed3e640d9a6ae55d0c?s=96&d=mm&r=g\",\"contentUrl\":\"https:\/\/secure.gravatar.com\/avatar\/16a61e7272a0c5d001121ebb9e60e925d5816e4ac1e443ed3e640d9a6ae55d0c?s=96&d=mm&r=g\",\"caption\":\"US5\"},\"url\":\"https:\/\/veritasinfo.org\/?author=6\"}]}<\/script>\n<!-- \/ Yoast SEO plugin. -->","yoast_head_json":{"title":"Mbi 2,8 milion\u00eb euro\/ Ministria e Infrastruktur\u00ebs finalizon kontratat p\u00ebr mir\u00ebmbajtjen dim\u00ebrore -","robots":{"index":"index","follow":"follow","max-snippet":"max-snippet:-1","max-image-preview":"max-image-preview:large","max-video-preview":"max-video-preview:-1"},"canonical":"https:\/\/veritasinfo.org\/?p=26542","og_locale":"en_US","og_type":"article","og_title":"Mbi 2,8 milion\u00eb euro\/ Ministria e Infrastruktur\u00ebs finalizon kontratat p\u00ebr mir\u00ebmbajtjen dim\u00ebrore -","og_description":"Prishtin\u00eb 05 Janar 2026 12:08 Ministria e Infrastruktur\u00ebs dhe Transportit ka njoftuar p\u00ebr n\u00ebnshkrimin e kontratave p\u00ebr mir\u00ebmbajtjen dim\u00ebrore t\u00eb autoudh\u00ebve A7 \u201cIbrahim Rugova\u201d dhe","og_url":"https:\/\/veritasinfo.org\/?p=26542","article_published_time":"2026-01-05T11:09:18+00:00","og_image":[{"width":855,"height":480,"url":"https:\/\/veritasinfo.org\/wp-content\/uploads\/2026\/01\/1-6-1.jpg","type":"image\/jpeg"}],"author":"US5","twitter_card":"summary_large_image","twitter_misc":{"Written by":"US5"},"schema":{"@context":"https:\/\/schema.org","@graph":[{"@type":"WebPage","@id":"https:\/\/veritasinfo.org\/?p=26542","url":"https:\/\/veritasinfo.org\/?p=26542","name":"Mbi 2,8 milion\u00eb euro\/ Ministria e Infrastruktur\u00ebs finalizon kontratat p\u00ebr mir\u00ebmbajtjen dim\u00ebrore -","isPartOf":{"@id":"https:\/\/veritasinfo.org\/#website"},"primaryImageOfPage":{"@id":"https:\/\/veritasinfo.org\/?p=26542#primaryimage"},"image":{"@id":"https:\/\/veritasinfo.org\/?p=26542#primaryimage"},"thumbnailUrl":"https:\/\/veritasinfo.org\/wp-content\/uploads\/2026\/01\/1-6-1.jpg","datePublished":"2026-01-05T11:09:18+00:00","author":{"@id":"https:\/\/veritasinfo.org\/#\/schema\/person\/bc442336e35414d04494ab8fb45db4c6"},"breadcrumb":{"@id":"https:\/\/veritasinfo.org\/?p=26542#breadcrumb"},"inLanguage":"en-US","potentialAction":[{"@type":"ReadAction","target":["https:\/\/veritasinfo.org\/?p=26542"]}]},{"@type":"ImageObject","inLanguage":"en-US","@id":"https:\/\/veritasinfo.org\/?p=26542#primaryimage","url":"https:\/\/veritasinfo.org\/wp-content\/uploads\/2026\/01\/1-6-1.jpg","contentUrl":"https:\/\/veritasinfo.org\/wp-content\/uploads\/2026\/01\/1-6-1.jpg","width":855,"height":480},{"@type":"BreadcrumbList","@id":"https:\/\/veritasinfo.org\/?p=26542#breadcrumb","itemListElement":[{"@type":"ListItem","position":1,"name":"Home","item":"https:\/\/veritasinfo.org\/"},{"@type":"ListItem","position":2,"name":"Mbi 2,8 milion\u00eb euro\/ Ministria e Infrastruktur\u00ebs finalizon kontratat p\u00ebr mir\u00ebmbajtjen dim\u00ebrore"}]},{"@type":"WebSite","@id":"https:\/\/veritasinfo.org\/#website","url":"https:\/\/veritasinfo.org\/","name":"","description":"","potentialAction":[{"@type":"SearchAction","target":{"@type":"EntryPoint","urlTemplate":"https:\/\/veritasinfo.org\/?s={search_term_string}"},"query-input":{"@type":"PropertyValueSpecification","valueRequired":true,"valueName":"search_term_string"}}],"inLanguage":"en-US"},{"@type":"Person","@id":"https:\/\/veritasinfo.org\/#\/schema\/person\/bc442336e35414d04494ab8fb45db4c6","name":"US5","image":{"@type":"ImageObject","inLanguage":"en-US","@id":"https:\/\/veritasinfo.org\/#\/schema\/person\/image\/","url":"https:\/\/secure.gravatar.com\/avatar\/16a61e7272a0c5d001121ebb9e60e925d5816e4ac1e443ed3e640d9a6ae55d0c?s=96&d=mm&r=g","contentUrl":"https:\/\/secure.gravatar.com\/avatar\/16a61e7272a0c5d001121ebb9e60e925d5816e4ac1e443ed3e640d9a6ae55d0c?s=96&d=mm&r=g","caption":"US5"},"url":"https:\/\/veritasinfo.org\/?author=6"}]}},"featured_image_urls":{"full":["https:\/\/veritasinfo.org\/wp-content\/uploads\/2026\/01\/1-6-1.jpg",855,480,false],"thumbnail":["https:\/\/veritasinfo.org\/wp-content\/uploads\/2026\/01\/1-6-1-150x150.jpg",150,150,true],"medium":["https:\/\/veritasinfo.org\/wp-content\/uploads\/2026\/01\/1-6-1-300x168.jpg",300,168,true],"medium_large":["https:\/\/veritasinfo.org\/wp-content\/uploads\/2026\/01\/1-6-1-768x431.jpg",640,359,true],"large":["https:\/\/veritasinfo.org\/wp-content\/uploads\/2026\/01\/1-6-1.jpg",640,359,false],"1536x1536":["https:\/\/veritasinfo.org\/wp-content\/uploads\/2026\/01\/1-6-1.jpg",855,480,false],"2048x2048":["https:\/\/veritasinfo.org\/wp-content\/uploads\/2026\/01\/1-6-1.jpg",855,480,false],"kreeti-slider-full":["https:\/\/veritasinfo.org\/wp-content\/uploads\/2026\/01\/1-6-1.jpg",855,480,false],"kreeti-featured":["https:\/\/veritasinfo.org\/wp-content\/uploads\/2026\/01\/1-6-1.jpg",855,480,false],"kreeti-medium":["https:\/\/veritasinfo.org\/wp-content\/uploads\/2026\/01\/1-6-1.jpg",720,404,false],"kreeti-medium-square":["https:\/\/veritasinfo.org\/wp-content\/uploads\/2026\/01\/1-6-1.jpg",350,196,false]},"author_info":{"info":["US5"]},"category_info":"<a href=\"https:\/\/veritasinfo.org\/?cat=60\" rel=\"category\">Shoq\u00ebrore<\/a>","tag_info":"Shoq\u00ebrore","comment_count":"0","_links":{"self":[{"href":"https:\/\/veritasinfo.org\/index.php?rest_route=\/wp\/v2\/posts\/26542","targetHints":{"allow":["GET"]}}],"collection":[{"href":"https:\/\/veritasinfo.org\/index.php?rest_route=\/wp\/v2\/posts"}],"about":[{"href":"https:\/\/veritasinfo.org\/index.php?rest_route=\/wp\/v2\/types\/post"}],"author":[{"embeddable":true,"href":"https:\/\/veritasinfo.org\/index.php?rest_route=\/wp\/v2\/users\/6"}],"replies":[{"embeddable":true,"href":"https:\/\/veritasinfo.org\/index.php?rest_route=%2Fwp%2Fv2%2Fcomments&post=26542"}],"version-history":[{"count":1,"href":"https:\/\/veritasinfo.org\/index.php?rest_route=\/wp\/v2\/posts\/26542\/revisions"}],"predecessor-version":[{"id":26544,"href":"https:\/\/veritasinfo.org\/index.php?rest_route=\/wp\/v2\/posts\/26542\/revisions\/26544"}],"wp:featuredmedia":[{"embeddable":true,"href":"https:\/\/veritasinfo.org\/index.php?rest_route=\/wp\/v2\/media\/26543"}],"wp:attachment":[{"href":"https:\/\/veritasinfo.org\/index.php?rest_route=%2Fwp%2Fv2%2Fmedia&parent=26542"}],"wp:term":[{"taxonomy":"category","embeddable":true,"href":"https:\/\/veritasinfo.org\/index.php?rest_route=%2Fwp%2Fv2%2Fcategories&post=26542"},{"taxonomy":"post_tag","embeddable":true,"href":"https:\/\/veritasinfo.org\/index.php?rest_route=%2Fwp%2Fv2%2Ftags&post=26542"}],"curies":[{"name":"wp","href":"https:\/\/api.w.org\/{rel}","templated":true}]}}