{"id":26481,"date":"2026-01-04T17:21:14","date_gmt":"2026-01-04T16:21:14","guid":{"rendered":"https:\/\/veritasinfo.org\/?p=26481"},"modified":"2026-01-04T17:21:14","modified_gmt":"2026-01-04T16:21:14","slug":"kurti-thote-se-per-te-vazhduar-dialogu-serbia-se-pari-duhet-ta-dorezoje-radoiciqin","status":"publish","type":"post","link":"https:\/\/veritasinfo.org\/?p=26481","title":{"rendered":"Kurti thot\u00eb se p\u00ebr t\u00eb vazhduar dialogu, Serbia s\u00eb pari duhet ta dor\u00ebzoj\u00eb Radoi\u00e7iqin"},"content":{"rendered":"<p><strong>Prishtin\u00eb, 4 janar 2026 17:20<\/strong><\/p>\n<p>Kryeministri n\u00eb detyr\u00eb, Albin Kurti, n\u00eb nj\u00eb intervist\u00eb p\u00ebr KosovaPress ka folur edhe p\u00ebr raportet me Shtetet e Bashkuara t\u00eb Amerik\u00ebs dhe dialogun me Serbin\u00eb n\u00eb mandatin e radh\u00ebs.<\/p>\n<p>ShBA-ja n\u00eb shtator t\u00eb vitit t\u00eb kaluar pezulloi dialogun strategjik me Kosov\u00ebn. Kurti thot\u00eb p\u00ebr KosovaPress se t\u00eb gjith\u00eb zyrtar\u00ebt q\u00eb kan\u00eb p\u00ebrgjegj\u00ebsi n\u00eb politik\u00ebn e jashtme po punojn\u00eb intensivisht p\u00ebr largimin e pezullimit t\u00eb dialogut strategjik.<\/p>\n<p>Ai thekson se jan\u00eb n\u00eb komunikim t\u00eb rregullt me Ambasad\u00ebn e Shteteve t\u00eb Bashkuara t\u00eb Amerik\u00ebs, n\u00eb m\u00ebnyr\u00eb q\u00eb t\u00eb gjitha \u00e7\u00ebshtjet q\u00eb jan\u00eb t\u00eb diskutueshme t\u2019i sqarojn\u00eb. Sipas tij, n\u00eb k\u00ebt\u00eb m\u00ebnyr\u00eb, edhe n\u00eb aspektin diplomatik, t\u2019i ken\u00eb marr\u00ebdh\u00ebniet e shk\u00eblqyeshme.<\/p>\n<p>\u201cKa pasur nj\u00eb pezullim t\u00eb planifikimeve dhe p\u00ebrgatitjeve p\u00ebr dialogun strategjik. Ne, me kanalet tona zyrtare shtet\u00ebrore, t\u00eb gjith\u00eb zyrtar\u00ebt shtet\u00ebror\u00eb q\u00eb kan\u00eb p\u00ebrgjegj\u00ebsi n\u00eb politik\u00ebn e jashtme, punojn\u00eb intensivisht. Ne jemi n\u00eb komunikim t\u00eb rregullt me Ambasad\u00ebn e Shteteve t\u00eb Bashkuara t\u00eb Amerik\u00ebs k\u00ebtu n\u00eb Prishtin\u00eb, n\u00eb m\u00ebnyr\u00eb q\u00eb t\u00eb gjitha ato \u00e7\u00ebshtje q\u00eb jan\u00eb diskutabile t\u2019i sqarojm\u00eb dhe n\u00eb k\u00ebt\u00eb m\u00ebnyr\u00eb edhe n\u00eb aspektin diplomatik t\u2019i kemi marr\u00ebdh\u00ebniet e shk\u00eblqyeshme, ashtu si\u00e7 i kemi n\u00eb aspektin e mbrojtjes dhe t\u00eb siguris\u00eb, por do t\u00eb thosha edhe n\u00eb aspektin e zhvillimit dhe t\u00eb energjis\u00eb, sidomos tash q\u00eb u vazhdua programi kompakt, n\u00ebp\u00ebrmjet t\u00eb cilit nga Korporata e Sfid\u00ebs s\u00eb Mij\u00ebvje\u00e7arit ne marrim 202 milion\u00eb dollar\u00eb grant, jo kredi, grant, nga Shtetet e Bashkuara t\u00eb Amerik\u00ebs, p\u00ebr bateri me kapacitet 170 megavat, e p\u00ebr dy or\u00eb mund t\u00eb akumulojn\u00eb 340 megavat-or\u00eb, meqen\u00ebse energjia e rip\u00ebrt\u00ebrishme do t\u00eb vazhdoj\u00eb t\u00eb jet\u00eb fokusi yn\u00eb n\u00eb baz\u00eb t\u00eb strategjis\u00eb, 1300 megavat shtes\u00eb deri n\u00eb vitin 2031\u201d, thekson ai.<\/p>\n<p>Kurti, partia e t\u00eb cilit ka fituar mbi 50 p\u00ebr qind n\u00eb zgjedhjet e 28 dhjetorit, n\u00eb baz\u00eb t\u00eb rezultateve preliminare t\u00eb KQZ-s\u00eb, insiston se raportet me SHBA-n\u00eb do t\u00eb mbeten t\u00eb forta.<\/p>\n<p>Sa i p\u00ebrket dialogut me Serbin\u00eb n\u00eb mandatin e radh\u00ebs, Kurti thot\u00eb se do t\u00eb insistojn\u00eb s\u00ebrish p\u00ebr n\u00ebnshkrimin e marr\u00ebveshjes baz\u00eb t\u00eb Brukselit dhe aneksin e Ohrit, t\u00eb dakorduar n\u00eb vitin 2023.<\/p>\n<p>Krahas k\u00ebsaj, ai thot\u00eb se p\u00ebr t\u00eb vazhduar dialogu duhet q\u00eb kryeterroristi Milan Radoi\u00e7iq t\u2019u dor\u00ebzohet organeve t\u00eb siguris\u00eb n\u00eb Kosov\u00eb.<\/p>\n<p>\u201cNe jemi p\u00ebr t\u2019i zbatuar ato plot\u00ebsisht, por ne kemi th\u00ebn\u00eb q\u00eb p\u00ebr t\u00eb pasur garanci juridike dhe shprehje t\u00eb vullnetit t\u00eb mir\u00eb, duhet t\u2019i n\u00ebnshkruajm\u00eb. Kjo \u00ebsht\u00eb refuzuar nga Serbia, ndon\u00ebse Bashkimi Evropian, plot\u00ebsisht si nd\u00ebrmjet\u00ebsues, e mir\u00ebpret Marr\u00ebveshjen e Brukselit dhe aneksin e zbatimit nga Ohri. Tash, p\u00ebr t\u00eb vazhduar dialogu, ne duhet t\u2019i zbatojm\u00eb marr\u00ebveshjet. Por p\u00ebr t\u00eb vazhduar dialogu, natyrisht, ne kemi nevoj\u00eb q\u00eb Milan Radoi\u00e7iq, kryeterroristi q\u00eb na e vrau rreshterin policor, heroin e Kosov\u00ebs, Afrim Bunjakun, t\u2019u dor\u00ebzohet organeve t\u00eb siguris\u00eb n\u00eb Kosov\u00eb, meqen\u00ebse ka aktakuz\u00eb me 160 faqe nga Prokuroria Speciale, s\u00eb bashku me 44 paramilitar\u00eb t\u00eb tjer\u00eb, t\u00eb cil\u00ebt desh\u00ebn q\u00eb n\u00eb Banjsk\u00eb t\u00eb Zve\u00e7anit ta fillojn\u00eb nj\u00eb konflikt t\u00eb p\u00ebrmasave t\u00eb gjera, nga i cili ata shpresonin se do t\u00eb mund t\u00eb provokohej nd\u00ebrhyrja e Serbis\u00eb p\u00ebr ta aneksuar veriun e Kosov\u00ebs. D\u00ebshtuan. D\u00ebshtuan edhe me hedhjen n\u00eb er\u00eb m\u00eb pas t\u00eb kanalit Ib\u00ebr-Lepenc, p\u00ebr t\u00eb cilin po ashtu ka aktakuz\u00eb, dhe do t\u00eb d\u00ebshtojn\u00eb secil\u00ebn her\u00eb. Ve\u00e7se, marr\u00ebveshja p\u00ebr fqinj\u00ebsi t\u00eb mir\u00eb, evropiane, bazuar n\u00eb marr\u00ebveshjen baz\u00eb t\u00eb Brukselit dhe n\u00eb aneksin e zbatimit nga Ohri, nuk mund t\u00eb ec\u00eb p\u00ebrpara p\u00ebrderisa Milan Radoi\u00e7iq, sot q\u00eb po flasim, \u00ebsht\u00eb m\u00eb i af\u00ebrt me presidentin Vu\u00e7i\u00e7 sesa edhe mbrojtja e tij e af\u00ebrt\u201d, thekson ai.<\/p>\n<p>Sa i p\u00ebrket an\u00ebtar\u00ebsimit n\u00eb K\u00ebshillin e Evrop\u00ebs, n\u00eb NATO, madje edhe n\u00eb Bashkimin Evropian deri n\u00eb p\u00ebrfundim t\u00eb mandatit t\u00eb tret\u00eb, Kurti \u00ebsht\u00eb m\u00eb i rezervuar, por thot\u00eb se Kosova do t\u2019i kryej\u00eb t\u00eb gjitha obligimet e veta.<\/p>\n<p>\u201cSynimi yn\u00eb padyshim \u00ebsht\u00eb q\u00eb t\u00eb an\u00ebtar\u00ebsohemi n\u00eb K\u00ebshillin e Evrop\u00ebs. Si Kosov\u00eb i kemi kryer t\u00eb gjitha obligimet. Vet\u00eb fakti q\u00eb me 82 p\u00ebr qind n\u00eb Asamblen\u00eb Parlamentare t\u00eb K\u00ebshillit t\u00eb Evrop\u00ebs kemi kaluar, tregon q\u00eb Kosova e ka p\u00ebrmbushur pjes\u00ebn e vet. Tash kan\u00eb mbetur disa shtete skeptike, t\u00eb cilat e p\u00ebrdorin influenc\u00ebn e tyre. Nd\u00ebrkaq, besoj q\u00eb jemi nj\u00eb shtet q\u00eb do t\u00eb an\u00ebtar\u00ebsohemi m\u00eb par\u00eb n\u00eb NATO e m\u00eb pas edhe n\u00eb Bashkimin Evropian. Krejt \u00e7ka dim\u00eb e mundemi do t\u00eb b\u00ebjm\u00eb q\u00eb t\u00eb ecim sa m\u00eb shpejt. Por sa i p\u00ebrket Bashkimit Evropian, fillimisht na duhet q\u00eb ta marrim pyet\u00ebsorin nga Komisioni Evropian, sepse kemi aplikuar para tre vjet\u00ebsh p\u00ebr an\u00ebtar\u00ebsim, e nj\u00ebkoh\u00ebsisht na duhet edhe statusi i vendit kandidat. M\u00eb her\u00ebt ishim i vetmi vend q\u00eb nuk kishte liberalizim t\u00eb vizave, kjo u b\u00eb n\u00eb mandatin q\u00eb shkoi. Tash kemi mbetur i vetmi vend q\u00eb nuk e ka statusin e shtetit kandidat dhe k\u00ebt\u00eb duhet ta b\u00ebjm\u00eb\u201d, thekson ai.<\/p>\n<p>&nbsp;<\/p>\n","protected":false},"excerpt":{"rendered":"<p>Prishtin\u00eb, 4 janar 2026 17:20 Kryeministri n\u00eb detyr\u00eb, Albin Kurti, n\u00eb nj\u00eb intervist\u00eb p\u00ebr KosovaPress ka folur edhe p\u00ebr raportet me Shtetet e Bashkuara t\u00eb<\/p>\n","protected":false},"author":7,"featured_media":26482,"comment_status":"open","ping_status":"open","sticky":false,"template":"","format":"standard","meta":{"footnotes":""},"categories":[58],"tags":[],"class_list":["post-26481","post","type-post","status-publish","format-standard","has-post-thumbnail","hentry","category-politike-sq"],"yoast_head":"<!-- This site is optimized with the Yoast SEO plugin v25.3.1 - https:\/\/yoast.com\/wordpress\/plugins\/seo\/ -->\n<title>Kurti thot\u00eb se p\u00ebr t\u00eb vazhduar dialogu, Serbia s\u00eb pari duhet ta dor\u00ebzoj\u00eb Radoi\u00e7iqin -<\/title>\n<meta name=\"robots\" content=\"index, follow, max-snippet:-1, max-image-preview:large, max-video-preview:-1\" \/>\n<link rel=\"canonical\" href=\"https:\/\/veritasinfo.org\/?p=26481\" \/>\n<meta property=\"og:locale\" content=\"en_US\" \/>\n<meta property=\"og:type\" content=\"article\" \/>\n<meta property=\"og:title\" content=\"Kurti thot\u00eb se p\u00ebr t\u00eb vazhduar dialogu, Serbia s\u00eb pari duhet ta dor\u00ebzoj\u00eb Radoi\u00e7iqin -\" \/>\n<meta property=\"og:description\" content=\"Prishtin\u00eb, 4 janar 2026 17:20 Kryeministri n\u00eb detyr\u00eb, Albin Kurti, n\u00eb nj\u00eb intervist\u00eb p\u00ebr KosovaPress ka folur edhe p\u00ebr raportet me Shtetet e Bashkuara t\u00eb\" \/>\n<meta property=\"og:url\" content=\"https:\/\/veritasinfo.org\/?p=26481\" \/>\n<meta property=\"article:published_time\" content=\"2026-01-04T16:21:14+00:00\" \/>\n<meta property=\"og:image\" content=\"https:\/\/veritasinfo.org\/wp-content\/uploads\/2026\/01\/1-16.jpg\" \/>\n\t<meta property=\"og:image:width\" content=\"656\" \/>\n\t<meta property=\"og:image:height\" content=\"441\" \/>\n\t<meta property=\"og:image:type\" content=\"image\/jpeg\" \/>\n<meta name=\"author\" content=\"US6\" \/>\n<meta name=\"twitter:card\" content=\"summary_large_image\" \/>\n<meta name=\"twitter:label1\" content=\"Written by\" \/>\n\t<meta name=\"twitter:data1\" content=\"US6\" \/>\n\t<meta name=\"twitter:label2\" content=\"Est. reading time\" \/>\n\t<meta name=\"twitter:data2\" content=\"4 minutes\" \/>\n<script type=\"application\/ld+json\" class=\"yoast-schema-graph\">{\"@context\":\"https:\/\/schema.org\",\"@graph\":[{\"@type\":\"WebPage\",\"@id\":\"https:\/\/veritasinfo.org\/?p=26481\",\"url\":\"https:\/\/veritasinfo.org\/?p=26481\",\"name\":\"Kurti thot\u00eb se p\u00ebr t\u00eb vazhduar dialogu, Serbia s\u00eb pari duhet ta dor\u00ebzoj\u00eb Radoi\u00e7iqin -\",\"isPartOf\":{\"@id\":\"https:\/\/veritasinfo.org\/#website\"},\"primaryImageOfPage\":{\"@id\":\"https:\/\/veritasinfo.org\/?p=26481#primaryimage\"},\"image\":{\"@id\":\"https:\/\/veritasinfo.org\/?p=26481#primaryimage\"},\"thumbnailUrl\":\"https:\/\/veritasinfo.org\/wp-content\/uploads\/2026\/01\/1-16.jpg\",\"datePublished\":\"2026-01-04T16:21:14+00:00\",\"author\":{\"@id\":\"https:\/\/veritasinfo.org\/#\/schema\/person\/fe199eede04c3937362892b7444747cc\"},\"breadcrumb\":{\"@id\":\"https:\/\/veritasinfo.org\/?p=26481#breadcrumb\"},\"inLanguage\":\"en-US\",\"potentialAction\":[{\"@type\":\"ReadAction\",\"target\":[\"https:\/\/veritasinfo.org\/?p=26481\"]}]},{\"@type\":\"ImageObject\",\"inLanguage\":\"en-US\",\"@id\":\"https:\/\/veritasinfo.org\/?p=26481#primaryimage\",\"url\":\"https:\/\/veritasinfo.org\/wp-content\/uploads\/2026\/01\/1-16.jpg\",\"contentUrl\":\"https:\/\/veritasinfo.org\/wp-content\/uploads\/2026\/01\/1-16.jpg\",\"width\":656,\"height\":441},{\"@type\":\"BreadcrumbList\",\"@id\":\"https:\/\/veritasinfo.org\/?p=26481#breadcrumb\",\"itemListElement\":[{\"@type\":\"ListItem\",\"position\":1,\"name\":\"Home\",\"item\":\"https:\/\/veritasinfo.org\/\"},{\"@type\":\"ListItem\",\"position\":2,\"name\":\"Kurti thot\u00eb se p\u00ebr t\u00eb vazhduar dialogu, Serbia s\u00eb pari duhet ta dor\u00ebzoj\u00eb Radoi\u00e7iqin\"}]},{\"@type\":\"WebSite\",\"@id\":\"https:\/\/veritasinfo.org\/#website\",\"url\":\"https:\/\/veritasinfo.org\/\",\"name\":\"\",\"description\":\"\",\"potentialAction\":[{\"@type\":\"SearchAction\",\"target\":{\"@type\":\"EntryPoint\",\"urlTemplate\":\"https:\/\/veritasinfo.org\/?s={search_term_string}\"},\"query-input\":{\"@type\":\"PropertyValueSpecification\",\"valueRequired\":true,\"valueName\":\"search_term_string\"}}],\"inLanguage\":\"en-US\"},{\"@type\":\"Person\",\"@id\":\"https:\/\/veritasinfo.org\/#\/schema\/person\/fe199eede04c3937362892b7444747cc\",\"name\":\"US6\",\"image\":{\"@type\":\"ImageObject\",\"inLanguage\":\"en-US\",\"@id\":\"https:\/\/veritasinfo.org\/#\/schema\/person\/image\/\",\"url\":\"https:\/\/secure.gravatar.com\/avatar\/cb16c3c31c9d23b9b8c705964598220b3014e42ff51eb540ff23cefa3ae8c15f?s=96&d=mm&r=g\",\"contentUrl\":\"https:\/\/secure.gravatar.com\/avatar\/cb16c3c31c9d23b9b8c705964598220b3014e42ff51eb540ff23cefa3ae8c15f?s=96&d=mm&r=g\",\"caption\":\"US6\"},\"url\":\"https:\/\/veritasinfo.org\/?author=7\"}]}<\/script>\n<!-- \/ Yoast SEO plugin. -->","yoast_head_json":{"title":"Kurti thot\u00eb se p\u00ebr t\u00eb vazhduar dialogu, Serbia s\u00eb pari duhet ta dor\u00ebzoj\u00eb Radoi\u00e7iqin -","robots":{"index":"index","follow":"follow","max-snippet":"max-snippet:-1","max-image-preview":"max-image-preview:large","max-video-preview":"max-video-preview:-1"},"canonical":"https:\/\/veritasinfo.org\/?p=26481","og_locale":"en_US","og_type":"article","og_title":"Kurti thot\u00eb se p\u00ebr t\u00eb vazhduar dialogu, Serbia s\u00eb pari duhet ta dor\u00ebzoj\u00eb Radoi\u00e7iqin -","og_description":"Prishtin\u00eb, 4 janar 2026 17:20 Kryeministri n\u00eb detyr\u00eb, Albin Kurti, n\u00eb nj\u00eb intervist\u00eb p\u00ebr KosovaPress ka folur edhe p\u00ebr raportet me Shtetet e Bashkuara t\u00eb","og_url":"https:\/\/veritasinfo.org\/?p=26481","article_published_time":"2026-01-04T16:21:14+00:00","og_image":[{"width":656,"height":441,"url":"https:\/\/veritasinfo.org\/wp-content\/uploads\/2026\/01\/1-16.jpg","type":"image\/jpeg"}],"author":"US6","twitter_card":"summary_large_image","twitter_misc":{"Written by":"US6","Est. reading time":"4 minutes"},"schema":{"@context":"https:\/\/schema.org","@graph":[{"@type":"WebPage","@id":"https:\/\/veritasinfo.org\/?p=26481","url":"https:\/\/veritasinfo.org\/?p=26481","name":"Kurti thot\u00eb se p\u00ebr t\u00eb vazhduar dialogu, Serbia s\u00eb pari duhet ta dor\u00ebzoj\u00eb Radoi\u00e7iqin -","isPartOf":{"@id":"https:\/\/veritasinfo.org\/#website"},"primaryImageOfPage":{"@id":"https:\/\/veritasinfo.org\/?p=26481#primaryimage"},"image":{"@id":"https:\/\/veritasinfo.org\/?p=26481#primaryimage"},"thumbnailUrl":"https:\/\/veritasinfo.org\/wp-content\/uploads\/2026\/01\/1-16.jpg","datePublished":"2026-01-04T16:21:14+00:00","author":{"@id":"https:\/\/veritasinfo.org\/#\/schema\/person\/fe199eede04c3937362892b7444747cc"},"breadcrumb":{"@id":"https:\/\/veritasinfo.org\/?p=26481#breadcrumb"},"inLanguage":"en-US","potentialAction":[{"@type":"ReadAction","target":["https:\/\/veritasinfo.org\/?p=26481"]}]},{"@type":"ImageObject","inLanguage":"en-US","@id":"https:\/\/veritasinfo.org\/?p=26481#primaryimage","url":"https:\/\/veritasinfo.org\/wp-content\/uploads\/2026\/01\/1-16.jpg","contentUrl":"https:\/\/veritasinfo.org\/wp-content\/uploads\/2026\/01\/1-16.jpg","width":656,"height":441},{"@type":"BreadcrumbList","@id":"https:\/\/veritasinfo.org\/?p=26481#breadcrumb","itemListElement":[{"@type":"ListItem","position":1,"name":"Home","item":"https:\/\/veritasinfo.org\/"},{"@type":"ListItem","position":2,"name":"Kurti thot\u00eb se p\u00ebr t\u00eb vazhduar dialogu, Serbia s\u00eb pari duhet ta dor\u00ebzoj\u00eb Radoi\u00e7iqin"}]},{"@type":"WebSite","@id":"https:\/\/veritasinfo.org\/#website","url":"https:\/\/veritasinfo.org\/","name":"","description":"","potentialAction":[{"@type":"SearchAction","target":{"@type":"EntryPoint","urlTemplate":"https:\/\/veritasinfo.org\/?s={search_term_string}"},"query-input":{"@type":"PropertyValueSpecification","valueRequired":true,"valueName":"search_term_string"}}],"inLanguage":"en-US"},{"@type":"Person","@id":"https:\/\/veritasinfo.org\/#\/schema\/person\/fe199eede04c3937362892b7444747cc","name":"US6","image":{"@type":"ImageObject","inLanguage":"en-US","@id":"https:\/\/veritasinfo.org\/#\/schema\/person\/image\/","url":"https:\/\/secure.gravatar.com\/avatar\/cb16c3c31c9d23b9b8c705964598220b3014e42ff51eb540ff23cefa3ae8c15f?s=96&d=mm&r=g","contentUrl":"https:\/\/secure.gravatar.com\/avatar\/cb16c3c31c9d23b9b8c705964598220b3014e42ff51eb540ff23cefa3ae8c15f?s=96&d=mm&r=g","caption":"US6"},"url":"https:\/\/veritasinfo.org\/?author=7"}]}},"featured_image_urls":{"full":["https:\/\/veritasinfo.org\/wp-content\/uploads\/2026\/01\/1-16.jpg",656,441,false],"thumbnail":["https:\/\/veritasinfo.org\/wp-content\/uploads\/2026\/01\/1-16-150x150.jpg",150,150,true],"medium":["https:\/\/veritasinfo.org\/wp-content\/uploads\/2026\/01\/1-16-300x202.jpg",300,202,true],"medium_large":["https:\/\/veritasinfo.org\/wp-content\/uploads\/2026\/01\/1-16.jpg",640,430,false],"large":["https:\/\/veritasinfo.org\/wp-content\/uploads\/2026\/01\/1-16.jpg",640,430,false],"1536x1536":["https:\/\/veritasinfo.org\/wp-content\/uploads\/2026\/01\/1-16.jpg",656,441,false],"2048x2048":["https:\/\/veritasinfo.org\/wp-content\/uploads\/2026\/01\/1-16.jpg",656,441,false],"kreeti-slider-full":["https:\/\/veritasinfo.org\/wp-content\/uploads\/2026\/01\/1-16.jpg",656,441,false],"kreeti-featured":["https:\/\/veritasinfo.org\/wp-content\/uploads\/2026\/01\/1-16.jpg",656,441,false],"kreeti-medium":["https:\/\/veritasinfo.org\/wp-content\/uploads\/2026\/01\/1-16.jpg",656,441,false],"kreeti-medium-square":["https:\/\/veritasinfo.org\/wp-content\/uploads\/2026\/01\/1-16.jpg",350,235,false]},"author_info":{"info":["US6"]},"category_info":"<a href=\"https:\/\/veritasinfo.org\/?cat=58\" rel=\"category\">Politik\u00eb<\/a>","tag_info":"Politik\u00eb","comment_count":"0","_links":{"self":[{"href":"https:\/\/veritasinfo.org\/index.php?rest_route=\/wp\/v2\/posts\/26481","targetHints":{"allow":["GET"]}}],"collection":[{"href":"https:\/\/veritasinfo.org\/index.php?rest_route=\/wp\/v2\/posts"}],"about":[{"href":"https:\/\/veritasinfo.org\/index.php?rest_route=\/wp\/v2\/types\/post"}],"author":[{"embeddable":true,"href":"https:\/\/veritasinfo.org\/index.php?rest_route=\/wp\/v2\/users\/7"}],"replies":[{"embeddable":true,"href":"https:\/\/veritasinfo.org\/index.php?rest_route=%2Fwp%2Fv2%2Fcomments&post=26481"}],"version-history":[{"count":1,"href":"https:\/\/veritasinfo.org\/index.php?rest_route=\/wp\/v2\/posts\/26481\/revisions"}],"predecessor-version":[{"id":26483,"href":"https:\/\/veritasinfo.org\/index.php?rest_route=\/wp\/v2\/posts\/26481\/revisions\/26483"}],"wp:featuredmedia":[{"embeddable":true,"href":"https:\/\/veritasinfo.org\/index.php?rest_route=\/wp\/v2\/media\/26482"}],"wp:attachment":[{"href":"https:\/\/veritasinfo.org\/index.php?rest_route=%2Fwp%2Fv2%2Fmedia&parent=26481"}],"wp:term":[{"taxonomy":"category","embeddable":true,"href":"https:\/\/veritasinfo.org\/index.php?rest_route=%2Fwp%2Fv2%2Fcategories&post=26481"},{"taxonomy":"post_tag","embeddable":true,"href":"https:\/\/veritasinfo.org\/index.php?rest_route=%2Fwp%2Fv2%2Ftags&post=26481"}],"curies":[{"name":"wp","href":"https:\/\/api.w.org\/{rel}","templated":true}]}}