{"id":26474,"date":"2026-01-04T13:45:36","date_gmt":"2026-01-04T12:45:36","guid":{"rendered":"https:\/\/veritasinfo.org\/?p=26474"},"modified":"2026-01-04T13:45:36","modified_gmt":"2026-01-04T12:45:36","slug":"slucaj-banjska-presuda-se-uskoro-ocekuje","status":"publish","type":"post","link":"https:\/\/veritasinfo.org\/?p=26474&lang=sr","title":{"rendered":"Slu\u010daj \u201eBanjska\u201c \u2013 presuda se uskoro o\u010dekuje"},"content":{"rendered":"<p data-start=\"49\" data-end=\"125\">Pri\u0161tina, 4. januar 2026. 13:45<\/p>\n<p data-start=\"127\" data-end=\"390\">Sudski proces u slu\u010daju \u201eBanjska\u201c nalazi se u zavr\u0161noj fazi i uskoro se o\u010dekuje izricanje presude. Tokom pro\u0161le godine na sudu je saslu\u0161ano vi\u0161e od deset svedoka, uklju\u010duju\u0107i i policijske slu\u017ebenike koji su bili deo jedinice napadnute od strane srpskih terorista.<\/p>\n<p data-start=\"392\" data-end=\"660\">Me\u0111u njima je i policijski slu\u017ebenik Aljban Ra\u0161iti, koga brani advokat Naim Rudari. Advokat je izjavio da proces ostaje izazov jer nije primenjeno su\u0111enje u odsustvu, ali prema njegovim re\u010dima postoje dovoljni dokazi da optu\u017eeni budu osu\u0111eni na do\u017eivotnu kaznu zatvora.<\/p>\n<p data-start=\"662\" data-end=\"1144\">Doga\u0111aj se desio u Banjskoj kod Zve\u010dana, 24. septembra 2023. godine, kada se Policija Kosova suo\u010dila sa teroristi\u010dkim napadom. Gotovo godinu dana nakon napada, Specijalno tu\u017eila\u0161tvo je 11. septembra podiglo optu\u017enicu, u kojoj je kao glavni optu\u017eeni naveden Milan Radoi\u010di\u0107, kao vo\u0111a grupe. Prema optu\u017enici, oni se terete za \u201eizvr\u0161enje teroristi\u010dkog dela\u201c i te\u0161ka krivi\u010dna dela protiv ustavnog poretka i bezbednosti Republike Kosovo, a neki i za finansiranje terorizma i pranje novca.<\/p>\n<p data-start=\"1146\" data-end=\"1488\">U ovom predmetu sudi se Vladimiru Toli\u0107u, Blagoju Spasojevi\u0107u i Du\u0161anu Maksimovi\u0107u, koji su pred sudom negirali optu\u017ebe. Advokat Rudari je rekao da je podneo i krivi\u010dnu prijavu protiv dvojice svedoka koji su, prema njegovim re\u010dima, la\u017eno svedo\u010dili, uklju\u010duju\u0107i i vlasnika\/direktora hotela \u201eRajska Banja\u201c, u blizini mesta gde se napad dogodio.<\/p>\n<p data-start=\"1490\" data-end=\"1683\">U teroristi\u010dkom napadu poginuo je pedesetogodi\u0161nji narednik Afrim Bunjaku iz Vu\u010ditrna; ranjen je policijski slu\u017ebenik Alban Ra\u0161iti, dok su povre\u0111eni \u010cljirim \u0160a\u0107iri, Mirsad Krieziu i Sedat Du\u0161i.<\/p>\n<p data-start=\"1685\" data-end=\"1944\">Advokat Rudari navodi da se sada o\u010dekuje po\u010detak saslu\u0161anja svedoka odbrane i da \u0107e uskoro biti izre\u010dena presuda, sa do\u017eivotnom kaznom zatvora za optu\u017eene. Redakcija je uputila pitanja Osnovnom sudu u Pri\u0161tini, ali do objavljivanja teksta nije dobila odgovor.<\/p>\n<p data-start=\"1946\" data-end=\"2164\" data-is-last-node=\"\" data-is-only-node=\"\">Prema navodima iz \u010dlanka, srpski teroristi su ostavili mnogo dokaza i tragova, uklju\u010duju\u0107i video-snimke, telefonske komunikacije, fotografije i dokumenta, te se tokom ove godine o\u010dekuje prvostepeni epilog ovog slu\u010daja.<\/p>\n","protected":false},"excerpt":{"rendered":"<p>Pri\u0161tina, 4. januar 2026. 13:45 Sudski proces u slu\u010daju \u201eBanjska\u201c nalazi se u zavr\u0161noj fazi i uskoro se o\u010dekuje izricanje presude. Tokom pro\u0161le godine na<\/p>\n","protected":false},"author":7,"featured_media":26472,"comment_status":"open","ping_status":"open","sticky":false,"template":"","format":"standard","meta":{"footnotes":""},"categories":[103],"tags":[],"class_list":["post-26474","post","type-post","status-publish","format-standard","has-post-thumbnail","hentry","category-hronika"],"yoast_head":"<!-- This site is optimized with the Yoast SEO plugin v25.3.1 - https:\/\/yoast.com\/wordpress\/plugins\/seo\/ -->\n<title>Slu\u010daj \u201eBanjska\u201c \u2013 presuda se uskoro o\u010dekuje -<\/title>\n<meta name=\"robots\" content=\"index, follow, max-snippet:-1, max-image-preview:large, max-video-preview:-1\" \/>\n<link rel=\"canonical\" href=\"https:\/\/veritasinfo.org\/?p=26474&lang=sr\" \/>\n<meta property=\"og:locale\" content=\"en_US\" \/>\n<meta property=\"og:type\" content=\"article\" \/>\n<meta property=\"og:title\" content=\"Slu\u010daj \u201eBanjska\u201c \u2013 presuda se uskoro o\u010dekuje -\" \/>\n<meta property=\"og:description\" content=\"Pri\u0161tina, 4. januar 2026. 13:45 Sudski proces u slu\u010daju \u201eBanjska\u201c nalazi se u zavr\u0161noj fazi i uskoro se o\u010dekuje izricanje presude. Tokom pro\u0161le godine na\" \/>\n<meta property=\"og:url\" content=\"https:\/\/veritasinfo.org\/?p=26474&amp;lang=sr\" \/>\n<meta property=\"article:published_time\" content=\"2026-01-04T12:45:36+00:00\" \/>\n<meta property=\"og:image\" content=\"https:\/\/veritasinfo.org\/wp-content\/uploads\/2026\/01\/1-14.jpg\" \/>\n\t<meta property=\"og:image:width\" content=\"667\" \/>\n\t<meta property=\"og:image:height\" content=\"439\" \/>\n\t<meta property=\"og:image:type\" content=\"image\/jpeg\" \/>\n<meta name=\"author\" content=\"US6\" \/>\n<meta name=\"twitter:card\" content=\"summary_large_image\" \/>\n<meta name=\"twitter:label1\" content=\"Written by\" \/>\n\t<meta name=\"twitter:data1\" content=\"US6\" \/>\n\t<meta name=\"twitter:label2\" content=\"Est. reading time\" \/>\n\t<meta name=\"twitter:data2\" content=\"2 minutes\" \/>\n<script type=\"application\/ld+json\" class=\"yoast-schema-graph\">{\"@context\":\"https:\/\/schema.org\",\"@graph\":[{\"@type\":\"WebPage\",\"@id\":\"https:\/\/veritasinfo.org\/?p=26474&lang=sr\",\"url\":\"https:\/\/veritasinfo.org\/?p=26474&lang=sr\",\"name\":\"Slu\u010daj \u201eBanjska\u201c \u2013 presuda se uskoro o\u010dekuje -\",\"isPartOf\":{\"@id\":\"https:\/\/veritasinfo.org\/#website\"},\"primaryImageOfPage\":{\"@id\":\"https:\/\/veritasinfo.org\/?p=26474&lang=sr#primaryimage\"},\"image\":{\"@id\":\"https:\/\/veritasinfo.org\/?p=26474&lang=sr#primaryimage\"},\"thumbnailUrl\":\"https:\/\/veritasinfo.org\/wp-content\/uploads\/2026\/01\/1-14.jpg\",\"datePublished\":\"2026-01-04T12:45:36+00:00\",\"author\":{\"@id\":\"https:\/\/veritasinfo.org\/#\/schema\/person\/fe199eede04c3937362892b7444747cc\"},\"breadcrumb\":{\"@id\":\"https:\/\/veritasinfo.org\/?p=26474&lang=sr#breadcrumb\"},\"inLanguage\":\"en-US\",\"potentialAction\":[{\"@type\":\"ReadAction\",\"target\":[\"https:\/\/veritasinfo.org\/?p=26474&lang=sr\"]}]},{\"@type\":\"ImageObject\",\"inLanguage\":\"en-US\",\"@id\":\"https:\/\/veritasinfo.org\/?p=26474&lang=sr#primaryimage\",\"url\":\"https:\/\/veritasinfo.org\/wp-content\/uploads\/2026\/01\/1-14.jpg\",\"contentUrl\":\"https:\/\/veritasinfo.org\/wp-content\/uploads\/2026\/01\/1-14.jpg\",\"width\":667,\"height\":439},{\"@type\":\"BreadcrumbList\",\"@id\":\"https:\/\/veritasinfo.org\/?p=26474&lang=sr#breadcrumb\",\"itemListElement\":[{\"@type\":\"ListItem\",\"position\":1,\"name\":\"Home\",\"item\":\"https:\/\/veritasinfo.org\/\"},{\"@type\":\"ListItem\",\"position\":2,\"name\":\"Slu\u010daj \u201eBanjska\u201c \u2013 presuda se uskoro o\u010dekuje\"}]},{\"@type\":\"WebSite\",\"@id\":\"https:\/\/veritasinfo.org\/#website\",\"url\":\"https:\/\/veritasinfo.org\/\",\"name\":\"\",\"description\":\"\",\"potentialAction\":[{\"@type\":\"SearchAction\",\"target\":{\"@type\":\"EntryPoint\",\"urlTemplate\":\"https:\/\/veritasinfo.org\/?s={search_term_string}\"},\"query-input\":{\"@type\":\"PropertyValueSpecification\",\"valueRequired\":true,\"valueName\":\"search_term_string\"}}],\"inLanguage\":\"en-US\"},{\"@type\":\"Person\",\"@id\":\"https:\/\/veritasinfo.org\/#\/schema\/person\/fe199eede04c3937362892b7444747cc\",\"name\":\"US6\",\"image\":{\"@type\":\"ImageObject\",\"inLanguage\":\"en-US\",\"@id\":\"https:\/\/veritasinfo.org\/#\/schema\/person\/image\/\",\"url\":\"https:\/\/secure.gravatar.com\/avatar\/cb16c3c31c9d23b9b8c705964598220b3014e42ff51eb540ff23cefa3ae8c15f?s=96&d=mm&r=g\",\"contentUrl\":\"https:\/\/secure.gravatar.com\/avatar\/cb16c3c31c9d23b9b8c705964598220b3014e42ff51eb540ff23cefa3ae8c15f?s=96&d=mm&r=g\",\"caption\":\"US6\"},\"url\":\"https:\/\/veritasinfo.org\/?author=7\"}]}<\/script>\n<!-- \/ Yoast SEO plugin. -->","yoast_head_json":{"title":"Slu\u010daj \u201eBanjska\u201c \u2013 presuda se uskoro o\u010dekuje -","robots":{"index":"index","follow":"follow","max-snippet":"max-snippet:-1","max-image-preview":"max-image-preview:large","max-video-preview":"max-video-preview:-1"},"canonical":"https:\/\/veritasinfo.org\/?p=26474&lang=sr","og_locale":"en_US","og_type":"article","og_title":"Slu\u010daj \u201eBanjska\u201c \u2013 presuda se uskoro o\u010dekuje -","og_description":"Pri\u0161tina, 4. januar 2026. 13:45 Sudski proces u slu\u010daju \u201eBanjska\u201c nalazi se u zavr\u0161noj fazi i uskoro se o\u010dekuje izricanje presude. Tokom pro\u0161le godine na","og_url":"https:\/\/veritasinfo.org\/?p=26474&lang=sr","article_published_time":"2026-01-04T12:45:36+00:00","og_image":[{"width":667,"height":439,"url":"https:\/\/veritasinfo.org\/wp-content\/uploads\/2026\/01\/1-14.jpg","type":"image\/jpeg"}],"author":"US6","twitter_card":"summary_large_image","twitter_misc":{"Written by":"US6","Est. reading time":"2 minutes"},"schema":{"@context":"https:\/\/schema.org","@graph":[{"@type":"WebPage","@id":"https:\/\/veritasinfo.org\/?p=26474&lang=sr","url":"https:\/\/veritasinfo.org\/?p=26474&lang=sr","name":"Slu\u010daj \u201eBanjska\u201c \u2013 presuda se uskoro o\u010dekuje -","isPartOf":{"@id":"https:\/\/veritasinfo.org\/#website"},"primaryImageOfPage":{"@id":"https:\/\/veritasinfo.org\/?p=26474&lang=sr#primaryimage"},"image":{"@id":"https:\/\/veritasinfo.org\/?p=26474&lang=sr#primaryimage"},"thumbnailUrl":"https:\/\/veritasinfo.org\/wp-content\/uploads\/2026\/01\/1-14.jpg","datePublished":"2026-01-04T12:45:36+00:00","author":{"@id":"https:\/\/veritasinfo.org\/#\/schema\/person\/fe199eede04c3937362892b7444747cc"},"breadcrumb":{"@id":"https:\/\/veritasinfo.org\/?p=26474&lang=sr#breadcrumb"},"inLanguage":"en-US","potentialAction":[{"@type":"ReadAction","target":["https:\/\/veritasinfo.org\/?p=26474&lang=sr"]}]},{"@type":"ImageObject","inLanguage":"en-US","@id":"https:\/\/veritasinfo.org\/?p=26474&lang=sr#primaryimage","url":"https:\/\/veritasinfo.org\/wp-content\/uploads\/2026\/01\/1-14.jpg","contentUrl":"https:\/\/veritasinfo.org\/wp-content\/uploads\/2026\/01\/1-14.jpg","width":667,"height":439},{"@type":"BreadcrumbList","@id":"https:\/\/veritasinfo.org\/?p=26474&lang=sr#breadcrumb","itemListElement":[{"@type":"ListItem","position":1,"name":"Home","item":"https:\/\/veritasinfo.org\/"},{"@type":"ListItem","position":2,"name":"Slu\u010daj \u201eBanjska\u201c \u2013 presuda se uskoro o\u010dekuje"}]},{"@type":"WebSite","@id":"https:\/\/veritasinfo.org\/#website","url":"https:\/\/veritasinfo.org\/","name":"","description":"","potentialAction":[{"@type":"SearchAction","target":{"@type":"EntryPoint","urlTemplate":"https:\/\/veritasinfo.org\/?s={search_term_string}"},"query-input":{"@type":"PropertyValueSpecification","valueRequired":true,"valueName":"search_term_string"}}],"inLanguage":"en-US"},{"@type":"Person","@id":"https:\/\/veritasinfo.org\/#\/schema\/person\/fe199eede04c3937362892b7444747cc","name":"US6","image":{"@type":"ImageObject","inLanguage":"en-US","@id":"https:\/\/veritasinfo.org\/#\/schema\/person\/image\/","url":"https:\/\/secure.gravatar.com\/avatar\/cb16c3c31c9d23b9b8c705964598220b3014e42ff51eb540ff23cefa3ae8c15f?s=96&d=mm&r=g","contentUrl":"https:\/\/secure.gravatar.com\/avatar\/cb16c3c31c9d23b9b8c705964598220b3014e42ff51eb540ff23cefa3ae8c15f?s=96&d=mm&r=g","caption":"US6"},"url":"https:\/\/veritasinfo.org\/?author=7"}]}},"featured_image_urls":{"full":["https:\/\/veritasinfo.org\/wp-content\/uploads\/2026\/01\/1-14.jpg",667,439,false],"thumbnail":["https:\/\/veritasinfo.org\/wp-content\/uploads\/2026\/01\/1-14-150x150.jpg",150,150,true],"medium":["https:\/\/veritasinfo.org\/wp-content\/uploads\/2026\/01\/1-14-300x197.jpg",300,197,true],"medium_large":["https:\/\/veritasinfo.org\/wp-content\/uploads\/2026\/01\/1-14.jpg",640,421,false],"large":["https:\/\/veritasinfo.org\/wp-content\/uploads\/2026\/01\/1-14.jpg",640,421,false],"1536x1536":["https:\/\/veritasinfo.org\/wp-content\/uploads\/2026\/01\/1-14.jpg",667,439,false],"2048x2048":["https:\/\/veritasinfo.org\/wp-content\/uploads\/2026\/01\/1-14.jpg",667,439,false],"kreeti-slider-full":["https:\/\/veritasinfo.org\/wp-content\/uploads\/2026\/01\/1-14.jpg",667,439,false],"kreeti-featured":["https:\/\/veritasinfo.org\/wp-content\/uploads\/2026\/01\/1-14.jpg",667,439,false],"kreeti-medium":["https:\/\/veritasinfo.org\/wp-content\/uploads\/2026\/01\/1-14.jpg",667,439,false],"kreeti-medium-square":["https:\/\/veritasinfo.org\/wp-content\/uploads\/2026\/01\/1-14.jpg",350,230,false]},"author_info":{"info":["US6"]},"category_info":"<a href=\"https:\/\/veritasinfo.org\/?cat=103&#038;lang=sr\" rel=\"category\">Hronika<\/a>","tag_info":"Hronika","comment_count":"0","_links":{"self":[{"href":"https:\/\/veritasinfo.org\/index.php?rest_route=\/wp\/v2\/posts\/26474","targetHints":{"allow":["GET"]}}],"collection":[{"href":"https:\/\/veritasinfo.org\/index.php?rest_route=\/wp\/v2\/posts"}],"about":[{"href":"https:\/\/veritasinfo.org\/index.php?rest_route=\/wp\/v2\/types\/post"}],"author":[{"embeddable":true,"href":"https:\/\/veritasinfo.org\/index.php?rest_route=\/wp\/v2\/users\/7"}],"replies":[{"embeddable":true,"href":"https:\/\/veritasinfo.org\/index.php?rest_route=%2Fwp%2Fv2%2Fcomments&post=26474"}],"version-history":[{"count":1,"href":"https:\/\/veritasinfo.org\/index.php?rest_route=\/wp\/v2\/posts\/26474\/revisions"}],"predecessor-version":[{"id":26475,"href":"https:\/\/veritasinfo.org\/index.php?rest_route=\/wp\/v2\/posts\/26474\/revisions\/26475"}],"wp:featuredmedia":[{"embeddable":true,"href":"https:\/\/veritasinfo.org\/index.php?rest_route=\/wp\/v2\/media\/26472"}],"wp:attachment":[{"href":"https:\/\/veritasinfo.org\/index.php?rest_route=%2Fwp%2Fv2%2Fmedia&parent=26474"}],"wp:term":[{"taxonomy":"category","embeddable":true,"href":"https:\/\/veritasinfo.org\/index.php?rest_route=%2Fwp%2Fv2%2Fcategories&post=26474"},{"taxonomy":"post_tag","embeddable":true,"href":"https:\/\/veritasinfo.org\/index.php?rest_route=%2Fwp%2Fv2%2Ftags&post=26474"}],"curies":[{"name":"wp","href":"https:\/\/api.w.org\/{rel}","templated":true}]}}