{"id":26469,"date":"2026-01-04T13:11:15","date_gmt":"2026-01-04T12:11:15","guid":{"rendered":"https:\/\/veritasinfo.org\/?p=26469"},"modified":"2026-01-04T13:11:15","modified_gmt":"2026-01-04T12:11:15","slug":"kurti-rec-rusita-ramabaje-ostavila-je-duboke-tragove-u-nacionalnoj-svesti","status":"publish","type":"post","link":"https:\/\/veritasinfo.org\/?p=26469&lang=sr","title":{"rendered":"Kurti: Re\u010d Ru\u0161ita Ramabaje ostavila je duboke tragove u nacionalnoj svesti"},"content":{"rendered":"<p data-start=\"65\" data-end=\"171\"><strong>Pri\u0161tina, 4. januar 2026. 13:10<\/strong><\/p>\n<p data-start=\"173\" data-end=\"377\">Ministarstvo kulture, omladine i sporta organizovalo je komemorativni skup u \u010dast pisca Ru\u0161ita Ramabaje. Ceremoniji su prisustvovali \u010dlanovi porodice, saradnici, prijatelji i predstavnici institucija.<\/p>\n<p data-start=\"379\" data-end=\"780\">Premijer Kosova u tehni\u010dkom mandatu, Aljbin Kurti, rekao je da smo se \u201edanas okupili da se setimo i odamo po\u010dast \u010doveku \u010dija je re\u010d ostavila duboke tragove u na\u0161oj kulturi i dru\u0161tvenoj i nacionalnoj svesti. Odlazak Ru\u0161ita Ramabaje duboko nas poga\u0111a, jer s njim ne gubimo samo istaknutog pesnika, novinara i publicistu, ve\u0107 jedan redak intelektualni glas koji je decenijama ostao veran pisanoj re\u010di\u201c.<\/p>\n<p data-start=\"782\" data-end=\"920\">Dodao je da je Ramabaja \u201epripadao generaciji intelektualaca koja se rano formirala i koja je bila proveravana i isku\u0161avana tokom vremena\u201c.<\/p>\n<p data-start=\"922\" data-end=\"1013\">Dalje je naglasio da je bio postojan i veran re\u010di, pi\u0161u\u0107i \u010dak i onda kada je to bilo te\u0161ko.<\/p>\n<p data-start=\"1015\" data-end=\"1356\">\u201eDanas, na ovoj pogrebnoj ceremoniji, kada se Ru\u0161it Ramabaja fizi\u010dki opra\u0161ta od nas, ne se\u0107amo ga se samo po onome \u0161to je bio, ve\u0107 i po onome \u0161to nam je ostavio. Ostavio nam je knjige, se\u0107anja i jedno nasle\u0111e koje \u0107e nastaviti da govori o njemu. Ostavio nam je primer kako re\u010d mo\u017ee biti istovremeno moralni i kulturni \u010din\u201c, istakao je Kurti.<\/p>\n<p data-start=\"1358\" data-end=\"1493\">U me\u0111uvremenu, Avni Dehari ocenio je Ru\u0161ita Ramabaju kao vi\u0161edimenzionalnu li\u010dnost albanske knji\u017eevnosti na op\u0161tenacionalnom nivou.<\/p>\n<p data-start=\"1495\" data-end=\"1612\">Ru\u0161it Ramabaja preminuo je ju\u010de u 77. godini \u017eivota. Bio je jedna od istaknutih figura albanske knji\u017eevnosti i misli.<\/p>\n<p data-start=\"1614\" data-end=\"1869\">Ramabaja je bio kulturni novinar u listu <em data-start=\"1655\" data-end=\"1665\">Rilindja<\/em>, pisac, romanopisac i pesnik, kao i politi\u010dki zatvorenik i podr\u017eavalac oslobodila\u010dkih pokreta. Poznat po mudroj re\u010di i intelektualnom anga\u017emanu, iza sebe je ostavio dragoceno knji\u017eevno i duhovno nasle\u0111e.<\/p>\n<p data-start=\"1871\" data-end=\"2123\">Njegov odlazak predstavlja veliki gubitak ne samo za porodicu i prijatelje, ve\u0107 i za celokupnu albansku kulturu i misao. Svojim delom, re\u010dju i stavom, Ru\u0161it Ramabaja ostavio je neizbrisive tragove u albanskoj knji\u017eevnosti i u kolektivnoj svesti naroda.<\/p>\n<p data-start=\"2125\" data-end=\"2302\">Bio je uzor anga\u017eovanog intelektualca, primer ljudskog dostojanstva i duhovni putokaz, oli\u010davaju\u0107i odgovornost pisane re\u010di, hrabrost u mi\u0161ljenju i trajnu ljubav prema otad\u017ebini.<\/p>\n","protected":false},"excerpt":{"rendered":"<p>Pri\u0161tina, 4. januar 2026. 13:10 Ministarstvo kulture, omladine i sporta organizovalo je komemorativni skup u \u010dast pisca Ru\u0161ita Ramabaje. Ceremoniji su prisustvovali \u010dlanovi porodice, saradnici,<\/p>\n","protected":false},"author":7,"featured_media":26467,"comment_status":"open","ping_status":"open","sticky":false,"template":"","format":"standard","meta":{"footnotes":""},"categories":[34],"tags":[],"class_list":["post-26469","post","type-post","status-publish","format-standard","has-post-thumbnail","hentry","category-kultura"],"yoast_head":"<!-- This site is optimized with the Yoast SEO plugin v25.3.1 - https:\/\/yoast.com\/wordpress\/plugins\/seo\/ -->\n<title>Kurti: Re\u010d Ru\u0161ita Ramabaje ostavila je duboke tragove u nacionalnoj svesti -<\/title>\n<meta name=\"robots\" content=\"index, follow, max-snippet:-1, max-image-preview:large, max-video-preview:-1\" \/>\n<link rel=\"canonical\" href=\"https:\/\/veritasinfo.org\/?p=26469&lang=sr\" \/>\n<meta property=\"og:locale\" content=\"en_US\" \/>\n<meta property=\"og:type\" content=\"article\" \/>\n<meta property=\"og:title\" content=\"Kurti: Re\u010d Ru\u0161ita Ramabaje ostavila je duboke tragove u nacionalnoj svesti -\" \/>\n<meta property=\"og:description\" content=\"Pri\u0161tina, 4. januar 2026. 13:10 Ministarstvo kulture, omladine i sporta organizovalo je komemorativni skup u \u010dast pisca Ru\u0161ita Ramabaje. Ceremoniji su prisustvovali \u010dlanovi porodice, saradnici,\" \/>\n<meta property=\"og:url\" content=\"https:\/\/veritasinfo.org\/?p=26469&amp;lang=sr\" \/>\n<meta property=\"article:published_time\" content=\"2026-01-04T12:11:15+00:00\" \/>\n<meta property=\"og:image\" content=\"https:\/\/veritasinfo.org\/wp-content\/uploads\/2026\/01\/1-13.jpg\" \/>\n\t<meta property=\"og:image:width\" content=\"780\" \/>\n\t<meta property=\"og:image:height\" content=\"500\" \/>\n\t<meta property=\"og:image:type\" content=\"image\/jpeg\" \/>\n<meta name=\"author\" content=\"US6\" \/>\n<meta name=\"twitter:card\" content=\"summary_large_image\" \/>\n<meta name=\"twitter:label1\" content=\"Written by\" \/>\n\t<meta name=\"twitter:data1\" content=\"US6\" \/>\n\t<meta name=\"twitter:label2\" content=\"Est. reading time\" \/>\n\t<meta name=\"twitter:data2\" content=\"2 minutes\" \/>\n<script type=\"application\/ld+json\" class=\"yoast-schema-graph\">{\"@context\":\"https:\/\/schema.org\",\"@graph\":[{\"@type\":\"WebPage\",\"@id\":\"https:\/\/veritasinfo.org\/?p=26469&lang=sr\",\"url\":\"https:\/\/veritasinfo.org\/?p=26469&lang=sr\",\"name\":\"Kurti: Re\u010d Ru\u0161ita Ramabaje ostavila je duboke tragove u nacionalnoj svesti -\",\"isPartOf\":{\"@id\":\"https:\/\/veritasinfo.org\/#website\"},\"primaryImageOfPage\":{\"@id\":\"https:\/\/veritasinfo.org\/?p=26469&lang=sr#primaryimage\"},\"image\":{\"@id\":\"https:\/\/veritasinfo.org\/?p=26469&lang=sr#primaryimage\"},\"thumbnailUrl\":\"https:\/\/veritasinfo.org\/wp-content\/uploads\/2026\/01\/1-13.jpg\",\"datePublished\":\"2026-01-04T12:11:15+00:00\",\"author\":{\"@id\":\"https:\/\/veritasinfo.org\/#\/schema\/person\/fe199eede04c3937362892b7444747cc\"},\"breadcrumb\":{\"@id\":\"https:\/\/veritasinfo.org\/?p=26469&lang=sr#breadcrumb\"},\"inLanguage\":\"en-US\",\"potentialAction\":[{\"@type\":\"ReadAction\",\"target\":[\"https:\/\/veritasinfo.org\/?p=26469&lang=sr\"]}]},{\"@type\":\"ImageObject\",\"inLanguage\":\"en-US\",\"@id\":\"https:\/\/veritasinfo.org\/?p=26469&lang=sr#primaryimage\",\"url\":\"https:\/\/veritasinfo.org\/wp-content\/uploads\/2026\/01\/1-13.jpg\",\"contentUrl\":\"https:\/\/veritasinfo.org\/wp-content\/uploads\/2026\/01\/1-13.jpg\",\"width\":780,\"height\":500},{\"@type\":\"BreadcrumbList\",\"@id\":\"https:\/\/veritasinfo.org\/?p=26469&lang=sr#breadcrumb\",\"itemListElement\":[{\"@type\":\"ListItem\",\"position\":1,\"name\":\"Home\",\"item\":\"https:\/\/veritasinfo.org\/\"},{\"@type\":\"ListItem\",\"position\":2,\"name\":\"Kurti: Re\u010d Ru\u0161ita Ramabaje ostavila je duboke tragove u nacionalnoj svesti\"}]},{\"@type\":\"WebSite\",\"@id\":\"https:\/\/veritasinfo.org\/#website\",\"url\":\"https:\/\/veritasinfo.org\/\",\"name\":\"\",\"description\":\"\",\"potentialAction\":[{\"@type\":\"SearchAction\",\"target\":{\"@type\":\"EntryPoint\",\"urlTemplate\":\"https:\/\/veritasinfo.org\/?s={search_term_string}\"},\"query-input\":{\"@type\":\"PropertyValueSpecification\",\"valueRequired\":true,\"valueName\":\"search_term_string\"}}],\"inLanguage\":\"en-US\"},{\"@type\":\"Person\",\"@id\":\"https:\/\/veritasinfo.org\/#\/schema\/person\/fe199eede04c3937362892b7444747cc\",\"name\":\"US6\",\"image\":{\"@type\":\"ImageObject\",\"inLanguage\":\"en-US\",\"@id\":\"https:\/\/veritasinfo.org\/#\/schema\/person\/image\/\",\"url\":\"https:\/\/secure.gravatar.com\/avatar\/cb16c3c31c9d23b9b8c705964598220b3014e42ff51eb540ff23cefa3ae8c15f?s=96&d=mm&r=g\",\"contentUrl\":\"https:\/\/secure.gravatar.com\/avatar\/cb16c3c31c9d23b9b8c705964598220b3014e42ff51eb540ff23cefa3ae8c15f?s=96&d=mm&r=g\",\"caption\":\"US6\"},\"url\":\"https:\/\/veritasinfo.org\/?author=7\"}]}<\/script>\n<!-- \/ Yoast SEO plugin. -->","yoast_head_json":{"title":"Kurti: Re\u010d Ru\u0161ita Ramabaje ostavila je duboke tragove u nacionalnoj svesti -","robots":{"index":"index","follow":"follow","max-snippet":"max-snippet:-1","max-image-preview":"max-image-preview:large","max-video-preview":"max-video-preview:-1"},"canonical":"https:\/\/veritasinfo.org\/?p=26469&lang=sr","og_locale":"en_US","og_type":"article","og_title":"Kurti: Re\u010d Ru\u0161ita Ramabaje ostavila je duboke tragove u nacionalnoj svesti -","og_description":"Pri\u0161tina, 4. januar 2026. 13:10 Ministarstvo kulture, omladine i sporta organizovalo je komemorativni skup u \u010dast pisca Ru\u0161ita Ramabaje. Ceremoniji su prisustvovali \u010dlanovi porodice, saradnici,","og_url":"https:\/\/veritasinfo.org\/?p=26469&lang=sr","article_published_time":"2026-01-04T12:11:15+00:00","og_image":[{"width":780,"height":500,"url":"https:\/\/veritasinfo.org\/wp-content\/uploads\/2026\/01\/1-13.jpg","type":"image\/jpeg"}],"author":"US6","twitter_card":"summary_large_image","twitter_misc":{"Written by":"US6","Est. reading time":"2 minutes"},"schema":{"@context":"https:\/\/schema.org","@graph":[{"@type":"WebPage","@id":"https:\/\/veritasinfo.org\/?p=26469&lang=sr","url":"https:\/\/veritasinfo.org\/?p=26469&lang=sr","name":"Kurti: Re\u010d Ru\u0161ita Ramabaje ostavila je duboke tragove u nacionalnoj svesti -","isPartOf":{"@id":"https:\/\/veritasinfo.org\/#website"},"primaryImageOfPage":{"@id":"https:\/\/veritasinfo.org\/?p=26469&lang=sr#primaryimage"},"image":{"@id":"https:\/\/veritasinfo.org\/?p=26469&lang=sr#primaryimage"},"thumbnailUrl":"https:\/\/veritasinfo.org\/wp-content\/uploads\/2026\/01\/1-13.jpg","datePublished":"2026-01-04T12:11:15+00:00","author":{"@id":"https:\/\/veritasinfo.org\/#\/schema\/person\/fe199eede04c3937362892b7444747cc"},"breadcrumb":{"@id":"https:\/\/veritasinfo.org\/?p=26469&lang=sr#breadcrumb"},"inLanguage":"en-US","potentialAction":[{"@type":"ReadAction","target":["https:\/\/veritasinfo.org\/?p=26469&lang=sr"]}]},{"@type":"ImageObject","inLanguage":"en-US","@id":"https:\/\/veritasinfo.org\/?p=26469&lang=sr#primaryimage","url":"https:\/\/veritasinfo.org\/wp-content\/uploads\/2026\/01\/1-13.jpg","contentUrl":"https:\/\/veritasinfo.org\/wp-content\/uploads\/2026\/01\/1-13.jpg","width":780,"height":500},{"@type":"BreadcrumbList","@id":"https:\/\/veritasinfo.org\/?p=26469&lang=sr#breadcrumb","itemListElement":[{"@type":"ListItem","position":1,"name":"Home","item":"https:\/\/veritasinfo.org\/"},{"@type":"ListItem","position":2,"name":"Kurti: Re\u010d Ru\u0161ita Ramabaje ostavila je duboke tragove u nacionalnoj svesti"}]},{"@type":"WebSite","@id":"https:\/\/veritasinfo.org\/#website","url":"https:\/\/veritasinfo.org\/","name":"","description":"","potentialAction":[{"@type":"SearchAction","target":{"@type":"EntryPoint","urlTemplate":"https:\/\/veritasinfo.org\/?s={search_term_string}"},"query-input":{"@type":"PropertyValueSpecification","valueRequired":true,"valueName":"search_term_string"}}],"inLanguage":"en-US"},{"@type":"Person","@id":"https:\/\/veritasinfo.org\/#\/schema\/person\/fe199eede04c3937362892b7444747cc","name":"US6","image":{"@type":"ImageObject","inLanguage":"en-US","@id":"https:\/\/veritasinfo.org\/#\/schema\/person\/image\/","url":"https:\/\/secure.gravatar.com\/avatar\/cb16c3c31c9d23b9b8c705964598220b3014e42ff51eb540ff23cefa3ae8c15f?s=96&d=mm&r=g","contentUrl":"https:\/\/secure.gravatar.com\/avatar\/cb16c3c31c9d23b9b8c705964598220b3014e42ff51eb540ff23cefa3ae8c15f?s=96&d=mm&r=g","caption":"US6"},"url":"https:\/\/veritasinfo.org\/?author=7"}]}},"featured_image_urls":{"full":["https:\/\/veritasinfo.org\/wp-content\/uploads\/2026\/01\/1-13.jpg",780,500,false],"thumbnail":["https:\/\/veritasinfo.org\/wp-content\/uploads\/2026\/01\/1-13-150x150.jpg",150,150,true],"medium":["https:\/\/veritasinfo.org\/wp-content\/uploads\/2026\/01\/1-13-300x192.jpg",300,192,true],"medium_large":["https:\/\/veritasinfo.org\/wp-content\/uploads\/2026\/01\/1-13-768x492.jpg",640,410,true],"large":["https:\/\/veritasinfo.org\/wp-content\/uploads\/2026\/01\/1-13.jpg",640,410,false],"1536x1536":["https:\/\/veritasinfo.org\/wp-content\/uploads\/2026\/01\/1-13.jpg",780,500,false],"2048x2048":["https:\/\/veritasinfo.org\/wp-content\/uploads\/2026\/01\/1-13.jpg",780,500,false],"kreeti-slider-full":["https:\/\/veritasinfo.org\/wp-content\/uploads\/2026\/01\/1-13.jpg",780,500,false],"kreeti-featured":["https:\/\/veritasinfo.org\/wp-content\/uploads\/2026\/01\/1-13.jpg",780,500,false],"kreeti-medium":["https:\/\/veritasinfo.org\/wp-content\/uploads\/2026\/01\/1-13.jpg",720,462,false],"kreeti-medium-square":["https:\/\/veritasinfo.org\/wp-content\/uploads\/2026\/01\/1-13.jpg",350,224,false]},"author_info":{"info":["US6"]},"category_info":"<a href=\"https:\/\/veritasinfo.org\/?cat=34&#038;lang=sr\" rel=\"category\">Kultura<\/a>","tag_info":"Kultura","comment_count":"0","_links":{"self":[{"href":"https:\/\/veritasinfo.org\/index.php?rest_route=\/wp\/v2\/posts\/26469","targetHints":{"allow":["GET"]}}],"collection":[{"href":"https:\/\/veritasinfo.org\/index.php?rest_route=\/wp\/v2\/posts"}],"about":[{"href":"https:\/\/veritasinfo.org\/index.php?rest_route=\/wp\/v2\/types\/post"}],"author":[{"embeddable":true,"href":"https:\/\/veritasinfo.org\/index.php?rest_route=\/wp\/v2\/users\/7"}],"replies":[{"embeddable":true,"href":"https:\/\/veritasinfo.org\/index.php?rest_route=%2Fwp%2Fv2%2Fcomments&post=26469"}],"version-history":[{"count":1,"href":"https:\/\/veritasinfo.org\/index.php?rest_route=\/wp\/v2\/posts\/26469\/revisions"}],"predecessor-version":[{"id":26470,"href":"https:\/\/veritasinfo.org\/index.php?rest_route=\/wp\/v2\/posts\/26469\/revisions\/26470"}],"wp:featuredmedia":[{"embeddable":true,"href":"https:\/\/veritasinfo.org\/index.php?rest_route=\/wp\/v2\/media\/26467"}],"wp:attachment":[{"href":"https:\/\/veritasinfo.org\/index.php?rest_route=%2Fwp%2Fv2%2Fmedia&parent=26469"}],"wp:term":[{"taxonomy":"category","embeddable":true,"href":"https:\/\/veritasinfo.org\/index.php?rest_route=%2Fwp%2Fv2%2Fcategories&post=26469"},{"taxonomy":"post_tag","embeddable":true,"href":"https:\/\/veritasinfo.org\/index.php?rest_route=%2Fwp%2Fv2%2Ftags&post=26469"}],"curies":[{"name":"wp","href":"https:\/\/api.w.org\/{rel}","templated":true}]}}