{"id":26456,"date":"2026-01-04T11:50:08","date_gmt":"2026-01-04T10:50:08","guid":{"rendered":"https:\/\/veritasinfo.org\/?p=26456"},"modified":"2026-01-04T11:50:08","modified_gmt":"2026-01-04T10:50:08","slug":"kryeministri-sllovak-permend-kosoven-ne-kritiken-ndaj-shba-se-per-maduron","status":"publish","type":"post","link":"https:\/\/veritasinfo.org\/?p=26456","title":{"rendered":"Kryeministri sllovak p\u00ebrmend Kosov\u00ebn n\u00eb kritik\u00ebn ndaj SHBA-s\u00eb p\u00ebr Maduron"},"content":{"rendered":"<p><strong>Bratisllav\u00eb, 04 janar 2025 11:50<\/strong><\/p>\n<p>Kryeministri i Sllovakis\u00eb, Robert Fico, e ka p\u00ebrmendur Kosov\u00ebn n\u00eb nj\u00eb shkrim, n\u00ebp\u00ebrmjet t\u00eb cilit ka akuzuar Shtetet e Bashkuara t\u00eb Amerik\u00ebs p\u00ebr shkelje t\u00eb s\u00eb drejt\u00ebs nd\u00ebrkomb\u00ebtare me arrestimin e presidentit venezuelas, Nicolas Maduro.<\/p>\n<p>N\u00eb Facebook, Fico ka th\u00ebn\u00eb se p\u00ebrdorimi i forcave ushtarake amerikane p\u00ebr t\u00eb hyr\u00eb n\u00eb Venezuel\u00eb dhe p\u00ebr ta kapur Maduron \u00ebsht\u00eb tregues \u201ci shembjes s\u00eb m\u00ebtejme t\u00eb rendit bot\u00ebror t\u00eb krijuar pas Luft\u00ebs s\u00eb Dyt\u00eb Bot\u00ebrore\u201d.<\/p>\n<p>\u201cE drejta nd\u00ebrkomb\u00ebtare nuk zbatohet, forca ushtarake p\u00ebrdoret pa mandat t\u00eb K\u00ebshillit t\u00eb Sigurimit t\u00eb OKB-s\u00eb dhe kushdo q\u00eb \u00ebsht\u00eb i madh e i fort\u00eb b\u00ebn \u00e7far\u00eb t\u00eb doj\u00eb p\u00ebr t\u00eb promovuar interesat e veta. Si kryeminist\u00ebr i nj\u00eb shteti t\u00eb vog\u00ebl, duhet ta refuzoj me vendosm\u00ebri nj\u00eb p\u00ebrmbysje t\u00eb till\u00eb t\u00eb s\u00eb drejt\u00ebs nd\u00ebrkomb\u00ebtare, si\u00e7 b\u00ebra edhe gjat\u00eb luft\u00ebs n\u00eb Irak, me mosnjohjen e Kosov\u00ebs si shtet sovran e p\u00ebrdorimin e forc\u00ebs ushtarake ruse n\u00eb Ukrain\u00eb apo edhe vler\u00ebsimin e situat\u00ebs n\u00eb Gaz\u00eb\u201d, ka shkruar ai.<\/p>\n<p>Fico ka th\u00ebn\u00eb se \u00ebsht\u00eb kurioz t\u00eb shoh\u00eb reagimin e Bashkimit Evropian p\u00ebr sulmin ndaj Venezuel\u00ebs.<\/p>\n<p>Fico njihet p\u00ebr lidhjet e tij me Rusin\u00eb. Sllovakia \u00ebsht\u00eb nd\u00ebr pak shtetet evropiane q\u00eb nuk e njohin Kosov\u00ebn.<\/p>\n","protected":false},"excerpt":{"rendered":"<p>Bratisllav\u00eb, 04 janar 2025 11:50 Kryeministri i Sllovakis\u00eb, Robert Fico, e ka p\u00ebrmendur Kosov\u00ebn n\u00eb nj\u00eb shkrim, n\u00ebp\u00ebrmjet t\u00eb cilit ka akuzuar Shtetet e Bashkuara<\/p>\n","protected":false},"author":2,"featured_media":26457,"comment_status":"open","ping_status":"open","sticky":false,"template":"","format":"standard","meta":{"footnotes":""},"categories":[58],"tags":[],"class_list":["post-26456","post","type-post","status-publish","format-standard","has-post-thumbnail","hentry","category-politike-sq"],"yoast_head":"<!-- This site is optimized with the Yoast SEO plugin v25.3.1 - https:\/\/yoast.com\/wordpress\/plugins\/seo\/ -->\n<title>Kryeministri sllovak p\u00ebrmend Kosov\u00ebn n\u00eb kritik\u00ebn ndaj SHBA-s\u00eb p\u00ebr Maduron -<\/title>\n<meta name=\"robots\" content=\"index, follow, max-snippet:-1, max-image-preview:large, max-video-preview:-1\" \/>\n<link rel=\"canonical\" href=\"https:\/\/veritasinfo.org\/?p=26456\" \/>\n<meta property=\"og:locale\" content=\"en_US\" \/>\n<meta property=\"og:type\" content=\"article\" \/>\n<meta property=\"og:title\" content=\"Kryeministri sllovak p\u00ebrmend Kosov\u00ebn n\u00eb kritik\u00ebn ndaj SHBA-s\u00eb p\u00ebr Maduron -\" \/>\n<meta property=\"og:description\" content=\"Bratisllav\u00eb, 04 janar 2025 11:50 Kryeministri i Sllovakis\u00eb, Robert Fico, e ka p\u00ebrmendur Kosov\u00ebn n\u00eb nj\u00eb shkrim, n\u00ebp\u00ebrmjet t\u00eb cilit ka akuzuar Shtetet e Bashkuara\" \/>\n<meta property=\"og:url\" content=\"https:\/\/veritasinfo.org\/?p=26456\" \/>\n<meta property=\"article:published_time\" content=\"2026-01-04T10:50:08+00:00\" \/>\n<meta property=\"og:image\" content=\"https:\/\/veritasinfo.org\/wp-content\/uploads\/2026\/01\/Fico.jpg\" \/>\n\t<meta property=\"og:image:width\" content=\"1600\" \/>\n\t<meta property=\"og:image:height\" content=\"900\" \/>\n\t<meta property=\"og:image:type\" content=\"image\/jpeg\" \/>\n<meta name=\"author\" content=\"US1\" \/>\n<meta name=\"twitter:card\" content=\"summary_large_image\" \/>\n<meta name=\"twitter:label1\" content=\"Written by\" \/>\n\t<meta name=\"twitter:data1\" content=\"US1\" \/>\n\t<meta name=\"twitter:label2\" content=\"Est. reading time\" \/>\n\t<meta name=\"twitter:data2\" content=\"2 minutes\" \/>\n<script type=\"application\/ld+json\" class=\"yoast-schema-graph\">{\"@context\":\"https:\/\/schema.org\",\"@graph\":[{\"@type\":\"WebPage\",\"@id\":\"https:\/\/veritasinfo.org\/?p=26456\",\"url\":\"https:\/\/veritasinfo.org\/?p=26456\",\"name\":\"Kryeministri sllovak p\u00ebrmend Kosov\u00ebn n\u00eb kritik\u00ebn ndaj SHBA-s\u00eb p\u00ebr Maduron -\",\"isPartOf\":{\"@id\":\"https:\/\/veritasinfo.org\/#website\"},\"primaryImageOfPage\":{\"@id\":\"https:\/\/veritasinfo.org\/?p=26456#primaryimage\"},\"image\":{\"@id\":\"https:\/\/veritasinfo.org\/?p=26456#primaryimage\"},\"thumbnailUrl\":\"https:\/\/veritasinfo.org\/wp-content\/uploads\/2026\/01\/Fico.jpg\",\"datePublished\":\"2026-01-04T10:50:08+00:00\",\"author\":{\"@id\":\"https:\/\/veritasinfo.org\/#\/schema\/person\/c2b8be262ea994d0995addca692c5e98\"},\"breadcrumb\":{\"@id\":\"https:\/\/veritasinfo.org\/?p=26456#breadcrumb\"},\"inLanguage\":\"en-US\",\"potentialAction\":[{\"@type\":\"ReadAction\",\"target\":[\"https:\/\/veritasinfo.org\/?p=26456\"]}]},{\"@type\":\"ImageObject\",\"inLanguage\":\"en-US\",\"@id\":\"https:\/\/veritasinfo.org\/?p=26456#primaryimage\",\"url\":\"https:\/\/veritasinfo.org\/wp-content\/uploads\/2026\/01\/Fico.jpg\",\"contentUrl\":\"https:\/\/veritasinfo.org\/wp-content\/uploads\/2026\/01\/Fico.jpg\",\"width\":1600,\"height\":900},{\"@type\":\"BreadcrumbList\",\"@id\":\"https:\/\/veritasinfo.org\/?p=26456#breadcrumb\",\"itemListElement\":[{\"@type\":\"ListItem\",\"position\":1,\"name\":\"Home\",\"item\":\"https:\/\/veritasinfo.org\/\"},{\"@type\":\"ListItem\",\"position\":2,\"name\":\"Kryeministri sllovak p\u00ebrmend Kosov\u00ebn n\u00eb kritik\u00ebn ndaj SHBA-s\u00eb p\u00ebr Maduron\"}]},{\"@type\":\"WebSite\",\"@id\":\"https:\/\/veritasinfo.org\/#website\",\"url\":\"https:\/\/veritasinfo.org\/\",\"name\":\"\",\"description\":\"\",\"potentialAction\":[{\"@type\":\"SearchAction\",\"target\":{\"@type\":\"EntryPoint\",\"urlTemplate\":\"https:\/\/veritasinfo.org\/?s={search_term_string}\"},\"query-input\":{\"@type\":\"PropertyValueSpecification\",\"valueRequired\":true,\"valueName\":\"search_term_string\"}}],\"inLanguage\":\"en-US\"},{\"@type\":\"Person\",\"@id\":\"https:\/\/veritasinfo.org\/#\/schema\/person\/c2b8be262ea994d0995addca692c5e98\",\"name\":\"US1\",\"image\":{\"@type\":\"ImageObject\",\"inLanguage\":\"en-US\",\"@id\":\"https:\/\/veritasinfo.org\/#\/schema\/person\/image\/\",\"url\":\"https:\/\/secure.gravatar.com\/avatar\/4e96a59bd256abf9956eb9963ac891a47461ffb364d47b0e9aab113328fdb75b?s=96&d=mm&r=g\",\"contentUrl\":\"https:\/\/secure.gravatar.com\/avatar\/4e96a59bd256abf9956eb9963ac891a47461ffb364d47b0e9aab113328fdb75b?s=96&d=mm&r=g\",\"caption\":\"US1\"},\"url\":\"https:\/\/veritasinfo.org\/?author=2\"}]}<\/script>\n<!-- \/ Yoast SEO plugin. -->","yoast_head_json":{"title":"Kryeministri sllovak p\u00ebrmend Kosov\u00ebn n\u00eb kritik\u00ebn ndaj SHBA-s\u00eb p\u00ebr Maduron -","robots":{"index":"index","follow":"follow","max-snippet":"max-snippet:-1","max-image-preview":"max-image-preview:large","max-video-preview":"max-video-preview:-1"},"canonical":"https:\/\/veritasinfo.org\/?p=26456","og_locale":"en_US","og_type":"article","og_title":"Kryeministri sllovak p\u00ebrmend Kosov\u00ebn n\u00eb kritik\u00ebn ndaj SHBA-s\u00eb p\u00ebr Maduron -","og_description":"Bratisllav\u00eb, 04 janar 2025 11:50 Kryeministri i Sllovakis\u00eb, Robert Fico, e ka p\u00ebrmendur Kosov\u00ebn n\u00eb nj\u00eb shkrim, n\u00ebp\u00ebrmjet t\u00eb cilit ka akuzuar Shtetet e Bashkuara","og_url":"https:\/\/veritasinfo.org\/?p=26456","article_published_time":"2026-01-04T10:50:08+00:00","og_image":[{"width":1600,"height":900,"url":"https:\/\/veritasinfo.org\/wp-content\/uploads\/2026\/01\/Fico.jpg","type":"image\/jpeg"}],"author":"US1","twitter_card":"summary_large_image","twitter_misc":{"Written by":"US1","Est. reading time":"2 minutes"},"schema":{"@context":"https:\/\/schema.org","@graph":[{"@type":"WebPage","@id":"https:\/\/veritasinfo.org\/?p=26456","url":"https:\/\/veritasinfo.org\/?p=26456","name":"Kryeministri sllovak p\u00ebrmend Kosov\u00ebn n\u00eb kritik\u00ebn ndaj SHBA-s\u00eb p\u00ebr Maduron -","isPartOf":{"@id":"https:\/\/veritasinfo.org\/#website"},"primaryImageOfPage":{"@id":"https:\/\/veritasinfo.org\/?p=26456#primaryimage"},"image":{"@id":"https:\/\/veritasinfo.org\/?p=26456#primaryimage"},"thumbnailUrl":"https:\/\/veritasinfo.org\/wp-content\/uploads\/2026\/01\/Fico.jpg","datePublished":"2026-01-04T10:50:08+00:00","author":{"@id":"https:\/\/veritasinfo.org\/#\/schema\/person\/c2b8be262ea994d0995addca692c5e98"},"breadcrumb":{"@id":"https:\/\/veritasinfo.org\/?p=26456#breadcrumb"},"inLanguage":"en-US","potentialAction":[{"@type":"ReadAction","target":["https:\/\/veritasinfo.org\/?p=26456"]}]},{"@type":"ImageObject","inLanguage":"en-US","@id":"https:\/\/veritasinfo.org\/?p=26456#primaryimage","url":"https:\/\/veritasinfo.org\/wp-content\/uploads\/2026\/01\/Fico.jpg","contentUrl":"https:\/\/veritasinfo.org\/wp-content\/uploads\/2026\/01\/Fico.jpg","width":1600,"height":900},{"@type":"BreadcrumbList","@id":"https:\/\/veritasinfo.org\/?p=26456#breadcrumb","itemListElement":[{"@type":"ListItem","position":1,"name":"Home","item":"https:\/\/veritasinfo.org\/"},{"@type":"ListItem","position":2,"name":"Kryeministri sllovak p\u00ebrmend Kosov\u00ebn n\u00eb kritik\u00ebn ndaj SHBA-s\u00eb p\u00ebr Maduron"}]},{"@type":"WebSite","@id":"https:\/\/veritasinfo.org\/#website","url":"https:\/\/veritasinfo.org\/","name":"","description":"","potentialAction":[{"@type":"SearchAction","target":{"@type":"EntryPoint","urlTemplate":"https:\/\/veritasinfo.org\/?s={search_term_string}"},"query-input":{"@type":"PropertyValueSpecification","valueRequired":true,"valueName":"search_term_string"}}],"inLanguage":"en-US"},{"@type":"Person","@id":"https:\/\/veritasinfo.org\/#\/schema\/person\/c2b8be262ea994d0995addca692c5e98","name":"US1","image":{"@type":"ImageObject","inLanguage":"en-US","@id":"https:\/\/veritasinfo.org\/#\/schema\/person\/image\/","url":"https:\/\/secure.gravatar.com\/avatar\/4e96a59bd256abf9956eb9963ac891a47461ffb364d47b0e9aab113328fdb75b?s=96&d=mm&r=g","contentUrl":"https:\/\/secure.gravatar.com\/avatar\/4e96a59bd256abf9956eb9963ac891a47461ffb364d47b0e9aab113328fdb75b?s=96&d=mm&r=g","caption":"US1"},"url":"https:\/\/veritasinfo.org\/?author=2"}]}},"featured_image_urls":{"full":["https:\/\/veritasinfo.org\/wp-content\/uploads\/2026\/01\/Fico.jpg",1600,900,false],"thumbnail":["https:\/\/veritasinfo.org\/wp-content\/uploads\/2026\/01\/Fico-150x150.jpg",150,150,true],"medium":["https:\/\/veritasinfo.org\/wp-content\/uploads\/2026\/01\/Fico-300x169.jpg",300,169,true],"medium_large":["https:\/\/veritasinfo.org\/wp-content\/uploads\/2026\/01\/Fico-768x432.jpg",640,360,true],"large":["https:\/\/veritasinfo.org\/wp-content\/uploads\/2026\/01\/Fico-1024x576.jpg",640,360,true],"1536x1536":["https:\/\/veritasinfo.org\/wp-content\/uploads\/2026\/01\/Fico-1536x864.jpg",1536,864,true],"2048x2048":["https:\/\/veritasinfo.org\/wp-content\/uploads\/2026\/01\/Fico.jpg",1600,900,false],"kreeti-slider-full":["https:\/\/veritasinfo.org\/wp-content\/uploads\/2026\/01\/Fico.jpg",1280,720,false],"kreeti-featured":["https:\/\/veritasinfo.org\/wp-content\/uploads\/2026\/01\/Fico.jpg",1024,576,false],"kreeti-medium":["https:\/\/veritasinfo.org\/wp-content\/uploads\/2026\/01\/Fico.jpg",720,405,false],"kreeti-medium-square":["https:\/\/veritasinfo.org\/wp-content\/uploads\/2026\/01\/Fico.jpg",350,197,false]},"author_info":{"info":["US1"]},"category_info":"<a href=\"https:\/\/veritasinfo.org\/?cat=58\" rel=\"category\">Politik\u00eb<\/a>","tag_info":"Politik\u00eb","comment_count":"0","_links":{"self":[{"href":"https:\/\/veritasinfo.org\/index.php?rest_route=\/wp\/v2\/posts\/26456","targetHints":{"allow":["GET"]}}],"collection":[{"href":"https:\/\/veritasinfo.org\/index.php?rest_route=\/wp\/v2\/posts"}],"about":[{"href":"https:\/\/veritasinfo.org\/index.php?rest_route=\/wp\/v2\/types\/post"}],"author":[{"embeddable":true,"href":"https:\/\/veritasinfo.org\/index.php?rest_route=\/wp\/v2\/users\/2"}],"replies":[{"embeddable":true,"href":"https:\/\/veritasinfo.org\/index.php?rest_route=%2Fwp%2Fv2%2Fcomments&post=26456"}],"version-history":[{"count":1,"href":"https:\/\/veritasinfo.org\/index.php?rest_route=\/wp\/v2\/posts\/26456\/revisions"}],"predecessor-version":[{"id":26458,"href":"https:\/\/veritasinfo.org\/index.php?rest_route=\/wp\/v2\/posts\/26456\/revisions\/26458"}],"wp:featuredmedia":[{"embeddable":true,"href":"https:\/\/veritasinfo.org\/index.php?rest_route=\/wp\/v2\/media\/26457"}],"wp:attachment":[{"href":"https:\/\/veritasinfo.org\/index.php?rest_route=%2Fwp%2Fv2%2Fmedia&parent=26456"}],"wp:term":[{"taxonomy":"category","embeddable":true,"href":"https:\/\/veritasinfo.org\/index.php?rest_route=%2Fwp%2Fv2%2Fcategories&post=26456"},{"taxonomy":"post_tag","embeddable":true,"href":"https:\/\/veritasinfo.org\/index.php?rest_route=%2Fwp%2Fv2%2Ftags&post=26456"}],"curies":[{"name":"wp","href":"https:\/\/api.w.org\/{rel}","templated":true}]}}