{"id":26405,"date":"2026-01-03T14:34:26","date_gmt":"2026-01-03T13:34:26","guid":{"rendered":"https:\/\/veritasinfo.org\/?p=26405"},"modified":"2026-01-03T14:34:26","modified_gmt":"2026-01-03T13:34:26","slug":"osmani-e-kurti-kosova-mbeshtet-operacionin-anti-narkotik-te-shba-se-ne-venezuele","status":"publish","type":"post","link":"https:\/\/veritasinfo.org\/?p=26405","title":{"rendered":"Osmani e Kurti: Kosova mb\u00ebshtet operacionin anti-narkotik t\u00eb SHBA-s\u00eb n\u00eb Venezuel\u00eb"},"content":{"rendered":"<p><strong>Prishtin\u00eb, 03 janar 2026 14:34<\/strong><\/p>\n<p>Presidentja e Kosov\u00ebs, Vjosa Osmani, ka deklaruar se Kosova q\u00ebndron p\u00ebrkrah Shteteve t\u00eb Bashkuara t\u00eb Amerik\u00ebs dhe Presidentit Donald Trump n\u00eb mb\u00ebshtetje t\u00eb veprimeve kund\u00ebr, si\u00e7 e ka quajtur ajo, regjimit narko-terrorist t\u00eb Venezuel\u00ebs.<\/p>\n<p>Osmani theksoi se Presidenti Trump ka q\u00ebndruar me popullin e Venezuel\u00ebs duke iu kund\u00ebrv\u00ebn\u00eb narko-shtetit t\u00eb udh\u00ebhequr nga Nicolas Maduro, n\u00eb mbrojtje t\u00eb Amerik\u00ebs dhe siguris\u00eb globale nga kartelet dhe krimi i organizuar. Sipas saj, ky \u00ebsht\u00eb shembull i qart\u00eb i forc\u00ebs dhe lidershipit amerikan.<\/p>\n<p>Ajo shtoi se populli venezuelian meriton liri, demokraci dhe nj\u00eb t\u00eb ardhme t\u00eb bazuar n\u00eb sundimin e ligjit, e jo n\u00eb frik\u00eb dhe autoritariz\u00ebm.<\/p>\n<p>Osmani n\u00ebnvizoi se narko-terrorizmi dhe sundimi autoritar paraqesin k\u00ebrc\u00ebnim p\u00ebr paqen edhe p\u00ebrtej kufijve komb\u00ebtar\u00eb.<\/p>\n<p>Duke kujtuar p\u00ebrvoj\u00ebn e Kosov\u00ebs, Osmani tha se vendi e kupton mir\u00eb ndikimin e vendosm\u00ebris\u00eb amerikane, duke theksuar se \u00e7lirimi i Kosov\u00ebs \u00ebsht\u00eb d\u00ebshmi e drejtp\u00ebrdrejt\u00eb e k\u00ebsaj mb\u00ebshtetjeje.<\/p>\n<p>N\u00eb an\u00ebn tjet\u00ebr, mb\u00ebshtetje ka dh\u00ebn\u00eb edhe Kryeministri\u00a0 i Kosov\u00ebs, Albin Kurti, ka deklaruar se Kosova mb\u00ebshtet operacionin anti-narkotik t\u00eb Shteteve t\u00eb Bashkuara t\u00eb Amerik\u00ebs n\u00eb Venezuel\u00eb, i udh\u00ebhequr nga Presidenti amerikan Donald Trump.<\/p>\n<p>N\u00eb nj\u00eb postim n\u00eb Facebook, Kurti theksoi se mbajtja p\u00ebrgjegj\u00ebse e aktor\u00ebve shtet\u00ebror\u00eb t\u00eb p\u00ebrfshir\u00eb n\u00eb trafikimin e drogave \u00ebsht\u00eb thelb\u00ebsore p\u00ebr suksesin e luft\u00ebs kund\u00ebr k\u00ebsaj dukurie globale.<\/p>\n<p>Ai n\u00ebnvizoi se Kosova, si aleate strategjike e SHBA-s\u00eb dhe NATO-s, ofron mb\u00ebshtetje t\u00eb plot\u00eb n\u00eb luft\u00ebn kund\u00ebr trafikimit t\u00eb narkotik\u00ebve dhe kund\u00ebr, si\u00e7 u shpreh, cenimit t\u00eb vlerave demokratike per\u00ebndimore nga aktor\u00eb p\u00ebrfaq\u00ebsues t\u00eb kund\u00ebrshtar\u00ebve t\u00eb k\u00ebtyre vlerave.<\/p>\n","protected":false},"excerpt":{"rendered":"<p>Prishtin\u00eb, 03 janar 2026 14:34 Presidentja e Kosov\u00ebs, Vjosa Osmani, ka deklaruar se Kosova q\u00ebndron p\u00ebrkrah Shteteve t\u00eb Bashkuara t\u00eb Amerik\u00ebs dhe Presidentit Donald Trump<\/p>\n","protected":false},"author":2,"featured_media":26406,"comment_status":"open","ping_status":"open","sticky":false,"template":"","format":"standard","meta":{"footnotes":""},"categories":[58],"tags":[],"class_list":["post-26405","post","type-post","status-publish","format-standard","has-post-thumbnail","hentry","category-politike-sq"],"yoast_head":"<!-- This site is optimized with the Yoast SEO plugin v25.3.1 - https:\/\/yoast.com\/wordpress\/plugins\/seo\/ -->\n<title>Osmani e Kurti: Kosova mb\u00ebshtet operacionin anti-narkotik t\u00eb SHBA-s\u00eb n\u00eb Venezuel\u00eb -<\/title>\n<meta name=\"robots\" content=\"index, follow, max-snippet:-1, max-image-preview:large, max-video-preview:-1\" \/>\n<link rel=\"canonical\" href=\"https:\/\/veritasinfo.org\/?p=26405\" \/>\n<meta property=\"og:locale\" content=\"en_US\" \/>\n<meta property=\"og:type\" content=\"article\" \/>\n<meta property=\"og:title\" content=\"Osmani e Kurti: Kosova mb\u00ebshtet operacionin anti-narkotik t\u00eb SHBA-s\u00eb n\u00eb Venezuel\u00eb -\" \/>\n<meta property=\"og:description\" content=\"Prishtin\u00eb, 03 janar 2026 14:34 Presidentja e Kosov\u00ebs, Vjosa Osmani, ka deklaruar se Kosova q\u00ebndron p\u00ebrkrah Shteteve t\u00eb Bashkuara t\u00eb Amerik\u00ebs dhe Presidentit Donald Trump\" \/>\n<meta property=\"og:url\" content=\"https:\/\/veritasinfo.org\/?p=26405\" \/>\n<meta property=\"article:published_time\" content=\"2026-01-03T13:34:26+00:00\" \/>\n<meta property=\"og:image\" content=\"https:\/\/veritasinfo.org\/wp-content\/uploads\/2026\/01\/Kurti-Osmani.png\" \/>\n\t<meta property=\"og:image:width\" content=\"696\" \/>\n\t<meta property=\"og:image:height\" content=\"553\" \/>\n\t<meta property=\"og:image:type\" content=\"image\/png\" \/>\n<meta name=\"author\" content=\"US1\" \/>\n<meta name=\"twitter:card\" content=\"summary_large_image\" \/>\n<meta name=\"twitter:label1\" content=\"Written by\" \/>\n\t<meta name=\"twitter:data1\" content=\"US1\" \/>\n\t<meta name=\"twitter:label2\" content=\"Est. reading time\" \/>\n\t<meta name=\"twitter:data2\" content=\"2 minutes\" \/>\n<script type=\"application\/ld+json\" class=\"yoast-schema-graph\">{\"@context\":\"https:\/\/schema.org\",\"@graph\":[{\"@type\":\"WebPage\",\"@id\":\"https:\/\/veritasinfo.org\/?p=26405\",\"url\":\"https:\/\/veritasinfo.org\/?p=26405\",\"name\":\"Osmani e Kurti: Kosova mb\u00ebshtet operacionin anti-narkotik t\u00eb SHBA-s\u00eb n\u00eb Venezuel\u00eb -\",\"isPartOf\":{\"@id\":\"https:\/\/veritasinfo.org\/#website\"},\"primaryImageOfPage\":{\"@id\":\"https:\/\/veritasinfo.org\/?p=26405#primaryimage\"},\"image\":{\"@id\":\"https:\/\/veritasinfo.org\/?p=26405#primaryimage\"},\"thumbnailUrl\":\"https:\/\/veritasinfo.org\/wp-content\/uploads\/2026\/01\/Kurti-Osmani.png\",\"datePublished\":\"2026-01-03T13:34:26+00:00\",\"author\":{\"@id\":\"https:\/\/veritasinfo.org\/#\/schema\/person\/c2b8be262ea994d0995addca692c5e98\"},\"breadcrumb\":{\"@id\":\"https:\/\/veritasinfo.org\/?p=26405#breadcrumb\"},\"inLanguage\":\"en-US\",\"potentialAction\":[{\"@type\":\"ReadAction\",\"target\":[\"https:\/\/veritasinfo.org\/?p=26405\"]}]},{\"@type\":\"ImageObject\",\"inLanguage\":\"en-US\",\"@id\":\"https:\/\/veritasinfo.org\/?p=26405#primaryimage\",\"url\":\"https:\/\/veritasinfo.org\/wp-content\/uploads\/2026\/01\/Kurti-Osmani.png\",\"contentUrl\":\"https:\/\/veritasinfo.org\/wp-content\/uploads\/2026\/01\/Kurti-Osmani.png\",\"width\":696,\"height\":553},{\"@type\":\"BreadcrumbList\",\"@id\":\"https:\/\/veritasinfo.org\/?p=26405#breadcrumb\",\"itemListElement\":[{\"@type\":\"ListItem\",\"position\":1,\"name\":\"Home\",\"item\":\"https:\/\/veritasinfo.org\/\"},{\"@type\":\"ListItem\",\"position\":2,\"name\":\"Osmani e Kurti: Kosova mb\u00ebshtet operacionin anti-narkotik t\u00eb SHBA-s\u00eb n\u00eb Venezuel\u00eb\"}]},{\"@type\":\"WebSite\",\"@id\":\"https:\/\/veritasinfo.org\/#website\",\"url\":\"https:\/\/veritasinfo.org\/\",\"name\":\"\",\"description\":\"\",\"potentialAction\":[{\"@type\":\"SearchAction\",\"target\":{\"@type\":\"EntryPoint\",\"urlTemplate\":\"https:\/\/veritasinfo.org\/?s={search_term_string}\"},\"query-input\":{\"@type\":\"PropertyValueSpecification\",\"valueRequired\":true,\"valueName\":\"search_term_string\"}}],\"inLanguage\":\"en-US\"},{\"@type\":\"Person\",\"@id\":\"https:\/\/veritasinfo.org\/#\/schema\/person\/c2b8be262ea994d0995addca692c5e98\",\"name\":\"US1\",\"image\":{\"@type\":\"ImageObject\",\"inLanguage\":\"en-US\",\"@id\":\"https:\/\/veritasinfo.org\/#\/schema\/person\/image\/\",\"url\":\"https:\/\/secure.gravatar.com\/avatar\/4e96a59bd256abf9956eb9963ac891a47461ffb364d47b0e9aab113328fdb75b?s=96&d=mm&r=g\",\"contentUrl\":\"https:\/\/secure.gravatar.com\/avatar\/4e96a59bd256abf9956eb9963ac891a47461ffb364d47b0e9aab113328fdb75b?s=96&d=mm&r=g\",\"caption\":\"US1\"},\"url\":\"https:\/\/veritasinfo.org\/?author=2\"}]}<\/script>\n<!-- \/ Yoast SEO plugin. -->","yoast_head_json":{"title":"Osmani e Kurti: Kosova mb\u00ebshtet operacionin anti-narkotik t\u00eb SHBA-s\u00eb n\u00eb Venezuel\u00eb -","robots":{"index":"index","follow":"follow","max-snippet":"max-snippet:-1","max-image-preview":"max-image-preview:large","max-video-preview":"max-video-preview:-1"},"canonical":"https:\/\/veritasinfo.org\/?p=26405","og_locale":"en_US","og_type":"article","og_title":"Osmani e Kurti: Kosova mb\u00ebshtet operacionin anti-narkotik t\u00eb SHBA-s\u00eb n\u00eb Venezuel\u00eb -","og_description":"Prishtin\u00eb, 03 janar 2026 14:34 Presidentja e Kosov\u00ebs, Vjosa Osmani, ka deklaruar se Kosova q\u00ebndron p\u00ebrkrah Shteteve t\u00eb Bashkuara t\u00eb Amerik\u00ebs dhe Presidentit Donald Trump","og_url":"https:\/\/veritasinfo.org\/?p=26405","article_published_time":"2026-01-03T13:34:26+00:00","og_image":[{"width":696,"height":553,"url":"https:\/\/veritasinfo.org\/wp-content\/uploads\/2026\/01\/Kurti-Osmani.png","type":"image\/png"}],"author":"US1","twitter_card":"summary_large_image","twitter_misc":{"Written by":"US1","Est. reading time":"2 minutes"},"schema":{"@context":"https:\/\/schema.org","@graph":[{"@type":"WebPage","@id":"https:\/\/veritasinfo.org\/?p=26405","url":"https:\/\/veritasinfo.org\/?p=26405","name":"Osmani e Kurti: Kosova mb\u00ebshtet operacionin anti-narkotik t\u00eb SHBA-s\u00eb n\u00eb Venezuel\u00eb -","isPartOf":{"@id":"https:\/\/veritasinfo.org\/#website"},"primaryImageOfPage":{"@id":"https:\/\/veritasinfo.org\/?p=26405#primaryimage"},"image":{"@id":"https:\/\/veritasinfo.org\/?p=26405#primaryimage"},"thumbnailUrl":"https:\/\/veritasinfo.org\/wp-content\/uploads\/2026\/01\/Kurti-Osmani.png","datePublished":"2026-01-03T13:34:26+00:00","author":{"@id":"https:\/\/veritasinfo.org\/#\/schema\/person\/c2b8be262ea994d0995addca692c5e98"},"breadcrumb":{"@id":"https:\/\/veritasinfo.org\/?p=26405#breadcrumb"},"inLanguage":"en-US","potentialAction":[{"@type":"ReadAction","target":["https:\/\/veritasinfo.org\/?p=26405"]}]},{"@type":"ImageObject","inLanguage":"en-US","@id":"https:\/\/veritasinfo.org\/?p=26405#primaryimage","url":"https:\/\/veritasinfo.org\/wp-content\/uploads\/2026\/01\/Kurti-Osmani.png","contentUrl":"https:\/\/veritasinfo.org\/wp-content\/uploads\/2026\/01\/Kurti-Osmani.png","width":696,"height":553},{"@type":"BreadcrumbList","@id":"https:\/\/veritasinfo.org\/?p=26405#breadcrumb","itemListElement":[{"@type":"ListItem","position":1,"name":"Home","item":"https:\/\/veritasinfo.org\/"},{"@type":"ListItem","position":2,"name":"Osmani e Kurti: Kosova mb\u00ebshtet operacionin anti-narkotik t\u00eb SHBA-s\u00eb n\u00eb Venezuel\u00eb"}]},{"@type":"WebSite","@id":"https:\/\/veritasinfo.org\/#website","url":"https:\/\/veritasinfo.org\/","name":"","description":"","potentialAction":[{"@type":"SearchAction","target":{"@type":"EntryPoint","urlTemplate":"https:\/\/veritasinfo.org\/?s={search_term_string}"},"query-input":{"@type":"PropertyValueSpecification","valueRequired":true,"valueName":"search_term_string"}}],"inLanguage":"en-US"},{"@type":"Person","@id":"https:\/\/veritasinfo.org\/#\/schema\/person\/c2b8be262ea994d0995addca692c5e98","name":"US1","image":{"@type":"ImageObject","inLanguage":"en-US","@id":"https:\/\/veritasinfo.org\/#\/schema\/person\/image\/","url":"https:\/\/secure.gravatar.com\/avatar\/4e96a59bd256abf9956eb9963ac891a47461ffb364d47b0e9aab113328fdb75b?s=96&d=mm&r=g","contentUrl":"https:\/\/secure.gravatar.com\/avatar\/4e96a59bd256abf9956eb9963ac891a47461ffb364d47b0e9aab113328fdb75b?s=96&d=mm&r=g","caption":"US1"},"url":"https:\/\/veritasinfo.org\/?author=2"}]}},"featured_image_urls":{"full":["https:\/\/veritasinfo.org\/wp-content\/uploads\/2026\/01\/Kurti-Osmani.png",696,553,false],"thumbnail":["https:\/\/veritasinfo.org\/wp-content\/uploads\/2026\/01\/Kurti-Osmani-150x150.png",150,150,true],"medium":["https:\/\/veritasinfo.org\/wp-content\/uploads\/2026\/01\/Kurti-Osmani-300x238.png",300,238,true],"medium_large":["https:\/\/veritasinfo.org\/wp-content\/uploads\/2026\/01\/Kurti-Osmani.png",640,509,false],"large":["https:\/\/veritasinfo.org\/wp-content\/uploads\/2026\/01\/Kurti-Osmani.png",640,509,false],"1536x1536":["https:\/\/veritasinfo.org\/wp-content\/uploads\/2026\/01\/Kurti-Osmani.png",696,553,false],"2048x2048":["https:\/\/veritasinfo.org\/wp-content\/uploads\/2026\/01\/Kurti-Osmani.png",696,553,false],"kreeti-slider-full":["https:\/\/veritasinfo.org\/wp-content\/uploads\/2026\/01\/Kurti-Osmani.png",696,553,false],"kreeti-featured":["https:\/\/veritasinfo.org\/wp-content\/uploads\/2026\/01\/Kurti-Osmani.png",696,553,false],"kreeti-medium":["https:\/\/veritasinfo.org\/wp-content\/uploads\/2026\/01\/Kurti-Osmani.png",667,530,false],"kreeti-medium-square":["https:\/\/veritasinfo.org\/wp-content\/uploads\/2026\/01\/Kurti-Osmani.png",350,278,false]},"author_info":{"info":["US1"]},"category_info":"<a href=\"https:\/\/veritasinfo.org\/?cat=58\" rel=\"category\">Politik\u00eb<\/a>","tag_info":"Politik\u00eb","comment_count":"0","_links":{"self":[{"href":"https:\/\/veritasinfo.org\/index.php?rest_route=\/wp\/v2\/posts\/26405","targetHints":{"allow":["GET"]}}],"collection":[{"href":"https:\/\/veritasinfo.org\/index.php?rest_route=\/wp\/v2\/posts"}],"about":[{"href":"https:\/\/veritasinfo.org\/index.php?rest_route=\/wp\/v2\/types\/post"}],"author":[{"embeddable":true,"href":"https:\/\/veritasinfo.org\/index.php?rest_route=\/wp\/v2\/users\/2"}],"replies":[{"embeddable":true,"href":"https:\/\/veritasinfo.org\/index.php?rest_route=%2Fwp%2Fv2%2Fcomments&post=26405"}],"version-history":[{"count":1,"href":"https:\/\/veritasinfo.org\/index.php?rest_route=\/wp\/v2\/posts\/26405\/revisions"}],"predecessor-version":[{"id":26407,"href":"https:\/\/veritasinfo.org\/index.php?rest_route=\/wp\/v2\/posts\/26405\/revisions\/26407"}],"wp:featuredmedia":[{"embeddable":true,"href":"https:\/\/veritasinfo.org\/index.php?rest_route=\/wp\/v2\/media\/26406"}],"wp:attachment":[{"href":"https:\/\/veritasinfo.org\/index.php?rest_route=%2Fwp%2Fv2%2Fmedia&parent=26405"}],"wp:term":[{"taxonomy":"category","embeddable":true,"href":"https:\/\/veritasinfo.org\/index.php?rest_route=%2Fwp%2Fv2%2Fcategories&post=26405"},{"taxonomy":"post_tag","embeddable":true,"href":"https:\/\/veritasinfo.org\/index.php?rest_route=%2Fwp%2Fv2%2Ftags&post=26405"}],"curies":[{"name":"wp","href":"https:\/\/api.w.org\/{rel}","templated":true}]}}