{"id":2636,"date":"2025-07-05T18:39:15","date_gmt":"2025-07-05T16:39:15","guid":{"rendered":"https:\/\/veritasinfo.org\/?p=2636"},"modified":"2025-07-05T18:39:15","modified_gmt":"2025-07-05T16:39:15","slug":"vendim-i-ministrise-se-brendshme-ndalohet-ndezja-e-zjarreve-ne-te-gjitha-ambientet-e-hapura","status":"publish","type":"post","link":"https:\/\/veritasinfo.org\/?p=2636","title":{"rendered":"Vendim i Ministris\u00eb s\u00eb Brendshme: Ndalohet ndezja e zjarreve n\u00eb t\u00eb gjitha ambientet e hapura"},"content":{"rendered":"<p><strong>Prishtin\u00eb, 5 korrik 2025<\/strong><\/p>\n<p>Ministria e Brendshme ka marr\u00eb vendim p\u00ebr ndalimin e rrept\u00eb t\u00eb ndezjes s\u00eb zjarreve n\u00eb t\u00eb gjitha ambientet e hapura, si mas\u00eb parandaluese ndaj rrezikut t\u00eb shtuar nga temperaturat e larta dhe that\u00ebsira.<\/p>\n<p>Lajmin e ka b\u00ebr\u00eb t\u00eb ditur ministri n\u00eb detyr\u00eb i Pun\u00ebve t\u00eb Brendshme, Xhelal Sve\u00e7la, i cili ka theksuar se kjo mas\u00eb ka p\u00ebr q\u00ebllim mbrojtjen e mjedisit, pasurive private e publike, si dhe sigurin\u00eb e qytetar\u00ebve.<\/p>\n<p><img decoding=\"async\" class=\"alignnone size-medium wp-image-2633 lazyload\" data-src=\"https:\/\/veritasinfo.org\/wp-content\/uploads\/2025\/07\/vendimi-144x300.jpg\" alt=\"\" width=\"144\" height=\"300\" data-srcset=\"https:\/\/veritasinfo.org\/wp-content\/uploads\/2025\/07\/vendimi-144x300.jpg 144w, https:\/\/veritasinfo.org\/wp-content\/uploads\/2025\/07\/vendimi-491x1024.jpg 491w, https:\/\/veritasinfo.org\/wp-content\/uploads\/2025\/07\/vendimi-736x1536.jpg 736w, https:\/\/veritasinfo.org\/wp-content\/uploads\/2025\/07\/vendimi.jpg 767w\" data-sizes=\"(max-width: 144px) 100vw, 144px\" src=\"data:image\/gif;base64,R0lGODlhAQABAAAAACH5BAEKAAEALAAAAAABAAEAAAICTAEAOw==\" style=\"--smush-placeholder-width: 144px; --smush-placeholder-aspect-ratio: 144\/300;\" \/><\/p>\n<p>\u201cSot kemi marr\u00eb vendim p\u00ebrmes s\u00eb cilit ndalohet rrept\u00ebsisht ndezja e zjarreve n\u00eb t\u00eb gjitha ambientet e hapura, duke p\u00ebrfshir\u00eb djegien e mbeturinave, pyjeve, fushave, livadheve, ndezjet p\u00ebr rekreacion, piknik si dhe ndezjet e fishekzjarr\u00ebve\u201d, ka shkruar Sve\u00e7la n\u00eb Facebook.<\/p>\n<p>\u201cShkel\u00ebsit e k\u00ebtij vendimi do t\u00eb p\u00ebrballen menj\u00ebher\u00eb e pa dilem\u00eb me masat nd\u00ebshkuese q\u00eb parasheh legjislacioni yn\u00eb\u201d, deklaroi ministri n\u00eb detyr\u00eb.<\/p>\n","protected":false},"excerpt":{"rendered":"<p>Prishtin\u00eb, 5 korrik 2025 Ministria e Brendshme ka marr\u00eb vendim p\u00ebr ndalimin e rrept\u00eb t\u00eb ndezjes s\u00eb zjarreve n\u00eb t\u00eb gjitha ambientet e hapura, si<\/p>\n","protected":false},"author":2,"featured_media":2632,"comment_status":"open","ping_status":"open","sticky":false,"template":"","format":"standard","meta":{"footnotes":""},"categories":[60],"tags":[],"class_list":["post-2636","post","type-post","status-publish","format-standard","has-post-thumbnail","hentry","category-shoqerore-sq"],"yoast_head":"<!-- This site is optimized with the Yoast SEO plugin v25.3.1 - https:\/\/yoast.com\/wordpress\/plugins\/seo\/ -->\n<title>Vendim i Ministris\u00eb s\u00eb Brendshme: Ndalohet ndezja e zjarreve n\u00eb t\u00eb gjitha ambientet e hapura -<\/title>\n<meta name=\"robots\" content=\"index, follow, max-snippet:-1, max-image-preview:large, max-video-preview:-1\" \/>\n<link rel=\"canonical\" href=\"https:\/\/veritasinfo.org\/?p=2636\" \/>\n<meta property=\"og:locale\" content=\"en_US\" \/>\n<meta property=\"og:type\" content=\"article\" \/>\n<meta property=\"og:title\" content=\"Vendim i Ministris\u00eb s\u00eb Brendshme: Ndalohet ndezja e zjarreve n\u00eb t\u00eb gjitha ambientet e hapura -\" \/>\n<meta property=\"og:description\" content=\"Prishtin\u00eb, 5 korrik 2025 Ministria e Brendshme ka marr\u00eb vendim p\u00ebr ndalimin e rrept\u00eb t\u00eb ndezjes s\u00eb zjarreve n\u00eb t\u00eb gjitha ambientet e hapura, si\" \/>\n<meta property=\"og:url\" content=\"https:\/\/veritasinfo.org\/?p=2636\" \/>\n<meta property=\"article:published_time\" content=\"2025-07-05T16:39:15+00:00\" \/>\n<meta property=\"og:image\" content=\"https:\/\/veritasinfo.org\/wp-content\/uploads\/2025\/07\/zjarret.jpg\" \/>\n\t<meta property=\"og:image:width\" content=\"2048\" \/>\n\t<meta property=\"og:image:height\" content=\"1152\" \/>\n\t<meta property=\"og:image:type\" content=\"image\/jpeg\" \/>\n<meta name=\"author\" content=\"US1\" \/>\n<meta name=\"twitter:card\" content=\"summary_large_image\" \/>\n<meta name=\"twitter:label1\" content=\"Written by\" \/>\n\t<meta name=\"twitter:data1\" content=\"US1\" \/>\n\t<meta name=\"twitter:label2\" content=\"Est. reading time\" \/>\n\t<meta name=\"twitter:data2\" content=\"1 minute\" \/>\n<script type=\"application\/ld+json\" class=\"yoast-schema-graph\">{\"@context\":\"https:\/\/schema.org\",\"@graph\":[{\"@type\":\"WebPage\",\"@id\":\"https:\/\/veritasinfo.org\/?p=2636\",\"url\":\"https:\/\/veritasinfo.org\/?p=2636\",\"name\":\"Vendim i Ministris\u00eb s\u00eb Brendshme: Ndalohet ndezja e zjarreve n\u00eb t\u00eb gjitha ambientet e hapura -\",\"isPartOf\":{\"@id\":\"https:\/\/veritasinfo.org\/#website\"},\"primaryImageOfPage\":{\"@id\":\"https:\/\/veritasinfo.org\/?p=2636#primaryimage\"},\"image\":{\"@id\":\"https:\/\/veritasinfo.org\/?p=2636#primaryimage\"},\"thumbnailUrl\":\"https:\/\/veritasinfo.org\/wp-content\/uploads\/2025\/07\/zjarret.jpg\",\"datePublished\":\"2025-07-05T16:39:15+00:00\",\"author\":{\"@id\":\"https:\/\/veritasinfo.org\/#\/schema\/person\/c2b8be262ea994d0995addca692c5e98\"},\"breadcrumb\":{\"@id\":\"https:\/\/veritasinfo.org\/?p=2636#breadcrumb\"},\"inLanguage\":\"en-US\",\"potentialAction\":[{\"@type\":\"ReadAction\",\"target\":[\"https:\/\/veritasinfo.org\/?p=2636\"]}]},{\"@type\":\"ImageObject\",\"inLanguage\":\"en-US\",\"@id\":\"https:\/\/veritasinfo.org\/?p=2636#primaryimage\",\"url\":\"https:\/\/veritasinfo.org\/wp-content\/uploads\/2025\/07\/zjarret.jpg\",\"contentUrl\":\"https:\/\/veritasinfo.org\/wp-content\/uploads\/2025\/07\/zjarret.jpg\",\"width\":2048,\"height\":1152},{\"@type\":\"BreadcrumbList\",\"@id\":\"https:\/\/veritasinfo.org\/?p=2636#breadcrumb\",\"itemListElement\":[{\"@type\":\"ListItem\",\"position\":1,\"name\":\"Home\",\"item\":\"https:\/\/veritasinfo.org\/\"},{\"@type\":\"ListItem\",\"position\":2,\"name\":\"Vendim i Ministris\u00eb s\u00eb Brendshme: Ndalohet ndezja e zjarreve n\u00eb t\u00eb gjitha ambientet e hapura\"}]},{\"@type\":\"WebSite\",\"@id\":\"https:\/\/veritasinfo.org\/#website\",\"url\":\"https:\/\/veritasinfo.org\/\",\"name\":\"\",\"description\":\"\",\"potentialAction\":[{\"@type\":\"SearchAction\",\"target\":{\"@type\":\"EntryPoint\",\"urlTemplate\":\"https:\/\/veritasinfo.org\/?s={search_term_string}\"},\"query-input\":{\"@type\":\"PropertyValueSpecification\",\"valueRequired\":true,\"valueName\":\"search_term_string\"}}],\"inLanguage\":\"en-US\"},{\"@type\":\"Person\",\"@id\":\"https:\/\/veritasinfo.org\/#\/schema\/person\/c2b8be262ea994d0995addca692c5e98\",\"name\":\"US1\",\"image\":{\"@type\":\"ImageObject\",\"inLanguage\":\"en-US\",\"@id\":\"https:\/\/veritasinfo.org\/#\/schema\/person\/image\/\",\"url\":\"https:\/\/secure.gravatar.com\/avatar\/4e96a59bd256abf9956eb9963ac891a47461ffb364d47b0e9aab113328fdb75b?s=96&d=mm&r=g\",\"contentUrl\":\"https:\/\/secure.gravatar.com\/avatar\/4e96a59bd256abf9956eb9963ac891a47461ffb364d47b0e9aab113328fdb75b?s=96&d=mm&r=g\",\"caption\":\"US1\"},\"url\":\"https:\/\/veritasinfo.org\/?author=2\"}]}<\/script>\n<!-- \/ Yoast SEO plugin. -->","yoast_head_json":{"title":"Vendim i Ministris\u00eb s\u00eb Brendshme: Ndalohet ndezja e zjarreve n\u00eb t\u00eb gjitha ambientet e hapura -","robots":{"index":"index","follow":"follow","max-snippet":"max-snippet:-1","max-image-preview":"max-image-preview:large","max-video-preview":"max-video-preview:-1"},"canonical":"https:\/\/veritasinfo.org\/?p=2636","og_locale":"en_US","og_type":"article","og_title":"Vendim i Ministris\u00eb s\u00eb Brendshme: Ndalohet ndezja e zjarreve n\u00eb t\u00eb gjitha ambientet e hapura -","og_description":"Prishtin\u00eb, 5 korrik 2025 Ministria e Brendshme ka marr\u00eb vendim p\u00ebr ndalimin e rrept\u00eb t\u00eb ndezjes s\u00eb zjarreve n\u00eb t\u00eb gjitha ambientet e hapura, si","og_url":"https:\/\/veritasinfo.org\/?p=2636","article_published_time":"2025-07-05T16:39:15+00:00","og_image":[{"width":2048,"height":1152,"url":"https:\/\/veritasinfo.org\/wp-content\/uploads\/2025\/07\/zjarret.jpg","type":"image\/jpeg"}],"author":"US1","twitter_card":"summary_large_image","twitter_misc":{"Written by":"US1","Est. reading time":"1 minute"},"schema":{"@context":"https:\/\/schema.org","@graph":[{"@type":"WebPage","@id":"https:\/\/veritasinfo.org\/?p=2636","url":"https:\/\/veritasinfo.org\/?p=2636","name":"Vendim i Ministris\u00eb s\u00eb Brendshme: Ndalohet ndezja e zjarreve n\u00eb t\u00eb gjitha ambientet e hapura -","isPartOf":{"@id":"https:\/\/veritasinfo.org\/#website"},"primaryImageOfPage":{"@id":"https:\/\/veritasinfo.org\/?p=2636#primaryimage"},"image":{"@id":"https:\/\/veritasinfo.org\/?p=2636#primaryimage"},"thumbnailUrl":"https:\/\/veritasinfo.org\/wp-content\/uploads\/2025\/07\/zjarret.jpg","datePublished":"2025-07-05T16:39:15+00:00","author":{"@id":"https:\/\/veritasinfo.org\/#\/schema\/person\/c2b8be262ea994d0995addca692c5e98"},"breadcrumb":{"@id":"https:\/\/veritasinfo.org\/?p=2636#breadcrumb"},"inLanguage":"en-US","potentialAction":[{"@type":"ReadAction","target":["https:\/\/veritasinfo.org\/?p=2636"]}]},{"@type":"ImageObject","inLanguage":"en-US","@id":"https:\/\/veritasinfo.org\/?p=2636#primaryimage","url":"https:\/\/veritasinfo.org\/wp-content\/uploads\/2025\/07\/zjarret.jpg","contentUrl":"https:\/\/veritasinfo.org\/wp-content\/uploads\/2025\/07\/zjarret.jpg","width":2048,"height":1152},{"@type":"BreadcrumbList","@id":"https:\/\/veritasinfo.org\/?p=2636#breadcrumb","itemListElement":[{"@type":"ListItem","position":1,"name":"Home","item":"https:\/\/veritasinfo.org\/"},{"@type":"ListItem","position":2,"name":"Vendim i Ministris\u00eb s\u00eb Brendshme: Ndalohet ndezja e zjarreve n\u00eb t\u00eb gjitha ambientet e hapura"}]},{"@type":"WebSite","@id":"https:\/\/veritasinfo.org\/#website","url":"https:\/\/veritasinfo.org\/","name":"","description":"","potentialAction":[{"@type":"SearchAction","target":{"@type":"EntryPoint","urlTemplate":"https:\/\/veritasinfo.org\/?s={search_term_string}"},"query-input":{"@type":"PropertyValueSpecification","valueRequired":true,"valueName":"search_term_string"}}],"inLanguage":"en-US"},{"@type":"Person","@id":"https:\/\/veritasinfo.org\/#\/schema\/person\/c2b8be262ea994d0995addca692c5e98","name":"US1","image":{"@type":"ImageObject","inLanguage":"en-US","@id":"https:\/\/veritasinfo.org\/#\/schema\/person\/image\/","url":"https:\/\/secure.gravatar.com\/avatar\/4e96a59bd256abf9956eb9963ac891a47461ffb364d47b0e9aab113328fdb75b?s=96&d=mm&r=g","contentUrl":"https:\/\/secure.gravatar.com\/avatar\/4e96a59bd256abf9956eb9963ac891a47461ffb364d47b0e9aab113328fdb75b?s=96&d=mm&r=g","caption":"US1"},"url":"https:\/\/veritasinfo.org\/?author=2"}]}},"featured_image_urls":{"full":["https:\/\/veritasinfo.org\/wp-content\/uploads\/2025\/07\/zjarret.jpg",2048,1152,false],"thumbnail":["https:\/\/veritasinfo.org\/wp-content\/uploads\/2025\/07\/zjarret-150x150.jpg",150,150,true],"medium":["https:\/\/veritasinfo.org\/wp-content\/uploads\/2025\/07\/zjarret-300x169.jpg",300,169,true],"medium_large":["https:\/\/veritasinfo.org\/wp-content\/uploads\/2025\/07\/zjarret-768x432.jpg",640,360,true],"large":["https:\/\/veritasinfo.org\/wp-content\/uploads\/2025\/07\/zjarret-1024x576.jpg",640,360,true],"1536x1536":["https:\/\/veritasinfo.org\/wp-content\/uploads\/2025\/07\/zjarret-1536x864.jpg",1536,864,true],"2048x2048":["https:\/\/veritasinfo.org\/wp-content\/uploads\/2025\/07\/zjarret.jpg",2048,1152,false],"kreeti-slider-full":["https:\/\/veritasinfo.org\/wp-content\/uploads\/2025\/07\/zjarret.jpg",1280,720,false],"kreeti-featured":["https:\/\/veritasinfo.org\/wp-content\/uploads\/2025\/07\/zjarret.jpg",1024,576,false],"kreeti-medium":["https:\/\/veritasinfo.org\/wp-content\/uploads\/2025\/07\/zjarret.jpg",720,405,false],"kreeti-medium-square":["https:\/\/veritasinfo.org\/wp-content\/uploads\/2025\/07\/zjarret.jpg",350,197,false]},"author_info":{"info":["US1"]},"category_info":"<a href=\"https:\/\/veritasinfo.org\/?cat=60\" rel=\"category\">Shoq\u00ebrore<\/a>","tag_info":"Shoq\u00ebrore","comment_count":"0","_links":{"self":[{"href":"https:\/\/veritasinfo.org\/index.php?rest_route=\/wp\/v2\/posts\/2636","targetHints":{"allow":["GET"]}}],"collection":[{"href":"https:\/\/veritasinfo.org\/index.php?rest_route=\/wp\/v2\/posts"}],"about":[{"href":"https:\/\/veritasinfo.org\/index.php?rest_route=\/wp\/v2\/types\/post"}],"author":[{"embeddable":true,"href":"https:\/\/veritasinfo.org\/index.php?rest_route=\/wp\/v2\/users\/2"}],"replies":[{"embeddable":true,"href":"https:\/\/veritasinfo.org\/index.php?rest_route=%2Fwp%2Fv2%2Fcomments&post=2636"}],"version-history":[{"count":1,"href":"https:\/\/veritasinfo.org\/index.php?rest_route=\/wp\/v2\/posts\/2636\/revisions"}],"predecessor-version":[{"id":2637,"href":"https:\/\/veritasinfo.org\/index.php?rest_route=\/wp\/v2\/posts\/2636\/revisions\/2637"}],"wp:featuredmedia":[{"embeddable":true,"href":"https:\/\/veritasinfo.org\/index.php?rest_route=\/wp\/v2\/media\/2632"}],"wp:attachment":[{"href":"https:\/\/veritasinfo.org\/index.php?rest_route=%2Fwp%2Fv2%2Fmedia&parent=2636"}],"wp:term":[{"taxonomy":"category","embeddable":true,"href":"https:\/\/veritasinfo.org\/index.php?rest_route=%2Fwp%2Fv2%2Fcategories&post=2636"},{"taxonomy":"post_tag","embeddable":true,"href":"https:\/\/veritasinfo.org\/index.php?rest_route=%2Fwp%2Fv2%2Ftags&post=2636"}],"curies":[{"name":"wp","href":"https:\/\/api.w.org\/{rel}","templated":true}]}}