{"id":26299,"date":"2026-01-01T16:12:24","date_gmt":"2026-01-01T15:12:24","guid":{"rendered":"https:\/\/veritasinfo.org\/?p=26299"},"modified":"2026-01-01T16:12:24","modified_gmt":"2026-01-01T15:12:24","slug":"od-hapsenja-do-optuznica-kako-je-tokom-2025-godine-razbijena-spijunska-mreza-povezana-sa-srpskom-bia-om-na-kosovu","status":"publish","type":"post","link":"https:\/\/veritasinfo.org\/?p=26299&lang=sr","title":{"rendered":"Od hap\u0161enja do optu\u017enica \u2013 kako je tokom 2025. godine razbijena \u0161pijunska mre\u017ea povezana sa srpskom BIA-om na Kosovu"},"content":{"rendered":"<p data-start=\"0\" data-end=\"148\"><strong>Pri\u0161tina, 1. januar 2026. 16:11<\/strong><\/p>\n<p data-start=\"150\" data-end=\"358\">Tokom 2025. godine, vlasti Republike Kosovo bile su anga\u017eovane na otkrivanju i krivi\u010dnom gonjenju lica osumnji\u010denih za krivi\u010dno delo \u0161pijuna\u017ee \u2013 ozbiljne pretnje nacionalnoj bezbednosti i suverenitetu zemlje.<\/p>\n<p data-start=\"360\" data-end=\"557\">Kao rezultat tog anga\u017emana, otkriveno je vi\u0161e slu\u010dajeva sumnje na \u0161pijuna\u017eu, u kojima je bilo hap\u0161enja, odre\u0111ivanja pritvora i podizanja optu\u017enica od strane Specijalnog tu\u017eila\u0161tva Republike Kosovo.<\/p>\n<p data-start=\"559\" data-end=\"773\">Ovi slu\u010dajevi, koji se uglavnom odnose na sumnje u saradnju sa stranim obave\u0161tajnim slu\u017ebama, prvenstveno sa srpskom BIA-om, izazvali su ozbiljnu zabrinutost za nacionalnu bezbednost i za\u0161titu dr\u017eavnih informacija.<\/p>\n<p data-start=\"775\" data-end=\"922\">U zvani\u010dnom odgovoru za Telegraf, Specijalno tu\u017eila\u0161tvo je saop\u0161tilo podatke i mere preduzete tokom ove godine u vezi sa krivi\u010dnim delom \u0161pijuna\u017ee.<\/p>\n<p data-start=\"924\" data-end=\"1128\">\u201eObave\u0161tavamo vas da su tokom 2025. godine, u vezi sa krivi\u010dnim delom \u0161pijuna\u017ee, uhap\u0161ene \u010detiri (4) osobe i da im je odre\u0111ena mera pritvora\u201c, izjavila je portparolka Specijalnog tu\u017eila\u0161tva, Arbnora Luta.<\/p>\n<p data-start=\"1130\" data-end=\"1302\">Prema navodima Tu\u017eila\u0161tva, hap\u0161enja su rezultat istraga sprovedenih u saradnji sa bezbednosnim institucijama, uklju\u010duju\u0107i Kosovsku policiju i Kosovsku obave\u0161tajnu agenciju.<\/p>\n<p data-start=\"1304\" data-end=\"1402\">Ko su osobe uhap\u0161ene zbog \u0161pijuna\u017ee tokom 2025. godine i \u0161ta o njima navodi tu\u017eila\u010dki predmet?<\/p>\n<p data-start=\"1404\" data-end=\"1611\">Prema medijskim izve\u0161tajima i na\u0161im izvorima, tokom 2025. godine zbog \u0161pijuna\u017ee su uhap\u0161ene ili su obuhva\u0107ene krivi\u010dnim postupcima slede\u0107e osobe: Fatmir \u0160eholi, Jelena \u0110ukanovi\u0107, Bojan Jevti\u0107 i Hisri Selimi.<\/p>\n<p data-start=\"1613\" data-end=\"2024\">Fatmir \u0160eholi uhap\u0161en je 9. oktobra 2025. godine u Pri\u0161tini, pod sumnjom za krivi\u010dno delo \u0161pijuna\u017ee, nakon vi\u0161emese\u010dnih istraga koje su koordinisali Kosovska policija, Kosovska obave\u0161tajna agencija i Specijalno tu\u017eila\u0161tvo. U tu\u017eila\u010dkom predmetu navodi se da je \u0160eholi prikupljao informacije o navodno uzurpiranoj imovini Srba na Kosovu i da je te informacije prosle\u0111ivao BIA-i putem telefonske komunikacije.<\/p>\n<p data-start=\"2026\" data-end=\"2386\">Prema Tu\u017eila\u0161tvu, \u0160eholi je, po uputstvima i planovima Dimi\u0107a, 26. septembra iste godine u Severnoj Mitrovici preuzeo materijale, audio-zapise i transkripte razgovora zvani\u010dnika Ministarstva za zajednice i povratak, za koje se sumnja da su kompromituju\u0107i, kao i odre\u0111enu sumu novca kao nagradu za njihovo objavljivanje, koje je potom objavio u onlajn medijima.<\/p>\n<p data-start=\"2388\" data-end=\"2625\">Pored toga, navodi se da je od iste osobe primio i dodatni nov\u010dani iznos kao nagradu. Dana 10. oktobra 2025. godine, dan nakon hap\u0161enja, sud mu je odredio pritvor u trajanju od mesec dana, koji je kasnije produ\u017een od strane sudskog ve\u0107a.<\/p>\n<p data-start=\"2627\" data-end=\"3059\">Bojan Jevti\u0107, poru\u010dnik Kosovske policije koji je obavljao du\u017enost operativnog \u0161efa grani\u010dne policije na prelazu \u201eDheu i Bardh\u00eb\u201c, uhap\u0161en je 17. jula 2025. godine, pod sumnjom da je izvr\u0161io \u0161pijunske aktivnosti i da je bio regrutovan od strane srpske BIA-e. Prema navodima Specijalnog tu\u017eila\u0161tva, Jevti\u0107 je prenosio osetljive informacije o bezbednosnim institucijama na Kosovu, uklju\u010duju\u0107i kretanja i operativne planove Policije.<\/p>\n<p data-start=\"3061\" data-end=\"3155\">Nakon hap\u0161enja, Jevti\u0107 se i dalje nalazi u pritvoru, dok se predmet nalazi u sudskom postupku.<\/p>\n<p data-start=\"3157\" data-end=\"3382\">Hisri Selimi uhap\u0161en je 6. maja 2025. godine, pod sumnjom za izvr\u0161enje krivi\u010dnog dela \u0161pijuna\u017ee u saradnji sa Obave\u0161tajno-bezbednosnom agencijom Srbije (BIA). Protiv njega je 9. septembra 2025. godine podignuta optu\u017enica.<\/p>\n<p data-start=\"3384\" data-end=\"3953\">Prema optu\u017enici, od novembra 2009. godine pa do hap\u0161enja 6. maja 2025, Selimi je bio regrutovan od strane BIA-e i toj agenciji je dostavljao informacije o biv\u0161im pripadnicima OVK, ratnim zlo\u010dinima i radikalizovanim licima. Po uputstvima BIA-e, putovao je u Siriju 2015. godine, pridru\u017eio se ISIS-u i izve\u0161tavao o u\u010de\u0161\u0107u Albanaca tamo. Nakon povratka i izdr\u017eavanja zatvorske kazne, nastavio je saradnju sa BIA-om, dostavljaju\u0107i informacije o radikalizaciji i vehabijskim strujama na Kosovu, za \u0161ta je primao do 700 evra mese\u010dno i bio opremljen komunikacionim sredstvima.<\/p>\n<p data-start=\"3955\" data-end=\"4186\">Jelena \u0110ukanovi\u0107, slu\u017ebenica misije OEBS-a na Kosovu, uhap\u0161ena je 28. februara 2025. godine, pod sumnjom za \u0161pijuna\u017eu, i inicijalno joj je odre\u0111en pritvor od 48 sati od strane Specijalnog tu\u017eila\u0161tva, nakon vi\u0161emese\u010dnih istraga.<\/p>\n<p data-start=\"4188\" data-end=\"4364\">Specijalno tu\u017eila\u0161tvo Republike Kosovo (PSRK) podiglo je 4. septembra 2025. godine optu\u017enicu protiv \u0110ukanovi\u0107eve, terete\u0107i je da je pru\u017eala osetljive informacije srpskoj BIA-i.<\/p>\n<p data-start=\"4366\" data-end=\"4722\">Tu\u017eila\u0161tvo navodi da je optu\u017eena dobijala uputstva od Aleksandra Vlaji\u0107a, koji je u me\u0111uvremenu osu\u0111en za \u0161pijuna\u017eu. Tako\u0111e se navodi da je doprinosila stvaranju neprijateljskog narativa prema bezbednosnim institucijama, dr\u017eavnosti i teritorijalnom integritetu Republike Kosovo. U septembru joj je Osnovni sud u Pri\u0161tini produ\u017eio pritvor za jo\u0161 dva meseca.<\/p>\n<p data-start=\"4724\" data-end=\"4828\">Treba ista\u0107i da za sva navedena lica va\u017ei pretpostavka nevinosti do dono\u0161enja pravosna\u017ene sudske odluke.<\/p>\n<p data-start=\"4830\" data-end=\"4861\">Optu\u017enice i stav Tu\u017eila\u0161tva<\/p>\n<p data-start=\"4863\" data-end=\"5030\">Specijalno tu\u017eila\u0161tvo je za Telegraf saop\u0161tilo da je tokom prethodne godine podiglo ukupno \u010detiri optu\u017enice protiv pet osoba uhap\u0161enih zbog krivi\u010dnog dela \u201e\u0161pijuna\u017ea\u201c.<\/p>\n<p data-start=\"5032\" data-end=\"5390\">\u201eTokom 2025. godine, Specijalno tu\u017eila\u0161tvo je podiglo \u010detiri (4) optu\u017enice protiv pet (5) osoba za krivi\u010dno delo \u2018\u0161pijuna\u017ea\u2019. Kod pet optu\u017eenih osnovno krivi\u010dno delo je \u2018\u0161pijuna\u017ea\u2019. Tako\u0111e, u decembru je podignuta jedna optu\u017enica u kojoj je jedno lice obuhva\u0107eno i za krivi\u010dno delo \u2018\u0161pijuna\u017ea\u2019\u201c, naglasila je portparolka Specijalnog tu\u017eila\u0161tva, Arbnora Luta.<\/p>\n<p data-start=\"5392\" data-end=\"5615\">Optu\u017enica podignuta u decembru odnosi se na Jovana Vi\u0107entijevi\u0107a, koji je jedan od glavnih osumnji\u010denih za napad izvr\u0161en na kanal Ibar\u2013Lepenac u novembru 2024. godine. Vi\u0107entijevi\u0107 se, izme\u0111u ostalog, tereti i za \u0161pijuna\u017eu.<\/p>\n<p data-start=\"5617\" data-end=\"5833\">Specijalno tu\u017eila\u0161tvo je naglasilo da ne mo\u017ee davati dodatne detalje o slu\u010dajevima koji su jo\u0161 u fazi istrage ili sudskog razmatranja, ali je ponovo potvrdilo institucionalnu posve\u0107enost gonjenju ovih krivi\u010dnih dela.<\/p>\n<p data-start=\"5835\" data-end=\"6086\">\u201eSpecijalno tu\u017eila\u0161tvo u ovoj fazi ne mo\u017ee komentarisati slu\u010dajeve koji su u istrazi ili sudskom postupku, ali reafirmi\u0161e svoju posve\u0107enost gonjenju ovih krivi\u010dnih dela i izvo\u0111enju mogu\u0107ih izvr\u0161ilaca pred lice pravde\u201c, navodi se u odgovoru Tu\u017eila\u0161tva.<\/p>\n<p data-start=\"6088\" data-end=\"6303\">Slu\u010dajevi \u0161pijuna\u017ee tokom 2025. godine ukazuju na kontinuirani bezbednosni izazov na Kosovu, ali i na ja\u010danje kapaciteta pravosudnih i bezbednosnih institucija za identifikovanje i procesuiranje ovih krivi\u010dnih dela.<\/p>\n<p data-start=\"6305\" data-end=\"6463\">Prema Krivi\u010dnom zakoniku Kosova, \u0161pijuna\u017ea se smatra te\u0161kim krivi\u010dnim delom i ka\u017enjava se najmanje pet godina zatvora, ukoliko se osumnji\u010deni proglasi krivim.<\/p>\n<p data-start=\"6465\" data-end=\"6591\">Stru\u010dnjaci navode da je \u0161pijuna\u017ea ozbiljna pretnja bezbednosti Kosova i da poslednja hap\u0161enja dodatno ukazuju na stalni rizik.<\/p>\n<p data-start=\"6593\" data-end=\"6736\" data-is-last-node=\"\" data-is-only-node=\"\">Uz hap\u0161enja, optu\u017enice i aktivne istrage, nadle\u017eni organi su poru\u010dili da borba protiv \u0161pijuna\u017ee ostaje strate\u0161ki prioritet i u narednoj godini.<\/p>\n","protected":false},"excerpt":{"rendered":"<p>Pri\u0161tina, 1. januar 2026. 16:11 Tokom 2025. godine, vlasti Republike Kosovo bile su anga\u017eovane na otkrivanju i krivi\u010dnom gonjenju lica osumnji\u010denih za krivi\u010dno delo \u0161pijuna\u017ee<\/p>\n","protected":false},"author":7,"featured_media":26297,"comment_status":"open","ping_status":"open","sticky":false,"template":"","format":"standard","meta":{"footnotes":""},"categories":[103],"tags":[],"class_list":["post-26299","post","type-post","status-publish","format-standard","has-post-thumbnail","hentry","category-hronika"],"yoast_head":"<!-- This site is optimized with the Yoast SEO plugin v25.3.1 - https:\/\/yoast.com\/wordpress\/plugins\/seo\/ -->\n<title>Od hap\u0161enja do optu\u017enica \u2013 kako je tokom 2025. godine razbijena \u0161pijunska mre\u017ea povezana sa srpskom BIA-om na Kosovu -<\/title>\n<meta name=\"robots\" content=\"index, follow, max-snippet:-1, max-image-preview:large, max-video-preview:-1\" \/>\n<link rel=\"canonical\" href=\"https:\/\/veritasinfo.org\/?p=26299&lang=sr\" \/>\n<meta property=\"og:locale\" content=\"en_US\" \/>\n<meta property=\"og:type\" content=\"article\" \/>\n<meta property=\"og:title\" content=\"Od hap\u0161enja do optu\u017enica \u2013 kako je tokom 2025. godine razbijena \u0161pijunska mre\u017ea povezana sa srpskom BIA-om na Kosovu -\" \/>\n<meta property=\"og:description\" content=\"Pri\u0161tina, 1. januar 2026. 16:11 Tokom 2025. godine, vlasti Republike Kosovo bile su anga\u017eovane na otkrivanju i krivi\u010dnom gonjenju lica osumnji\u010denih za krivi\u010dno delo \u0161pijuna\u017ee\" \/>\n<meta property=\"og:url\" content=\"https:\/\/veritasinfo.org\/?p=26299&amp;lang=sr\" \/>\n<meta property=\"article:published_time\" content=\"2026-01-01T15:12:24+00:00\" \/>\n<meta property=\"og:image\" content=\"https:\/\/veritasinfo.org\/wp-content\/uploads\/2026\/01\/1.jpg\" \/>\n\t<meta property=\"og:image:width\" content=\"732\" \/>\n\t<meta property=\"og:image:height\" content=\"408\" \/>\n\t<meta property=\"og:image:type\" content=\"image\/jpeg\" \/>\n<meta name=\"author\" content=\"US6\" \/>\n<meta name=\"twitter:card\" content=\"summary_large_image\" \/>\n<meta name=\"twitter:label1\" content=\"Written by\" \/>\n\t<meta name=\"twitter:data1\" content=\"US6\" \/>\n\t<meta name=\"twitter:label2\" content=\"Est. reading time\" \/>\n\t<meta name=\"twitter:data2\" content=\"5 minutes\" \/>\n<script type=\"application\/ld+json\" class=\"yoast-schema-graph\">{\"@context\":\"https:\/\/schema.org\",\"@graph\":[{\"@type\":\"WebPage\",\"@id\":\"https:\/\/veritasinfo.org\/?p=26299&lang=sr\",\"url\":\"https:\/\/veritasinfo.org\/?p=26299&lang=sr\",\"name\":\"Od hap\u0161enja do optu\u017enica \u2013 kako je tokom 2025. godine razbijena \u0161pijunska mre\u017ea povezana sa srpskom BIA-om na Kosovu -\",\"isPartOf\":{\"@id\":\"https:\/\/veritasinfo.org\/#website\"},\"primaryImageOfPage\":{\"@id\":\"https:\/\/veritasinfo.org\/?p=26299&lang=sr#primaryimage\"},\"image\":{\"@id\":\"https:\/\/veritasinfo.org\/?p=26299&lang=sr#primaryimage\"},\"thumbnailUrl\":\"https:\/\/veritasinfo.org\/wp-content\/uploads\/2026\/01\/1.jpg\",\"datePublished\":\"2026-01-01T15:12:24+00:00\",\"author\":{\"@id\":\"https:\/\/veritasinfo.org\/#\/schema\/person\/fe199eede04c3937362892b7444747cc\"},\"breadcrumb\":{\"@id\":\"https:\/\/veritasinfo.org\/?p=26299&lang=sr#breadcrumb\"},\"inLanguage\":\"en-US\",\"potentialAction\":[{\"@type\":\"ReadAction\",\"target\":[\"https:\/\/veritasinfo.org\/?p=26299&lang=sr\"]}]},{\"@type\":\"ImageObject\",\"inLanguage\":\"en-US\",\"@id\":\"https:\/\/veritasinfo.org\/?p=26299&lang=sr#primaryimage\",\"url\":\"https:\/\/veritasinfo.org\/wp-content\/uploads\/2026\/01\/1.jpg\",\"contentUrl\":\"https:\/\/veritasinfo.org\/wp-content\/uploads\/2026\/01\/1.jpg\",\"width\":732,\"height\":408},{\"@type\":\"BreadcrumbList\",\"@id\":\"https:\/\/veritasinfo.org\/?p=26299&lang=sr#breadcrumb\",\"itemListElement\":[{\"@type\":\"ListItem\",\"position\":1,\"name\":\"Home\",\"item\":\"https:\/\/veritasinfo.org\/\"},{\"@type\":\"ListItem\",\"position\":2,\"name\":\"Od hap\u0161enja do optu\u017enica \u2013 kako je tokom 2025. godine razbijena \u0161pijunska mre\u017ea povezana sa srpskom BIA-om na Kosovu\"}]},{\"@type\":\"WebSite\",\"@id\":\"https:\/\/veritasinfo.org\/#website\",\"url\":\"https:\/\/veritasinfo.org\/\",\"name\":\"\",\"description\":\"\",\"potentialAction\":[{\"@type\":\"SearchAction\",\"target\":{\"@type\":\"EntryPoint\",\"urlTemplate\":\"https:\/\/veritasinfo.org\/?s={search_term_string}\"},\"query-input\":{\"@type\":\"PropertyValueSpecification\",\"valueRequired\":true,\"valueName\":\"search_term_string\"}}],\"inLanguage\":\"en-US\"},{\"@type\":\"Person\",\"@id\":\"https:\/\/veritasinfo.org\/#\/schema\/person\/fe199eede04c3937362892b7444747cc\",\"name\":\"US6\",\"image\":{\"@type\":\"ImageObject\",\"inLanguage\":\"en-US\",\"@id\":\"https:\/\/veritasinfo.org\/#\/schema\/person\/image\/\",\"url\":\"https:\/\/secure.gravatar.com\/avatar\/cb16c3c31c9d23b9b8c705964598220b3014e42ff51eb540ff23cefa3ae8c15f?s=96&d=mm&r=g\",\"contentUrl\":\"https:\/\/secure.gravatar.com\/avatar\/cb16c3c31c9d23b9b8c705964598220b3014e42ff51eb540ff23cefa3ae8c15f?s=96&d=mm&r=g\",\"caption\":\"US6\"},\"url\":\"https:\/\/veritasinfo.org\/?author=7\"}]}<\/script>\n<!-- \/ Yoast SEO plugin. -->","yoast_head_json":{"title":"Od hap\u0161enja do optu\u017enica \u2013 kako je tokom 2025. godine razbijena \u0161pijunska mre\u017ea povezana sa srpskom BIA-om na Kosovu -","robots":{"index":"index","follow":"follow","max-snippet":"max-snippet:-1","max-image-preview":"max-image-preview:large","max-video-preview":"max-video-preview:-1"},"canonical":"https:\/\/veritasinfo.org\/?p=26299&lang=sr","og_locale":"en_US","og_type":"article","og_title":"Od hap\u0161enja do optu\u017enica \u2013 kako je tokom 2025. godine razbijena \u0161pijunska mre\u017ea povezana sa srpskom BIA-om na Kosovu -","og_description":"Pri\u0161tina, 1. januar 2026. 16:11 Tokom 2025. godine, vlasti Republike Kosovo bile su anga\u017eovane na otkrivanju i krivi\u010dnom gonjenju lica osumnji\u010denih za krivi\u010dno delo \u0161pijuna\u017ee","og_url":"https:\/\/veritasinfo.org\/?p=26299&lang=sr","article_published_time":"2026-01-01T15:12:24+00:00","og_image":[{"width":732,"height":408,"url":"https:\/\/veritasinfo.org\/wp-content\/uploads\/2026\/01\/1.jpg","type":"image\/jpeg"}],"author":"US6","twitter_card":"summary_large_image","twitter_misc":{"Written by":"US6","Est. reading time":"5 minutes"},"schema":{"@context":"https:\/\/schema.org","@graph":[{"@type":"WebPage","@id":"https:\/\/veritasinfo.org\/?p=26299&lang=sr","url":"https:\/\/veritasinfo.org\/?p=26299&lang=sr","name":"Od hap\u0161enja do optu\u017enica \u2013 kako je tokom 2025. godine razbijena \u0161pijunska mre\u017ea povezana sa srpskom BIA-om na Kosovu -","isPartOf":{"@id":"https:\/\/veritasinfo.org\/#website"},"primaryImageOfPage":{"@id":"https:\/\/veritasinfo.org\/?p=26299&lang=sr#primaryimage"},"image":{"@id":"https:\/\/veritasinfo.org\/?p=26299&lang=sr#primaryimage"},"thumbnailUrl":"https:\/\/veritasinfo.org\/wp-content\/uploads\/2026\/01\/1.jpg","datePublished":"2026-01-01T15:12:24+00:00","author":{"@id":"https:\/\/veritasinfo.org\/#\/schema\/person\/fe199eede04c3937362892b7444747cc"},"breadcrumb":{"@id":"https:\/\/veritasinfo.org\/?p=26299&lang=sr#breadcrumb"},"inLanguage":"en-US","potentialAction":[{"@type":"ReadAction","target":["https:\/\/veritasinfo.org\/?p=26299&lang=sr"]}]},{"@type":"ImageObject","inLanguage":"en-US","@id":"https:\/\/veritasinfo.org\/?p=26299&lang=sr#primaryimage","url":"https:\/\/veritasinfo.org\/wp-content\/uploads\/2026\/01\/1.jpg","contentUrl":"https:\/\/veritasinfo.org\/wp-content\/uploads\/2026\/01\/1.jpg","width":732,"height":408},{"@type":"BreadcrumbList","@id":"https:\/\/veritasinfo.org\/?p=26299&lang=sr#breadcrumb","itemListElement":[{"@type":"ListItem","position":1,"name":"Home","item":"https:\/\/veritasinfo.org\/"},{"@type":"ListItem","position":2,"name":"Od hap\u0161enja do optu\u017enica \u2013 kako je tokom 2025. godine razbijena \u0161pijunska mre\u017ea povezana sa srpskom BIA-om na Kosovu"}]},{"@type":"WebSite","@id":"https:\/\/veritasinfo.org\/#website","url":"https:\/\/veritasinfo.org\/","name":"","description":"","potentialAction":[{"@type":"SearchAction","target":{"@type":"EntryPoint","urlTemplate":"https:\/\/veritasinfo.org\/?s={search_term_string}"},"query-input":{"@type":"PropertyValueSpecification","valueRequired":true,"valueName":"search_term_string"}}],"inLanguage":"en-US"},{"@type":"Person","@id":"https:\/\/veritasinfo.org\/#\/schema\/person\/fe199eede04c3937362892b7444747cc","name":"US6","image":{"@type":"ImageObject","inLanguage":"en-US","@id":"https:\/\/veritasinfo.org\/#\/schema\/person\/image\/","url":"https:\/\/secure.gravatar.com\/avatar\/cb16c3c31c9d23b9b8c705964598220b3014e42ff51eb540ff23cefa3ae8c15f?s=96&d=mm&r=g","contentUrl":"https:\/\/secure.gravatar.com\/avatar\/cb16c3c31c9d23b9b8c705964598220b3014e42ff51eb540ff23cefa3ae8c15f?s=96&d=mm&r=g","caption":"US6"},"url":"https:\/\/veritasinfo.org\/?author=7"}]}},"featured_image_urls":{"full":["https:\/\/veritasinfo.org\/wp-content\/uploads\/2026\/01\/1.jpg",732,408,false],"thumbnail":["https:\/\/veritasinfo.org\/wp-content\/uploads\/2026\/01\/1-150x150.jpg",150,150,true],"medium":["https:\/\/veritasinfo.org\/wp-content\/uploads\/2026\/01\/1-300x167.jpg",300,167,true],"medium_large":["https:\/\/veritasinfo.org\/wp-content\/uploads\/2026\/01\/1.jpg",640,357,false],"large":["https:\/\/veritasinfo.org\/wp-content\/uploads\/2026\/01\/1.jpg",640,357,false],"1536x1536":["https:\/\/veritasinfo.org\/wp-content\/uploads\/2026\/01\/1.jpg",732,408,false],"2048x2048":["https:\/\/veritasinfo.org\/wp-content\/uploads\/2026\/01\/1.jpg",732,408,false],"kreeti-slider-full":["https:\/\/veritasinfo.org\/wp-content\/uploads\/2026\/01\/1.jpg",732,408,false],"kreeti-featured":["https:\/\/veritasinfo.org\/wp-content\/uploads\/2026\/01\/1.jpg",732,408,false],"kreeti-medium":["https:\/\/veritasinfo.org\/wp-content\/uploads\/2026\/01\/1.jpg",720,401,false],"kreeti-medium-square":["https:\/\/veritasinfo.org\/wp-content\/uploads\/2026\/01\/1.jpg",350,195,false]},"author_info":{"info":["US6"]},"category_info":"<a href=\"https:\/\/veritasinfo.org\/?cat=103&#038;lang=sr\" rel=\"category\">Hronika<\/a>","tag_info":"Hronika","comment_count":"0","_links":{"self":[{"href":"https:\/\/veritasinfo.org\/index.php?rest_route=\/wp\/v2\/posts\/26299","targetHints":{"allow":["GET"]}}],"collection":[{"href":"https:\/\/veritasinfo.org\/index.php?rest_route=\/wp\/v2\/posts"}],"about":[{"href":"https:\/\/veritasinfo.org\/index.php?rest_route=\/wp\/v2\/types\/post"}],"author":[{"embeddable":true,"href":"https:\/\/veritasinfo.org\/index.php?rest_route=\/wp\/v2\/users\/7"}],"replies":[{"embeddable":true,"href":"https:\/\/veritasinfo.org\/index.php?rest_route=%2Fwp%2Fv2%2Fcomments&post=26299"}],"version-history":[{"count":1,"href":"https:\/\/veritasinfo.org\/index.php?rest_route=\/wp\/v2\/posts\/26299\/revisions"}],"predecessor-version":[{"id":26300,"href":"https:\/\/veritasinfo.org\/index.php?rest_route=\/wp\/v2\/posts\/26299\/revisions\/26300"}],"wp:featuredmedia":[{"embeddable":true,"href":"https:\/\/veritasinfo.org\/index.php?rest_route=\/wp\/v2\/media\/26297"}],"wp:attachment":[{"href":"https:\/\/veritasinfo.org\/index.php?rest_route=%2Fwp%2Fv2%2Fmedia&parent=26299"}],"wp:term":[{"taxonomy":"category","embeddable":true,"href":"https:\/\/veritasinfo.org\/index.php?rest_route=%2Fwp%2Fv2%2Fcategories&post=26299"},{"taxonomy":"post_tag","embeddable":true,"href":"https:\/\/veritasinfo.org\/index.php?rest_route=%2Fwp%2Fv2%2Ftags&post=26299"}],"curies":[{"name":"wp","href":"https:\/\/api.w.org\/{rel}","templated":true}]}}