{"id":26263,"date":"2025-12-31T21:03:05","date_gmt":"2025-12-31T20:03:05","guid":{"rendered":"https:\/\/veritasinfo.org\/?p=26263"},"modified":"2025-12-31T21:03:05","modified_gmt":"2025-12-31T20:03:05","slug":"kosova-britania-dhe-irlanda-e-veriut-me-marreveshje-per-shkembim-te-informacionit-te-klasifikuar","status":"publish","type":"post","link":"https:\/\/veritasinfo.org\/?p=26263","title":{"rendered":"Kosova, Britania dhe Irlanda e Veriut me marr\u00ebveshje p\u00ebr shk\u00ebmbim t\u00eb informacionit t\u00eb klasifikuar"},"content":{"rendered":"<p><strong>Prishtin\u00eb, 31 dhjetor 2025 21:02<\/strong><\/p>\n<p>Qeveria n\u00eb detyr\u00eb ka mbajtur mbledhjen e 283-t\u00eb me radh\u00eb.<\/p>\n<p>Kjo mbledhje u zhvillua n\u00eb form\u00eb elektronike, ku u mor\u00ebn edhe tri vendime.<\/p>\n<p>N\u00eb mesin e tyre \u00ebsht\u00eb miratuar Nisma p\u00ebr lidhjen e Marr\u00ebveshjes s\u00eb P\u00ebrgjithshme t\u00eb Siguris\u00eb nd\u00ebrmjet Republik\u00ebs s\u00eb Kosov\u00ebs dhe Mbret\u00ebris\u00eb s\u00eb Bashkuar t\u00eb Britanis\u00eb s\u00eb Madhe dhe Irland\u00ebs s\u00eb Veriut p\u00ebr Shk\u00ebmbim dhe Mbrojtje t\u00eb Nd\u00ebrsjell\u00eb t\u00eb Informacionit t\u00eb Klasifikuar.<\/p>\n<p>&nbsp;<\/p>\n","protected":false},"excerpt":{"rendered":"<p>Prishtin\u00eb, 31 dhjetor 2025 21:02 Qeveria n\u00eb detyr\u00eb ka mbajtur mbledhjen e 283-t\u00eb me radh\u00eb. Kjo mbledhje u zhvillua n\u00eb form\u00eb elektronike, ku u mor\u00ebn<\/p>\n","protected":false},"author":7,"featured_media":26264,"comment_status":"open","ping_status":"open","sticky":false,"template":"","format":"standard","meta":{"footnotes":""},"categories":[58],"tags":[],"class_list":["post-26263","post","type-post","status-publish","format-standard","has-post-thumbnail","hentry","category-politike-sq"],"yoast_head":"<!-- This site is optimized with the Yoast SEO plugin v25.3.1 - https:\/\/yoast.com\/wordpress\/plugins\/seo\/ -->\n<title>Kosova, Britania dhe Irlanda e Veriut me marr\u00ebveshje p\u00ebr shk\u00ebmbim t\u00eb informacionit t\u00eb klasifikuar -<\/title>\n<meta name=\"robots\" content=\"index, follow, max-snippet:-1, max-image-preview:large, max-video-preview:-1\" \/>\n<link rel=\"canonical\" href=\"https:\/\/veritasinfo.org\/?p=26263\" \/>\n<meta property=\"og:locale\" content=\"en_US\" \/>\n<meta property=\"og:type\" content=\"article\" \/>\n<meta property=\"og:title\" content=\"Kosova, Britania dhe Irlanda e Veriut me marr\u00ebveshje p\u00ebr shk\u00ebmbim t\u00eb informacionit t\u00eb klasifikuar -\" \/>\n<meta property=\"og:description\" content=\"Prishtin\u00eb, 31 dhjetor 2025 21:02 Qeveria n\u00eb detyr\u00eb ka mbajtur mbledhjen e 283-t\u00eb me radh\u00eb. Kjo mbledhje u zhvillua n\u00eb form\u00eb elektronike, ku u mor\u00ebn\" \/>\n<meta property=\"og:url\" content=\"https:\/\/veritasinfo.org\/?p=26263\" \/>\n<meta property=\"article:published_time\" content=\"2025-12-31T20:03:05+00:00\" \/>\n<meta property=\"og:image\" content=\"https:\/\/veritasinfo.org\/wp-content\/uploads\/2025\/12\/1-111.jpg\" \/>\n\t<meta property=\"og:image:width\" content=\"598\" \/>\n\t<meta property=\"og:image:height\" content=\"369\" \/>\n\t<meta property=\"og:image:type\" content=\"image\/jpeg\" \/>\n<meta name=\"author\" content=\"US6\" \/>\n<meta name=\"twitter:card\" content=\"summary_large_image\" \/>\n<meta name=\"twitter:label1\" content=\"Written by\" \/>\n\t<meta name=\"twitter:data1\" content=\"US6\" \/>\n\t<meta name=\"twitter:label2\" content=\"Est. reading time\" \/>\n\t<meta name=\"twitter:data2\" content=\"1 minute\" \/>\n<script type=\"application\/ld+json\" class=\"yoast-schema-graph\">{\"@context\":\"https:\/\/schema.org\",\"@graph\":[{\"@type\":\"WebPage\",\"@id\":\"https:\/\/veritasinfo.org\/?p=26263\",\"url\":\"https:\/\/veritasinfo.org\/?p=26263\",\"name\":\"Kosova, Britania dhe Irlanda e Veriut me marr\u00ebveshje p\u00ebr shk\u00ebmbim t\u00eb informacionit t\u00eb klasifikuar -\",\"isPartOf\":{\"@id\":\"https:\/\/veritasinfo.org\/#website\"},\"primaryImageOfPage\":{\"@id\":\"https:\/\/veritasinfo.org\/?p=26263#primaryimage\"},\"image\":{\"@id\":\"https:\/\/veritasinfo.org\/?p=26263#primaryimage\"},\"thumbnailUrl\":\"https:\/\/veritasinfo.org\/wp-content\/uploads\/2025\/12\/1-111.jpg\",\"datePublished\":\"2025-12-31T20:03:05+00:00\",\"author\":{\"@id\":\"https:\/\/veritasinfo.org\/#\/schema\/person\/fe199eede04c3937362892b7444747cc\"},\"breadcrumb\":{\"@id\":\"https:\/\/veritasinfo.org\/?p=26263#breadcrumb\"},\"inLanguage\":\"en-US\",\"potentialAction\":[{\"@type\":\"ReadAction\",\"target\":[\"https:\/\/veritasinfo.org\/?p=26263\"]}]},{\"@type\":\"ImageObject\",\"inLanguage\":\"en-US\",\"@id\":\"https:\/\/veritasinfo.org\/?p=26263#primaryimage\",\"url\":\"https:\/\/veritasinfo.org\/wp-content\/uploads\/2025\/12\/1-111.jpg\",\"contentUrl\":\"https:\/\/veritasinfo.org\/wp-content\/uploads\/2025\/12\/1-111.jpg\",\"width\":598,\"height\":369},{\"@type\":\"BreadcrumbList\",\"@id\":\"https:\/\/veritasinfo.org\/?p=26263#breadcrumb\",\"itemListElement\":[{\"@type\":\"ListItem\",\"position\":1,\"name\":\"Home\",\"item\":\"https:\/\/veritasinfo.org\/\"},{\"@type\":\"ListItem\",\"position\":2,\"name\":\"Kosova, Britania dhe Irlanda e Veriut me marr\u00ebveshje p\u00ebr shk\u00ebmbim t\u00eb informacionit t\u00eb klasifikuar\"}]},{\"@type\":\"WebSite\",\"@id\":\"https:\/\/veritasinfo.org\/#website\",\"url\":\"https:\/\/veritasinfo.org\/\",\"name\":\"\",\"description\":\"\",\"potentialAction\":[{\"@type\":\"SearchAction\",\"target\":{\"@type\":\"EntryPoint\",\"urlTemplate\":\"https:\/\/veritasinfo.org\/?s={search_term_string}\"},\"query-input\":{\"@type\":\"PropertyValueSpecification\",\"valueRequired\":true,\"valueName\":\"search_term_string\"}}],\"inLanguage\":\"en-US\"},{\"@type\":\"Person\",\"@id\":\"https:\/\/veritasinfo.org\/#\/schema\/person\/fe199eede04c3937362892b7444747cc\",\"name\":\"US6\",\"image\":{\"@type\":\"ImageObject\",\"inLanguage\":\"en-US\",\"@id\":\"https:\/\/veritasinfo.org\/#\/schema\/person\/image\/\",\"url\":\"https:\/\/secure.gravatar.com\/avatar\/cb16c3c31c9d23b9b8c705964598220b3014e42ff51eb540ff23cefa3ae8c15f?s=96&d=mm&r=g\",\"contentUrl\":\"https:\/\/secure.gravatar.com\/avatar\/cb16c3c31c9d23b9b8c705964598220b3014e42ff51eb540ff23cefa3ae8c15f?s=96&d=mm&r=g\",\"caption\":\"US6\"},\"url\":\"https:\/\/veritasinfo.org\/?author=7\"}]}<\/script>\n<!-- \/ Yoast SEO plugin. -->","yoast_head_json":{"title":"Kosova, Britania dhe Irlanda e Veriut me marr\u00ebveshje p\u00ebr shk\u00ebmbim t\u00eb informacionit t\u00eb klasifikuar -","robots":{"index":"index","follow":"follow","max-snippet":"max-snippet:-1","max-image-preview":"max-image-preview:large","max-video-preview":"max-video-preview:-1"},"canonical":"https:\/\/veritasinfo.org\/?p=26263","og_locale":"en_US","og_type":"article","og_title":"Kosova, Britania dhe Irlanda e Veriut me marr\u00ebveshje p\u00ebr shk\u00ebmbim t\u00eb informacionit t\u00eb klasifikuar -","og_description":"Prishtin\u00eb, 31 dhjetor 2025 21:02 Qeveria n\u00eb detyr\u00eb ka mbajtur mbledhjen e 283-t\u00eb me radh\u00eb. Kjo mbledhje u zhvillua n\u00eb form\u00eb elektronike, ku u mor\u00ebn","og_url":"https:\/\/veritasinfo.org\/?p=26263","article_published_time":"2025-12-31T20:03:05+00:00","og_image":[{"width":598,"height":369,"url":"https:\/\/veritasinfo.org\/wp-content\/uploads\/2025\/12\/1-111.jpg","type":"image\/jpeg"}],"author":"US6","twitter_card":"summary_large_image","twitter_misc":{"Written by":"US6","Est. reading time":"1 minute"},"schema":{"@context":"https:\/\/schema.org","@graph":[{"@type":"WebPage","@id":"https:\/\/veritasinfo.org\/?p=26263","url":"https:\/\/veritasinfo.org\/?p=26263","name":"Kosova, Britania dhe Irlanda e Veriut me marr\u00ebveshje p\u00ebr shk\u00ebmbim t\u00eb informacionit t\u00eb klasifikuar -","isPartOf":{"@id":"https:\/\/veritasinfo.org\/#website"},"primaryImageOfPage":{"@id":"https:\/\/veritasinfo.org\/?p=26263#primaryimage"},"image":{"@id":"https:\/\/veritasinfo.org\/?p=26263#primaryimage"},"thumbnailUrl":"https:\/\/veritasinfo.org\/wp-content\/uploads\/2025\/12\/1-111.jpg","datePublished":"2025-12-31T20:03:05+00:00","author":{"@id":"https:\/\/veritasinfo.org\/#\/schema\/person\/fe199eede04c3937362892b7444747cc"},"breadcrumb":{"@id":"https:\/\/veritasinfo.org\/?p=26263#breadcrumb"},"inLanguage":"en-US","potentialAction":[{"@type":"ReadAction","target":["https:\/\/veritasinfo.org\/?p=26263"]}]},{"@type":"ImageObject","inLanguage":"en-US","@id":"https:\/\/veritasinfo.org\/?p=26263#primaryimage","url":"https:\/\/veritasinfo.org\/wp-content\/uploads\/2025\/12\/1-111.jpg","contentUrl":"https:\/\/veritasinfo.org\/wp-content\/uploads\/2025\/12\/1-111.jpg","width":598,"height":369},{"@type":"BreadcrumbList","@id":"https:\/\/veritasinfo.org\/?p=26263#breadcrumb","itemListElement":[{"@type":"ListItem","position":1,"name":"Home","item":"https:\/\/veritasinfo.org\/"},{"@type":"ListItem","position":2,"name":"Kosova, Britania dhe Irlanda e Veriut me marr\u00ebveshje p\u00ebr shk\u00ebmbim t\u00eb informacionit t\u00eb klasifikuar"}]},{"@type":"WebSite","@id":"https:\/\/veritasinfo.org\/#website","url":"https:\/\/veritasinfo.org\/","name":"","description":"","potentialAction":[{"@type":"SearchAction","target":{"@type":"EntryPoint","urlTemplate":"https:\/\/veritasinfo.org\/?s={search_term_string}"},"query-input":{"@type":"PropertyValueSpecification","valueRequired":true,"valueName":"search_term_string"}}],"inLanguage":"en-US"},{"@type":"Person","@id":"https:\/\/veritasinfo.org\/#\/schema\/person\/fe199eede04c3937362892b7444747cc","name":"US6","image":{"@type":"ImageObject","inLanguage":"en-US","@id":"https:\/\/veritasinfo.org\/#\/schema\/person\/image\/","url":"https:\/\/secure.gravatar.com\/avatar\/cb16c3c31c9d23b9b8c705964598220b3014e42ff51eb540ff23cefa3ae8c15f?s=96&d=mm&r=g","contentUrl":"https:\/\/secure.gravatar.com\/avatar\/cb16c3c31c9d23b9b8c705964598220b3014e42ff51eb540ff23cefa3ae8c15f?s=96&d=mm&r=g","caption":"US6"},"url":"https:\/\/veritasinfo.org\/?author=7"}]}},"featured_image_urls":{"full":["https:\/\/veritasinfo.org\/wp-content\/uploads\/2025\/12\/1-111.jpg",598,369,false],"thumbnail":["https:\/\/veritasinfo.org\/wp-content\/uploads\/2025\/12\/1-111-150x150.jpg",150,150,true],"medium":["https:\/\/veritasinfo.org\/wp-content\/uploads\/2025\/12\/1-111-300x185.jpg",300,185,true],"medium_large":["https:\/\/veritasinfo.org\/wp-content\/uploads\/2025\/12\/1-111.jpg",598,369,false],"large":["https:\/\/veritasinfo.org\/wp-content\/uploads\/2025\/12\/1-111.jpg",598,369,false],"1536x1536":["https:\/\/veritasinfo.org\/wp-content\/uploads\/2025\/12\/1-111.jpg",598,369,false],"2048x2048":["https:\/\/veritasinfo.org\/wp-content\/uploads\/2025\/12\/1-111.jpg",598,369,false],"kreeti-slider-full":["https:\/\/veritasinfo.org\/wp-content\/uploads\/2025\/12\/1-111.jpg",598,369,false],"kreeti-featured":["https:\/\/veritasinfo.org\/wp-content\/uploads\/2025\/12\/1-111.jpg",598,369,false],"kreeti-medium":["https:\/\/veritasinfo.org\/wp-content\/uploads\/2025\/12\/1-111.jpg",598,369,false],"kreeti-medium-square":["https:\/\/veritasinfo.org\/wp-content\/uploads\/2025\/12\/1-111.jpg",350,216,false]},"author_info":{"info":["US6"]},"category_info":"<a href=\"https:\/\/veritasinfo.org\/?cat=58\" rel=\"category\">Politik\u00eb<\/a>","tag_info":"Politik\u00eb","comment_count":"0","_links":{"self":[{"href":"https:\/\/veritasinfo.org\/index.php?rest_route=\/wp\/v2\/posts\/26263","targetHints":{"allow":["GET"]}}],"collection":[{"href":"https:\/\/veritasinfo.org\/index.php?rest_route=\/wp\/v2\/posts"}],"about":[{"href":"https:\/\/veritasinfo.org\/index.php?rest_route=\/wp\/v2\/types\/post"}],"author":[{"embeddable":true,"href":"https:\/\/veritasinfo.org\/index.php?rest_route=\/wp\/v2\/users\/7"}],"replies":[{"embeddable":true,"href":"https:\/\/veritasinfo.org\/index.php?rest_route=%2Fwp%2Fv2%2Fcomments&post=26263"}],"version-history":[{"count":1,"href":"https:\/\/veritasinfo.org\/index.php?rest_route=\/wp\/v2\/posts\/26263\/revisions"}],"predecessor-version":[{"id":26265,"href":"https:\/\/veritasinfo.org\/index.php?rest_route=\/wp\/v2\/posts\/26263\/revisions\/26265"}],"wp:featuredmedia":[{"embeddable":true,"href":"https:\/\/veritasinfo.org\/index.php?rest_route=\/wp\/v2\/media\/26264"}],"wp:attachment":[{"href":"https:\/\/veritasinfo.org\/index.php?rest_route=%2Fwp%2Fv2%2Fmedia&parent=26263"}],"wp:term":[{"taxonomy":"category","embeddable":true,"href":"https:\/\/veritasinfo.org\/index.php?rest_route=%2Fwp%2Fv2%2Fcategories&post=26263"},{"taxonomy":"post_tag","embeddable":true,"href":"https:\/\/veritasinfo.org\/index.php?rest_route=%2Fwp%2Fv2%2Ftags&post=26263"}],"curies":[{"name":"wp","href":"https:\/\/api.w.org\/{rel}","templated":true}]}}