{"id":2626,"date":"2025-07-05T18:26:19","date_gmt":"2025-07-05T16:26:19","guid":{"rendered":"https:\/\/veritasinfo.org\/?p=2626"},"modified":"2025-07-05T18:26:19","modified_gmt":"2025-07-05T16:26:19","slug":"ismajli-te-torino-te-henen-firmoset-marreveshja-trevjecare","status":"publish","type":"post","link":"https:\/\/veritasinfo.org\/?p=2626","title":{"rendered":"Ismajli te Torino, t\u00eb h\u00ebn\u00ebn firmoset marr\u00ebveshja trevje\u00e7are"},"content":{"rendered":"<p><strong>Torino, 5 korrik 2025<\/strong><\/p>\n<p>Mbrojt\u00ebsi shqiptar, Ardian Ismajli, do ta vazhdoj\u00eb karrier\u00ebn te Torino.<\/p>\n<p>Ismajli aktualisht \u00ebsht\u00eb i lir\u00eb, pasi i p\u00ebrfundoi kontrata me Empolin. Marr\u00ebveshja me Torinon n\u00eb fakt \u00ebsht\u00eb arritur m\u00eb her\u00ebt, por te ky klub kan\u00eb pritur ta finalizojn\u00eb at\u00eb pas largimit t\u00eb Saul Cocos p\u00ebr te Al-Duhaili.<\/p>\n<p>Por pasi transferimi i Cocos po shtyhet, drejtuesit e Torinos kan\u00eb vendosur t\u00eb veprojn\u00eb p\u00ebr t\u00eb shmangur nd\u00ebrlikimet eventuale. K\u00ebshtu ka njoftuar Tuttosport t\u00eb shtun\u00ebn.<\/p>\n<p>Ismajli ka refuzuar klube t\u00eb tjera dhe ka vendosur p\u00ebr Torinon. Por reprezentuesi i Shqip\u00ebris\u00eb do t\u00eb mund t\u00eb shqyrtonte opsione t\u00eb tjera, n\u00ebse marr\u00ebveshja me Torinon nuk do t\u00eb finalizohej. 28-vje\u00e7ari t\u00eb h\u00ebn\u00ebn do t\u00eb jet\u00eb n\u00eb Torino.<\/p>\n<p>Pasi t\u2019i n\u00ebnshtrohet testeve mjek\u00ebsore pritet t\u00eb firmos\u00eb p\u00ebr tri vjet, me opsion p\u00ebr nj\u00eb vit tjet\u00ebr. Paga vjetore e Ismajlit do t\u00eb jet\u00eb 1,1 milion\u00eb euro, pos bonusit me rastin e transferimit.<\/p>\n","protected":false},"excerpt":{"rendered":"<p>Torino, 5 korrik 2025 Mbrojt\u00ebsi shqiptar, Ardian Ismajli, do ta vazhdoj\u00eb karrier\u00ebn te Torino. Ismajli aktualisht \u00ebsht\u00eb i lir\u00eb, pasi i p\u00ebrfundoi kontrata me Empolin.<\/p>\n","protected":false},"author":2,"featured_media":2627,"comment_status":"open","ping_status":"open","sticky":false,"template":"","format":"standard","meta":{"footnotes":""},"categories":[5],"tags":[],"class_list":["post-2626","post","type-post","status-publish","format-standard","has-post-thumbnail","hentry","category-sport-sq"],"yoast_head":"<!-- This site is optimized with the Yoast SEO plugin v25.3.1 - https:\/\/yoast.com\/wordpress\/plugins\/seo\/ -->\n<title>Ismajli te Torino, t\u00eb h\u00ebn\u00ebn firmoset marr\u00ebveshja trevje\u00e7are -<\/title>\n<meta name=\"robots\" content=\"index, follow, max-snippet:-1, max-image-preview:large, max-video-preview:-1\" \/>\n<link rel=\"canonical\" href=\"https:\/\/veritasinfo.org\/?p=2626\" \/>\n<meta property=\"og:locale\" content=\"en_US\" \/>\n<meta property=\"og:type\" content=\"article\" \/>\n<meta property=\"og:title\" content=\"Ismajli te Torino, t\u00eb h\u00ebn\u00ebn firmoset marr\u00ebveshja trevje\u00e7are -\" \/>\n<meta property=\"og:description\" content=\"Torino, 5 korrik 2025 Mbrojt\u00ebsi shqiptar, Ardian Ismajli, do ta vazhdoj\u00eb karrier\u00ebn te Torino. Ismajli aktualisht \u00ebsht\u00eb i lir\u00eb, pasi i p\u00ebrfundoi kontrata me Empolin.\" \/>\n<meta property=\"og:url\" content=\"https:\/\/veritasinfo.org\/?p=2626\" \/>\n<meta property=\"article:published_time\" content=\"2025-07-05T16:26:19+00:00\" \/>\n<meta property=\"og:image\" content=\"https:\/\/veritasinfo.org\/wp-content\/uploads\/2025\/07\/ismajli-a.jpg\" \/>\n\t<meta property=\"og:image:width\" content=\"780\" \/>\n\t<meta property=\"og:image:height\" content=\"439\" \/>\n\t<meta property=\"og:image:type\" content=\"image\/jpeg\" \/>\n<meta name=\"author\" content=\"US1\" \/>\n<meta name=\"twitter:card\" content=\"summary_large_image\" \/>\n<meta name=\"twitter:label1\" content=\"Written by\" \/>\n\t<meta name=\"twitter:data1\" content=\"US1\" \/>\n\t<meta name=\"twitter:label2\" content=\"Est. reading time\" \/>\n\t<meta name=\"twitter:data2\" content=\"1 minute\" \/>\n<script type=\"application\/ld+json\" class=\"yoast-schema-graph\">{\"@context\":\"https:\/\/schema.org\",\"@graph\":[{\"@type\":\"WebPage\",\"@id\":\"https:\/\/veritasinfo.org\/?p=2626\",\"url\":\"https:\/\/veritasinfo.org\/?p=2626\",\"name\":\"Ismajli te Torino, t\u00eb h\u00ebn\u00ebn firmoset marr\u00ebveshja trevje\u00e7are -\",\"isPartOf\":{\"@id\":\"https:\/\/veritasinfo.org\/#website\"},\"primaryImageOfPage\":{\"@id\":\"https:\/\/veritasinfo.org\/?p=2626#primaryimage\"},\"image\":{\"@id\":\"https:\/\/veritasinfo.org\/?p=2626#primaryimage\"},\"thumbnailUrl\":\"https:\/\/veritasinfo.org\/wp-content\/uploads\/2025\/07\/ismajli-a.jpg\",\"datePublished\":\"2025-07-05T16:26:19+00:00\",\"author\":{\"@id\":\"https:\/\/veritasinfo.org\/#\/schema\/person\/c2b8be262ea994d0995addca692c5e98\"},\"breadcrumb\":{\"@id\":\"https:\/\/veritasinfo.org\/?p=2626#breadcrumb\"},\"inLanguage\":\"en-US\",\"potentialAction\":[{\"@type\":\"ReadAction\",\"target\":[\"https:\/\/veritasinfo.org\/?p=2626\"]}]},{\"@type\":\"ImageObject\",\"inLanguage\":\"en-US\",\"@id\":\"https:\/\/veritasinfo.org\/?p=2626#primaryimage\",\"url\":\"https:\/\/veritasinfo.org\/wp-content\/uploads\/2025\/07\/ismajli-a.jpg\",\"contentUrl\":\"https:\/\/veritasinfo.org\/wp-content\/uploads\/2025\/07\/ismajli-a.jpg\",\"width\":780,\"height\":439},{\"@type\":\"BreadcrumbList\",\"@id\":\"https:\/\/veritasinfo.org\/?p=2626#breadcrumb\",\"itemListElement\":[{\"@type\":\"ListItem\",\"position\":1,\"name\":\"Home\",\"item\":\"https:\/\/veritasinfo.org\/\"},{\"@type\":\"ListItem\",\"position\":2,\"name\":\"Ismajli te Torino, t\u00eb h\u00ebn\u00ebn firmoset marr\u00ebveshja trevje\u00e7are\"}]},{\"@type\":\"WebSite\",\"@id\":\"https:\/\/veritasinfo.org\/#website\",\"url\":\"https:\/\/veritasinfo.org\/\",\"name\":\"\",\"description\":\"\",\"potentialAction\":[{\"@type\":\"SearchAction\",\"target\":{\"@type\":\"EntryPoint\",\"urlTemplate\":\"https:\/\/veritasinfo.org\/?s={search_term_string}\"},\"query-input\":{\"@type\":\"PropertyValueSpecification\",\"valueRequired\":true,\"valueName\":\"search_term_string\"}}],\"inLanguage\":\"en-US\"},{\"@type\":\"Person\",\"@id\":\"https:\/\/veritasinfo.org\/#\/schema\/person\/c2b8be262ea994d0995addca692c5e98\",\"name\":\"US1\",\"image\":{\"@type\":\"ImageObject\",\"inLanguage\":\"en-US\",\"@id\":\"https:\/\/veritasinfo.org\/#\/schema\/person\/image\/\",\"url\":\"https:\/\/secure.gravatar.com\/avatar\/4e96a59bd256abf9956eb9963ac891a47461ffb364d47b0e9aab113328fdb75b?s=96&d=mm&r=g\",\"contentUrl\":\"https:\/\/secure.gravatar.com\/avatar\/4e96a59bd256abf9956eb9963ac891a47461ffb364d47b0e9aab113328fdb75b?s=96&d=mm&r=g\",\"caption\":\"US1\"},\"url\":\"https:\/\/veritasinfo.org\/?author=2\"}]}<\/script>\n<!-- \/ Yoast SEO plugin. -->","yoast_head_json":{"title":"Ismajli te Torino, t\u00eb h\u00ebn\u00ebn firmoset marr\u00ebveshja trevje\u00e7are -","robots":{"index":"index","follow":"follow","max-snippet":"max-snippet:-1","max-image-preview":"max-image-preview:large","max-video-preview":"max-video-preview:-1"},"canonical":"https:\/\/veritasinfo.org\/?p=2626","og_locale":"en_US","og_type":"article","og_title":"Ismajli te Torino, t\u00eb h\u00ebn\u00ebn firmoset marr\u00ebveshja trevje\u00e7are -","og_description":"Torino, 5 korrik 2025 Mbrojt\u00ebsi shqiptar, Ardian Ismajli, do ta vazhdoj\u00eb karrier\u00ebn te Torino. Ismajli aktualisht \u00ebsht\u00eb i lir\u00eb, pasi i p\u00ebrfundoi kontrata me Empolin.","og_url":"https:\/\/veritasinfo.org\/?p=2626","article_published_time":"2025-07-05T16:26:19+00:00","og_image":[{"width":780,"height":439,"url":"https:\/\/veritasinfo.org\/wp-content\/uploads\/2025\/07\/ismajli-a.jpg","type":"image\/jpeg"}],"author":"US1","twitter_card":"summary_large_image","twitter_misc":{"Written by":"US1","Est. reading time":"1 minute"},"schema":{"@context":"https:\/\/schema.org","@graph":[{"@type":"WebPage","@id":"https:\/\/veritasinfo.org\/?p=2626","url":"https:\/\/veritasinfo.org\/?p=2626","name":"Ismajli te Torino, t\u00eb h\u00ebn\u00ebn firmoset marr\u00ebveshja trevje\u00e7are -","isPartOf":{"@id":"https:\/\/veritasinfo.org\/#website"},"primaryImageOfPage":{"@id":"https:\/\/veritasinfo.org\/?p=2626#primaryimage"},"image":{"@id":"https:\/\/veritasinfo.org\/?p=2626#primaryimage"},"thumbnailUrl":"https:\/\/veritasinfo.org\/wp-content\/uploads\/2025\/07\/ismajli-a.jpg","datePublished":"2025-07-05T16:26:19+00:00","author":{"@id":"https:\/\/veritasinfo.org\/#\/schema\/person\/c2b8be262ea994d0995addca692c5e98"},"breadcrumb":{"@id":"https:\/\/veritasinfo.org\/?p=2626#breadcrumb"},"inLanguage":"en-US","potentialAction":[{"@type":"ReadAction","target":["https:\/\/veritasinfo.org\/?p=2626"]}]},{"@type":"ImageObject","inLanguage":"en-US","@id":"https:\/\/veritasinfo.org\/?p=2626#primaryimage","url":"https:\/\/veritasinfo.org\/wp-content\/uploads\/2025\/07\/ismajli-a.jpg","contentUrl":"https:\/\/veritasinfo.org\/wp-content\/uploads\/2025\/07\/ismajli-a.jpg","width":780,"height":439},{"@type":"BreadcrumbList","@id":"https:\/\/veritasinfo.org\/?p=2626#breadcrumb","itemListElement":[{"@type":"ListItem","position":1,"name":"Home","item":"https:\/\/veritasinfo.org\/"},{"@type":"ListItem","position":2,"name":"Ismajli te Torino, t\u00eb h\u00ebn\u00ebn firmoset marr\u00ebveshja trevje\u00e7are"}]},{"@type":"WebSite","@id":"https:\/\/veritasinfo.org\/#website","url":"https:\/\/veritasinfo.org\/","name":"","description":"","potentialAction":[{"@type":"SearchAction","target":{"@type":"EntryPoint","urlTemplate":"https:\/\/veritasinfo.org\/?s={search_term_string}"},"query-input":{"@type":"PropertyValueSpecification","valueRequired":true,"valueName":"search_term_string"}}],"inLanguage":"en-US"},{"@type":"Person","@id":"https:\/\/veritasinfo.org\/#\/schema\/person\/c2b8be262ea994d0995addca692c5e98","name":"US1","image":{"@type":"ImageObject","inLanguage":"en-US","@id":"https:\/\/veritasinfo.org\/#\/schema\/person\/image\/","url":"https:\/\/secure.gravatar.com\/avatar\/4e96a59bd256abf9956eb9963ac891a47461ffb364d47b0e9aab113328fdb75b?s=96&d=mm&r=g","contentUrl":"https:\/\/secure.gravatar.com\/avatar\/4e96a59bd256abf9956eb9963ac891a47461ffb364d47b0e9aab113328fdb75b?s=96&d=mm&r=g","caption":"US1"},"url":"https:\/\/veritasinfo.org\/?author=2"}]}},"featured_image_urls":{"full":["https:\/\/veritasinfo.org\/wp-content\/uploads\/2025\/07\/ismajli-a.jpg",780,439,false],"thumbnail":["https:\/\/veritasinfo.org\/wp-content\/uploads\/2025\/07\/ismajli-a-150x150.jpg",150,150,true],"medium":["https:\/\/veritasinfo.org\/wp-content\/uploads\/2025\/07\/ismajli-a-300x169.jpg",300,169,true],"medium_large":["https:\/\/veritasinfo.org\/wp-content\/uploads\/2025\/07\/ismajli-a-768x432.jpg",640,360,true],"large":["https:\/\/veritasinfo.org\/wp-content\/uploads\/2025\/07\/ismajli-a.jpg",640,360,false],"1536x1536":["https:\/\/veritasinfo.org\/wp-content\/uploads\/2025\/07\/ismajli-a.jpg",780,439,false],"2048x2048":["https:\/\/veritasinfo.org\/wp-content\/uploads\/2025\/07\/ismajli-a.jpg",780,439,false],"kreeti-slider-full":["https:\/\/veritasinfo.org\/wp-content\/uploads\/2025\/07\/ismajli-a.jpg",780,439,false],"kreeti-featured":["https:\/\/veritasinfo.org\/wp-content\/uploads\/2025\/07\/ismajli-a.jpg",780,439,false],"kreeti-medium":["https:\/\/veritasinfo.org\/wp-content\/uploads\/2025\/07\/ismajli-a.jpg",720,405,false],"kreeti-medium-square":["https:\/\/veritasinfo.org\/wp-content\/uploads\/2025\/07\/ismajli-a.jpg",350,197,false]},"author_info":{"info":["US1"]},"category_info":"<a href=\"https:\/\/veritasinfo.org\/?cat=5\" rel=\"category\">Sport<\/a>","tag_info":"Sport","comment_count":"0","_links":{"self":[{"href":"https:\/\/veritasinfo.org\/index.php?rest_route=\/wp\/v2\/posts\/2626","targetHints":{"allow":["GET"]}}],"collection":[{"href":"https:\/\/veritasinfo.org\/index.php?rest_route=\/wp\/v2\/posts"}],"about":[{"href":"https:\/\/veritasinfo.org\/index.php?rest_route=\/wp\/v2\/types\/post"}],"author":[{"embeddable":true,"href":"https:\/\/veritasinfo.org\/index.php?rest_route=\/wp\/v2\/users\/2"}],"replies":[{"embeddable":true,"href":"https:\/\/veritasinfo.org\/index.php?rest_route=%2Fwp%2Fv2%2Fcomments&post=2626"}],"version-history":[{"count":1,"href":"https:\/\/veritasinfo.org\/index.php?rest_route=\/wp\/v2\/posts\/2626\/revisions"}],"predecessor-version":[{"id":2628,"href":"https:\/\/veritasinfo.org\/index.php?rest_route=\/wp\/v2\/posts\/2626\/revisions\/2628"}],"wp:featuredmedia":[{"embeddable":true,"href":"https:\/\/veritasinfo.org\/index.php?rest_route=\/wp\/v2\/media\/2627"}],"wp:attachment":[{"href":"https:\/\/veritasinfo.org\/index.php?rest_route=%2Fwp%2Fv2%2Fmedia&parent=2626"}],"wp:term":[{"taxonomy":"category","embeddable":true,"href":"https:\/\/veritasinfo.org\/index.php?rest_route=%2Fwp%2Fv2%2Fcategories&post=2626"},{"taxonomy":"post_tag","embeddable":true,"href":"https:\/\/veritasinfo.org\/index.php?rest_route=%2Fwp%2Fv2%2Ftags&post=2626"}],"curies":[{"name":"wp","href":"https:\/\/api.w.org\/{rel}","templated":true}]}}