{"id":2619,"date":"2025-07-05T15:37:12","date_gmt":"2025-07-05T13:37:12","guid":{"rendered":"https:\/\/veritasinfo.org\/?p=2619"},"modified":"2025-07-05T15:37:12","modified_gmt":"2025-07-05T13:37:12","slug":"dita-e-gjashte-e-bllokadave-te-vidovdanit","status":"publish","type":"post","link":"https:\/\/veritasinfo.org\/?p=2619","title":{"rendered":"Dita e gjasht\u00eb e bllokadave t\u00eb Vidovdanit"},"content":{"rendered":"<p><strong>Dita e gjasht\u00eb e bllokadave t\u00eb Vidovdanit: Kaos n\u00eb t\u00eb gjith\u00eb Serbin\u00eb, arrestime, incidente dhe mb\u00ebshtetje nga Evropa<\/strong><\/p>\n<p>Bllokadat e rrug\u00ebve dhe protestat n\u00ebp\u00ebr Serbi vazhdojn\u00eb p\u00ebr t\u00eb gjasht\u00ebn dit\u00eb radhazi. Dje n\u00eb Beograd u organizuan edhe &#8220;bllokada l\u00ebviz\u00ebse&#8221;, nd\u00ebrsa n\u00eb Zemun, Rruga Kryesore u shpall zon\u00eb p\u00ebr k\u00ebmb\u00ebsor\u00eb \u2013 banor\u00ebt praktikisht e &#8220;shk\u00ebput\u00ebn&#8221; at\u00eb pjes\u00eb t\u00eb qytetit. Situata e ngjashme edhe n\u00eb qytete t\u00eb tjera si Novi Sad, Zaje\u00e7ar, Vranj\u00eb e Kru\u0161evac \u2013 me kontejner\u00eb n\u00eb rrug\u00eb, barrikada dhe polici n\u00eb \u00e7do cep.<\/p>\n<p>M\u00eb shum\u00eb se 1.100 persona jan\u00eb identifikuar nga policia, nd\u00ebrsa 107 jan\u00eb arrestuar. N\u00eb Zrenjanin jan\u00eb l\u00ebnduar leht\u00eb dy qytetar\u00eb, kur nj\u00eb makin\u00eb ka tentuar t\u00eb kaloj\u00eb p\u00ebrmes bllokad\u00ebs. Incidentet jan\u00eb raportuar edhe n\u00eb Beograd dhe Vranj\u00eb.<\/p>\n<p>Vu\u00e7iq deklaroi se bllokadat po i organizojn\u00eb ata &#8220;q\u00eb nuk e duan Serbin\u00eb&#8221; dhe se populli \u00ebsht\u00eb &#8220;n\u00eb kufi t\u00eb durimit&#8221;. Policia, sipas tij, \u00ebsht\u00eb e lodhur, por do ta &#8220;kryej\u00eb pun\u00ebn&#8221;.<\/p>\n<p>N\u00eb an\u00ebn tjet\u00ebr, protestat po marrin mb\u00ebshtetje nd\u00ebrkomb\u00ebtare. Deputetja belge e Parlamentit Evropian, Kathleen Van Brempt, shkroi n\u00eb Twitter: \u201cNj\u00eb lider i v\u00ebrtet\u00eb nuk e hesht popullin e tij, por i garanton zgjedhje t\u00eb lira dhe demokratike.\u201d<\/p>\n<p>Grupet qytetare vazhdojn\u00eb me bllokada, p\u00ebrfshir\u00eb edhe protestat kund\u00ebr lokacioneve t\u00eb EXPO-s. Punonj\u00ebsit sh\u00ebndet\u00ebsor\u00eb kan\u00eb paralajm\u00ebruar protest\u00eb m\u00eb 6 korrik n\u00eb mb\u00ebshtetje t\u00eb anesteziologut t\u00eb arrestuar, Vladimir Stefanovi\u0107, p\u00ebr t\u00eb cilin thon\u00eb se u ndalua brutalisht nd\u00ebrkoh\u00eb q\u00eb po p\u00ebrpiqej t\u2019i jepte ndihm\u00eb t\u00eb l\u00ebnduarit.<\/p>\n<p>&nbsp;<\/p>\n","protected":false},"excerpt":{"rendered":"<p>Dita e gjasht\u00eb e bllokadave t\u00eb Vidovdanit: Kaos n\u00eb t\u00eb gjith\u00eb Serbin\u00eb, arrestime, incidente dhe mb\u00ebshtetje nga Evropa Bllokadat e rrug\u00ebve dhe protestat n\u00ebp\u00ebr Serbi<\/p>\n","protected":false},"author":1,"featured_media":2616,"comment_status":"open","ping_status":"open","sticky":false,"template":"","format":"standard","meta":{"footnotes":""},"categories":[58],"tags":[],"class_list":["post-2619","post","type-post","status-publish","format-standard","has-post-thumbnail","hentry","category-politike-sq"],"yoast_head":"<!-- This site is optimized with the Yoast SEO plugin v25.3.1 - https:\/\/yoast.com\/wordpress\/plugins\/seo\/ -->\n<title>Dita e gjasht\u00eb e bllokadave t\u00eb Vidovdanit -<\/title>\n<meta name=\"robots\" content=\"index, follow, max-snippet:-1, max-image-preview:large, max-video-preview:-1\" \/>\n<link rel=\"canonical\" href=\"https:\/\/veritasinfo.org\/?p=2619\" \/>\n<meta property=\"og:locale\" content=\"en_US\" \/>\n<meta property=\"og:type\" content=\"article\" \/>\n<meta property=\"og:title\" content=\"Dita e gjasht\u00eb e bllokadave t\u00eb Vidovdanit -\" \/>\n<meta property=\"og:description\" content=\"Dita e gjasht\u00eb e bllokadave t\u00eb Vidovdanit: Kaos n\u00eb t\u00eb gjith\u00eb Serbin\u00eb, arrestime, incidente dhe mb\u00ebshtetje nga Evropa Bllokadat e rrug\u00ebve dhe protestat n\u00ebp\u00ebr Serbi\" \/>\n<meta property=\"og:url\" content=\"https:\/\/veritasinfo.org\/?p=2619\" \/>\n<meta property=\"article:published_time\" content=\"2025-07-05T13:37:12+00:00\" \/>\n<meta property=\"og:image\" content=\"https:\/\/veritasinfo.org\/wp-content\/uploads\/2025\/07\/studenti-blokade-11-620x350-1.jpeg\" \/>\n\t<meta property=\"og:image:width\" content=\"620\" \/>\n\t<meta property=\"og:image:height\" content=\"350\" \/>\n\t<meta property=\"og:image:type\" content=\"image\/jpeg\" \/>\n<meta name=\"author\" content=\"admin\" \/>\n<meta name=\"twitter:card\" content=\"summary_large_image\" \/>\n<meta name=\"twitter:label1\" content=\"Written by\" \/>\n\t<meta name=\"twitter:data1\" content=\"admin\" \/>\n\t<meta name=\"twitter:label2\" content=\"Est. reading time\" \/>\n\t<meta name=\"twitter:data2\" content=\"2 minutes\" \/>\n<script type=\"application\/ld+json\" class=\"yoast-schema-graph\">{\"@context\":\"https:\/\/schema.org\",\"@graph\":[{\"@type\":\"WebPage\",\"@id\":\"https:\/\/veritasinfo.org\/?p=2619\",\"url\":\"https:\/\/veritasinfo.org\/?p=2619\",\"name\":\"Dita e gjasht\u00eb e bllokadave t\u00eb Vidovdanit -\",\"isPartOf\":{\"@id\":\"https:\/\/veritasinfo.org\/#website\"},\"primaryImageOfPage\":{\"@id\":\"https:\/\/veritasinfo.org\/?p=2619#primaryimage\"},\"image\":{\"@id\":\"https:\/\/veritasinfo.org\/?p=2619#primaryimage\"},\"thumbnailUrl\":\"https:\/\/veritasinfo.org\/wp-content\/uploads\/2025\/07\/studenti-blokade-11-620x350-1.jpeg\",\"datePublished\":\"2025-07-05T13:37:12+00:00\",\"author\":{\"@id\":\"https:\/\/veritasinfo.org\/#\/schema\/person\/7701f8c088bece422266b100a712374f\"},\"breadcrumb\":{\"@id\":\"https:\/\/veritasinfo.org\/?p=2619#breadcrumb\"},\"inLanguage\":\"en-US\",\"potentialAction\":[{\"@type\":\"ReadAction\",\"target\":[\"https:\/\/veritasinfo.org\/?p=2619\"]}]},{\"@type\":\"ImageObject\",\"inLanguage\":\"en-US\",\"@id\":\"https:\/\/veritasinfo.org\/?p=2619#primaryimage\",\"url\":\"https:\/\/veritasinfo.org\/wp-content\/uploads\/2025\/07\/studenti-blokade-11-620x350-1.jpeg\",\"contentUrl\":\"https:\/\/veritasinfo.org\/wp-content\/uploads\/2025\/07\/studenti-blokade-11-620x350-1.jpeg\",\"width\":620,\"height\":350},{\"@type\":\"BreadcrumbList\",\"@id\":\"https:\/\/veritasinfo.org\/?p=2619#breadcrumb\",\"itemListElement\":[{\"@type\":\"ListItem\",\"position\":1,\"name\":\"Home\",\"item\":\"https:\/\/veritasinfo.org\/\"},{\"@type\":\"ListItem\",\"position\":2,\"name\":\"Dita e gjasht\u00eb e bllokadave t\u00eb Vidovdanit\"}]},{\"@type\":\"WebSite\",\"@id\":\"https:\/\/veritasinfo.org\/#website\",\"url\":\"https:\/\/veritasinfo.org\/\",\"name\":\"\",\"description\":\"\",\"potentialAction\":[{\"@type\":\"SearchAction\",\"target\":{\"@type\":\"EntryPoint\",\"urlTemplate\":\"https:\/\/veritasinfo.org\/?s={search_term_string}\"},\"query-input\":{\"@type\":\"PropertyValueSpecification\",\"valueRequired\":true,\"valueName\":\"search_term_string\"}}],\"inLanguage\":\"en-US\"},{\"@type\":\"Person\",\"@id\":\"https:\/\/veritasinfo.org\/#\/schema\/person\/7701f8c088bece422266b100a712374f\",\"name\":\"admin\",\"image\":{\"@type\":\"ImageObject\",\"inLanguage\":\"en-US\",\"@id\":\"https:\/\/veritasinfo.org\/#\/schema\/person\/image\/\",\"url\":\"https:\/\/secure.gravatar.com\/avatar\/ea53aa3bf6c9a12d5fde8ce4deff43fef3885ae33cf60184161a50d6987cfd2f?s=96&d=mm&r=g\",\"contentUrl\":\"https:\/\/secure.gravatar.com\/avatar\/ea53aa3bf6c9a12d5fde8ce4deff43fef3885ae33cf60184161a50d6987cfd2f?s=96&d=mm&r=g\",\"caption\":\"admin\"},\"sameAs\":[\"https:\/\/veritasinfo.org\"],\"url\":\"https:\/\/veritasinfo.org\/?author=1\"}]}<\/script>\n<!-- \/ Yoast SEO plugin. -->","yoast_head_json":{"title":"Dita e gjasht\u00eb e bllokadave t\u00eb Vidovdanit -","robots":{"index":"index","follow":"follow","max-snippet":"max-snippet:-1","max-image-preview":"max-image-preview:large","max-video-preview":"max-video-preview:-1"},"canonical":"https:\/\/veritasinfo.org\/?p=2619","og_locale":"en_US","og_type":"article","og_title":"Dita e gjasht\u00eb e bllokadave t\u00eb Vidovdanit -","og_description":"Dita e gjasht\u00eb e bllokadave t\u00eb Vidovdanit: Kaos n\u00eb t\u00eb gjith\u00eb Serbin\u00eb, arrestime, incidente dhe mb\u00ebshtetje nga Evropa Bllokadat e rrug\u00ebve dhe protestat n\u00ebp\u00ebr Serbi","og_url":"https:\/\/veritasinfo.org\/?p=2619","article_published_time":"2025-07-05T13:37:12+00:00","og_image":[{"width":620,"height":350,"url":"https:\/\/veritasinfo.org\/wp-content\/uploads\/2025\/07\/studenti-blokade-11-620x350-1.jpeg","type":"image\/jpeg"}],"author":"admin","twitter_card":"summary_large_image","twitter_misc":{"Written by":"admin","Est. reading time":"2 minutes"},"schema":{"@context":"https:\/\/schema.org","@graph":[{"@type":"WebPage","@id":"https:\/\/veritasinfo.org\/?p=2619","url":"https:\/\/veritasinfo.org\/?p=2619","name":"Dita e gjasht\u00eb e bllokadave t\u00eb Vidovdanit -","isPartOf":{"@id":"https:\/\/veritasinfo.org\/#website"},"primaryImageOfPage":{"@id":"https:\/\/veritasinfo.org\/?p=2619#primaryimage"},"image":{"@id":"https:\/\/veritasinfo.org\/?p=2619#primaryimage"},"thumbnailUrl":"https:\/\/veritasinfo.org\/wp-content\/uploads\/2025\/07\/studenti-blokade-11-620x350-1.jpeg","datePublished":"2025-07-05T13:37:12+00:00","author":{"@id":"https:\/\/veritasinfo.org\/#\/schema\/person\/7701f8c088bece422266b100a712374f"},"breadcrumb":{"@id":"https:\/\/veritasinfo.org\/?p=2619#breadcrumb"},"inLanguage":"en-US","potentialAction":[{"@type":"ReadAction","target":["https:\/\/veritasinfo.org\/?p=2619"]}]},{"@type":"ImageObject","inLanguage":"en-US","@id":"https:\/\/veritasinfo.org\/?p=2619#primaryimage","url":"https:\/\/veritasinfo.org\/wp-content\/uploads\/2025\/07\/studenti-blokade-11-620x350-1.jpeg","contentUrl":"https:\/\/veritasinfo.org\/wp-content\/uploads\/2025\/07\/studenti-blokade-11-620x350-1.jpeg","width":620,"height":350},{"@type":"BreadcrumbList","@id":"https:\/\/veritasinfo.org\/?p=2619#breadcrumb","itemListElement":[{"@type":"ListItem","position":1,"name":"Home","item":"https:\/\/veritasinfo.org\/"},{"@type":"ListItem","position":2,"name":"Dita e gjasht\u00eb e bllokadave t\u00eb Vidovdanit"}]},{"@type":"WebSite","@id":"https:\/\/veritasinfo.org\/#website","url":"https:\/\/veritasinfo.org\/","name":"","description":"","potentialAction":[{"@type":"SearchAction","target":{"@type":"EntryPoint","urlTemplate":"https:\/\/veritasinfo.org\/?s={search_term_string}"},"query-input":{"@type":"PropertyValueSpecification","valueRequired":true,"valueName":"search_term_string"}}],"inLanguage":"en-US"},{"@type":"Person","@id":"https:\/\/veritasinfo.org\/#\/schema\/person\/7701f8c088bece422266b100a712374f","name":"admin","image":{"@type":"ImageObject","inLanguage":"en-US","@id":"https:\/\/veritasinfo.org\/#\/schema\/person\/image\/","url":"https:\/\/secure.gravatar.com\/avatar\/ea53aa3bf6c9a12d5fde8ce4deff43fef3885ae33cf60184161a50d6987cfd2f?s=96&d=mm&r=g","contentUrl":"https:\/\/secure.gravatar.com\/avatar\/ea53aa3bf6c9a12d5fde8ce4deff43fef3885ae33cf60184161a50d6987cfd2f?s=96&d=mm&r=g","caption":"admin"},"sameAs":["https:\/\/veritasinfo.org"],"url":"https:\/\/veritasinfo.org\/?author=1"}]}},"featured_image_urls":{"full":["https:\/\/veritasinfo.org\/wp-content\/uploads\/2025\/07\/studenti-blokade-11-620x350-1.jpeg",620,350,false],"thumbnail":["https:\/\/veritasinfo.org\/wp-content\/uploads\/2025\/07\/studenti-blokade-11-620x350-1-150x150.jpeg",150,150,true],"medium":["https:\/\/veritasinfo.org\/wp-content\/uploads\/2025\/07\/studenti-blokade-11-620x350-1-300x169.jpeg",300,169,true],"medium_large":["https:\/\/veritasinfo.org\/wp-content\/uploads\/2025\/07\/studenti-blokade-11-620x350-1.jpeg",620,350,false],"large":["https:\/\/veritasinfo.org\/wp-content\/uploads\/2025\/07\/studenti-blokade-11-620x350-1.jpeg",620,350,false],"1536x1536":["https:\/\/veritasinfo.org\/wp-content\/uploads\/2025\/07\/studenti-blokade-11-620x350-1.jpeg",620,350,false],"2048x2048":["https:\/\/veritasinfo.org\/wp-content\/uploads\/2025\/07\/studenti-blokade-11-620x350-1.jpeg",620,350,false],"kreeti-slider-full":["https:\/\/veritasinfo.org\/wp-content\/uploads\/2025\/07\/studenti-blokade-11-620x350-1.jpeg",620,350,false],"kreeti-featured":["https:\/\/veritasinfo.org\/wp-content\/uploads\/2025\/07\/studenti-blokade-11-620x350-1.jpeg",620,350,false],"kreeti-medium":["https:\/\/veritasinfo.org\/wp-content\/uploads\/2025\/07\/studenti-blokade-11-620x350-1.jpeg",620,350,false],"kreeti-medium-square":["https:\/\/veritasinfo.org\/wp-content\/uploads\/2025\/07\/studenti-blokade-11-620x350-1.jpeg",350,198,false]},"author_info":{"info":["admin"]},"category_info":"<a href=\"https:\/\/veritasinfo.org\/?cat=58\" rel=\"category\">Politik\u00eb<\/a>","tag_info":"Politik\u00eb","comment_count":"0","_links":{"self":[{"href":"https:\/\/veritasinfo.org\/index.php?rest_route=\/wp\/v2\/posts\/2619","targetHints":{"allow":["GET"]}}],"collection":[{"href":"https:\/\/veritasinfo.org\/index.php?rest_route=\/wp\/v2\/posts"}],"about":[{"href":"https:\/\/veritasinfo.org\/index.php?rest_route=\/wp\/v2\/types\/post"}],"author":[{"embeddable":true,"href":"https:\/\/veritasinfo.org\/index.php?rest_route=\/wp\/v2\/users\/1"}],"replies":[{"embeddable":true,"href":"https:\/\/veritasinfo.org\/index.php?rest_route=%2Fwp%2Fv2%2Fcomments&post=2619"}],"version-history":[{"count":1,"href":"https:\/\/veritasinfo.org\/index.php?rest_route=\/wp\/v2\/posts\/2619\/revisions"}],"predecessor-version":[{"id":2620,"href":"https:\/\/veritasinfo.org\/index.php?rest_route=\/wp\/v2\/posts\/2619\/revisions\/2620"}],"wp:featuredmedia":[{"embeddable":true,"href":"https:\/\/veritasinfo.org\/index.php?rest_route=\/wp\/v2\/media\/2616"}],"wp:attachment":[{"href":"https:\/\/veritasinfo.org\/index.php?rest_route=%2Fwp%2Fv2%2Fmedia&parent=2619"}],"wp:term":[{"taxonomy":"category","embeddable":true,"href":"https:\/\/veritasinfo.org\/index.php?rest_route=%2Fwp%2Fv2%2Fcategories&post=2619"},{"taxonomy":"post_tag","embeddable":true,"href":"https:\/\/veritasinfo.org\/index.php?rest_route=%2Fwp%2Fv2%2Ftags&post=2619"}],"curies":[{"name":"wp","href":"https:\/\/api.w.org\/{rel}","templated":true}]}}