{"id":26177,"date":"2025-12-31T08:17:03","date_gmt":"2025-12-31T07:17:03","guid":{"rendered":"https:\/\/veritasinfo.org\/?p=26177"},"modified":"2025-12-31T08:18:54","modified_gmt":"2025-12-31T07:18:54","slug":"ljeotrim-ajeti-imenovan-po-drugi-put-za-zamenika-predsednika-opstine-gracanica","status":"publish","type":"post","link":"https:\/\/veritasinfo.org\/?p=26177&lang=sr","title":{"rendered":"Ljeutrim Ajeti imenovan po drugi put za zamenika predsednika Op\u0161tine Gra\u010danica"},"content":{"rendered":"<p data-start=\"61\" data-end=\"176\">Gra\u010danica, 31. decembar 2025.<\/p>\n<p data-start=\"178\" data-end=\"274\">Ljeutrim Ajeti je imenovan po drugi put za zamenika predsednika Op\u0161tine Gra\u010danica za zajednice.<\/p>\n<p data-start=\"276\" data-end=\"538\">Skup\u0161tina op\u0161tine Gra\u010danica je glasala za imenovanje Ljeutrima Ajetija za zamenika predsednika Op\u0161tine za zajednice, po drugi put uzastopno. Ova odluka doneta je nakon oktobarskih izbora, na kojima su gra\u0111ani masovno podr\u017eali njegovu kandidaturu za predsednika.<\/p>\n<p data-start=\"540\" data-end=\"832\">U izjavi nakon imenovanja, Ajeti je zahvalio gra\u0111anima na ukazanom poverenju:<br data-start=\"617\" data-end=\"620\" \/>\u201ePosebna zahvalnost svim bira\u010dima koji su mi ukazali poverenje na oktobarskim izborima ove godine. Obe\u0107avam da \u0107u raditi za dobro svih gra\u0111ana, bez razlike, realizuju\u0107i projekte koji pobolj\u0161avaju njihov \u017eivot.\u201c<\/p>\n<p data-start=\"834\" data-end=\"1109\">Kao zamenik predsednika, Ajeti se obavezao na blisku saradnju sa lokalnim i centralnim institucijama:<br data-start=\"935\" data-end=\"938\" \/>\u201eBi\u0107u u bliskoj saradnji sa zakonodavnom i izvr\u0161nom vlasti op\u0161tine, kao i sa centralnim nivoom, kako bismo realizovali projekte koji imaju direktan uticaj na zajednicu.\u201c<\/p>\n<p data-start=\"1111\" data-end=\"1244\">Ovim imenovanjem, Ljeutrim Ajeti nastavlja svoj put u slu\u017ebi gra\u0111ana Gra\u010danice, sa ciljem da oja\u010da su\u017eivot i odr\u017eivi razvoj op\u0161tine.<\/p>\n","protected":false},"excerpt":{"rendered":"<p>Gra\u010danica, 31. decembar 2025. Ljeutrim Ajeti je imenovan po drugi put za zamenika predsednika Op\u0161tine Gra\u010danica za zajednice. Skup\u0161tina op\u0161tine Gra\u010danica je glasala za imenovanje<\/p>\n","protected":false},"author":7,"featured_media":26175,"comment_status":"open","ping_status":"open","sticky":false,"template":"","format":"standard","meta":{"footnotes":""},"categories":[32],"tags":[],"class_list":["post-26177","post","type-post","status-publish","format-standard","has-post-thumbnail","hentry","category-opstine"],"yoast_head":"<!-- This site is optimized with the Yoast SEO plugin v25.3.1 - https:\/\/yoast.com\/wordpress\/plugins\/seo\/ -->\n<title>Ljeutrim Ajeti imenovan po drugi put za zamenika predsednika Op\u0161tine Gra\u010danica -<\/title>\n<meta name=\"robots\" content=\"index, follow, max-snippet:-1, max-image-preview:large, max-video-preview:-1\" \/>\n<link rel=\"canonical\" href=\"https:\/\/veritasinfo.org\/?p=26177&lang=sr\" \/>\n<meta property=\"og:locale\" content=\"en_US\" \/>\n<meta property=\"og:type\" content=\"article\" \/>\n<meta property=\"og:title\" content=\"Ljeutrim Ajeti imenovan po drugi put za zamenika predsednika Op\u0161tine Gra\u010danica -\" \/>\n<meta property=\"og:description\" content=\"Gra\u010danica, 31. decembar 2025. Ljeutrim Ajeti je imenovan po drugi put za zamenika predsednika Op\u0161tine Gra\u010danica za zajednice. Skup\u0161tina op\u0161tine Gra\u010danica je glasala za imenovanje\" \/>\n<meta property=\"og:url\" content=\"https:\/\/veritasinfo.org\/?p=26177&amp;lang=sr\" \/>\n<meta property=\"article:published_time\" content=\"2025-12-31T07:17:03+00:00\" \/>\n<meta property=\"article:modified_time\" content=\"2025-12-31T07:18:54+00:00\" \/>\n<meta property=\"og:image\" content=\"https:\/\/veritasinfo.org\/wp-content\/uploads\/2025\/12\/605717081_10234795816692805_7906047685593747377_n.jpg\" \/>\n\t<meta property=\"og:image:width\" content=\"2048\" \/>\n\t<meta property=\"og:image:height\" content=\"1536\" \/>\n\t<meta property=\"og:image:type\" content=\"image\/jpeg\" \/>\n<meta name=\"author\" content=\"US6\" \/>\n<meta name=\"twitter:card\" content=\"summary_large_image\" \/>\n<meta name=\"twitter:label1\" content=\"Written by\" \/>\n\t<meta name=\"twitter:data1\" content=\"US6\" \/>\n\t<meta name=\"twitter:label2\" content=\"Est. reading time\" \/>\n\t<meta name=\"twitter:data2\" content=\"1 minute\" \/>\n<script type=\"application\/ld+json\" class=\"yoast-schema-graph\">{\"@context\":\"https:\/\/schema.org\",\"@graph\":[{\"@type\":\"WebPage\",\"@id\":\"https:\/\/veritasinfo.org\/?p=26177&lang=sr\",\"url\":\"https:\/\/veritasinfo.org\/?p=26177&lang=sr\",\"name\":\"Ljeutrim Ajeti imenovan po drugi put za zamenika predsednika Op\u0161tine Gra\u010danica -\",\"isPartOf\":{\"@id\":\"https:\/\/veritasinfo.org\/#website\"},\"primaryImageOfPage\":{\"@id\":\"https:\/\/veritasinfo.org\/?p=26177&lang=sr#primaryimage\"},\"image\":{\"@id\":\"https:\/\/veritasinfo.org\/?p=26177&lang=sr#primaryimage\"},\"thumbnailUrl\":\"https:\/\/veritasinfo.org\/wp-content\/uploads\/2025\/12\/605717081_10234795816692805_7906047685593747377_n.jpg\",\"datePublished\":\"2025-12-31T07:17:03+00:00\",\"dateModified\":\"2025-12-31T07:18:54+00:00\",\"author\":{\"@id\":\"https:\/\/veritasinfo.org\/#\/schema\/person\/fe199eede04c3937362892b7444747cc\"},\"breadcrumb\":{\"@id\":\"https:\/\/veritasinfo.org\/?p=26177&lang=sr#breadcrumb\"},\"inLanguage\":\"en-US\",\"potentialAction\":[{\"@type\":\"ReadAction\",\"target\":[\"https:\/\/veritasinfo.org\/?p=26177&lang=sr\"]}]},{\"@type\":\"ImageObject\",\"inLanguage\":\"en-US\",\"@id\":\"https:\/\/veritasinfo.org\/?p=26177&lang=sr#primaryimage\",\"url\":\"https:\/\/veritasinfo.org\/wp-content\/uploads\/2025\/12\/605717081_10234795816692805_7906047685593747377_n.jpg\",\"contentUrl\":\"https:\/\/veritasinfo.org\/wp-content\/uploads\/2025\/12\/605717081_10234795816692805_7906047685593747377_n.jpg\",\"width\":2048,\"height\":1536},{\"@type\":\"BreadcrumbList\",\"@id\":\"https:\/\/veritasinfo.org\/?p=26177&lang=sr#breadcrumb\",\"itemListElement\":[{\"@type\":\"ListItem\",\"position\":1,\"name\":\"Home\",\"item\":\"https:\/\/veritasinfo.org\/\"},{\"@type\":\"ListItem\",\"position\":2,\"name\":\"Ljeutrim Ajeti imenovan po drugi put za zamenika predsednika Op\u0161tine Gra\u010danica\"}]},{\"@type\":\"WebSite\",\"@id\":\"https:\/\/veritasinfo.org\/#website\",\"url\":\"https:\/\/veritasinfo.org\/\",\"name\":\"\",\"description\":\"\",\"potentialAction\":[{\"@type\":\"SearchAction\",\"target\":{\"@type\":\"EntryPoint\",\"urlTemplate\":\"https:\/\/veritasinfo.org\/?s={search_term_string}\"},\"query-input\":{\"@type\":\"PropertyValueSpecification\",\"valueRequired\":true,\"valueName\":\"search_term_string\"}}],\"inLanguage\":\"en-US\"},{\"@type\":\"Person\",\"@id\":\"https:\/\/veritasinfo.org\/#\/schema\/person\/fe199eede04c3937362892b7444747cc\",\"name\":\"US6\",\"image\":{\"@type\":\"ImageObject\",\"inLanguage\":\"en-US\",\"@id\":\"https:\/\/veritasinfo.org\/#\/schema\/person\/image\/\",\"url\":\"https:\/\/secure.gravatar.com\/avatar\/cb16c3c31c9d23b9b8c705964598220b3014e42ff51eb540ff23cefa3ae8c15f?s=96&d=mm&r=g\",\"contentUrl\":\"https:\/\/secure.gravatar.com\/avatar\/cb16c3c31c9d23b9b8c705964598220b3014e42ff51eb540ff23cefa3ae8c15f?s=96&d=mm&r=g\",\"caption\":\"US6\"},\"url\":\"https:\/\/veritasinfo.org\/?author=7\"}]}<\/script>\n<!-- \/ Yoast SEO plugin. -->","yoast_head_json":{"title":"Ljeutrim Ajeti imenovan po drugi put za zamenika predsednika Op\u0161tine Gra\u010danica -","robots":{"index":"index","follow":"follow","max-snippet":"max-snippet:-1","max-image-preview":"max-image-preview:large","max-video-preview":"max-video-preview:-1"},"canonical":"https:\/\/veritasinfo.org\/?p=26177&lang=sr","og_locale":"en_US","og_type":"article","og_title":"Ljeutrim Ajeti imenovan po drugi put za zamenika predsednika Op\u0161tine Gra\u010danica -","og_description":"Gra\u010danica, 31. decembar 2025. Ljeutrim Ajeti je imenovan po drugi put za zamenika predsednika Op\u0161tine Gra\u010danica za zajednice. Skup\u0161tina op\u0161tine Gra\u010danica je glasala za imenovanje","og_url":"https:\/\/veritasinfo.org\/?p=26177&lang=sr","article_published_time":"2025-12-31T07:17:03+00:00","article_modified_time":"2025-12-31T07:18:54+00:00","og_image":[{"width":2048,"height":1536,"url":"https:\/\/veritasinfo.org\/wp-content\/uploads\/2025\/12\/605717081_10234795816692805_7906047685593747377_n.jpg","type":"image\/jpeg"}],"author":"US6","twitter_card":"summary_large_image","twitter_misc":{"Written by":"US6","Est. reading time":"1 minute"},"schema":{"@context":"https:\/\/schema.org","@graph":[{"@type":"WebPage","@id":"https:\/\/veritasinfo.org\/?p=26177&lang=sr","url":"https:\/\/veritasinfo.org\/?p=26177&lang=sr","name":"Ljeutrim Ajeti imenovan po drugi put za zamenika predsednika Op\u0161tine Gra\u010danica -","isPartOf":{"@id":"https:\/\/veritasinfo.org\/#website"},"primaryImageOfPage":{"@id":"https:\/\/veritasinfo.org\/?p=26177&lang=sr#primaryimage"},"image":{"@id":"https:\/\/veritasinfo.org\/?p=26177&lang=sr#primaryimage"},"thumbnailUrl":"https:\/\/veritasinfo.org\/wp-content\/uploads\/2025\/12\/605717081_10234795816692805_7906047685593747377_n.jpg","datePublished":"2025-12-31T07:17:03+00:00","dateModified":"2025-12-31T07:18:54+00:00","author":{"@id":"https:\/\/veritasinfo.org\/#\/schema\/person\/fe199eede04c3937362892b7444747cc"},"breadcrumb":{"@id":"https:\/\/veritasinfo.org\/?p=26177&lang=sr#breadcrumb"},"inLanguage":"en-US","potentialAction":[{"@type":"ReadAction","target":["https:\/\/veritasinfo.org\/?p=26177&lang=sr"]}]},{"@type":"ImageObject","inLanguage":"en-US","@id":"https:\/\/veritasinfo.org\/?p=26177&lang=sr#primaryimage","url":"https:\/\/veritasinfo.org\/wp-content\/uploads\/2025\/12\/605717081_10234795816692805_7906047685593747377_n.jpg","contentUrl":"https:\/\/veritasinfo.org\/wp-content\/uploads\/2025\/12\/605717081_10234795816692805_7906047685593747377_n.jpg","width":2048,"height":1536},{"@type":"BreadcrumbList","@id":"https:\/\/veritasinfo.org\/?p=26177&lang=sr#breadcrumb","itemListElement":[{"@type":"ListItem","position":1,"name":"Home","item":"https:\/\/veritasinfo.org\/"},{"@type":"ListItem","position":2,"name":"Ljeutrim Ajeti imenovan po drugi put za zamenika predsednika Op\u0161tine Gra\u010danica"}]},{"@type":"WebSite","@id":"https:\/\/veritasinfo.org\/#website","url":"https:\/\/veritasinfo.org\/","name":"","description":"","potentialAction":[{"@type":"SearchAction","target":{"@type":"EntryPoint","urlTemplate":"https:\/\/veritasinfo.org\/?s={search_term_string}"},"query-input":{"@type":"PropertyValueSpecification","valueRequired":true,"valueName":"search_term_string"}}],"inLanguage":"en-US"},{"@type":"Person","@id":"https:\/\/veritasinfo.org\/#\/schema\/person\/fe199eede04c3937362892b7444747cc","name":"US6","image":{"@type":"ImageObject","inLanguage":"en-US","@id":"https:\/\/veritasinfo.org\/#\/schema\/person\/image\/","url":"https:\/\/secure.gravatar.com\/avatar\/cb16c3c31c9d23b9b8c705964598220b3014e42ff51eb540ff23cefa3ae8c15f?s=96&d=mm&r=g","contentUrl":"https:\/\/secure.gravatar.com\/avatar\/cb16c3c31c9d23b9b8c705964598220b3014e42ff51eb540ff23cefa3ae8c15f?s=96&d=mm&r=g","caption":"US6"},"url":"https:\/\/veritasinfo.org\/?author=7"}]}},"featured_image_urls":{"full":["https:\/\/veritasinfo.org\/wp-content\/uploads\/2025\/12\/605717081_10234795816692805_7906047685593747377_n.jpg",2048,1536,false],"thumbnail":["https:\/\/veritasinfo.org\/wp-content\/uploads\/2025\/12\/605717081_10234795816692805_7906047685593747377_n-150x150.jpg",150,150,true],"medium":["https:\/\/veritasinfo.org\/wp-content\/uploads\/2025\/12\/605717081_10234795816692805_7906047685593747377_n-300x225.jpg",300,225,true],"medium_large":["https:\/\/veritasinfo.org\/wp-content\/uploads\/2025\/12\/605717081_10234795816692805_7906047685593747377_n-768x576.jpg",640,480,true],"large":["https:\/\/veritasinfo.org\/wp-content\/uploads\/2025\/12\/605717081_10234795816692805_7906047685593747377_n-1024x768.jpg",640,480,true],"1536x1536":["https:\/\/veritasinfo.org\/wp-content\/uploads\/2025\/12\/605717081_10234795816692805_7906047685593747377_n-1536x1152.jpg",1536,1152,true],"2048x2048":["https:\/\/veritasinfo.org\/wp-content\/uploads\/2025\/12\/605717081_10234795816692805_7906047685593747377_n.jpg",2048,1536,false],"kreeti-slider-full":["https:\/\/veritasinfo.org\/wp-content\/uploads\/2025\/12\/605717081_10234795816692805_7906047685593747377_n.jpg",960,720,false],"kreeti-featured":["https:\/\/veritasinfo.org\/wp-content\/uploads\/2025\/12\/605717081_10234795816692805_7906047685593747377_n.jpg",1024,768,false],"kreeti-medium":["https:\/\/veritasinfo.org\/wp-content\/uploads\/2025\/12\/605717081_10234795816692805_7906047685593747377_n.jpg",707,530,false],"kreeti-medium-square":["https:\/\/veritasinfo.org\/wp-content\/uploads\/2025\/12\/605717081_10234795816692805_7906047685593747377_n.jpg",350,263,false]},"author_info":{"info":["US6"]},"category_info":"<a href=\"https:\/\/veritasinfo.org\/?cat=32&#038;lang=sr\" rel=\"category\">Op\u0161tine<\/a>","tag_info":"Op\u0161tine","comment_count":"0","_links":{"self":[{"href":"https:\/\/veritasinfo.org\/index.php?rest_route=\/wp\/v2\/posts\/26177","targetHints":{"allow":["GET"]}}],"collection":[{"href":"https:\/\/veritasinfo.org\/index.php?rest_route=\/wp\/v2\/posts"}],"about":[{"href":"https:\/\/veritasinfo.org\/index.php?rest_route=\/wp\/v2\/types\/post"}],"author":[{"embeddable":true,"href":"https:\/\/veritasinfo.org\/index.php?rest_route=\/wp\/v2\/users\/7"}],"replies":[{"embeddable":true,"href":"https:\/\/veritasinfo.org\/index.php?rest_route=%2Fwp%2Fv2%2Fcomments&post=26177"}],"version-history":[{"count":3,"href":"https:\/\/veritasinfo.org\/index.php?rest_route=\/wp\/v2\/posts\/26177\/revisions"}],"predecessor-version":[{"id":26181,"href":"https:\/\/veritasinfo.org\/index.php?rest_route=\/wp\/v2\/posts\/26177\/revisions\/26181"}],"wp:featuredmedia":[{"embeddable":true,"href":"https:\/\/veritasinfo.org\/index.php?rest_route=\/wp\/v2\/media\/26175"}],"wp:attachment":[{"href":"https:\/\/veritasinfo.org\/index.php?rest_route=%2Fwp%2Fv2%2Fmedia&parent=26177"}],"wp:term":[{"taxonomy":"category","embeddable":true,"href":"https:\/\/veritasinfo.org\/index.php?rest_route=%2Fwp%2Fv2%2Fcategories&post=26177"},{"taxonomy":"post_tag","embeddable":true,"href":"https:\/\/veritasinfo.org\/index.php?rest_route=%2Fwp%2Fv2%2Ftags&post=26177"}],"curies":[{"name":"wp","href":"https:\/\/api.w.org\/{rel}","templated":true}]}}