{"id":26174,"date":"2025-12-31T08:14:43","date_gmt":"2025-12-31T07:14:43","guid":{"rendered":"https:\/\/veritasinfo.org\/?p=26174"},"modified":"2025-12-31T08:18:13","modified_gmt":"2025-12-31T07:18:13","slug":"leotrim-ajeti-emerohet-per-here-te-dyte-nenkryetar-i-komunes-se-gracanices","status":"publish","type":"post","link":"https:\/\/veritasinfo.org\/?p=26174","title":{"rendered":"Leutrim Ajeti em\u00ebrohet p\u00ebr her\u00eb t\u00eb dyt\u00eb n\u00ebnkryetar i Komun\u00ebs s\u00eb\u00a0Gra\u00e7anic\u00ebs"},"content":{"rendered":"<p><strong>Gra\u00e7anic\u00eb, 31 dhjetor 2025 08:13<\/strong><\/p>\n<p>Leutrim Ajeti \u00ebsht\u00eb em\u00ebruar p\u00ebr her\u00eb t\u00eb dyt\u00eb n\u00ebnkryetar i Komun\u00ebs s\u00eb Gra\u00e7anic\u00ebs p\u00ebr komunitete.<\/p>\n<p>Kuvendi Komunal i Gra\u00e7anic\u00ebs ka votuar p\u00ebr em\u00ebrimin e Leutrim Ajetit si N\u00ebnkryetar i Komun\u00ebs p\u00ebr Komunitete, p\u00ebr her\u00eb t\u00eb dyt\u00eb radhazi. Ky vendim vjen pas zgjedhjeve t\u00eb tetorit, ku qytetar\u00ebt e kan\u00eb mb\u00ebshtetur masivisht kandidatur\u00ebn e tij p\u00ebr kryetar.<\/p>\n<p>N\u00eb nj\u00eb deklarat\u00eb t\u00eb tij pas em\u00ebrimit, Ajeti falenderoi qytetar\u00ebt p\u00ebr besimin e dh\u00ebn\u00eb:<br \/>\n&#8220;Falenderim i ve\u00e7ant\u00eb p\u00ebr t\u00eb gjith\u00eb votuesit q\u00eb m\u00eb besuan n\u00eb zgjedhjet e tetorit t\u00eb k\u00ebtij viti. Premtoj se do t\u00eb punoj p\u00ebr t\u00eb mir\u00ebn e t\u00eb gjith\u00eb qytetar\u00ebve, pa dallim, duke \u00e7uar p\u00ebrpara projekte q\u00eb p\u00ebrmir\u00ebsojn\u00eb jet\u00ebn e tyre.&#8221;<\/p>\n<p>Si N\u00ebnkryetar, Ajeti u zotua p\u00ebr bashk\u00ebpunim t\u00eb ngusht\u00eb me institucionet lokale dhe ato qendrore:<br \/>\n&#8220;Do t\u00eb bashk\u00ebpunoj ngusht\u00eb me legjislativin dhe ekzekutivin e Komun\u00ebs, si dhe me nivelin qendror, p\u00ebr t\u00eb realizuar projektet q\u00eb kan\u00eb impakt t\u00eb drejtp\u00ebrdrejt\u00eb n\u00eb komunitet.&#8221;<\/p>\n<p>Me k\u00ebt\u00eb em\u00ebrim, Leutrim Ajeti vazhdon rrug\u00ebn e tij n\u00eb sh\u00ebrbim t\u00eb qytetar\u00ebve t\u00eb Gra\u00e7anic\u00ebs, duke synuar t\u00eb forcoj\u00eb bashk\u00ebjetes\u00ebn dhe zhvillimin e q\u00ebndruesh\u00ebm t\u00eb komun\u00ebs.<\/p>\n<p>&nbsp;<\/p>\n","protected":false},"excerpt":{"rendered":"<p>Gra\u00e7anic\u00eb, 31 dhjetor 2025 08:13 Leutrim Ajeti \u00ebsht\u00eb em\u00ebruar p\u00ebr her\u00eb t\u00eb dyt\u00eb n\u00ebnkryetar i Komun\u00ebs s\u00eb Gra\u00e7anic\u00ebs p\u00ebr komunitete. Kuvendi Komunal i Gra\u00e7anic\u00ebs ka<\/p>\n","protected":false},"author":7,"featured_media":26175,"comment_status":"open","ping_status":"open","sticky":false,"template":"","format":"standard","meta":{"footnotes":""},"categories":[52],"tags":[],"class_list":["post-26174","post","type-post","status-publish","format-standard","has-post-thumbnail","hentry","category-komunat-sq"],"yoast_head":"<!-- This site is optimized with the Yoast SEO plugin v25.3.1 - https:\/\/yoast.com\/wordpress\/plugins\/seo\/ -->\n<title>Leutrim Ajeti em\u00ebrohet p\u00ebr her\u00eb t\u00eb dyt\u00eb n\u00ebnkryetar i Komun\u00ebs s\u00eb\u00a0Gra\u00e7anic\u00ebs -<\/title>\n<meta name=\"robots\" content=\"index, follow, max-snippet:-1, max-image-preview:large, max-video-preview:-1\" \/>\n<link rel=\"canonical\" href=\"https:\/\/veritasinfo.org\/?p=26174\" \/>\n<meta property=\"og:locale\" content=\"en_US\" \/>\n<meta property=\"og:type\" content=\"article\" \/>\n<meta property=\"og:title\" content=\"Leutrim Ajeti em\u00ebrohet p\u00ebr her\u00eb t\u00eb dyt\u00eb n\u00ebnkryetar i Komun\u00ebs s\u00eb\u00a0Gra\u00e7anic\u00ebs -\" \/>\n<meta property=\"og:description\" content=\"Gra\u00e7anic\u00eb, 31 dhjetor 2025 08:13 Leutrim Ajeti \u00ebsht\u00eb em\u00ebruar p\u00ebr her\u00eb t\u00eb dyt\u00eb n\u00ebnkryetar i Komun\u00ebs s\u00eb Gra\u00e7anic\u00ebs p\u00ebr komunitete. Kuvendi Komunal i Gra\u00e7anic\u00ebs ka\" \/>\n<meta property=\"og:url\" content=\"https:\/\/veritasinfo.org\/?p=26174\" \/>\n<meta property=\"article:published_time\" content=\"2025-12-31T07:14:43+00:00\" \/>\n<meta property=\"article:modified_time\" content=\"2025-12-31T07:18:13+00:00\" \/>\n<meta property=\"og:image\" content=\"https:\/\/veritasinfo.org\/wp-content\/uploads\/2025\/12\/605717081_10234795816692805_7906047685593747377_n.jpg\" \/>\n\t<meta property=\"og:image:width\" content=\"2048\" \/>\n\t<meta property=\"og:image:height\" content=\"1536\" \/>\n\t<meta property=\"og:image:type\" content=\"image\/jpeg\" \/>\n<meta name=\"author\" content=\"US6\" \/>\n<meta name=\"twitter:card\" content=\"summary_large_image\" \/>\n<meta name=\"twitter:label1\" content=\"Written by\" \/>\n\t<meta name=\"twitter:data1\" content=\"US6\" \/>\n\t<meta name=\"twitter:label2\" content=\"Est. reading time\" \/>\n\t<meta name=\"twitter:data2\" content=\"1 minute\" \/>\n<script type=\"application\/ld+json\" class=\"yoast-schema-graph\">{\"@context\":\"https:\/\/schema.org\",\"@graph\":[{\"@type\":\"WebPage\",\"@id\":\"https:\/\/veritasinfo.org\/?p=26174\",\"url\":\"https:\/\/veritasinfo.org\/?p=26174\",\"name\":\"Leutrim Ajeti em\u00ebrohet p\u00ebr her\u00eb t\u00eb dyt\u00eb n\u00ebnkryetar i Komun\u00ebs s\u00eb\u00a0Gra\u00e7anic\u00ebs -\",\"isPartOf\":{\"@id\":\"https:\/\/veritasinfo.org\/#website\"},\"primaryImageOfPage\":{\"@id\":\"https:\/\/veritasinfo.org\/?p=26174#primaryimage\"},\"image\":{\"@id\":\"https:\/\/veritasinfo.org\/?p=26174#primaryimage\"},\"thumbnailUrl\":\"https:\/\/veritasinfo.org\/wp-content\/uploads\/2025\/12\/605717081_10234795816692805_7906047685593747377_n.jpg\",\"datePublished\":\"2025-12-31T07:14:43+00:00\",\"dateModified\":\"2025-12-31T07:18:13+00:00\",\"author\":{\"@id\":\"https:\/\/veritasinfo.org\/#\/schema\/person\/fe199eede04c3937362892b7444747cc\"},\"breadcrumb\":{\"@id\":\"https:\/\/veritasinfo.org\/?p=26174#breadcrumb\"},\"inLanguage\":\"en-US\",\"potentialAction\":[{\"@type\":\"ReadAction\",\"target\":[\"https:\/\/veritasinfo.org\/?p=26174\"]}]},{\"@type\":\"ImageObject\",\"inLanguage\":\"en-US\",\"@id\":\"https:\/\/veritasinfo.org\/?p=26174#primaryimage\",\"url\":\"https:\/\/veritasinfo.org\/wp-content\/uploads\/2025\/12\/605717081_10234795816692805_7906047685593747377_n.jpg\",\"contentUrl\":\"https:\/\/veritasinfo.org\/wp-content\/uploads\/2025\/12\/605717081_10234795816692805_7906047685593747377_n.jpg\",\"width\":2048,\"height\":1536},{\"@type\":\"BreadcrumbList\",\"@id\":\"https:\/\/veritasinfo.org\/?p=26174#breadcrumb\",\"itemListElement\":[{\"@type\":\"ListItem\",\"position\":1,\"name\":\"Home\",\"item\":\"https:\/\/veritasinfo.org\/\"},{\"@type\":\"ListItem\",\"position\":2,\"name\":\"Leutrim Ajeti em\u00ebrohet p\u00ebr her\u00eb t\u00eb dyt\u00eb n\u00ebnkryetar i Komun\u00ebs s\u00eb\u00a0Gra\u00e7anic\u00ebs\"}]},{\"@type\":\"WebSite\",\"@id\":\"https:\/\/veritasinfo.org\/#website\",\"url\":\"https:\/\/veritasinfo.org\/\",\"name\":\"\",\"description\":\"\",\"potentialAction\":[{\"@type\":\"SearchAction\",\"target\":{\"@type\":\"EntryPoint\",\"urlTemplate\":\"https:\/\/veritasinfo.org\/?s={search_term_string}\"},\"query-input\":{\"@type\":\"PropertyValueSpecification\",\"valueRequired\":true,\"valueName\":\"search_term_string\"}}],\"inLanguage\":\"en-US\"},{\"@type\":\"Person\",\"@id\":\"https:\/\/veritasinfo.org\/#\/schema\/person\/fe199eede04c3937362892b7444747cc\",\"name\":\"US6\",\"image\":{\"@type\":\"ImageObject\",\"inLanguage\":\"en-US\",\"@id\":\"https:\/\/veritasinfo.org\/#\/schema\/person\/image\/\",\"url\":\"https:\/\/secure.gravatar.com\/avatar\/cb16c3c31c9d23b9b8c705964598220b3014e42ff51eb540ff23cefa3ae8c15f?s=96&d=mm&r=g\",\"contentUrl\":\"https:\/\/secure.gravatar.com\/avatar\/cb16c3c31c9d23b9b8c705964598220b3014e42ff51eb540ff23cefa3ae8c15f?s=96&d=mm&r=g\",\"caption\":\"US6\"},\"url\":\"https:\/\/veritasinfo.org\/?author=7\"}]}<\/script>\n<!-- \/ Yoast SEO plugin. -->","yoast_head_json":{"title":"Leutrim Ajeti em\u00ebrohet p\u00ebr her\u00eb t\u00eb dyt\u00eb n\u00ebnkryetar i Komun\u00ebs s\u00eb\u00a0Gra\u00e7anic\u00ebs -","robots":{"index":"index","follow":"follow","max-snippet":"max-snippet:-1","max-image-preview":"max-image-preview:large","max-video-preview":"max-video-preview:-1"},"canonical":"https:\/\/veritasinfo.org\/?p=26174","og_locale":"en_US","og_type":"article","og_title":"Leutrim Ajeti em\u00ebrohet p\u00ebr her\u00eb t\u00eb dyt\u00eb n\u00ebnkryetar i Komun\u00ebs s\u00eb\u00a0Gra\u00e7anic\u00ebs -","og_description":"Gra\u00e7anic\u00eb, 31 dhjetor 2025 08:13 Leutrim Ajeti \u00ebsht\u00eb em\u00ebruar p\u00ebr her\u00eb t\u00eb dyt\u00eb n\u00ebnkryetar i Komun\u00ebs s\u00eb Gra\u00e7anic\u00ebs p\u00ebr komunitete. Kuvendi Komunal i Gra\u00e7anic\u00ebs ka","og_url":"https:\/\/veritasinfo.org\/?p=26174","article_published_time":"2025-12-31T07:14:43+00:00","article_modified_time":"2025-12-31T07:18:13+00:00","og_image":[{"width":2048,"height":1536,"url":"https:\/\/veritasinfo.org\/wp-content\/uploads\/2025\/12\/605717081_10234795816692805_7906047685593747377_n.jpg","type":"image\/jpeg"}],"author":"US6","twitter_card":"summary_large_image","twitter_misc":{"Written by":"US6","Est. reading time":"1 minute"},"schema":{"@context":"https:\/\/schema.org","@graph":[{"@type":"WebPage","@id":"https:\/\/veritasinfo.org\/?p=26174","url":"https:\/\/veritasinfo.org\/?p=26174","name":"Leutrim Ajeti em\u00ebrohet p\u00ebr her\u00eb t\u00eb dyt\u00eb n\u00ebnkryetar i Komun\u00ebs s\u00eb\u00a0Gra\u00e7anic\u00ebs -","isPartOf":{"@id":"https:\/\/veritasinfo.org\/#website"},"primaryImageOfPage":{"@id":"https:\/\/veritasinfo.org\/?p=26174#primaryimage"},"image":{"@id":"https:\/\/veritasinfo.org\/?p=26174#primaryimage"},"thumbnailUrl":"https:\/\/veritasinfo.org\/wp-content\/uploads\/2025\/12\/605717081_10234795816692805_7906047685593747377_n.jpg","datePublished":"2025-12-31T07:14:43+00:00","dateModified":"2025-12-31T07:18:13+00:00","author":{"@id":"https:\/\/veritasinfo.org\/#\/schema\/person\/fe199eede04c3937362892b7444747cc"},"breadcrumb":{"@id":"https:\/\/veritasinfo.org\/?p=26174#breadcrumb"},"inLanguage":"en-US","potentialAction":[{"@type":"ReadAction","target":["https:\/\/veritasinfo.org\/?p=26174"]}]},{"@type":"ImageObject","inLanguage":"en-US","@id":"https:\/\/veritasinfo.org\/?p=26174#primaryimage","url":"https:\/\/veritasinfo.org\/wp-content\/uploads\/2025\/12\/605717081_10234795816692805_7906047685593747377_n.jpg","contentUrl":"https:\/\/veritasinfo.org\/wp-content\/uploads\/2025\/12\/605717081_10234795816692805_7906047685593747377_n.jpg","width":2048,"height":1536},{"@type":"BreadcrumbList","@id":"https:\/\/veritasinfo.org\/?p=26174#breadcrumb","itemListElement":[{"@type":"ListItem","position":1,"name":"Home","item":"https:\/\/veritasinfo.org\/"},{"@type":"ListItem","position":2,"name":"Leutrim Ajeti em\u00ebrohet p\u00ebr her\u00eb t\u00eb dyt\u00eb n\u00ebnkryetar i Komun\u00ebs s\u00eb\u00a0Gra\u00e7anic\u00ebs"}]},{"@type":"WebSite","@id":"https:\/\/veritasinfo.org\/#website","url":"https:\/\/veritasinfo.org\/","name":"","description":"","potentialAction":[{"@type":"SearchAction","target":{"@type":"EntryPoint","urlTemplate":"https:\/\/veritasinfo.org\/?s={search_term_string}"},"query-input":{"@type":"PropertyValueSpecification","valueRequired":true,"valueName":"search_term_string"}}],"inLanguage":"en-US"},{"@type":"Person","@id":"https:\/\/veritasinfo.org\/#\/schema\/person\/fe199eede04c3937362892b7444747cc","name":"US6","image":{"@type":"ImageObject","inLanguage":"en-US","@id":"https:\/\/veritasinfo.org\/#\/schema\/person\/image\/","url":"https:\/\/secure.gravatar.com\/avatar\/cb16c3c31c9d23b9b8c705964598220b3014e42ff51eb540ff23cefa3ae8c15f?s=96&d=mm&r=g","contentUrl":"https:\/\/secure.gravatar.com\/avatar\/cb16c3c31c9d23b9b8c705964598220b3014e42ff51eb540ff23cefa3ae8c15f?s=96&d=mm&r=g","caption":"US6"},"url":"https:\/\/veritasinfo.org\/?author=7"}]}},"featured_image_urls":{"full":["https:\/\/veritasinfo.org\/wp-content\/uploads\/2025\/12\/605717081_10234795816692805_7906047685593747377_n.jpg",2048,1536,false],"thumbnail":["https:\/\/veritasinfo.org\/wp-content\/uploads\/2025\/12\/605717081_10234795816692805_7906047685593747377_n-150x150.jpg",150,150,true],"medium":["https:\/\/veritasinfo.org\/wp-content\/uploads\/2025\/12\/605717081_10234795816692805_7906047685593747377_n-300x225.jpg",300,225,true],"medium_large":["https:\/\/veritasinfo.org\/wp-content\/uploads\/2025\/12\/605717081_10234795816692805_7906047685593747377_n-768x576.jpg",640,480,true],"large":["https:\/\/veritasinfo.org\/wp-content\/uploads\/2025\/12\/605717081_10234795816692805_7906047685593747377_n-1024x768.jpg",640,480,true],"1536x1536":["https:\/\/veritasinfo.org\/wp-content\/uploads\/2025\/12\/605717081_10234795816692805_7906047685593747377_n-1536x1152.jpg",1536,1152,true],"2048x2048":["https:\/\/veritasinfo.org\/wp-content\/uploads\/2025\/12\/605717081_10234795816692805_7906047685593747377_n.jpg",2048,1536,false],"kreeti-slider-full":["https:\/\/veritasinfo.org\/wp-content\/uploads\/2025\/12\/605717081_10234795816692805_7906047685593747377_n.jpg",960,720,false],"kreeti-featured":["https:\/\/veritasinfo.org\/wp-content\/uploads\/2025\/12\/605717081_10234795816692805_7906047685593747377_n.jpg",1024,768,false],"kreeti-medium":["https:\/\/veritasinfo.org\/wp-content\/uploads\/2025\/12\/605717081_10234795816692805_7906047685593747377_n.jpg",707,530,false],"kreeti-medium-square":["https:\/\/veritasinfo.org\/wp-content\/uploads\/2025\/12\/605717081_10234795816692805_7906047685593747377_n.jpg",350,263,false]},"author_info":{"info":["US6"]},"category_info":"<a href=\"https:\/\/veritasinfo.org\/?cat=52\" rel=\"category\">Komunat<\/a>","tag_info":"Komunat","comment_count":"0","_links":{"self":[{"href":"https:\/\/veritasinfo.org\/index.php?rest_route=\/wp\/v2\/posts\/26174","targetHints":{"allow":["GET"]}}],"collection":[{"href":"https:\/\/veritasinfo.org\/index.php?rest_route=\/wp\/v2\/posts"}],"about":[{"href":"https:\/\/veritasinfo.org\/index.php?rest_route=\/wp\/v2\/types\/post"}],"author":[{"embeddable":true,"href":"https:\/\/veritasinfo.org\/index.php?rest_route=\/wp\/v2\/users\/7"}],"replies":[{"embeddable":true,"href":"https:\/\/veritasinfo.org\/index.php?rest_route=%2Fwp%2Fv2%2Fcomments&post=26174"}],"version-history":[{"count":2,"href":"https:\/\/veritasinfo.org\/index.php?rest_route=\/wp\/v2\/posts\/26174\/revisions"}],"predecessor-version":[{"id":26180,"href":"https:\/\/veritasinfo.org\/index.php?rest_route=\/wp\/v2\/posts\/26174\/revisions\/26180"}],"wp:featuredmedia":[{"embeddable":true,"href":"https:\/\/veritasinfo.org\/index.php?rest_route=\/wp\/v2\/media\/26175"}],"wp:attachment":[{"href":"https:\/\/veritasinfo.org\/index.php?rest_route=%2Fwp%2Fv2%2Fmedia&parent=26174"}],"wp:term":[{"taxonomy":"category","embeddable":true,"href":"https:\/\/veritasinfo.org\/index.php?rest_route=%2Fwp%2Fv2%2Fcategories&post=26174"},{"taxonomy":"post_tag","embeddable":true,"href":"https:\/\/veritasinfo.org\/index.php?rest_route=%2Fwp%2Fv2%2Ftags&post=26174"}],"curies":[{"name":"wp","href":"https:\/\/api.w.org\/{rel}","templated":true}]}}