{"id":26169,"date":"2025-12-31T08:05:16","date_gmt":"2025-12-31T07:05:16","guid":{"rendered":"https:\/\/veritasinfo.org\/?p=26169"},"modified":"2025-12-31T08:05:16","modified_gmt":"2025-12-31T07:05:16","slug":"osmani-paralajmeron-njohje-te-reja-per-kosoven-ne-fillim-te-vitit-2026","status":"publish","type":"post","link":"https:\/\/veritasinfo.org\/?p=26169","title":{"rendered":"Osmani paralajm\u00ebron njohje t\u00eb reja p\u00ebr Kosov\u00ebn n\u00eb fillim t\u00eb vitit 2026"},"content":{"rendered":"<p><strong>Prishtin\u00eb, 31 dhjetor 2025 08:04<\/strong><\/p>\n<p>Presidentja e Kosov\u00ebs, Vjosa Osmani, ka b\u00ebr\u00eb t\u00eb ditur se vendi ka hyr\u00eb n\u00eb nj\u00eb \u201ctempo t\u00eb re\u201d sa i p\u00ebrket sigurimit t\u00eb njohjeve t\u00eb reja nd\u00ebrkomb\u00ebtare dhe se n\u00eb pjes\u00ebn e par\u00eb t\u00eb vitit 2026 priten \u201clajme t\u00eb mira\u201d p\u00ebr vendin n\u00eb k\u00ebt\u00eb drejtim.<\/p>\n<p>\u201cJemi shum\u00eb af\u00ebr q\u00eb t\u00eb arrijm\u00eb 2\/3 e shteteve an\u00ebtare t\u00eb Organizat\u00ebs s\u00eb Kombeve t\u00eb Bashkuara\u201d, ka th\u00ebn\u00eb Osmani.<\/p>\n<p>Presidentja ka refuzuar t\u00eb p\u00ebrmend\u00eb emrat e shteteve mosnjoh\u00ebse me t\u00eb cilat Kosova ka kontakte, duke shpjeguar se nj\u00eb publikim i till\u00eb mund t\u00eb pengohet nga Serbia.<\/p>\n<p>\u201cN\u00eb fakt, ne n\u00eb k\u00ebt\u00eb vit kishim kat\u00ebr njohje, t\u00eb cilat jan\u00eb rezultat i nj\u00eb pune dhe i nj\u00eb angazhimi t\u00eb vazhduesh\u00ebm. Dhe tani \u00ebsht\u00eb krijuar nj\u00eb tempo e re, nj\u00eb tempo e re njohjesh, natyrisht e cila nuk do t\u00eb ndalet, ka shum\u00eb shtete q\u00eb jan\u00eb af\u00ebr marrjes s\u00eb vendimit. Por, mos t\u00eb harrojm\u00eb q\u00eb gjithnj\u00eb i d\u00ebmton interesat e Kosov\u00ebs, n\u00ebqoft\u00ebse flasim p\u00ebr k\u00ebto shtete publikisht. Dhe dua t\u2019ju b\u00ebj thirrje edhe njer\u00ebzve t\u00eb tjer\u00eb, qoft\u00eb edhe brenda institucioneve dhe jasht\u00eb tyre, q\u00eb mos t\u2019i b\u00ebjn\u00eb publike emrat e shteteve q\u00eb po punojn\u00eb, sepse kjo pastaj po e nxit Serbin\u00eb dhe shtetet e tjera q\u00eb t\u00eb angazhohen, shpeshher\u00eb edhe me mjete jasht\u00eb diplomacis\u00eb dhe me mjete t\u00eb ndryshme presioni, p\u00ebr t\u00eb bllokuar k\u00ebt\u00eb proces t\u00eb pakthyesh\u00ebm p\u00ebr Kosov\u00ebn\u201d, shtoi ajo p\u00ebr indeksonline.<\/p>\n<p>Bahamas u b\u00eb shteti i 121-t\u00eb q\u00eb e njohu Republik\u00ebn e Kosov\u00ebs si shtet t\u00eb pavarur dhe sovran.<\/p>\n<p>&nbsp;<\/p>\n","protected":false},"excerpt":{"rendered":"<p>Prishtin\u00eb, 31 dhjetor 2025 08:04 Presidentja e Kosov\u00ebs, Vjosa Osmani, ka b\u00ebr\u00eb t\u00eb ditur se vendi ka hyr\u00eb n\u00eb nj\u00eb \u201ctempo t\u00eb re\u201d sa i<\/p>\n","protected":false},"author":7,"featured_media":26170,"comment_status":"open","ping_status":"open","sticky":false,"template":"","format":"standard","meta":{"footnotes":""},"categories":[58],"tags":[],"class_list":["post-26169","post","type-post","status-publish","format-standard","has-post-thumbnail","hentry","category-politike-sq"],"yoast_head":"<!-- This site is optimized with the Yoast SEO plugin v25.3.1 - https:\/\/yoast.com\/wordpress\/plugins\/seo\/ -->\n<title>Osmani paralajm\u00ebron njohje t\u00eb reja p\u00ebr Kosov\u00ebn n\u00eb fillim t\u00eb vitit 2026 -<\/title>\n<meta name=\"robots\" content=\"index, follow, max-snippet:-1, max-image-preview:large, max-video-preview:-1\" \/>\n<link rel=\"canonical\" href=\"https:\/\/veritasinfo.org\/?p=26169\" \/>\n<meta property=\"og:locale\" content=\"en_US\" \/>\n<meta property=\"og:type\" content=\"article\" \/>\n<meta property=\"og:title\" content=\"Osmani paralajm\u00ebron njohje t\u00eb reja p\u00ebr Kosov\u00ebn n\u00eb fillim t\u00eb vitit 2026 -\" \/>\n<meta property=\"og:description\" content=\"Prishtin\u00eb, 31 dhjetor 2025 08:04 Presidentja e Kosov\u00ebs, Vjosa Osmani, ka b\u00ebr\u00eb t\u00eb ditur se vendi ka hyr\u00eb n\u00eb nj\u00eb \u201ctempo t\u00eb re\u201d sa i\" \/>\n<meta property=\"og:url\" content=\"https:\/\/veritasinfo.org\/?p=26169\" \/>\n<meta property=\"article:published_time\" content=\"2025-12-31T07:05:16+00:00\" \/>\n<meta property=\"og:image\" content=\"https:\/\/veritasinfo.org\/wp-content\/uploads\/2025\/12\/1-108.jpg\" \/>\n\t<meta property=\"og:image:width\" content=\"600\" \/>\n\t<meta property=\"og:image:height\" content=\"360\" \/>\n\t<meta property=\"og:image:type\" content=\"image\/jpeg\" \/>\n<meta name=\"author\" content=\"US6\" \/>\n<meta name=\"twitter:card\" content=\"summary_large_image\" \/>\n<meta name=\"twitter:label1\" content=\"Written by\" \/>\n\t<meta name=\"twitter:data1\" content=\"US6\" \/>\n\t<meta name=\"twitter:label2\" content=\"Est. reading time\" \/>\n\t<meta name=\"twitter:data2\" content=\"2 minutes\" \/>\n<script type=\"application\/ld+json\" class=\"yoast-schema-graph\">{\"@context\":\"https:\/\/schema.org\",\"@graph\":[{\"@type\":\"WebPage\",\"@id\":\"https:\/\/veritasinfo.org\/?p=26169\",\"url\":\"https:\/\/veritasinfo.org\/?p=26169\",\"name\":\"Osmani paralajm\u00ebron njohje t\u00eb reja p\u00ebr Kosov\u00ebn n\u00eb fillim t\u00eb vitit 2026 -\",\"isPartOf\":{\"@id\":\"https:\/\/veritasinfo.org\/#website\"},\"primaryImageOfPage\":{\"@id\":\"https:\/\/veritasinfo.org\/?p=26169#primaryimage\"},\"image\":{\"@id\":\"https:\/\/veritasinfo.org\/?p=26169#primaryimage\"},\"thumbnailUrl\":\"https:\/\/veritasinfo.org\/wp-content\/uploads\/2025\/12\/1-108.jpg\",\"datePublished\":\"2025-12-31T07:05:16+00:00\",\"author\":{\"@id\":\"https:\/\/veritasinfo.org\/#\/schema\/person\/fe199eede04c3937362892b7444747cc\"},\"breadcrumb\":{\"@id\":\"https:\/\/veritasinfo.org\/?p=26169#breadcrumb\"},\"inLanguage\":\"en-US\",\"potentialAction\":[{\"@type\":\"ReadAction\",\"target\":[\"https:\/\/veritasinfo.org\/?p=26169\"]}]},{\"@type\":\"ImageObject\",\"inLanguage\":\"en-US\",\"@id\":\"https:\/\/veritasinfo.org\/?p=26169#primaryimage\",\"url\":\"https:\/\/veritasinfo.org\/wp-content\/uploads\/2025\/12\/1-108.jpg\",\"contentUrl\":\"https:\/\/veritasinfo.org\/wp-content\/uploads\/2025\/12\/1-108.jpg\",\"width\":600,\"height\":360},{\"@type\":\"BreadcrumbList\",\"@id\":\"https:\/\/veritasinfo.org\/?p=26169#breadcrumb\",\"itemListElement\":[{\"@type\":\"ListItem\",\"position\":1,\"name\":\"Home\",\"item\":\"https:\/\/veritasinfo.org\/\"},{\"@type\":\"ListItem\",\"position\":2,\"name\":\"Osmani paralajm\u00ebron njohje t\u00eb reja p\u00ebr Kosov\u00ebn n\u00eb fillim t\u00eb vitit 2026\"}]},{\"@type\":\"WebSite\",\"@id\":\"https:\/\/veritasinfo.org\/#website\",\"url\":\"https:\/\/veritasinfo.org\/\",\"name\":\"\",\"description\":\"\",\"potentialAction\":[{\"@type\":\"SearchAction\",\"target\":{\"@type\":\"EntryPoint\",\"urlTemplate\":\"https:\/\/veritasinfo.org\/?s={search_term_string}\"},\"query-input\":{\"@type\":\"PropertyValueSpecification\",\"valueRequired\":true,\"valueName\":\"search_term_string\"}}],\"inLanguage\":\"en-US\"},{\"@type\":\"Person\",\"@id\":\"https:\/\/veritasinfo.org\/#\/schema\/person\/fe199eede04c3937362892b7444747cc\",\"name\":\"US6\",\"image\":{\"@type\":\"ImageObject\",\"inLanguage\":\"en-US\",\"@id\":\"https:\/\/veritasinfo.org\/#\/schema\/person\/image\/\",\"url\":\"https:\/\/secure.gravatar.com\/avatar\/cb16c3c31c9d23b9b8c705964598220b3014e42ff51eb540ff23cefa3ae8c15f?s=96&d=mm&r=g\",\"contentUrl\":\"https:\/\/secure.gravatar.com\/avatar\/cb16c3c31c9d23b9b8c705964598220b3014e42ff51eb540ff23cefa3ae8c15f?s=96&d=mm&r=g\",\"caption\":\"US6\"},\"url\":\"https:\/\/veritasinfo.org\/?author=7\"}]}<\/script>\n<!-- \/ Yoast SEO plugin. -->","yoast_head_json":{"title":"Osmani paralajm\u00ebron njohje t\u00eb reja p\u00ebr Kosov\u00ebn n\u00eb fillim t\u00eb vitit 2026 -","robots":{"index":"index","follow":"follow","max-snippet":"max-snippet:-1","max-image-preview":"max-image-preview:large","max-video-preview":"max-video-preview:-1"},"canonical":"https:\/\/veritasinfo.org\/?p=26169","og_locale":"en_US","og_type":"article","og_title":"Osmani paralajm\u00ebron njohje t\u00eb reja p\u00ebr Kosov\u00ebn n\u00eb fillim t\u00eb vitit 2026 -","og_description":"Prishtin\u00eb, 31 dhjetor 2025 08:04 Presidentja e Kosov\u00ebs, Vjosa Osmani, ka b\u00ebr\u00eb t\u00eb ditur se vendi ka hyr\u00eb n\u00eb nj\u00eb \u201ctempo t\u00eb re\u201d sa i","og_url":"https:\/\/veritasinfo.org\/?p=26169","article_published_time":"2025-12-31T07:05:16+00:00","og_image":[{"width":600,"height":360,"url":"https:\/\/veritasinfo.org\/wp-content\/uploads\/2025\/12\/1-108.jpg","type":"image\/jpeg"}],"author":"US6","twitter_card":"summary_large_image","twitter_misc":{"Written by":"US6","Est. reading time":"2 minutes"},"schema":{"@context":"https:\/\/schema.org","@graph":[{"@type":"WebPage","@id":"https:\/\/veritasinfo.org\/?p=26169","url":"https:\/\/veritasinfo.org\/?p=26169","name":"Osmani paralajm\u00ebron njohje t\u00eb reja p\u00ebr Kosov\u00ebn n\u00eb fillim t\u00eb vitit 2026 -","isPartOf":{"@id":"https:\/\/veritasinfo.org\/#website"},"primaryImageOfPage":{"@id":"https:\/\/veritasinfo.org\/?p=26169#primaryimage"},"image":{"@id":"https:\/\/veritasinfo.org\/?p=26169#primaryimage"},"thumbnailUrl":"https:\/\/veritasinfo.org\/wp-content\/uploads\/2025\/12\/1-108.jpg","datePublished":"2025-12-31T07:05:16+00:00","author":{"@id":"https:\/\/veritasinfo.org\/#\/schema\/person\/fe199eede04c3937362892b7444747cc"},"breadcrumb":{"@id":"https:\/\/veritasinfo.org\/?p=26169#breadcrumb"},"inLanguage":"en-US","potentialAction":[{"@type":"ReadAction","target":["https:\/\/veritasinfo.org\/?p=26169"]}]},{"@type":"ImageObject","inLanguage":"en-US","@id":"https:\/\/veritasinfo.org\/?p=26169#primaryimage","url":"https:\/\/veritasinfo.org\/wp-content\/uploads\/2025\/12\/1-108.jpg","contentUrl":"https:\/\/veritasinfo.org\/wp-content\/uploads\/2025\/12\/1-108.jpg","width":600,"height":360},{"@type":"BreadcrumbList","@id":"https:\/\/veritasinfo.org\/?p=26169#breadcrumb","itemListElement":[{"@type":"ListItem","position":1,"name":"Home","item":"https:\/\/veritasinfo.org\/"},{"@type":"ListItem","position":2,"name":"Osmani paralajm\u00ebron njohje t\u00eb reja p\u00ebr Kosov\u00ebn n\u00eb fillim t\u00eb vitit 2026"}]},{"@type":"WebSite","@id":"https:\/\/veritasinfo.org\/#website","url":"https:\/\/veritasinfo.org\/","name":"","description":"","potentialAction":[{"@type":"SearchAction","target":{"@type":"EntryPoint","urlTemplate":"https:\/\/veritasinfo.org\/?s={search_term_string}"},"query-input":{"@type":"PropertyValueSpecification","valueRequired":true,"valueName":"search_term_string"}}],"inLanguage":"en-US"},{"@type":"Person","@id":"https:\/\/veritasinfo.org\/#\/schema\/person\/fe199eede04c3937362892b7444747cc","name":"US6","image":{"@type":"ImageObject","inLanguage":"en-US","@id":"https:\/\/veritasinfo.org\/#\/schema\/person\/image\/","url":"https:\/\/secure.gravatar.com\/avatar\/cb16c3c31c9d23b9b8c705964598220b3014e42ff51eb540ff23cefa3ae8c15f?s=96&d=mm&r=g","contentUrl":"https:\/\/secure.gravatar.com\/avatar\/cb16c3c31c9d23b9b8c705964598220b3014e42ff51eb540ff23cefa3ae8c15f?s=96&d=mm&r=g","caption":"US6"},"url":"https:\/\/veritasinfo.org\/?author=7"}]}},"featured_image_urls":{"full":["https:\/\/veritasinfo.org\/wp-content\/uploads\/2025\/12\/1-108.jpg",600,360,false],"thumbnail":["https:\/\/veritasinfo.org\/wp-content\/uploads\/2025\/12\/1-108-150x150.jpg",150,150,true],"medium":["https:\/\/veritasinfo.org\/wp-content\/uploads\/2025\/12\/1-108-300x180.jpg",300,180,true],"medium_large":["https:\/\/veritasinfo.org\/wp-content\/uploads\/2025\/12\/1-108.jpg",600,360,false],"large":["https:\/\/veritasinfo.org\/wp-content\/uploads\/2025\/12\/1-108.jpg",600,360,false],"1536x1536":["https:\/\/veritasinfo.org\/wp-content\/uploads\/2025\/12\/1-108.jpg",600,360,false],"2048x2048":["https:\/\/veritasinfo.org\/wp-content\/uploads\/2025\/12\/1-108.jpg",600,360,false],"kreeti-slider-full":["https:\/\/veritasinfo.org\/wp-content\/uploads\/2025\/12\/1-108.jpg",600,360,false],"kreeti-featured":["https:\/\/veritasinfo.org\/wp-content\/uploads\/2025\/12\/1-108.jpg",600,360,false],"kreeti-medium":["https:\/\/veritasinfo.org\/wp-content\/uploads\/2025\/12\/1-108.jpg",600,360,false],"kreeti-medium-square":["https:\/\/veritasinfo.org\/wp-content\/uploads\/2025\/12\/1-108.jpg",350,210,false]},"author_info":{"info":["US6"]},"category_info":"<a href=\"https:\/\/veritasinfo.org\/?cat=58\" rel=\"category\">Politik\u00eb<\/a>","tag_info":"Politik\u00eb","comment_count":"0","_links":{"self":[{"href":"https:\/\/veritasinfo.org\/index.php?rest_route=\/wp\/v2\/posts\/26169","targetHints":{"allow":["GET"]}}],"collection":[{"href":"https:\/\/veritasinfo.org\/index.php?rest_route=\/wp\/v2\/posts"}],"about":[{"href":"https:\/\/veritasinfo.org\/index.php?rest_route=\/wp\/v2\/types\/post"}],"author":[{"embeddable":true,"href":"https:\/\/veritasinfo.org\/index.php?rest_route=\/wp\/v2\/users\/7"}],"replies":[{"embeddable":true,"href":"https:\/\/veritasinfo.org\/index.php?rest_route=%2Fwp%2Fv2%2Fcomments&post=26169"}],"version-history":[{"count":1,"href":"https:\/\/veritasinfo.org\/index.php?rest_route=\/wp\/v2\/posts\/26169\/revisions"}],"predecessor-version":[{"id":26171,"href":"https:\/\/veritasinfo.org\/index.php?rest_route=\/wp\/v2\/posts\/26169\/revisions\/26171"}],"wp:featuredmedia":[{"embeddable":true,"href":"https:\/\/veritasinfo.org\/index.php?rest_route=\/wp\/v2\/media\/26170"}],"wp:attachment":[{"href":"https:\/\/veritasinfo.org\/index.php?rest_route=%2Fwp%2Fv2%2Fmedia&parent=26169"}],"wp:term":[{"taxonomy":"category","embeddable":true,"href":"https:\/\/veritasinfo.org\/index.php?rest_route=%2Fwp%2Fv2%2Fcategories&post=26169"},{"taxonomy":"post_tag","embeddable":true,"href":"https:\/\/veritasinfo.org\/index.php?rest_route=%2Fwp%2Fv2%2Ftags&post=26169"}],"curies":[{"name":"wp","href":"https:\/\/api.w.org\/{rel}","templated":true}]}}