{"id":26158,"date":"2025-12-31T06:38:46","date_gmt":"2025-12-31T05:38:46","guid":{"rendered":"https:\/\/veritasinfo.org\/?p=26158"},"modified":"2025-12-31T06:38:46","modified_gmt":"2025-12-31T05:38:46","slug":"kurti-premton-konstituim-te-shpejte-te-kuvendit-dhe-formimin-e-qeverise","status":"publish","type":"post","link":"https:\/\/veritasinfo.org\/?p=26158","title":{"rendered":"Kurti premton konstituim t\u00eb shpejt\u00eb t\u00eb Kuvendit dhe formimin e Qeveris\u00eb"},"content":{"rendered":"<p><strong>Prishtin\u00eb, 31 dhjetor 2025 06:37<\/strong><\/p>\n<p>Kryeministri i rizgjedhur, Albin Kurti n\u00eb tubimin e organizuar pas daljes si partia m\u00eb e votuar n\u00eb zgjedhjet e parakohshme parlamentare, ka fal\u00ebnderuar simpatizant\u00ebt dhe votuesit e tyre.<\/p>\n<p>\u201cPosa t\u00eb certifikohen rezultatet e k\u00ebsaj fitoreje madh\u00ebshtore e historike, menj\u00ebher\u00eb do ta konstituojm\u00eb Kuvendin, e themelojm\u00eb qeverin\u00eb p\u00ebr mandatin e tret\u00eb dhe do t\u2019i zbatojm\u00eb t\u00eb gjitha zotimet tona p\u00ebrgjat\u00eb kat\u00ebr viteve nj\u00eb nga nj\u00eb, sa m\u00eb shpejt\u00eb q\u00eb t\u00eb dim\u00eb e t\u00eb mundemi\u201d, premtoi ai para simpatizant\u00ebve t\u00eb Vet\u00ebvendosjes.<\/p>\n<p>Kurti tha se rezultatet e 28 dhjetorit kan\u00eb d\u00ebshmuar se fitorja e tyre si parti e koalicion \u00ebsht\u00eb m\u00eb e madhe sesa ajo e vitit 2021.<\/p>\n<p>\u201cN\u00eb k\u00ebt\u00eb or\u00eb parmbr\u00ebm\u00eb nisi t\u00eb b\u00ebhet e qart\u00eb q\u00eb fitorja jon\u00eb sivjet \u00ebsht\u00eb edhe m\u00eb e madhe, po e tejkalon at\u00eb t\u00eb 14 shkurtit 2021. Kjo tregon q\u00eb qeverisja jon\u00eb, e drejt\u00eb, e mir\u00eb, e mbar\u00eb, e v\u00ebrtet\u00eb, ka qen\u00eb e vler\u00ebsuar dhe kjo \u00ebsht\u00eb mir\u00ebnjohje e madhe e popullit p\u00ebr neve por edhe p\u00ebrgjegj\u00ebsi e madhe e jona p\u00ebr popullin\u201d, tha ai.<\/p>\n<p>\u201cNe q\u00eb vendosim vet, vendin ton\u00eb do ta ngrisim lart e m\u00eb lart, edhe si ekonomi e arsim, kultur\u00eb e sport, sh\u00ebndet\u00ebsi, arsim, mbrojtje e siguri. Prandaj na presin shum\u00eb pun\u00eb..\u201d, vazhdoi Kurti.<\/p>\n<p>Ai fal\u00ebnderoi t\u00eb gjith\u00eb ata q\u00eb votuan Vet\u00ebvendosjen, e ve\u00e7an\u00ebrisht diaspor\u00ebn.<\/p>\n<p>\u201cM\u00eb lejoni q\u00eb posaq\u00ebrisht t\u2019i fal\u00ebnderoj bashk\u00ebtadhetar\u00ebt tan\u00eb, m\u00ebrgimtar\u00ebt, gjith\u00eb ata motra e v\u00ebllez\u00ebr t\u00eb cil\u00ebt erdh\u00ebn nga Evropa, Amerika e edhe nga viset m\u00eb t\u00eb larg\u00ebta t\u00eb bot\u00ebs, q\u00eb ta sjellin tri dit\u00eb m\u00eb her\u00ebt sivjet Vitin e Ri\u201d, tha ai.<br \/>\n<!--\/data\/user\/0\/com.samsung.android.app.notes\/files\/clipdata\/clipdata_bodytext_251231_063544_023.sdocx--><\/p>\n","protected":false},"excerpt":{"rendered":"<p>Prishtin\u00eb, 31 dhjetor 2025 06:37 Kryeministri i rizgjedhur, Albin Kurti n\u00eb tubimin e organizuar pas daljes si partia m\u00eb e votuar n\u00eb zgjedhjet e parakohshme<\/p>\n","protected":false},"author":7,"featured_media":26159,"comment_status":"open","ping_status":"open","sticky":false,"template":"","format":"standard","meta":{"footnotes":""},"categories":[58],"tags":[],"class_list":["post-26158","post","type-post","status-publish","format-standard","has-post-thumbnail","hentry","category-politike-sq"],"yoast_head":"<!-- This site is optimized with the Yoast SEO plugin v25.3.1 - https:\/\/yoast.com\/wordpress\/plugins\/seo\/ -->\n<title>Kurti premton konstituim t\u00eb shpejt\u00eb t\u00eb Kuvendit dhe formimin e Qeveris\u00eb -<\/title>\n<meta name=\"robots\" content=\"index, follow, max-snippet:-1, max-image-preview:large, max-video-preview:-1\" \/>\n<link rel=\"canonical\" href=\"https:\/\/veritasinfo.org\/?p=26158\" \/>\n<meta property=\"og:locale\" content=\"en_US\" \/>\n<meta property=\"og:type\" content=\"article\" \/>\n<meta property=\"og:title\" content=\"Kurti premton konstituim t\u00eb shpejt\u00eb t\u00eb Kuvendit dhe formimin e Qeveris\u00eb -\" \/>\n<meta property=\"og:description\" content=\"Prishtin\u00eb, 31 dhjetor 2025 06:37 Kryeministri i rizgjedhur, Albin Kurti n\u00eb tubimin e organizuar pas daljes si partia m\u00eb e votuar n\u00eb zgjedhjet e parakohshme\" \/>\n<meta property=\"og:url\" content=\"https:\/\/veritasinfo.org\/?p=26158\" \/>\n<meta property=\"article:published_time\" content=\"2025-12-31T05:38:46+00:00\" \/>\n<meta property=\"og:image\" content=\"https:\/\/veritasinfo.org\/wp-content\/uploads\/2025\/12\/01000000-0aff-0242-3f30-08dc481468c2_w1080_h608.jpg\" \/>\n\t<meta property=\"og:image:width\" content=\"1080\" \/>\n\t<meta property=\"og:image:height\" content=\"608\" \/>\n\t<meta property=\"og:image:type\" content=\"image\/jpeg\" \/>\n<meta name=\"author\" content=\"US6\" \/>\n<meta name=\"twitter:card\" content=\"summary_large_image\" \/>\n<meta name=\"twitter:label1\" content=\"Written by\" \/>\n\t<meta name=\"twitter:data1\" content=\"US6\" \/>\n\t<meta name=\"twitter:label2\" content=\"Est. reading time\" \/>\n\t<meta name=\"twitter:data2\" content=\"2 minutes\" \/>\n<script type=\"application\/ld+json\" class=\"yoast-schema-graph\">{\"@context\":\"https:\/\/schema.org\",\"@graph\":[{\"@type\":\"WebPage\",\"@id\":\"https:\/\/veritasinfo.org\/?p=26158\",\"url\":\"https:\/\/veritasinfo.org\/?p=26158\",\"name\":\"Kurti premton konstituim t\u00eb shpejt\u00eb t\u00eb Kuvendit dhe formimin e Qeveris\u00eb -\",\"isPartOf\":{\"@id\":\"https:\/\/veritasinfo.org\/#website\"},\"primaryImageOfPage\":{\"@id\":\"https:\/\/veritasinfo.org\/?p=26158#primaryimage\"},\"image\":{\"@id\":\"https:\/\/veritasinfo.org\/?p=26158#primaryimage\"},\"thumbnailUrl\":\"https:\/\/veritasinfo.org\/wp-content\/uploads\/2025\/12\/01000000-0aff-0242-3f30-08dc481468c2_w1080_h608.jpg\",\"datePublished\":\"2025-12-31T05:38:46+00:00\",\"author\":{\"@id\":\"https:\/\/veritasinfo.org\/#\/schema\/person\/fe199eede04c3937362892b7444747cc\"},\"breadcrumb\":{\"@id\":\"https:\/\/veritasinfo.org\/?p=26158#breadcrumb\"},\"inLanguage\":\"en-US\",\"potentialAction\":[{\"@type\":\"ReadAction\",\"target\":[\"https:\/\/veritasinfo.org\/?p=26158\"]}]},{\"@type\":\"ImageObject\",\"inLanguage\":\"en-US\",\"@id\":\"https:\/\/veritasinfo.org\/?p=26158#primaryimage\",\"url\":\"https:\/\/veritasinfo.org\/wp-content\/uploads\/2025\/12\/01000000-0aff-0242-3f30-08dc481468c2_w1080_h608.jpg\",\"contentUrl\":\"https:\/\/veritasinfo.org\/wp-content\/uploads\/2025\/12\/01000000-0aff-0242-3f30-08dc481468c2_w1080_h608.jpg\",\"width\":1080,\"height\":608},{\"@type\":\"BreadcrumbList\",\"@id\":\"https:\/\/veritasinfo.org\/?p=26158#breadcrumb\",\"itemListElement\":[{\"@type\":\"ListItem\",\"position\":1,\"name\":\"Home\",\"item\":\"https:\/\/veritasinfo.org\/\"},{\"@type\":\"ListItem\",\"position\":2,\"name\":\"Kurti premton konstituim t\u00eb shpejt\u00eb t\u00eb Kuvendit dhe formimin e Qeveris\u00eb\"}]},{\"@type\":\"WebSite\",\"@id\":\"https:\/\/veritasinfo.org\/#website\",\"url\":\"https:\/\/veritasinfo.org\/\",\"name\":\"\",\"description\":\"\",\"potentialAction\":[{\"@type\":\"SearchAction\",\"target\":{\"@type\":\"EntryPoint\",\"urlTemplate\":\"https:\/\/veritasinfo.org\/?s={search_term_string}\"},\"query-input\":{\"@type\":\"PropertyValueSpecification\",\"valueRequired\":true,\"valueName\":\"search_term_string\"}}],\"inLanguage\":\"en-US\"},{\"@type\":\"Person\",\"@id\":\"https:\/\/veritasinfo.org\/#\/schema\/person\/fe199eede04c3937362892b7444747cc\",\"name\":\"US6\",\"image\":{\"@type\":\"ImageObject\",\"inLanguage\":\"en-US\",\"@id\":\"https:\/\/veritasinfo.org\/#\/schema\/person\/image\/\",\"url\":\"https:\/\/secure.gravatar.com\/avatar\/cb16c3c31c9d23b9b8c705964598220b3014e42ff51eb540ff23cefa3ae8c15f?s=96&d=mm&r=g\",\"contentUrl\":\"https:\/\/secure.gravatar.com\/avatar\/cb16c3c31c9d23b9b8c705964598220b3014e42ff51eb540ff23cefa3ae8c15f?s=96&d=mm&r=g\",\"caption\":\"US6\"},\"url\":\"https:\/\/veritasinfo.org\/?author=7\"}]}<\/script>\n<!-- \/ Yoast SEO plugin. -->","yoast_head_json":{"title":"Kurti premton konstituim t\u00eb shpejt\u00eb t\u00eb Kuvendit dhe formimin e Qeveris\u00eb -","robots":{"index":"index","follow":"follow","max-snippet":"max-snippet:-1","max-image-preview":"max-image-preview:large","max-video-preview":"max-video-preview:-1"},"canonical":"https:\/\/veritasinfo.org\/?p=26158","og_locale":"en_US","og_type":"article","og_title":"Kurti premton konstituim t\u00eb shpejt\u00eb t\u00eb Kuvendit dhe formimin e Qeveris\u00eb -","og_description":"Prishtin\u00eb, 31 dhjetor 2025 06:37 Kryeministri i rizgjedhur, Albin Kurti n\u00eb tubimin e organizuar pas daljes si partia m\u00eb e votuar n\u00eb zgjedhjet e parakohshme","og_url":"https:\/\/veritasinfo.org\/?p=26158","article_published_time":"2025-12-31T05:38:46+00:00","og_image":[{"width":1080,"height":608,"url":"https:\/\/veritasinfo.org\/wp-content\/uploads\/2025\/12\/01000000-0aff-0242-3f30-08dc481468c2_w1080_h608.jpg","type":"image\/jpeg"}],"author":"US6","twitter_card":"summary_large_image","twitter_misc":{"Written by":"US6","Est. reading time":"2 minutes"},"schema":{"@context":"https:\/\/schema.org","@graph":[{"@type":"WebPage","@id":"https:\/\/veritasinfo.org\/?p=26158","url":"https:\/\/veritasinfo.org\/?p=26158","name":"Kurti premton konstituim t\u00eb shpejt\u00eb t\u00eb Kuvendit dhe formimin e Qeveris\u00eb -","isPartOf":{"@id":"https:\/\/veritasinfo.org\/#website"},"primaryImageOfPage":{"@id":"https:\/\/veritasinfo.org\/?p=26158#primaryimage"},"image":{"@id":"https:\/\/veritasinfo.org\/?p=26158#primaryimage"},"thumbnailUrl":"https:\/\/veritasinfo.org\/wp-content\/uploads\/2025\/12\/01000000-0aff-0242-3f30-08dc481468c2_w1080_h608.jpg","datePublished":"2025-12-31T05:38:46+00:00","author":{"@id":"https:\/\/veritasinfo.org\/#\/schema\/person\/fe199eede04c3937362892b7444747cc"},"breadcrumb":{"@id":"https:\/\/veritasinfo.org\/?p=26158#breadcrumb"},"inLanguage":"en-US","potentialAction":[{"@type":"ReadAction","target":["https:\/\/veritasinfo.org\/?p=26158"]}]},{"@type":"ImageObject","inLanguage":"en-US","@id":"https:\/\/veritasinfo.org\/?p=26158#primaryimage","url":"https:\/\/veritasinfo.org\/wp-content\/uploads\/2025\/12\/01000000-0aff-0242-3f30-08dc481468c2_w1080_h608.jpg","contentUrl":"https:\/\/veritasinfo.org\/wp-content\/uploads\/2025\/12\/01000000-0aff-0242-3f30-08dc481468c2_w1080_h608.jpg","width":1080,"height":608},{"@type":"BreadcrumbList","@id":"https:\/\/veritasinfo.org\/?p=26158#breadcrumb","itemListElement":[{"@type":"ListItem","position":1,"name":"Home","item":"https:\/\/veritasinfo.org\/"},{"@type":"ListItem","position":2,"name":"Kurti premton konstituim t\u00eb shpejt\u00eb t\u00eb Kuvendit dhe formimin e Qeveris\u00eb"}]},{"@type":"WebSite","@id":"https:\/\/veritasinfo.org\/#website","url":"https:\/\/veritasinfo.org\/","name":"","description":"","potentialAction":[{"@type":"SearchAction","target":{"@type":"EntryPoint","urlTemplate":"https:\/\/veritasinfo.org\/?s={search_term_string}"},"query-input":{"@type":"PropertyValueSpecification","valueRequired":true,"valueName":"search_term_string"}}],"inLanguage":"en-US"},{"@type":"Person","@id":"https:\/\/veritasinfo.org\/#\/schema\/person\/fe199eede04c3937362892b7444747cc","name":"US6","image":{"@type":"ImageObject","inLanguage":"en-US","@id":"https:\/\/veritasinfo.org\/#\/schema\/person\/image\/","url":"https:\/\/secure.gravatar.com\/avatar\/cb16c3c31c9d23b9b8c705964598220b3014e42ff51eb540ff23cefa3ae8c15f?s=96&d=mm&r=g","contentUrl":"https:\/\/secure.gravatar.com\/avatar\/cb16c3c31c9d23b9b8c705964598220b3014e42ff51eb540ff23cefa3ae8c15f?s=96&d=mm&r=g","caption":"US6"},"url":"https:\/\/veritasinfo.org\/?author=7"}]}},"featured_image_urls":{"full":["https:\/\/veritasinfo.org\/wp-content\/uploads\/2025\/12\/01000000-0aff-0242-3f30-08dc481468c2_w1080_h608.jpg",1080,608,false],"thumbnail":["https:\/\/veritasinfo.org\/wp-content\/uploads\/2025\/12\/01000000-0aff-0242-3f30-08dc481468c2_w1080_h608-150x150.jpg",150,150,true],"medium":["https:\/\/veritasinfo.org\/wp-content\/uploads\/2025\/12\/01000000-0aff-0242-3f30-08dc481468c2_w1080_h608-300x169.jpg",300,169,true],"medium_large":["https:\/\/veritasinfo.org\/wp-content\/uploads\/2025\/12\/01000000-0aff-0242-3f30-08dc481468c2_w1080_h608-768x432.jpg",640,360,true],"large":["https:\/\/veritasinfo.org\/wp-content\/uploads\/2025\/12\/01000000-0aff-0242-3f30-08dc481468c2_w1080_h608-1024x576.jpg",640,360,true],"1536x1536":["https:\/\/veritasinfo.org\/wp-content\/uploads\/2025\/12\/01000000-0aff-0242-3f30-08dc481468c2_w1080_h608.jpg",1080,608,false],"2048x2048":["https:\/\/veritasinfo.org\/wp-content\/uploads\/2025\/12\/01000000-0aff-0242-3f30-08dc481468c2_w1080_h608.jpg",1080,608,false],"kreeti-slider-full":["https:\/\/veritasinfo.org\/wp-content\/uploads\/2025\/12\/01000000-0aff-0242-3f30-08dc481468c2_w1080_h608.jpg",1080,608,false],"kreeti-featured":["https:\/\/veritasinfo.org\/wp-content\/uploads\/2025\/12\/01000000-0aff-0242-3f30-08dc481468c2_w1080_h608.jpg",1024,576,false],"kreeti-medium":["https:\/\/veritasinfo.org\/wp-content\/uploads\/2025\/12\/01000000-0aff-0242-3f30-08dc481468c2_w1080_h608.jpg",720,405,false],"kreeti-medium-square":["https:\/\/veritasinfo.org\/wp-content\/uploads\/2025\/12\/01000000-0aff-0242-3f30-08dc481468c2_w1080_h608.jpg",350,197,false]},"author_info":{"info":["US6"]},"category_info":"<a href=\"https:\/\/veritasinfo.org\/?cat=58\" rel=\"category\">Politik\u00eb<\/a>","tag_info":"Politik\u00eb","comment_count":"0","_links":{"self":[{"href":"https:\/\/veritasinfo.org\/index.php?rest_route=\/wp\/v2\/posts\/26158","targetHints":{"allow":["GET"]}}],"collection":[{"href":"https:\/\/veritasinfo.org\/index.php?rest_route=\/wp\/v2\/posts"}],"about":[{"href":"https:\/\/veritasinfo.org\/index.php?rest_route=\/wp\/v2\/types\/post"}],"author":[{"embeddable":true,"href":"https:\/\/veritasinfo.org\/index.php?rest_route=\/wp\/v2\/users\/7"}],"replies":[{"embeddable":true,"href":"https:\/\/veritasinfo.org\/index.php?rest_route=%2Fwp%2Fv2%2Fcomments&post=26158"}],"version-history":[{"count":1,"href":"https:\/\/veritasinfo.org\/index.php?rest_route=\/wp\/v2\/posts\/26158\/revisions"}],"predecessor-version":[{"id":26160,"href":"https:\/\/veritasinfo.org\/index.php?rest_route=\/wp\/v2\/posts\/26158\/revisions\/26160"}],"wp:featuredmedia":[{"embeddable":true,"href":"https:\/\/veritasinfo.org\/index.php?rest_route=\/wp\/v2\/media\/26159"}],"wp:attachment":[{"href":"https:\/\/veritasinfo.org\/index.php?rest_route=%2Fwp%2Fv2%2Fmedia&parent=26158"}],"wp:term":[{"taxonomy":"category","embeddable":true,"href":"https:\/\/veritasinfo.org\/index.php?rest_route=%2Fwp%2Fv2%2Fcategories&post=26158"},{"taxonomy":"post_tag","embeddable":true,"href":"https:\/\/veritasinfo.org\/index.php?rest_route=%2Fwp%2Fv2%2Ftags&post=26158"}],"curies":[{"name":"wp","href":"https:\/\/api.w.org\/{rel}","templated":true}]}}