{"id":26142,"date":"2025-12-30T20:26:25","date_gmt":"2025-12-30T19:26:25","guid":{"rendered":"https:\/\/veritasinfo.org\/?p=26142"},"modified":"2025-12-30T20:26:25","modified_gmt":"2025-12-30T19:26:25","slug":"vdekja-e-dy-personave-brenda-viles-ne-peje-prokuroria-jane-siguruar-prova-e-identifikuar-deshmitare","status":"publish","type":"post","link":"https:\/\/veritasinfo.org\/?p=26142","title":{"rendered":"Vdekja e dy personave brenda viles n\u00eb Pej\u00eb, Prokuroria: Jan\u00eb siguruar prova e identifikuar d\u00ebshmitar\u00eb"},"content":{"rendered":"<p><strong>Pej\u00eb, 30 dhjetor 2025 20:26<\/strong><\/p>\n<p>Dy persona jan\u00eb gjetur t\u00eb vdekur brenda nj\u00eb vile n\u00eb Pej\u00eb.<\/p>\n<p>Lidhur me k\u00ebt\u00eb rast, z\u00ebdh\u00ebn\u00ebsi i Prokuroris\u00eb Themelore t\u00eb Pej\u00ebs, Shkodran Nik\u00e7i, ka b\u00ebr\u00eb t\u00eb ditur se n\u00eb vendin e ngjarjes jan\u00eb siguruar prova q\u00eb do t\u00eb p\u00ebrdoren n\u00eb hetimet e m\u00ebtejshme.<\/p>\n<p>Gjithashtu, ai b\u00ebri t\u00eb ditur se jan\u00eb identifikuar d\u00ebshmitar\u00ebt dhe po kryhen veprimet e nevojshme p\u00ebr t\u00eb sqaruar rrethanat e ngjarjes.<\/p>\n<p>\u201cMe t\u00eb pranuar informat\u00ebn menj\u00ebher\u00eb kan\u00eb dal\u00eb n\u00eb vendin e ngjarjes Policia e Kosov\u00ebs, dyshohet se ishin pa shenje jete n\u00eb nj\u00eb motel. N\u00eb vendin e ngjarjes kan\u00eb dal\u00eb kryeprokurorja e Prokuroris\u00eb Themelore t\u00eb Pej\u00ebs dhe prokurorja e Krimeve t\u00eb R\u00ebnda dhe jan\u00eb nd\u00ebrmarr\u00eb t\u00eb gjitha veprimet n\u00eb vendin e ngjarjes duke siguruar provat t\u00eb cilat do t\u00eb sh\u00ebrbejn\u00eb n\u00eb veprimet e m\u00ebtutjeshme. Nj\u00ebkoh\u00ebsisht jan\u00eb identifikuar d\u00ebshmitar\u00eb, \u00ebsht\u00eb ftuar Mjek\u00ebsia Ligjore p\u00ebr t\u2019i t\u00ebrhequr trupat e pajet\u00eb dhe me urdh\u00ebr t\u00eb shtetit t\u00eb b\u00ebhet autopsia. P\u00ebr shkak t\u00eb ndjeshm\u00ebris\u00eb s\u00eb rastit nuk mund t\u00eb jepen detaje m\u00eb shum\u00eb\u201d, tha Nik\u00e7i.<\/p>\n<p>Nd\u00ebrkoh\u00eb, rasti \u00ebsht\u00eb konfirmuar edhe nga Policia e Kosov\u00ebs.<\/p>\n<p>Z\u00ebdh\u00ebn\u00ebsi i Policis\u00eb p\u00ebr rajonin e Pej\u00ebs, Fadil Gashi, konfirmoi se vdekjen e viktimave \u00ebsht\u00eb konstatuar mjeku kujdestar.<\/p>\n<p>&nbsp;<\/p>\n","protected":false},"excerpt":{"rendered":"<p>Pej\u00eb, 30 dhjetor 2025 20:26 Dy persona jan\u00eb gjetur t\u00eb vdekur brenda nj\u00eb vile n\u00eb Pej\u00eb. Lidhur me k\u00ebt\u00eb rast, z\u00ebdh\u00ebn\u00ebsi i Prokuroris\u00eb Themelore t\u00eb<\/p>\n","protected":false},"author":7,"featured_media":26143,"comment_status":"open","ping_status":"open","sticky":false,"template":"","format":"standard","meta":{"footnotes":""},"categories":[101],"tags":[],"class_list":["post-26142","post","type-post","status-publish","format-standard","has-post-thumbnail","hentry","category-kronika"],"yoast_head":"<!-- This site is optimized with the Yoast SEO plugin v25.3.1 - https:\/\/yoast.com\/wordpress\/plugins\/seo\/ -->\n<title>Vdekja e dy personave brenda viles n\u00eb Pej\u00eb, Prokuroria: Jan\u00eb siguruar prova e identifikuar d\u00ebshmitar\u00eb -<\/title>\n<meta name=\"robots\" content=\"index, follow, max-snippet:-1, max-image-preview:large, max-video-preview:-1\" \/>\n<link rel=\"canonical\" href=\"https:\/\/veritasinfo.org\/?p=26142\" \/>\n<meta property=\"og:locale\" content=\"en_US\" \/>\n<meta property=\"og:type\" content=\"article\" \/>\n<meta property=\"og:title\" content=\"Vdekja e dy personave brenda viles n\u00eb Pej\u00eb, Prokuroria: Jan\u00eb siguruar prova e identifikuar d\u00ebshmitar\u00eb -\" \/>\n<meta property=\"og:description\" content=\"Pej\u00eb, 30 dhjetor 2025 20:26 Dy persona jan\u00eb gjetur t\u00eb vdekur brenda nj\u00eb vile n\u00eb Pej\u00eb. Lidhur me k\u00ebt\u00eb rast, z\u00ebdh\u00ebn\u00ebsi i Prokuroris\u00eb Themelore t\u00eb\" \/>\n<meta property=\"og:url\" content=\"https:\/\/veritasinfo.org\/?p=26142\" \/>\n<meta property=\"article:published_time\" content=\"2025-12-30T19:26:25+00:00\" \/>\n<meta property=\"og:image\" content=\"https:\/\/veritasinfo.org\/wp-content\/uploads\/2025\/12\/1-105.jpg\" \/>\n\t<meta property=\"og:image:width\" content=\"803\" \/>\n\t<meta property=\"og:image:height\" content=\"537\" \/>\n\t<meta property=\"og:image:type\" content=\"image\/jpeg\" \/>\n<meta name=\"author\" content=\"US6\" \/>\n<meta name=\"twitter:card\" content=\"summary_large_image\" \/>\n<meta name=\"twitter:label1\" content=\"Written by\" \/>\n\t<meta name=\"twitter:data1\" content=\"US6\" \/>\n\t<meta name=\"twitter:label2\" content=\"Est. reading time\" \/>\n\t<meta name=\"twitter:data2\" content=\"2 minutes\" \/>\n<script type=\"application\/ld+json\" class=\"yoast-schema-graph\">{\"@context\":\"https:\/\/schema.org\",\"@graph\":[{\"@type\":\"WebPage\",\"@id\":\"https:\/\/veritasinfo.org\/?p=26142\",\"url\":\"https:\/\/veritasinfo.org\/?p=26142\",\"name\":\"Vdekja e dy personave brenda viles n\u00eb Pej\u00eb, Prokuroria: Jan\u00eb siguruar prova e identifikuar d\u00ebshmitar\u00eb -\",\"isPartOf\":{\"@id\":\"https:\/\/veritasinfo.org\/#website\"},\"primaryImageOfPage\":{\"@id\":\"https:\/\/veritasinfo.org\/?p=26142#primaryimage\"},\"image\":{\"@id\":\"https:\/\/veritasinfo.org\/?p=26142#primaryimage\"},\"thumbnailUrl\":\"https:\/\/veritasinfo.org\/wp-content\/uploads\/2025\/12\/1-105.jpg\",\"datePublished\":\"2025-12-30T19:26:25+00:00\",\"author\":{\"@id\":\"https:\/\/veritasinfo.org\/#\/schema\/person\/fe199eede04c3937362892b7444747cc\"},\"breadcrumb\":{\"@id\":\"https:\/\/veritasinfo.org\/?p=26142#breadcrumb\"},\"inLanguage\":\"en-US\",\"potentialAction\":[{\"@type\":\"ReadAction\",\"target\":[\"https:\/\/veritasinfo.org\/?p=26142\"]}]},{\"@type\":\"ImageObject\",\"inLanguage\":\"en-US\",\"@id\":\"https:\/\/veritasinfo.org\/?p=26142#primaryimage\",\"url\":\"https:\/\/veritasinfo.org\/wp-content\/uploads\/2025\/12\/1-105.jpg\",\"contentUrl\":\"https:\/\/veritasinfo.org\/wp-content\/uploads\/2025\/12\/1-105.jpg\",\"width\":803,\"height\":537},{\"@type\":\"BreadcrumbList\",\"@id\":\"https:\/\/veritasinfo.org\/?p=26142#breadcrumb\",\"itemListElement\":[{\"@type\":\"ListItem\",\"position\":1,\"name\":\"Home\",\"item\":\"https:\/\/veritasinfo.org\/\"},{\"@type\":\"ListItem\",\"position\":2,\"name\":\"Vdekja e dy personave brenda viles n\u00eb Pej\u00eb, Prokuroria: Jan\u00eb siguruar prova e identifikuar d\u00ebshmitar\u00eb\"}]},{\"@type\":\"WebSite\",\"@id\":\"https:\/\/veritasinfo.org\/#website\",\"url\":\"https:\/\/veritasinfo.org\/\",\"name\":\"\",\"description\":\"\",\"potentialAction\":[{\"@type\":\"SearchAction\",\"target\":{\"@type\":\"EntryPoint\",\"urlTemplate\":\"https:\/\/veritasinfo.org\/?s={search_term_string}\"},\"query-input\":{\"@type\":\"PropertyValueSpecification\",\"valueRequired\":true,\"valueName\":\"search_term_string\"}}],\"inLanguage\":\"en-US\"},{\"@type\":\"Person\",\"@id\":\"https:\/\/veritasinfo.org\/#\/schema\/person\/fe199eede04c3937362892b7444747cc\",\"name\":\"US6\",\"image\":{\"@type\":\"ImageObject\",\"inLanguage\":\"en-US\",\"@id\":\"https:\/\/veritasinfo.org\/#\/schema\/person\/image\/\",\"url\":\"https:\/\/secure.gravatar.com\/avatar\/cb16c3c31c9d23b9b8c705964598220b3014e42ff51eb540ff23cefa3ae8c15f?s=96&d=mm&r=g\",\"contentUrl\":\"https:\/\/secure.gravatar.com\/avatar\/cb16c3c31c9d23b9b8c705964598220b3014e42ff51eb540ff23cefa3ae8c15f?s=96&d=mm&r=g\",\"caption\":\"US6\"},\"url\":\"https:\/\/veritasinfo.org\/?author=7\"}]}<\/script>\n<!-- \/ Yoast SEO plugin. -->","yoast_head_json":{"title":"Vdekja e dy personave brenda viles n\u00eb Pej\u00eb, Prokuroria: Jan\u00eb siguruar prova e identifikuar d\u00ebshmitar\u00eb -","robots":{"index":"index","follow":"follow","max-snippet":"max-snippet:-1","max-image-preview":"max-image-preview:large","max-video-preview":"max-video-preview:-1"},"canonical":"https:\/\/veritasinfo.org\/?p=26142","og_locale":"en_US","og_type":"article","og_title":"Vdekja e dy personave brenda viles n\u00eb Pej\u00eb, Prokuroria: Jan\u00eb siguruar prova e identifikuar d\u00ebshmitar\u00eb -","og_description":"Pej\u00eb, 30 dhjetor 2025 20:26 Dy persona jan\u00eb gjetur t\u00eb vdekur brenda nj\u00eb vile n\u00eb Pej\u00eb. Lidhur me k\u00ebt\u00eb rast, z\u00ebdh\u00ebn\u00ebsi i Prokuroris\u00eb Themelore t\u00eb","og_url":"https:\/\/veritasinfo.org\/?p=26142","article_published_time":"2025-12-30T19:26:25+00:00","og_image":[{"width":803,"height":537,"url":"https:\/\/veritasinfo.org\/wp-content\/uploads\/2025\/12\/1-105.jpg","type":"image\/jpeg"}],"author":"US6","twitter_card":"summary_large_image","twitter_misc":{"Written by":"US6","Est. reading time":"2 minutes"},"schema":{"@context":"https:\/\/schema.org","@graph":[{"@type":"WebPage","@id":"https:\/\/veritasinfo.org\/?p=26142","url":"https:\/\/veritasinfo.org\/?p=26142","name":"Vdekja e dy personave brenda viles n\u00eb Pej\u00eb, Prokuroria: Jan\u00eb siguruar prova e identifikuar d\u00ebshmitar\u00eb -","isPartOf":{"@id":"https:\/\/veritasinfo.org\/#website"},"primaryImageOfPage":{"@id":"https:\/\/veritasinfo.org\/?p=26142#primaryimage"},"image":{"@id":"https:\/\/veritasinfo.org\/?p=26142#primaryimage"},"thumbnailUrl":"https:\/\/veritasinfo.org\/wp-content\/uploads\/2025\/12\/1-105.jpg","datePublished":"2025-12-30T19:26:25+00:00","author":{"@id":"https:\/\/veritasinfo.org\/#\/schema\/person\/fe199eede04c3937362892b7444747cc"},"breadcrumb":{"@id":"https:\/\/veritasinfo.org\/?p=26142#breadcrumb"},"inLanguage":"en-US","potentialAction":[{"@type":"ReadAction","target":["https:\/\/veritasinfo.org\/?p=26142"]}]},{"@type":"ImageObject","inLanguage":"en-US","@id":"https:\/\/veritasinfo.org\/?p=26142#primaryimage","url":"https:\/\/veritasinfo.org\/wp-content\/uploads\/2025\/12\/1-105.jpg","contentUrl":"https:\/\/veritasinfo.org\/wp-content\/uploads\/2025\/12\/1-105.jpg","width":803,"height":537},{"@type":"BreadcrumbList","@id":"https:\/\/veritasinfo.org\/?p=26142#breadcrumb","itemListElement":[{"@type":"ListItem","position":1,"name":"Home","item":"https:\/\/veritasinfo.org\/"},{"@type":"ListItem","position":2,"name":"Vdekja e dy personave brenda viles n\u00eb Pej\u00eb, Prokuroria: Jan\u00eb siguruar prova e identifikuar d\u00ebshmitar\u00eb"}]},{"@type":"WebSite","@id":"https:\/\/veritasinfo.org\/#website","url":"https:\/\/veritasinfo.org\/","name":"","description":"","potentialAction":[{"@type":"SearchAction","target":{"@type":"EntryPoint","urlTemplate":"https:\/\/veritasinfo.org\/?s={search_term_string}"},"query-input":{"@type":"PropertyValueSpecification","valueRequired":true,"valueName":"search_term_string"}}],"inLanguage":"en-US"},{"@type":"Person","@id":"https:\/\/veritasinfo.org\/#\/schema\/person\/fe199eede04c3937362892b7444747cc","name":"US6","image":{"@type":"ImageObject","inLanguage":"en-US","@id":"https:\/\/veritasinfo.org\/#\/schema\/person\/image\/","url":"https:\/\/secure.gravatar.com\/avatar\/cb16c3c31c9d23b9b8c705964598220b3014e42ff51eb540ff23cefa3ae8c15f?s=96&d=mm&r=g","contentUrl":"https:\/\/secure.gravatar.com\/avatar\/cb16c3c31c9d23b9b8c705964598220b3014e42ff51eb540ff23cefa3ae8c15f?s=96&d=mm&r=g","caption":"US6"},"url":"https:\/\/veritasinfo.org\/?author=7"}]}},"featured_image_urls":{"full":["https:\/\/veritasinfo.org\/wp-content\/uploads\/2025\/12\/1-105.jpg",803,537,false],"thumbnail":["https:\/\/veritasinfo.org\/wp-content\/uploads\/2025\/12\/1-105-150x150.jpg",150,150,true],"medium":["https:\/\/veritasinfo.org\/wp-content\/uploads\/2025\/12\/1-105-300x201.jpg",300,201,true],"medium_large":["https:\/\/veritasinfo.org\/wp-content\/uploads\/2025\/12\/1-105-768x514.jpg",640,428,true],"large":["https:\/\/veritasinfo.org\/wp-content\/uploads\/2025\/12\/1-105.jpg",640,428,false],"1536x1536":["https:\/\/veritasinfo.org\/wp-content\/uploads\/2025\/12\/1-105.jpg",803,537,false],"2048x2048":["https:\/\/veritasinfo.org\/wp-content\/uploads\/2025\/12\/1-105.jpg",803,537,false],"kreeti-slider-full":["https:\/\/veritasinfo.org\/wp-content\/uploads\/2025\/12\/1-105.jpg",803,537,false],"kreeti-featured":["https:\/\/veritasinfo.org\/wp-content\/uploads\/2025\/12\/1-105.jpg",803,537,false],"kreeti-medium":["https:\/\/veritasinfo.org\/wp-content\/uploads\/2025\/12\/1-105.jpg",720,481,false],"kreeti-medium-square":["https:\/\/veritasinfo.org\/wp-content\/uploads\/2025\/12\/1-105.jpg",350,234,false]},"author_info":{"info":["US6"]},"category_info":"<a href=\"https:\/\/veritasinfo.org\/?cat=101\" rel=\"category\">Kronika<\/a>","tag_info":"Kronika","comment_count":"0","_links":{"self":[{"href":"https:\/\/veritasinfo.org\/index.php?rest_route=\/wp\/v2\/posts\/26142","targetHints":{"allow":["GET"]}}],"collection":[{"href":"https:\/\/veritasinfo.org\/index.php?rest_route=\/wp\/v2\/posts"}],"about":[{"href":"https:\/\/veritasinfo.org\/index.php?rest_route=\/wp\/v2\/types\/post"}],"author":[{"embeddable":true,"href":"https:\/\/veritasinfo.org\/index.php?rest_route=\/wp\/v2\/users\/7"}],"replies":[{"embeddable":true,"href":"https:\/\/veritasinfo.org\/index.php?rest_route=%2Fwp%2Fv2%2Fcomments&post=26142"}],"version-history":[{"count":1,"href":"https:\/\/veritasinfo.org\/index.php?rest_route=\/wp\/v2\/posts\/26142\/revisions"}],"predecessor-version":[{"id":26144,"href":"https:\/\/veritasinfo.org\/index.php?rest_route=\/wp\/v2\/posts\/26142\/revisions\/26144"}],"wp:featuredmedia":[{"embeddable":true,"href":"https:\/\/veritasinfo.org\/index.php?rest_route=\/wp\/v2\/media\/26143"}],"wp:attachment":[{"href":"https:\/\/veritasinfo.org\/index.php?rest_route=%2Fwp%2Fv2%2Fmedia&parent=26142"}],"wp:term":[{"taxonomy":"category","embeddable":true,"href":"https:\/\/veritasinfo.org\/index.php?rest_route=%2Fwp%2Fv2%2Fcategories&post=26142"},{"taxonomy":"post_tag","embeddable":true,"href":"https:\/\/veritasinfo.org\/index.php?rest_route=%2Fwp%2Fv2%2Ftags&post=26142"}],"curies":[{"name":"wp","href":"https:\/\/api.w.org\/{rel}","templated":true}]}}