{"id":26137,"date":"2025-12-30T20:20:36","date_gmt":"2025-12-30T19:20:36","guid":{"rendered":"https:\/\/veritasinfo.org\/?p=26137"},"modified":"2025-12-30T20:20:36","modified_gmt":"2025-12-30T19:20:36","slug":"foda-faleminderit-per-mbeshtetjen-e-vazhdueshme","status":"publish","type":"post","link":"https:\/\/veritasinfo.org\/?p=26137","title":{"rendered":"Foda: Faleminderit p\u00ebr mb\u00ebshtetjen e vazhdueshme"},"content":{"rendered":"<p><strong>Prishtin\u00eb, 30 dhjetor 2025 20:20<\/strong><\/p>\n<p>P\u00ebrzgjedh\u00ebsi i Komb\u00ebtares s\u00eb Kosov\u00ebs, Franco Foda, ka p\u00ebrcjell\u00eb nj\u00eb mesazh urimi p\u00ebr Vitin e Ri 2026, duke fal\u00ebnderuar t\u00eb gjith\u00eb ata q\u00eb mb\u00ebshtesin futbollin kosovar, ka njoftuar Federata e Futbollit e Kosov\u00ebs.<\/p>\n<p>&#8220;P\u00ebrzgjedh\u00ebsi i Komb\u00ebtares s\u00eb Kosov\u00ebs, Franco Foda, uron t\u00eb gjith\u00eb punonj\u00ebsit e Federat\u00ebs s\u00eb Futbollit t\u00eb Kosov\u00ebs, tifoz\u00ebt e Komb\u00ebtares, p\u00ebrfaq\u00ebsuesit e mediave dhe gjith\u00eb qytetar\u00ebt e Republik\u00ebs s\u00eb Kosov\u00ebs p\u00ebr nj\u00eb vit 2026 t\u00eb mbar\u00eb, me sh\u00ebndet dhe suksese. Faleminderit p\u00ebr mb\u00ebshtetjen e vazhdueshme. Shihemi s\u00eb shpejti!&#8221;, ka njoftuar FFK.<\/p>\n<p>Kosova tashm\u00eb gjendet n\u00eb\u00a0barazh n\u00eb kuad\u00ebr t\u00eb kualifikimeve p\u00ebt Bot\u00ebrorin 2026, ku n\u00eb mars t\u00eb vitit q\u00eb vjen do t\u00eb luaj\u00eb kund\u00ebr Sllovakis\u00eb. Kjo ndeshje do t\u00eb qart\u00ebsoj\u00eb n\u00ebse Kosova do t\u00eb ndeshet edhe me fituesin e takimit Rumani &#8211; Turqi apo do t\u00eb eliminohet.<\/p>\n<p>&nbsp;<\/p>\n","protected":false},"excerpt":{"rendered":"<p>Prishtin\u00eb, 30 dhjetor 2025 20:20 P\u00ebrzgjedh\u00ebsi i Komb\u00ebtares s\u00eb Kosov\u00ebs, Franco Foda, ka p\u00ebrcjell\u00eb nj\u00eb mesazh urimi p\u00ebr Vitin e Ri 2026, duke fal\u00ebnderuar t\u00eb<\/p>\n","protected":false},"author":7,"featured_media":26138,"comment_status":"open","ping_status":"open","sticky":false,"template":"","format":"standard","meta":{"footnotes":""},"categories":[5],"tags":[],"class_list":["post-26137","post","type-post","status-publish","format-standard","has-post-thumbnail","hentry","category-sport-sq"],"yoast_head":"<!-- This site is optimized with the Yoast SEO plugin v25.3.1 - https:\/\/yoast.com\/wordpress\/plugins\/seo\/ -->\n<title>Foda: Faleminderit p\u00ebr mb\u00ebshtetjen e vazhdueshme -<\/title>\n<meta name=\"robots\" content=\"index, follow, max-snippet:-1, max-image-preview:large, max-video-preview:-1\" \/>\n<link rel=\"canonical\" href=\"https:\/\/veritasinfo.org\/?p=26137\" \/>\n<meta property=\"og:locale\" content=\"en_US\" \/>\n<meta property=\"og:type\" content=\"article\" \/>\n<meta property=\"og:title\" content=\"Foda: Faleminderit p\u00ebr mb\u00ebshtetjen e vazhdueshme -\" \/>\n<meta property=\"og:description\" content=\"Prishtin\u00eb, 30 dhjetor 2025 20:20 P\u00ebrzgjedh\u00ebsi i Komb\u00ebtares s\u00eb Kosov\u00ebs, Franco Foda, ka p\u00ebrcjell\u00eb nj\u00eb mesazh urimi p\u00ebr Vitin e Ri 2026, duke fal\u00ebnderuar t\u00eb\" \/>\n<meta property=\"og:url\" content=\"https:\/\/veritasinfo.org\/?p=26137\" \/>\n<meta property=\"article:published_time\" content=\"2025-12-30T19:20:36+00:00\" \/>\n<meta property=\"og:image\" content=\"https:\/\/veritasinfo.org\/wp-content\/uploads\/2025\/12\/1-104.jpg\" \/>\n\t<meta property=\"og:image:width\" content=\"780\" \/>\n\t<meta property=\"og:image:height\" content=\"500\" \/>\n\t<meta property=\"og:image:type\" content=\"image\/jpeg\" \/>\n<meta name=\"author\" content=\"US6\" \/>\n<meta name=\"twitter:card\" content=\"summary_large_image\" \/>\n<meta name=\"twitter:label1\" content=\"Written by\" \/>\n\t<meta name=\"twitter:data1\" content=\"US6\" \/>\n\t<meta name=\"twitter:label2\" content=\"Est. reading time\" \/>\n\t<meta name=\"twitter:data2\" content=\"1 minute\" \/>\n<script type=\"application\/ld+json\" class=\"yoast-schema-graph\">{\"@context\":\"https:\/\/schema.org\",\"@graph\":[{\"@type\":\"WebPage\",\"@id\":\"https:\/\/veritasinfo.org\/?p=26137\",\"url\":\"https:\/\/veritasinfo.org\/?p=26137\",\"name\":\"Foda: Faleminderit p\u00ebr mb\u00ebshtetjen e vazhdueshme -\",\"isPartOf\":{\"@id\":\"https:\/\/veritasinfo.org\/#website\"},\"primaryImageOfPage\":{\"@id\":\"https:\/\/veritasinfo.org\/?p=26137#primaryimage\"},\"image\":{\"@id\":\"https:\/\/veritasinfo.org\/?p=26137#primaryimage\"},\"thumbnailUrl\":\"https:\/\/veritasinfo.org\/wp-content\/uploads\/2025\/12\/1-104.jpg\",\"datePublished\":\"2025-12-30T19:20:36+00:00\",\"author\":{\"@id\":\"https:\/\/veritasinfo.org\/#\/schema\/person\/fe199eede04c3937362892b7444747cc\"},\"breadcrumb\":{\"@id\":\"https:\/\/veritasinfo.org\/?p=26137#breadcrumb\"},\"inLanguage\":\"en-US\",\"potentialAction\":[{\"@type\":\"ReadAction\",\"target\":[\"https:\/\/veritasinfo.org\/?p=26137\"]}]},{\"@type\":\"ImageObject\",\"inLanguage\":\"en-US\",\"@id\":\"https:\/\/veritasinfo.org\/?p=26137#primaryimage\",\"url\":\"https:\/\/veritasinfo.org\/wp-content\/uploads\/2025\/12\/1-104.jpg\",\"contentUrl\":\"https:\/\/veritasinfo.org\/wp-content\/uploads\/2025\/12\/1-104.jpg\",\"width\":780,\"height\":500},{\"@type\":\"BreadcrumbList\",\"@id\":\"https:\/\/veritasinfo.org\/?p=26137#breadcrumb\",\"itemListElement\":[{\"@type\":\"ListItem\",\"position\":1,\"name\":\"Home\",\"item\":\"https:\/\/veritasinfo.org\/\"},{\"@type\":\"ListItem\",\"position\":2,\"name\":\"Foda: Faleminderit p\u00ebr mb\u00ebshtetjen e vazhdueshme\"}]},{\"@type\":\"WebSite\",\"@id\":\"https:\/\/veritasinfo.org\/#website\",\"url\":\"https:\/\/veritasinfo.org\/\",\"name\":\"\",\"description\":\"\",\"potentialAction\":[{\"@type\":\"SearchAction\",\"target\":{\"@type\":\"EntryPoint\",\"urlTemplate\":\"https:\/\/veritasinfo.org\/?s={search_term_string}\"},\"query-input\":{\"@type\":\"PropertyValueSpecification\",\"valueRequired\":true,\"valueName\":\"search_term_string\"}}],\"inLanguage\":\"en-US\"},{\"@type\":\"Person\",\"@id\":\"https:\/\/veritasinfo.org\/#\/schema\/person\/fe199eede04c3937362892b7444747cc\",\"name\":\"US6\",\"image\":{\"@type\":\"ImageObject\",\"inLanguage\":\"en-US\",\"@id\":\"https:\/\/veritasinfo.org\/#\/schema\/person\/image\/\",\"url\":\"https:\/\/secure.gravatar.com\/avatar\/cb16c3c31c9d23b9b8c705964598220b3014e42ff51eb540ff23cefa3ae8c15f?s=96&d=mm&r=g\",\"contentUrl\":\"https:\/\/secure.gravatar.com\/avatar\/cb16c3c31c9d23b9b8c705964598220b3014e42ff51eb540ff23cefa3ae8c15f?s=96&d=mm&r=g\",\"caption\":\"US6\"},\"url\":\"https:\/\/veritasinfo.org\/?author=7\"}]}<\/script>\n<!-- \/ Yoast SEO plugin. -->","yoast_head_json":{"title":"Foda: Faleminderit p\u00ebr mb\u00ebshtetjen e vazhdueshme -","robots":{"index":"index","follow":"follow","max-snippet":"max-snippet:-1","max-image-preview":"max-image-preview:large","max-video-preview":"max-video-preview:-1"},"canonical":"https:\/\/veritasinfo.org\/?p=26137","og_locale":"en_US","og_type":"article","og_title":"Foda: Faleminderit p\u00ebr mb\u00ebshtetjen e vazhdueshme -","og_description":"Prishtin\u00eb, 30 dhjetor 2025 20:20 P\u00ebrzgjedh\u00ebsi i Komb\u00ebtares s\u00eb Kosov\u00ebs, Franco Foda, ka p\u00ebrcjell\u00eb nj\u00eb mesazh urimi p\u00ebr Vitin e Ri 2026, duke fal\u00ebnderuar t\u00eb","og_url":"https:\/\/veritasinfo.org\/?p=26137","article_published_time":"2025-12-30T19:20:36+00:00","og_image":[{"width":780,"height":500,"url":"https:\/\/veritasinfo.org\/wp-content\/uploads\/2025\/12\/1-104.jpg","type":"image\/jpeg"}],"author":"US6","twitter_card":"summary_large_image","twitter_misc":{"Written by":"US6","Est. reading time":"1 minute"},"schema":{"@context":"https:\/\/schema.org","@graph":[{"@type":"WebPage","@id":"https:\/\/veritasinfo.org\/?p=26137","url":"https:\/\/veritasinfo.org\/?p=26137","name":"Foda: Faleminderit p\u00ebr mb\u00ebshtetjen e vazhdueshme -","isPartOf":{"@id":"https:\/\/veritasinfo.org\/#website"},"primaryImageOfPage":{"@id":"https:\/\/veritasinfo.org\/?p=26137#primaryimage"},"image":{"@id":"https:\/\/veritasinfo.org\/?p=26137#primaryimage"},"thumbnailUrl":"https:\/\/veritasinfo.org\/wp-content\/uploads\/2025\/12\/1-104.jpg","datePublished":"2025-12-30T19:20:36+00:00","author":{"@id":"https:\/\/veritasinfo.org\/#\/schema\/person\/fe199eede04c3937362892b7444747cc"},"breadcrumb":{"@id":"https:\/\/veritasinfo.org\/?p=26137#breadcrumb"},"inLanguage":"en-US","potentialAction":[{"@type":"ReadAction","target":["https:\/\/veritasinfo.org\/?p=26137"]}]},{"@type":"ImageObject","inLanguage":"en-US","@id":"https:\/\/veritasinfo.org\/?p=26137#primaryimage","url":"https:\/\/veritasinfo.org\/wp-content\/uploads\/2025\/12\/1-104.jpg","contentUrl":"https:\/\/veritasinfo.org\/wp-content\/uploads\/2025\/12\/1-104.jpg","width":780,"height":500},{"@type":"BreadcrumbList","@id":"https:\/\/veritasinfo.org\/?p=26137#breadcrumb","itemListElement":[{"@type":"ListItem","position":1,"name":"Home","item":"https:\/\/veritasinfo.org\/"},{"@type":"ListItem","position":2,"name":"Foda: Faleminderit p\u00ebr mb\u00ebshtetjen e vazhdueshme"}]},{"@type":"WebSite","@id":"https:\/\/veritasinfo.org\/#website","url":"https:\/\/veritasinfo.org\/","name":"","description":"","potentialAction":[{"@type":"SearchAction","target":{"@type":"EntryPoint","urlTemplate":"https:\/\/veritasinfo.org\/?s={search_term_string}"},"query-input":{"@type":"PropertyValueSpecification","valueRequired":true,"valueName":"search_term_string"}}],"inLanguage":"en-US"},{"@type":"Person","@id":"https:\/\/veritasinfo.org\/#\/schema\/person\/fe199eede04c3937362892b7444747cc","name":"US6","image":{"@type":"ImageObject","inLanguage":"en-US","@id":"https:\/\/veritasinfo.org\/#\/schema\/person\/image\/","url":"https:\/\/secure.gravatar.com\/avatar\/cb16c3c31c9d23b9b8c705964598220b3014e42ff51eb540ff23cefa3ae8c15f?s=96&d=mm&r=g","contentUrl":"https:\/\/secure.gravatar.com\/avatar\/cb16c3c31c9d23b9b8c705964598220b3014e42ff51eb540ff23cefa3ae8c15f?s=96&d=mm&r=g","caption":"US6"},"url":"https:\/\/veritasinfo.org\/?author=7"}]}},"featured_image_urls":{"full":["https:\/\/veritasinfo.org\/wp-content\/uploads\/2025\/12\/1-104.jpg",780,500,false],"thumbnail":["https:\/\/veritasinfo.org\/wp-content\/uploads\/2025\/12\/1-104-150x150.jpg",150,150,true],"medium":["https:\/\/veritasinfo.org\/wp-content\/uploads\/2025\/12\/1-104-300x192.jpg",300,192,true],"medium_large":["https:\/\/veritasinfo.org\/wp-content\/uploads\/2025\/12\/1-104-768x492.jpg",640,410,true],"large":["https:\/\/veritasinfo.org\/wp-content\/uploads\/2025\/12\/1-104.jpg",640,410,false],"1536x1536":["https:\/\/veritasinfo.org\/wp-content\/uploads\/2025\/12\/1-104.jpg",780,500,false],"2048x2048":["https:\/\/veritasinfo.org\/wp-content\/uploads\/2025\/12\/1-104.jpg",780,500,false],"kreeti-slider-full":["https:\/\/veritasinfo.org\/wp-content\/uploads\/2025\/12\/1-104.jpg",780,500,false],"kreeti-featured":["https:\/\/veritasinfo.org\/wp-content\/uploads\/2025\/12\/1-104.jpg",780,500,false],"kreeti-medium":["https:\/\/veritasinfo.org\/wp-content\/uploads\/2025\/12\/1-104.jpg",720,462,false],"kreeti-medium-square":["https:\/\/veritasinfo.org\/wp-content\/uploads\/2025\/12\/1-104.jpg",350,224,false]},"author_info":{"info":["US6"]},"category_info":"<a href=\"https:\/\/veritasinfo.org\/?cat=5\" rel=\"category\">Sport<\/a>","tag_info":"Sport","comment_count":"0","_links":{"self":[{"href":"https:\/\/veritasinfo.org\/index.php?rest_route=\/wp\/v2\/posts\/26137","targetHints":{"allow":["GET"]}}],"collection":[{"href":"https:\/\/veritasinfo.org\/index.php?rest_route=\/wp\/v2\/posts"}],"about":[{"href":"https:\/\/veritasinfo.org\/index.php?rest_route=\/wp\/v2\/types\/post"}],"author":[{"embeddable":true,"href":"https:\/\/veritasinfo.org\/index.php?rest_route=\/wp\/v2\/users\/7"}],"replies":[{"embeddable":true,"href":"https:\/\/veritasinfo.org\/index.php?rest_route=%2Fwp%2Fv2%2Fcomments&post=26137"}],"version-history":[{"count":1,"href":"https:\/\/veritasinfo.org\/index.php?rest_route=\/wp\/v2\/posts\/26137\/revisions"}],"predecessor-version":[{"id":26139,"href":"https:\/\/veritasinfo.org\/index.php?rest_route=\/wp\/v2\/posts\/26137\/revisions\/26139"}],"wp:featuredmedia":[{"embeddable":true,"href":"https:\/\/veritasinfo.org\/index.php?rest_route=\/wp\/v2\/media\/26138"}],"wp:attachment":[{"href":"https:\/\/veritasinfo.org\/index.php?rest_route=%2Fwp%2Fv2%2Fmedia&parent=26137"}],"wp:term":[{"taxonomy":"category","embeddable":true,"href":"https:\/\/veritasinfo.org\/index.php?rest_route=%2Fwp%2Fv2%2Fcategories&post=26137"},{"taxonomy":"post_tag","embeddable":true,"href":"https:\/\/veritasinfo.org\/index.php?rest_route=%2Fwp%2Fv2%2Ftags&post=26137"}],"curies":[{"name":"wp","href":"https:\/\/api.w.org\/{rel}","templated":true}]}}