{"id":26135,"date":"2025-12-30T17:43:25","date_gmt":"2025-12-30T16:43:25","guid":{"rendered":"https:\/\/veritasinfo.org\/?p=26135"},"modified":"2025-12-30T17:43:25","modified_gmt":"2025-12-30T16:43:25","slug":"dve-osobe-pronadjene-mrtve-u-jednoj-vili-u-peci-policijska-traka-policija-nesreca","status":"publish","type":"post","link":"https:\/\/veritasinfo.org\/?p=26135&lang=sr","title":{"rendered":"Dve osobe prona\u0111ene mrtve u jednoj vili u Pe\u0107i Policijska traka \u2013 Policija \u2013 Nesre\u0107a"},"content":{"rendered":"<p>Pri\u0161tina, 30. decembar 2025. 17:40<\/p>\n<p>Ovom stranicom upravlja i administrira KOHA. Sav sadr\u017eaj na njoj, uklju\u010duju\u0107i fotografije, za\u0161ti\u0107en je autorskim pravima KOHA-e i KOHA zadr\u017eava sva prava. Materijali na ovoj stranici ne mogu se koristiti u komercijalne svrhe. Zabranjeno je kopiranje, reprodukovanje i neovla\u0161\u0107eno objavljivanje, bilo u originalnom ili izmenjenom obliku, na bilo koji na\u010din, bez prethodne saglasnosti KOHA-e. Kori\u0161\u0107enje materijala sa ove stranice ili bilo kog drugog medija bez dozvole Grupe KOHA, u ime svih jedinica koje je \u010dine (Koha Ditore, KohaVision, Koha.net, Botimet KOHA, KOHA Print i ARTA), predstavlja kr\u0161enje autorskih prava i prava intelektualne svojine u skladu sa va\u017ee\u0107im zakonskim propisima. Svi prekr\u0161ioci ovih prava suo\u010di\u0107e se sa zakonom.<\/p>\n","protected":false},"excerpt":{"rendered":"<p>Pri\u0161tina, 30. decembar 2025. 17:40 Ovom stranicom upravlja i administrira KOHA. Sav sadr\u017eaj na njoj, uklju\u010duju\u0107i fotografije, za\u0161ti\u0107en je autorskim pravima KOHA-e i KOHA zadr\u017eava<\/p>\n","protected":false},"author":6,"featured_media":26132,"comment_status":"open","ping_status":"open","sticky":false,"template":"","format":"standard","meta":{"footnotes":""},"categories":[103],"tags":[],"class_list":["post-26135","post","type-post","status-publish","format-standard","has-post-thumbnail","hentry","category-hronika"],"yoast_head":"<!-- This site is optimized with the Yoast SEO plugin v25.3.1 - https:\/\/yoast.com\/wordpress\/plugins\/seo\/ -->\n<title>Dve osobe prona\u0111ene mrtve u jednoj vili u Pe\u0107i Policijska traka \u2013 Policija \u2013 Nesre\u0107a -<\/title>\n<meta name=\"robots\" content=\"index, follow, max-snippet:-1, max-image-preview:large, max-video-preview:-1\" \/>\n<link rel=\"canonical\" href=\"https:\/\/veritasinfo.org\/?p=26135&lang=sr\" \/>\n<meta property=\"og:locale\" content=\"en_US\" \/>\n<meta property=\"og:type\" content=\"article\" \/>\n<meta property=\"og:title\" content=\"Dve osobe prona\u0111ene mrtve u jednoj vili u Pe\u0107i Policijska traka \u2013 Policija \u2013 Nesre\u0107a -\" \/>\n<meta property=\"og:description\" content=\"Pri\u0161tina, 30. decembar 2025. 17:40 Ovom stranicom upravlja i administrira KOHA. Sav sadr\u017eaj na njoj, uklju\u010duju\u0107i fotografije, za\u0161ti\u0107en je autorskim pravima KOHA-e i KOHA zadr\u017eava\" \/>\n<meta property=\"og:url\" content=\"https:\/\/veritasinfo.org\/?p=26135&amp;lang=sr\" \/>\n<meta property=\"article:published_time\" content=\"2025-12-30T16:43:25+00:00\" \/>\n<meta property=\"og:image\" content=\"https:\/\/veritasinfo.org\/wp-content\/uploads\/2025\/12\/bedbbd98-3c6d-4fc0-acc5-7f05774a4c47.webp\" \/>\n\t<meta property=\"og:image:width\" content=\"860\" \/>\n\t<meta property=\"og:image:height\" content=\"550\" \/>\n\t<meta property=\"og:image:type\" content=\"image\/webp\" \/>\n<meta name=\"author\" content=\"US5\" \/>\n<meta name=\"twitter:card\" content=\"summary_large_image\" \/>\n<meta name=\"twitter:label1\" content=\"Written by\" \/>\n\t<meta name=\"twitter:data1\" content=\"US5\" \/>\n<script type=\"application\/ld+json\" class=\"yoast-schema-graph\">{\"@context\":\"https:\/\/schema.org\",\"@graph\":[{\"@type\":\"WebPage\",\"@id\":\"https:\/\/veritasinfo.org\/?p=26135&lang=sr\",\"url\":\"https:\/\/veritasinfo.org\/?p=26135&lang=sr\",\"name\":\"Dve osobe prona\u0111ene mrtve u jednoj vili u Pe\u0107i Policijska traka \u2013 Policija \u2013 Nesre\u0107a -\",\"isPartOf\":{\"@id\":\"https:\/\/veritasinfo.org\/#website\"},\"primaryImageOfPage\":{\"@id\":\"https:\/\/veritasinfo.org\/?p=26135&lang=sr#primaryimage\"},\"image\":{\"@id\":\"https:\/\/veritasinfo.org\/?p=26135&lang=sr#primaryimage\"},\"thumbnailUrl\":\"https:\/\/veritasinfo.org\/wp-content\/uploads\/2025\/12\/bedbbd98-3c6d-4fc0-acc5-7f05774a4c47.webp\",\"datePublished\":\"2025-12-30T16:43:25+00:00\",\"author\":{\"@id\":\"https:\/\/veritasinfo.org\/#\/schema\/person\/bc442336e35414d04494ab8fb45db4c6\"},\"breadcrumb\":{\"@id\":\"https:\/\/veritasinfo.org\/?p=26135&lang=sr#breadcrumb\"},\"inLanguage\":\"en-US\",\"potentialAction\":[{\"@type\":\"ReadAction\",\"target\":[\"https:\/\/veritasinfo.org\/?p=26135&lang=sr\"]}]},{\"@type\":\"ImageObject\",\"inLanguage\":\"en-US\",\"@id\":\"https:\/\/veritasinfo.org\/?p=26135&lang=sr#primaryimage\",\"url\":\"https:\/\/veritasinfo.org\/wp-content\/uploads\/2025\/12\/bedbbd98-3c6d-4fc0-acc5-7f05774a4c47.webp\",\"contentUrl\":\"https:\/\/veritasinfo.org\/wp-content\/uploads\/2025\/12\/bedbbd98-3c6d-4fc0-acc5-7f05774a4c47.webp\",\"width\":860,\"height\":550},{\"@type\":\"BreadcrumbList\",\"@id\":\"https:\/\/veritasinfo.org\/?p=26135&lang=sr#breadcrumb\",\"itemListElement\":[{\"@type\":\"ListItem\",\"position\":1,\"name\":\"Home\",\"item\":\"https:\/\/veritasinfo.org\/\"},{\"@type\":\"ListItem\",\"position\":2,\"name\":\"Dve osobe prona\u0111ene mrtve u jednoj vili u Pe\u0107i Policijska traka \u2013 Policija \u2013 Nesre\u0107a\"}]},{\"@type\":\"WebSite\",\"@id\":\"https:\/\/veritasinfo.org\/#website\",\"url\":\"https:\/\/veritasinfo.org\/\",\"name\":\"\",\"description\":\"\",\"potentialAction\":[{\"@type\":\"SearchAction\",\"target\":{\"@type\":\"EntryPoint\",\"urlTemplate\":\"https:\/\/veritasinfo.org\/?s={search_term_string}\"},\"query-input\":{\"@type\":\"PropertyValueSpecification\",\"valueRequired\":true,\"valueName\":\"search_term_string\"}}],\"inLanguage\":\"en-US\"},{\"@type\":\"Person\",\"@id\":\"https:\/\/veritasinfo.org\/#\/schema\/person\/bc442336e35414d04494ab8fb45db4c6\",\"name\":\"US5\",\"image\":{\"@type\":\"ImageObject\",\"inLanguage\":\"en-US\",\"@id\":\"https:\/\/veritasinfo.org\/#\/schema\/person\/image\/\",\"url\":\"https:\/\/secure.gravatar.com\/avatar\/16a61e7272a0c5d001121ebb9e60e925d5816e4ac1e443ed3e640d9a6ae55d0c?s=96&d=mm&r=g\",\"contentUrl\":\"https:\/\/secure.gravatar.com\/avatar\/16a61e7272a0c5d001121ebb9e60e925d5816e4ac1e443ed3e640d9a6ae55d0c?s=96&d=mm&r=g\",\"caption\":\"US5\"},\"url\":\"https:\/\/veritasinfo.org\/?author=6\"}]}<\/script>\n<!-- \/ Yoast SEO plugin. -->","yoast_head_json":{"title":"Dve osobe prona\u0111ene mrtve u jednoj vili u Pe\u0107i Policijska traka \u2013 Policija \u2013 Nesre\u0107a -","robots":{"index":"index","follow":"follow","max-snippet":"max-snippet:-1","max-image-preview":"max-image-preview:large","max-video-preview":"max-video-preview:-1"},"canonical":"https:\/\/veritasinfo.org\/?p=26135&lang=sr","og_locale":"en_US","og_type":"article","og_title":"Dve osobe prona\u0111ene mrtve u jednoj vili u Pe\u0107i Policijska traka \u2013 Policija \u2013 Nesre\u0107a -","og_description":"Pri\u0161tina, 30. decembar 2025. 17:40 Ovom stranicom upravlja i administrira KOHA. Sav sadr\u017eaj na njoj, uklju\u010duju\u0107i fotografije, za\u0161ti\u0107en je autorskim pravima KOHA-e i KOHA zadr\u017eava","og_url":"https:\/\/veritasinfo.org\/?p=26135&lang=sr","article_published_time":"2025-12-30T16:43:25+00:00","og_image":[{"width":860,"height":550,"url":"https:\/\/veritasinfo.org\/wp-content\/uploads\/2025\/12\/bedbbd98-3c6d-4fc0-acc5-7f05774a4c47.webp","type":"image\/webp"}],"author":"US5","twitter_card":"summary_large_image","twitter_misc":{"Written by":"US5"},"schema":{"@context":"https:\/\/schema.org","@graph":[{"@type":"WebPage","@id":"https:\/\/veritasinfo.org\/?p=26135&lang=sr","url":"https:\/\/veritasinfo.org\/?p=26135&lang=sr","name":"Dve osobe prona\u0111ene mrtve u jednoj vili u Pe\u0107i Policijska traka \u2013 Policija \u2013 Nesre\u0107a -","isPartOf":{"@id":"https:\/\/veritasinfo.org\/#website"},"primaryImageOfPage":{"@id":"https:\/\/veritasinfo.org\/?p=26135&lang=sr#primaryimage"},"image":{"@id":"https:\/\/veritasinfo.org\/?p=26135&lang=sr#primaryimage"},"thumbnailUrl":"https:\/\/veritasinfo.org\/wp-content\/uploads\/2025\/12\/bedbbd98-3c6d-4fc0-acc5-7f05774a4c47.webp","datePublished":"2025-12-30T16:43:25+00:00","author":{"@id":"https:\/\/veritasinfo.org\/#\/schema\/person\/bc442336e35414d04494ab8fb45db4c6"},"breadcrumb":{"@id":"https:\/\/veritasinfo.org\/?p=26135&lang=sr#breadcrumb"},"inLanguage":"en-US","potentialAction":[{"@type":"ReadAction","target":["https:\/\/veritasinfo.org\/?p=26135&lang=sr"]}]},{"@type":"ImageObject","inLanguage":"en-US","@id":"https:\/\/veritasinfo.org\/?p=26135&lang=sr#primaryimage","url":"https:\/\/veritasinfo.org\/wp-content\/uploads\/2025\/12\/bedbbd98-3c6d-4fc0-acc5-7f05774a4c47.webp","contentUrl":"https:\/\/veritasinfo.org\/wp-content\/uploads\/2025\/12\/bedbbd98-3c6d-4fc0-acc5-7f05774a4c47.webp","width":860,"height":550},{"@type":"BreadcrumbList","@id":"https:\/\/veritasinfo.org\/?p=26135&lang=sr#breadcrumb","itemListElement":[{"@type":"ListItem","position":1,"name":"Home","item":"https:\/\/veritasinfo.org\/"},{"@type":"ListItem","position":2,"name":"Dve osobe prona\u0111ene mrtve u jednoj vili u Pe\u0107i Policijska traka \u2013 Policija \u2013 Nesre\u0107a"}]},{"@type":"WebSite","@id":"https:\/\/veritasinfo.org\/#website","url":"https:\/\/veritasinfo.org\/","name":"","description":"","potentialAction":[{"@type":"SearchAction","target":{"@type":"EntryPoint","urlTemplate":"https:\/\/veritasinfo.org\/?s={search_term_string}"},"query-input":{"@type":"PropertyValueSpecification","valueRequired":true,"valueName":"search_term_string"}}],"inLanguage":"en-US"},{"@type":"Person","@id":"https:\/\/veritasinfo.org\/#\/schema\/person\/bc442336e35414d04494ab8fb45db4c6","name":"US5","image":{"@type":"ImageObject","inLanguage":"en-US","@id":"https:\/\/veritasinfo.org\/#\/schema\/person\/image\/","url":"https:\/\/secure.gravatar.com\/avatar\/16a61e7272a0c5d001121ebb9e60e925d5816e4ac1e443ed3e640d9a6ae55d0c?s=96&d=mm&r=g","contentUrl":"https:\/\/secure.gravatar.com\/avatar\/16a61e7272a0c5d001121ebb9e60e925d5816e4ac1e443ed3e640d9a6ae55d0c?s=96&d=mm&r=g","caption":"US5"},"url":"https:\/\/veritasinfo.org\/?author=6"}]}},"featured_image_urls":{"full":["https:\/\/veritasinfo.org\/wp-content\/uploads\/2025\/12\/bedbbd98-3c6d-4fc0-acc5-7f05774a4c47.webp",860,550,false],"thumbnail":["https:\/\/veritasinfo.org\/wp-content\/uploads\/2025\/12\/bedbbd98-3c6d-4fc0-acc5-7f05774a4c47-150x150.webp",150,150,true],"medium":["https:\/\/veritasinfo.org\/wp-content\/uploads\/2025\/12\/bedbbd98-3c6d-4fc0-acc5-7f05774a4c47-300x192.webp",300,192,true],"medium_large":["https:\/\/veritasinfo.org\/wp-content\/uploads\/2025\/12\/bedbbd98-3c6d-4fc0-acc5-7f05774a4c47-768x491.webp",640,409,true],"large":["https:\/\/veritasinfo.org\/wp-content\/uploads\/2025\/12\/bedbbd98-3c6d-4fc0-acc5-7f05774a4c47.webp",640,409,false],"1536x1536":["https:\/\/veritasinfo.org\/wp-content\/uploads\/2025\/12\/bedbbd98-3c6d-4fc0-acc5-7f05774a4c47.webp",860,550,false],"2048x2048":["https:\/\/veritasinfo.org\/wp-content\/uploads\/2025\/12\/bedbbd98-3c6d-4fc0-acc5-7f05774a4c47.webp",860,550,false],"kreeti-slider-full":["https:\/\/veritasinfo.org\/wp-content\/uploads\/2025\/12\/bedbbd98-3c6d-4fc0-acc5-7f05774a4c47.webp",860,550,false],"kreeti-featured":["https:\/\/veritasinfo.org\/wp-content\/uploads\/2025\/12\/bedbbd98-3c6d-4fc0-acc5-7f05774a4c47.webp",860,550,false],"kreeti-medium":["https:\/\/veritasinfo.org\/wp-content\/uploads\/2025\/12\/bedbbd98-3c6d-4fc0-acc5-7f05774a4c47.webp",720,460,false],"kreeti-medium-square":["https:\/\/veritasinfo.org\/wp-content\/uploads\/2025\/12\/bedbbd98-3c6d-4fc0-acc5-7f05774a4c47.webp",350,224,false]},"author_info":{"info":["US5"]},"category_info":"<a href=\"https:\/\/veritasinfo.org\/?cat=103&#038;lang=sr\" rel=\"category\">Hronika<\/a>","tag_info":"Hronika","comment_count":"0","_links":{"self":[{"href":"https:\/\/veritasinfo.org\/index.php?rest_route=\/wp\/v2\/posts\/26135","targetHints":{"allow":["GET"]}}],"collection":[{"href":"https:\/\/veritasinfo.org\/index.php?rest_route=\/wp\/v2\/posts"}],"about":[{"href":"https:\/\/veritasinfo.org\/index.php?rest_route=\/wp\/v2\/types\/post"}],"author":[{"embeddable":true,"href":"https:\/\/veritasinfo.org\/index.php?rest_route=\/wp\/v2\/users\/6"}],"replies":[{"embeddable":true,"href":"https:\/\/veritasinfo.org\/index.php?rest_route=%2Fwp%2Fv2%2Fcomments&post=26135"}],"version-history":[{"count":1,"href":"https:\/\/veritasinfo.org\/index.php?rest_route=\/wp\/v2\/posts\/26135\/revisions"}],"predecessor-version":[{"id":26136,"href":"https:\/\/veritasinfo.org\/index.php?rest_route=\/wp\/v2\/posts\/26135\/revisions\/26136"}],"wp:featuredmedia":[{"embeddable":true,"href":"https:\/\/veritasinfo.org\/index.php?rest_route=\/wp\/v2\/media\/26132"}],"wp:attachment":[{"href":"https:\/\/veritasinfo.org\/index.php?rest_route=%2Fwp%2Fv2%2Fmedia&parent=26135"}],"wp:term":[{"taxonomy":"category","embeddable":true,"href":"https:\/\/veritasinfo.org\/index.php?rest_route=%2Fwp%2Fv2%2Fcategories&post=26135"},{"taxonomy":"post_tag","embeddable":true,"href":"https:\/\/veritasinfo.org\/index.php?rest_route=%2Fwp%2Fv2%2Ftags&post=26135"}],"curies":[{"name":"wp","href":"https:\/\/api.w.org\/{rel}","templated":true}]}}