{"id":2608,"date":"2025-07-05T13:51:49","date_gmt":"2025-07-05T11:51:49","guid":{"rendered":"https:\/\/veritasinfo.org\/?p=2608"},"modified":"2025-07-05T13:51:49","modified_gmt":"2025-07-05T11:51:49","slug":"lamtumira-e-fundit-per-diogo-joten-dhe-vellain-e-tij-andre-silva","status":"publish","type":"post","link":"https:\/\/veritasinfo.org\/?p=2608","title":{"rendered":"Lamtumira e fundit p\u00ebr Diogo Jot\u00ebn dhe v\u00ebllain e tij Andr\u00e9 Silva"},"content":{"rendered":"<p><strong>Lamtumira e fundit p\u00ebr Diogo Jot\u00ebn dhe v\u00ebllain e tij Andr\u00e9 Silva<\/strong><\/p>\n<p><img fetchpriority=\"high\" decoding=\"async\" class=\"alignnone size-medium wp-image-2605\" src=\"https:\/\/veritasinfo.org\/wp-content\/uploads\/2025\/07\/44e1b9c3-f099-4537-b0bc-f7454fff59f7-300x212.jpg\" alt=\"\" width=\"300\" height=\"212\" srcset=\"https:\/\/veritasinfo.org\/wp-content\/uploads\/2025\/07\/44e1b9c3-f099-4537-b0bc-f7454fff59f7-300x212.jpg 300w, https:\/\/veritasinfo.org\/wp-content\/uploads\/2025\/07\/44e1b9c3-f099-4537-b0bc-f7454fff59f7-1024x722.jpg 1024w, https:\/\/veritasinfo.org\/wp-content\/uploads\/2025\/07\/44e1b9c3-f099-4537-b0bc-f7454fff59f7-768x542.jpg 768w, https:\/\/veritasinfo.org\/wp-content\/uploads\/2025\/07\/44e1b9c3-f099-4537-b0bc-f7454fff59f7-1536x1084.jpg 1536w, https:\/\/veritasinfo.org\/wp-content\/uploads\/2025\/07\/44e1b9c3-f099-4537-b0bc-f7454fff59f7.jpg 1800w\" sizes=\"(max-width: 300px) 100vw, 300px\" \/><\/p>\n<p>Sot n\u00eb Gondomar u mbajt ceremonia mortore p\u00ebr Diogo Jot\u00ebn dhe v\u00ebllain e tij Andr\u00e9 Silva. Trishtim, lot dhe heshtje q\u00eb t\u00eb k\u00ebput shpirtin \u2013 i gjith\u00eb qyteti u ndal.<\/p>\n<p>N\u00eb p\u00ebrcjelljen e fundit mor\u00ebn pjes\u00eb shum\u00eb futbollist\u00eb, miq dhe familjar\u00eb. Nd\u00ebr ta edhe yje t\u00eb Liverpoolit \u2013 Van Dijk, Robertson, Mac Allister, si dhe shum\u00eb nga p\u00ebrfaq\u00ebsuesja e Portugalis\u00eb.<\/p>\n<p>V\u00ebllez\u00ebrit humb\u00ebn jet\u00ebn n\u00eb nj\u00eb aksident trafiku, kur makina e tyre doli nga rruga dhe mori flak\u00eb. Liverpool njoftoi se fanella me numrin 20 nuk do t\u00eb p\u00ebrdoret m\u00eb kurr\u00eb dhe se do t\u00eb paguaj\u00eb pjes\u00ebn e mbetur t\u00eb kontrat\u00ebs s\u00eb Jot\u00ebs bashk\u00ebshortes s\u00eb tij.<\/p>\n<p>Dit\u00eb e r\u00ebnd\u00eb. Gondomar sot nuk qan vet\u00ebm.<\/p>\n<p>&nbsp;<\/p>\n","protected":false},"excerpt":{"rendered":"<p>Lamtumira e fundit p\u00ebr Diogo Jot\u00ebn dhe v\u00ebllain e tij Andr\u00e9 Silva Sot n\u00eb Gondomar u mbajt ceremonia mortore p\u00ebr Diogo Jot\u00ebn dhe v\u00ebllain e<\/p>\n","protected":false},"author":1,"featured_media":2606,"comment_status":"open","ping_status":"open","sticky":false,"template":"","format":"standard","meta":{"footnotes":""},"categories":[5],"tags":[],"class_list":["post-2608","post","type-post","status-publish","format-standard","has-post-thumbnail","hentry","category-sport-sq"],"yoast_head":"<!-- This site is optimized with the Yoast SEO plugin v25.3.1 - https:\/\/yoast.com\/wordpress\/plugins\/seo\/ -->\n<title>Lamtumira e fundit p\u00ebr Diogo Jot\u00ebn dhe v\u00ebllain e tij Andr\u00e9 Silva -<\/title>\n<meta name=\"robots\" content=\"index, follow, max-snippet:-1, max-image-preview:large, max-video-preview:-1\" \/>\n<link rel=\"canonical\" href=\"https:\/\/veritasinfo.org\/?p=2608\" \/>\n<meta property=\"og:locale\" content=\"en_US\" \/>\n<meta property=\"og:type\" content=\"article\" \/>\n<meta property=\"og:title\" content=\"Lamtumira e fundit p\u00ebr Diogo Jot\u00ebn dhe v\u00ebllain e tij Andr\u00e9 Silva -\" \/>\n<meta property=\"og:description\" content=\"Lamtumira e fundit p\u00ebr Diogo Jot\u00ebn dhe v\u00ebllain e tij Andr\u00e9 Silva Sot n\u00eb Gondomar u mbajt ceremonia mortore p\u00ebr Diogo Jot\u00ebn dhe v\u00ebllain e\" \/>\n<meta property=\"og:url\" content=\"https:\/\/veritasinfo.org\/?p=2608\" \/>\n<meta property=\"article:published_time\" content=\"2025-07-05T11:51:49+00:00\" \/>\n<meta property=\"og:image\" content=\"https:\/\/veritasinfo.org\/wp-content\/uploads\/2025\/07\/a4faa18c-19bf-412f-b4bf-20bfd70923cc.webp\" \/>\n\t<meta property=\"og:image:width\" content=\"770\" \/>\n\t<meta property=\"og:image:height\" content=\"513\" \/>\n\t<meta property=\"og:image:type\" content=\"image\/webp\" \/>\n<meta name=\"author\" content=\"admin\" \/>\n<meta name=\"twitter:card\" content=\"summary_large_image\" \/>\n<meta name=\"twitter:label1\" content=\"Written by\" \/>\n\t<meta name=\"twitter:data1\" content=\"admin\" \/>\n\t<meta name=\"twitter:label2\" content=\"Est. reading time\" \/>\n\t<meta name=\"twitter:data2\" content=\"1 minute\" \/>\n<script type=\"application\/ld+json\" class=\"yoast-schema-graph\">{\"@context\":\"https:\/\/schema.org\",\"@graph\":[{\"@type\":\"WebPage\",\"@id\":\"https:\/\/veritasinfo.org\/?p=2608\",\"url\":\"https:\/\/veritasinfo.org\/?p=2608\",\"name\":\"Lamtumira e fundit p\u00ebr Diogo Jot\u00ebn dhe v\u00ebllain e tij Andr\u00e9 Silva -\",\"isPartOf\":{\"@id\":\"https:\/\/veritasinfo.org\/#website\"},\"primaryImageOfPage\":{\"@id\":\"https:\/\/veritasinfo.org\/?p=2608#primaryimage\"},\"image\":{\"@id\":\"https:\/\/veritasinfo.org\/?p=2608#primaryimage\"},\"thumbnailUrl\":\"https:\/\/veritasinfo.org\/wp-content\/uploads\/2025\/07\/a4faa18c-19bf-412f-b4bf-20bfd70923cc.webp\",\"datePublished\":\"2025-07-05T11:51:49+00:00\",\"author\":{\"@id\":\"https:\/\/veritasinfo.org\/#\/schema\/person\/7701f8c088bece422266b100a712374f\"},\"breadcrumb\":{\"@id\":\"https:\/\/veritasinfo.org\/?p=2608#breadcrumb\"},\"inLanguage\":\"en-US\",\"potentialAction\":[{\"@type\":\"ReadAction\",\"target\":[\"https:\/\/veritasinfo.org\/?p=2608\"]}]},{\"@type\":\"ImageObject\",\"inLanguage\":\"en-US\",\"@id\":\"https:\/\/veritasinfo.org\/?p=2608#primaryimage\",\"url\":\"https:\/\/veritasinfo.org\/wp-content\/uploads\/2025\/07\/a4faa18c-19bf-412f-b4bf-20bfd70923cc.webp\",\"contentUrl\":\"https:\/\/veritasinfo.org\/wp-content\/uploads\/2025\/07\/a4faa18c-19bf-412f-b4bf-20bfd70923cc.webp\",\"width\":770,\"height\":513},{\"@type\":\"BreadcrumbList\",\"@id\":\"https:\/\/veritasinfo.org\/?p=2608#breadcrumb\",\"itemListElement\":[{\"@type\":\"ListItem\",\"position\":1,\"name\":\"Home\",\"item\":\"https:\/\/veritasinfo.org\/\"},{\"@type\":\"ListItem\",\"position\":2,\"name\":\"Lamtumira e fundit p\u00ebr Diogo Jot\u00ebn dhe v\u00ebllain e tij Andr\u00e9 Silva\"}]},{\"@type\":\"WebSite\",\"@id\":\"https:\/\/veritasinfo.org\/#website\",\"url\":\"https:\/\/veritasinfo.org\/\",\"name\":\"\",\"description\":\"\",\"potentialAction\":[{\"@type\":\"SearchAction\",\"target\":{\"@type\":\"EntryPoint\",\"urlTemplate\":\"https:\/\/veritasinfo.org\/?s={search_term_string}\"},\"query-input\":{\"@type\":\"PropertyValueSpecification\",\"valueRequired\":true,\"valueName\":\"search_term_string\"}}],\"inLanguage\":\"en-US\"},{\"@type\":\"Person\",\"@id\":\"https:\/\/veritasinfo.org\/#\/schema\/person\/7701f8c088bece422266b100a712374f\",\"name\":\"admin\",\"image\":{\"@type\":\"ImageObject\",\"inLanguage\":\"en-US\",\"@id\":\"https:\/\/veritasinfo.org\/#\/schema\/person\/image\/\",\"url\":\"https:\/\/secure.gravatar.com\/avatar\/ea53aa3bf6c9a12d5fde8ce4deff43fef3885ae33cf60184161a50d6987cfd2f?s=96&d=mm&r=g\",\"contentUrl\":\"https:\/\/secure.gravatar.com\/avatar\/ea53aa3bf6c9a12d5fde8ce4deff43fef3885ae33cf60184161a50d6987cfd2f?s=96&d=mm&r=g\",\"caption\":\"admin\"},\"sameAs\":[\"https:\/\/veritasinfo.org\"],\"url\":\"https:\/\/veritasinfo.org\/?author=1\"}]}<\/script>\n<!-- \/ Yoast SEO plugin. -->","yoast_head_json":{"title":"Lamtumira e fundit p\u00ebr Diogo Jot\u00ebn dhe v\u00ebllain e tij Andr\u00e9 Silva -","robots":{"index":"index","follow":"follow","max-snippet":"max-snippet:-1","max-image-preview":"max-image-preview:large","max-video-preview":"max-video-preview:-1"},"canonical":"https:\/\/veritasinfo.org\/?p=2608","og_locale":"en_US","og_type":"article","og_title":"Lamtumira e fundit p\u00ebr Diogo Jot\u00ebn dhe v\u00ebllain e tij Andr\u00e9 Silva -","og_description":"Lamtumira e fundit p\u00ebr Diogo Jot\u00ebn dhe v\u00ebllain e tij Andr\u00e9 Silva Sot n\u00eb Gondomar u mbajt ceremonia mortore p\u00ebr Diogo Jot\u00ebn dhe v\u00ebllain e","og_url":"https:\/\/veritasinfo.org\/?p=2608","article_published_time":"2025-07-05T11:51:49+00:00","og_image":[{"width":770,"height":513,"url":"https:\/\/veritasinfo.org\/wp-content\/uploads\/2025\/07\/a4faa18c-19bf-412f-b4bf-20bfd70923cc.webp","type":"image\/webp"}],"author":"admin","twitter_card":"summary_large_image","twitter_misc":{"Written by":"admin","Est. reading time":"1 minute"},"schema":{"@context":"https:\/\/schema.org","@graph":[{"@type":"WebPage","@id":"https:\/\/veritasinfo.org\/?p=2608","url":"https:\/\/veritasinfo.org\/?p=2608","name":"Lamtumira e fundit p\u00ebr Diogo Jot\u00ebn dhe v\u00ebllain e tij Andr\u00e9 Silva -","isPartOf":{"@id":"https:\/\/veritasinfo.org\/#website"},"primaryImageOfPage":{"@id":"https:\/\/veritasinfo.org\/?p=2608#primaryimage"},"image":{"@id":"https:\/\/veritasinfo.org\/?p=2608#primaryimage"},"thumbnailUrl":"https:\/\/veritasinfo.org\/wp-content\/uploads\/2025\/07\/a4faa18c-19bf-412f-b4bf-20bfd70923cc.webp","datePublished":"2025-07-05T11:51:49+00:00","author":{"@id":"https:\/\/veritasinfo.org\/#\/schema\/person\/7701f8c088bece422266b100a712374f"},"breadcrumb":{"@id":"https:\/\/veritasinfo.org\/?p=2608#breadcrumb"},"inLanguage":"en-US","potentialAction":[{"@type":"ReadAction","target":["https:\/\/veritasinfo.org\/?p=2608"]}]},{"@type":"ImageObject","inLanguage":"en-US","@id":"https:\/\/veritasinfo.org\/?p=2608#primaryimage","url":"https:\/\/veritasinfo.org\/wp-content\/uploads\/2025\/07\/a4faa18c-19bf-412f-b4bf-20bfd70923cc.webp","contentUrl":"https:\/\/veritasinfo.org\/wp-content\/uploads\/2025\/07\/a4faa18c-19bf-412f-b4bf-20bfd70923cc.webp","width":770,"height":513},{"@type":"BreadcrumbList","@id":"https:\/\/veritasinfo.org\/?p=2608#breadcrumb","itemListElement":[{"@type":"ListItem","position":1,"name":"Home","item":"https:\/\/veritasinfo.org\/"},{"@type":"ListItem","position":2,"name":"Lamtumira e fundit p\u00ebr Diogo Jot\u00ebn dhe v\u00ebllain e tij Andr\u00e9 Silva"}]},{"@type":"WebSite","@id":"https:\/\/veritasinfo.org\/#website","url":"https:\/\/veritasinfo.org\/","name":"","description":"","potentialAction":[{"@type":"SearchAction","target":{"@type":"EntryPoint","urlTemplate":"https:\/\/veritasinfo.org\/?s={search_term_string}"},"query-input":{"@type":"PropertyValueSpecification","valueRequired":true,"valueName":"search_term_string"}}],"inLanguage":"en-US"},{"@type":"Person","@id":"https:\/\/veritasinfo.org\/#\/schema\/person\/7701f8c088bece422266b100a712374f","name":"admin","image":{"@type":"ImageObject","inLanguage":"en-US","@id":"https:\/\/veritasinfo.org\/#\/schema\/person\/image\/","url":"https:\/\/secure.gravatar.com\/avatar\/ea53aa3bf6c9a12d5fde8ce4deff43fef3885ae33cf60184161a50d6987cfd2f?s=96&d=mm&r=g","contentUrl":"https:\/\/secure.gravatar.com\/avatar\/ea53aa3bf6c9a12d5fde8ce4deff43fef3885ae33cf60184161a50d6987cfd2f?s=96&d=mm&r=g","caption":"admin"},"sameAs":["https:\/\/veritasinfo.org"],"url":"https:\/\/veritasinfo.org\/?author=1"}]}},"featured_image_urls":{"full":["https:\/\/veritasinfo.org\/wp-content\/uploads\/2025\/07\/a4faa18c-19bf-412f-b4bf-20bfd70923cc.webp",770,513,false],"thumbnail":["https:\/\/veritasinfo.org\/wp-content\/uploads\/2025\/07\/a4faa18c-19bf-412f-b4bf-20bfd70923cc-150x150.webp",150,150,true],"medium":["https:\/\/veritasinfo.org\/wp-content\/uploads\/2025\/07\/a4faa18c-19bf-412f-b4bf-20bfd70923cc-300x200.webp",300,200,true],"medium_large":["https:\/\/veritasinfo.org\/wp-content\/uploads\/2025\/07\/a4faa18c-19bf-412f-b4bf-20bfd70923cc-768x512.webp",640,427,true],"large":["https:\/\/veritasinfo.org\/wp-content\/uploads\/2025\/07\/a4faa18c-19bf-412f-b4bf-20bfd70923cc.webp",640,426,false],"1536x1536":["https:\/\/veritasinfo.org\/wp-content\/uploads\/2025\/07\/a4faa18c-19bf-412f-b4bf-20bfd70923cc.webp",770,513,false],"2048x2048":["https:\/\/veritasinfo.org\/wp-content\/uploads\/2025\/07\/a4faa18c-19bf-412f-b4bf-20bfd70923cc.webp",770,513,false],"kreeti-slider-full":["https:\/\/veritasinfo.org\/wp-content\/uploads\/2025\/07\/a4faa18c-19bf-412f-b4bf-20bfd70923cc.webp",770,513,false],"kreeti-featured":["https:\/\/veritasinfo.org\/wp-content\/uploads\/2025\/07\/a4faa18c-19bf-412f-b4bf-20bfd70923cc.webp",770,513,false],"kreeti-medium":["https:\/\/veritasinfo.org\/wp-content\/uploads\/2025\/07\/a4faa18c-19bf-412f-b4bf-20bfd70923cc.webp",720,480,false],"kreeti-medium-square":["https:\/\/veritasinfo.org\/wp-content\/uploads\/2025\/07\/a4faa18c-19bf-412f-b4bf-20bfd70923cc.webp",350,233,false]},"author_info":{"info":["admin"]},"category_info":"<a href=\"https:\/\/veritasinfo.org\/?cat=5\" rel=\"category\">Sport<\/a>","tag_info":"Sport","comment_count":"0","_links":{"self":[{"href":"https:\/\/veritasinfo.org\/index.php?rest_route=\/wp\/v2\/posts\/2608","targetHints":{"allow":["GET"]}}],"collection":[{"href":"https:\/\/veritasinfo.org\/index.php?rest_route=\/wp\/v2\/posts"}],"about":[{"href":"https:\/\/veritasinfo.org\/index.php?rest_route=\/wp\/v2\/types\/post"}],"author":[{"embeddable":true,"href":"https:\/\/veritasinfo.org\/index.php?rest_route=\/wp\/v2\/users\/1"}],"replies":[{"embeddable":true,"href":"https:\/\/veritasinfo.org\/index.php?rest_route=%2Fwp%2Fv2%2Fcomments&post=2608"}],"version-history":[{"count":1,"href":"https:\/\/veritasinfo.org\/index.php?rest_route=\/wp\/v2\/posts\/2608\/revisions"}],"predecessor-version":[{"id":2609,"href":"https:\/\/veritasinfo.org\/index.php?rest_route=\/wp\/v2\/posts\/2608\/revisions\/2609"}],"wp:featuredmedia":[{"embeddable":true,"href":"https:\/\/veritasinfo.org\/index.php?rest_route=\/wp\/v2\/media\/2606"}],"wp:attachment":[{"href":"https:\/\/veritasinfo.org\/index.php?rest_route=%2Fwp%2Fv2%2Fmedia&parent=2608"}],"wp:term":[{"taxonomy":"category","embeddable":true,"href":"https:\/\/veritasinfo.org\/index.php?rest_route=%2Fwp%2Fv2%2Fcategories&post=2608"},{"taxonomy":"post_tag","embeddable":true,"href":"https:\/\/veritasinfo.org\/index.php?rest_route=%2Fwp%2Fv2%2Ftags&post=2608"}],"curies":[{"name":"wp","href":"https:\/\/api.w.org\/{rel}","templated":true}]}}