{"id":2602,"date":"2025-07-05T13:00:08","date_gmt":"2025-07-05T11:00:08","guid":{"rendered":"https:\/\/veritasinfo.org\/?p=2602"},"modified":"2025-07-05T13:00:08","modified_gmt":"2025-07-05T11:00:08","slug":"greqia-lufton-me-zjarret-ne-evia-kreta-nen-kontroll","status":"publish","type":"post","link":"https:\/\/veritasinfo.org\/?p=2602","title":{"rendered":"Greqia lufton me zjarret n\u00eb Evia, Kreta n\u00ebn kontroll"},"content":{"rendered":"<p>Greqia lufton me zjarret n\u00eb Evia, Kreta n\u00ebn kontroll<\/p>\n<p>Zjarrfik\u00ebsit po p\u00ebrballen me nj\u00eb zjarr t\u00eb madh n\u00eb ishullin grek Evia, i cili po shkrumbon zona pyjore dhe ka detyruar autoritetet t\u00eb evakuojn\u00eb banor\u00ebt nga dy fshatra, sipas zyrtar\u00ebve dhe sh\u00ebrbimit zjarrfik\u00ebs.<\/p>\n<p>M\u00eb shum\u00eb se 160 zjarrfik\u00ebs, 46 automjete dhe pes\u00eb avion\u00eb jan\u00eb angazhuar n\u00eb jug t\u00eb Evias, n\u00eb lindje t\u00eb Athin\u00ebs, p\u00ebr t\u00eb shuar zjarrin q\u00eb shp\u00ebrtheu t\u00eb premten n\u00eb mbr\u00ebmje. Nj\u00eb zyrtar i zjarrfik\u00ebsve tha p\u00ebr Reuters se operacioni \u00ebsht\u00eb ende n\u00eb vazhdim.<\/p>\n<p>Evija \u00ebsht\u00eb nj\u00eb nga disa rajone greke q\u00eb ishin n\u00eb gjendje alarmi p\u00ebr shkak t\u00eb rrezikut t\u00eb lart\u00eb nga zjarret, t\u00eb nxitura nga er\u00ebrat e fuqishme q\u00eb priteshin t\u00eb shtun\u00ebn. Autoritetet urdh\u00ebruan evakuimin e fshatit Tsakeoi dhe vendbanimit sezonal bregdetar Limnionas n\u00eb or\u00ebt e para t\u00eb m\u00ebngjesit.<\/p>\n<p>Jugu i Evias \u00ebsht\u00eb nj\u00eb zon\u00eb me pak banor\u00eb, e karakterizuar nga male, toka bujq\u00ebsore dhe destinacione t\u00eb njohura bregdetare.<\/p>\n<p>Ky zjarr \u00ebsht\u00eb i fundit n\u00eb nj\u00eb seri zjarresh q\u00eb jan\u00eb p\u00ebrhapur gjat\u00eb k\u00ebsaj jave n\u00eb Greqi, t\u00eb nxitura nga er\u00ebrat e forta dhe that\u00ebsia, nd\u00ebrkoh\u00eb q\u00eb nj\u00eb val\u00eb e hershme e t\u00eb nxehtit ka p\u00ebrfshir\u00eb pjes\u00eb t\u00eb m\u00ebdha t\u00eb Evrop\u00ebs. Deri tani jan\u00eb raportuar tet\u00eb viktima nga i nxehti n\u00eb kontinent.<\/p>\n<p>Nd\u00ebrkoh\u00eb, nj\u00eb tjet\u00ebr zjarr n\u00eb ishullin jugor t\u00eb Kret\u00ebs, i cili q\u00eb nga e m\u00ebrkura ka shkat\u00ebrruar pyje dhe ullishte dhe ka detyruar mij\u00ebra banor\u00eb dhe turist\u00eb t\u00eb largohen p\u00ebrkoh\u00ebsisht, \u00ebsht\u00eb v\u00ebn\u00eb n\u00eb mas\u00eb t\u00eb madhe n\u00ebn kontroll, sipas zyrtar\u00ebve t\u00eb zjarrfik\u00ebsve.<\/p>\n<p>Turizmi \u00ebsht\u00eb burimi kryesor i t\u00eb ardhurave p\u00ebr Greqin\u00eb, dhe zjarret po ndodhin n\u00eb fillim t\u00eb sezonit kulmor t\u00eb pushimeve verore.<\/p>\n<p>Greqia dhe vendet e tjera t\u00eb Mesdheut ndodhen n\u00eb nj\u00eb zon\u00eb q\u00eb shkenc\u00ebtar\u00ebt e quajn\u00eb \u201cpik\u00eb e nxeht\u00eb p\u00ebr zjarre\u201d, ku zjarret jan\u00eb t\u00eb zakonshme gjat\u00eb ver\u00ebrave t\u00eb nxehta dhe t\u00eb thata. Megjithat\u00eb, k\u00ebto zjarre po b\u00ebhen gjithnj\u00eb e m\u00eb shkat\u00ebrruese p\u00ebr shkak t\u00eb ndryshimeve t\u00eb shpejta klimatike, duke rritur thirrjet p\u00ebr nj\u00eb qasje t\u00eb re n\u00eb menaxhimin e emergjencave natyrore.<\/p>\n<p>&nbsp;<\/p>\n<p>&nbsp;<\/p>\n","protected":false},"excerpt":{"rendered":"<p>Greqia lufton me zjarret n\u00eb Evia, Kreta n\u00ebn kontroll Zjarrfik\u00ebsit po p\u00ebrballen me nj\u00eb zjarr t\u00eb madh n\u00eb ishullin grek Evia, i cili po shkrumbon<\/p>\n","protected":false},"author":1,"featured_media":2600,"comment_status":"open","ping_status":"open","sticky":false,"template":"","format":"standard","meta":{"footnotes":""},"categories":[72],"tags":[],"class_list":["post-2602","post","type-post","status-publish","format-standard","has-post-thumbnail","hentry","category-bota"],"yoast_head":"<!-- This site is optimized with the Yoast SEO plugin v25.3.1 - https:\/\/yoast.com\/wordpress\/plugins\/seo\/ -->\n<title>Greqia lufton me zjarret n\u00eb Evia, Kreta n\u00ebn kontroll -<\/title>\n<meta name=\"robots\" content=\"index, follow, max-snippet:-1, max-image-preview:large, max-video-preview:-1\" \/>\n<link rel=\"canonical\" href=\"https:\/\/veritasinfo.org\/?p=2602\" \/>\n<meta property=\"og:locale\" content=\"en_US\" \/>\n<meta property=\"og:type\" content=\"article\" \/>\n<meta property=\"og:title\" content=\"Greqia lufton me zjarret n\u00eb Evia, Kreta n\u00ebn kontroll -\" \/>\n<meta property=\"og:description\" content=\"Greqia lufton me zjarret n\u00eb Evia, Kreta n\u00ebn kontroll Zjarrfik\u00ebsit po p\u00ebrballen me nj\u00eb zjarr t\u00eb madh n\u00eb ishullin grek Evia, i cili po shkrumbon\" \/>\n<meta property=\"og:url\" content=\"https:\/\/veritasinfo.org\/?p=2602\" \/>\n<meta property=\"article:published_time\" content=\"2025-07-05T11:00:08+00:00\" \/>\n<meta property=\"og:image\" content=\"https:\/\/veritasinfo.org\/wp-content\/uploads\/2025\/07\/evia-arthrou-02-1.jpg-1.jpg\" \/>\n\t<meta property=\"og:image:width\" content=\"640\" \/>\n\t<meta property=\"og:image:height\" content=\"359\" \/>\n\t<meta property=\"og:image:type\" content=\"image\/jpeg\" \/>\n<meta name=\"author\" content=\"admin\" \/>\n<meta name=\"twitter:card\" content=\"summary_large_image\" \/>\n<meta name=\"twitter:label1\" content=\"Written by\" \/>\n\t<meta name=\"twitter:data1\" content=\"admin\" \/>\n\t<meta name=\"twitter:label2\" content=\"Est. reading time\" \/>\n\t<meta name=\"twitter:data2\" content=\"2 minutes\" \/>\n<script type=\"application\/ld+json\" class=\"yoast-schema-graph\">{\"@context\":\"https:\/\/schema.org\",\"@graph\":[{\"@type\":\"WebPage\",\"@id\":\"https:\/\/veritasinfo.org\/?p=2602\",\"url\":\"https:\/\/veritasinfo.org\/?p=2602\",\"name\":\"Greqia lufton me zjarret n\u00eb Evia, Kreta n\u00ebn kontroll -\",\"isPartOf\":{\"@id\":\"https:\/\/veritasinfo.org\/#website\"},\"primaryImageOfPage\":{\"@id\":\"https:\/\/veritasinfo.org\/?p=2602#primaryimage\"},\"image\":{\"@id\":\"https:\/\/veritasinfo.org\/?p=2602#primaryimage\"},\"thumbnailUrl\":\"https:\/\/veritasinfo.org\/wp-content\/uploads\/2025\/07\/evia-arthrou-02-1.jpg-1.jpg\",\"datePublished\":\"2025-07-05T11:00:08+00:00\",\"author\":{\"@id\":\"https:\/\/veritasinfo.org\/#\/schema\/person\/7701f8c088bece422266b100a712374f\"},\"breadcrumb\":{\"@id\":\"https:\/\/veritasinfo.org\/?p=2602#breadcrumb\"},\"inLanguage\":\"en-US\",\"potentialAction\":[{\"@type\":\"ReadAction\",\"target\":[\"https:\/\/veritasinfo.org\/?p=2602\"]}]},{\"@type\":\"ImageObject\",\"inLanguage\":\"en-US\",\"@id\":\"https:\/\/veritasinfo.org\/?p=2602#primaryimage\",\"url\":\"https:\/\/veritasinfo.org\/wp-content\/uploads\/2025\/07\/evia-arthrou-02-1.jpg-1.jpg\",\"contentUrl\":\"https:\/\/veritasinfo.org\/wp-content\/uploads\/2025\/07\/evia-arthrou-02-1.jpg-1.jpg\",\"width\":640,\"height\":359},{\"@type\":\"BreadcrumbList\",\"@id\":\"https:\/\/veritasinfo.org\/?p=2602#breadcrumb\",\"itemListElement\":[{\"@type\":\"ListItem\",\"position\":1,\"name\":\"Home\",\"item\":\"https:\/\/veritasinfo.org\/\"},{\"@type\":\"ListItem\",\"position\":2,\"name\":\"Greqia lufton me zjarret n\u00eb Evia, Kreta n\u00ebn kontroll\"}]},{\"@type\":\"WebSite\",\"@id\":\"https:\/\/veritasinfo.org\/#website\",\"url\":\"https:\/\/veritasinfo.org\/\",\"name\":\"\",\"description\":\"\",\"potentialAction\":[{\"@type\":\"SearchAction\",\"target\":{\"@type\":\"EntryPoint\",\"urlTemplate\":\"https:\/\/veritasinfo.org\/?s={search_term_string}\"},\"query-input\":{\"@type\":\"PropertyValueSpecification\",\"valueRequired\":true,\"valueName\":\"search_term_string\"}}],\"inLanguage\":\"en-US\"},{\"@type\":\"Person\",\"@id\":\"https:\/\/veritasinfo.org\/#\/schema\/person\/7701f8c088bece422266b100a712374f\",\"name\":\"admin\",\"image\":{\"@type\":\"ImageObject\",\"inLanguage\":\"en-US\",\"@id\":\"https:\/\/veritasinfo.org\/#\/schema\/person\/image\/\",\"url\":\"https:\/\/secure.gravatar.com\/avatar\/ea53aa3bf6c9a12d5fde8ce4deff43fef3885ae33cf60184161a50d6987cfd2f?s=96&d=mm&r=g\",\"contentUrl\":\"https:\/\/secure.gravatar.com\/avatar\/ea53aa3bf6c9a12d5fde8ce4deff43fef3885ae33cf60184161a50d6987cfd2f?s=96&d=mm&r=g\",\"caption\":\"admin\"},\"sameAs\":[\"https:\/\/veritasinfo.org\"],\"url\":\"https:\/\/veritasinfo.org\/?author=1\"}]}<\/script>\n<!-- \/ Yoast SEO plugin. -->","yoast_head_json":{"title":"Greqia lufton me zjarret n\u00eb Evia, Kreta n\u00ebn kontroll -","robots":{"index":"index","follow":"follow","max-snippet":"max-snippet:-1","max-image-preview":"max-image-preview:large","max-video-preview":"max-video-preview:-1"},"canonical":"https:\/\/veritasinfo.org\/?p=2602","og_locale":"en_US","og_type":"article","og_title":"Greqia lufton me zjarret n\u00eb Evia, Kreta n\u00ebn kontroll -","og_description":"Greqia lufton me zjarret n\u00eb Evia, Kreta n\u00ebn kontroll Zjarrfik\u00ebsit po p\u00ebrballen me nj\u00eb zjarr t\u00eb madh n\u00eb ishullin grek Evia, i cili po shkrumbon","og_url":"https:\/\/veritasinfo.org\/?p=2602","article_published_time":"2025-07-05T11:00:08+00:00","og_image":[{"width":640,"height":359,"url":"https:\/\/veritasinfo.org\/wp-content\/uploads\/2025\/07\/evia-arthrou-02-1.jpg-1.jpg","type":"image\/jpeg"}],"author":"admin","twitter_card":"summary_large_image","twitter_misc":{"Written by":"admin","Est. reading time":"2 minutes"},"schema":{"@context":"https:\/\/schema.org","@graph":[{"@type":"WebPage","@id":"https:\/\/veritasinfo.org\/?p=2602","url":"https:\/\/veritasinfo.org\/?p=2602","name":"Greqia lufton me zjarret n\u00eb Evia, Kreta n\u00ebn kontroll -","isPartOf":{"@id":"https:\/\/veritasinfo.org\/#website"},"primaryImageOfPage":{"@id":"https:\/\/veritasinfo.org\/?p=2602#primaryimage"},"image":{"@id":"https:\/\/veritasinfo.org\/?p=2602#primaryimage"},"thumbnailUrl":"https:\/\/veritasinfo.org\/wp-content\/uploads\/2025\/07\/evia-arthrou-02-1.jpg-1.jpg","datePublished":"2025-07-05T11:00:08+00:00","author":{"@id":"https:\/\/veritasinfo.org\/#\/schema\/person\/7701f8c088bece422266b100a712374f"},"breadcrumb":{"@id":"https:\/\/veritasinfo.org\/?p=2602#breadcrumb"},"inLanguage":"en-US","potentialAction":[{"@type":"ReadAction","target":["https:\/\/veritasinfo.org\/?p=2602"]}]},{"@type":"ImageObject","inLanguage":"en-US","@id":"https:\/\/veritasinfo.org\/?p=2602#primaryimage","url":"https:\/\/veritasinfo.org\/wp-content\/uploads\/2025\/07\/evia-arthrou-02-1.jpg-1.jpg","contentUrl":"https:\/\/veritasinfo.org\/wp-content\/uploads\/2025\/07\/evia-arthrou-02-1.jpg-1.jpg","width":640,"height":359},{"@type":"BreadcrumbList","@id":"https:\/\/veritasinfo.org\/?p=2602#breadcrumb","itemListElement":[{"@type":"ListItem","position":1,"name":"Home","item":"https:\/\/veritasinfo.org\/"},{"@type":"ListItem","position":2,"name":"Greqia lufton me zjarret n\u00eb Evia, Kreta n\u00ebn kontroll"}]},{"@type":"WebSite","@id":"https:\/\/veritasinfo.org\/#website","url":"https:\/\/veritasinfo.org\/","name":"","description":"","potentialAction":[{"@type":"SearchAction","target":{"@type":"EntryPoint","urlTemplate":"https:\/\/veritasinfo.org\/?s={search_term_string}"},"query-input":{"@type":"PropertyValueSpecification","valueRequired":true,"valueName":"search_term_string"}}],"inLanguage":"en-US"},{"@type":"Person","@id":"https:\/\/veritasinfo.org\/#\/schema\/person\/7701f8c088bece422266b100a712374f","name":"admin","image":{"@type":"ImageObject","inLanguage":"en-US","@id":"https:\/\/veritasinfo.org\/#\/schema\/person\/image\/","url":"https:\/\/secure.gravatar.com\/avatar\/ea53aa3bf6c9a12d5fde8ce4deff43fef3885ae33cf60184161a50d6987cfd2f?s=96&d=mm&r=g","contentUrl":"https:\/\/secure.gravatar.com\/avatar\/ea53aa3bf6c9a12d5fde8ce4deff43fef3885ae33cf60184161a50d6987cfd2f?s=96&d=mm&r=g","caption":"admin"},"sameAs":["https:\/\/veritasinfo.org"],"url":"https:\/\/veritasinfo.org\/?author=1"}]}},"featured_image_urls":{"full":["https:\/\/veritasinfo.org\/wp-content\/uploads\/2025\/07\/evia-arthrou-02-1.jpg-1.jpg",640,359,false],"thumbnail":["https:\/\/veritasinfo.org\/wp-content\/uploads\/2025\/07\/evia-arthrou-02-1.jpg-1-150x150.jpg",150,150,true],"medium":["https:\/\/veritasinfo.org\/wp-content\/uploads\/2025\/07\/evia-arthrou-02-1.jpg-1-300x168.jpg",300,168,true],"medium_large":["https:\/\/veritasinfo.org\/wp-content\/uploads\/2025\/07\/evia-arthrou-02-1.jpg-1.jpg",640,359,false],"large":["https:\/\/veritasinfo.org\/wp-content\/uploads\/2025\/07\/evia-arthrou-02-1.jpg-1.jpg",640,359,false],"1536x1536":["https:\/\/veritasinfo.org\/wp-content\/uploads\/2025\/07\/evia-arthrou-02-1.jpg-1.jpg",640,359,false],"2048x2048":["https:\/\/veritasinfo.org\/wp-content\/uploads\/2025\/07\/evia-arthrou-02-1.jpg-1.jpg",640,359,false],"kreeti-slider-full":["https:\/\/veritasinfo.org\/wp-content\/uploads\/2025\/07\/evia-arthrou-02-1.jpg-1.jpg",640,359,false],"kreeti-featured":["https:\/\/veritasinfo.org\/wp-content\/uploads\/2025\/07\/evia-arthrou-02-1.jpg-1.jpg",640,359,false],"kreeti-medium":["https:\/\/veritasinfo.org\/wp-content\/uploads\/2025\/07\/evia-arthrou-02-1.jpg-1.jpg",640,359,false],"kreeti-medium-square":["https:\/\/veritasinfo.org\/wp-content\/uploads\/2025\/07\/evia-arthrou-02-1.jpg-1.jpg",350,196,false]},"author_info":{"info":["admin"]},"category_info":"<a href=\"https:\/\/veritasinfo.org\/?cat=72\" rel=\"category\">Bota<\/a>","tag_info":"Bota","comment_count":"0","_links":{"self":[{"href":"https:\/\/veritasinfo.org\/index.php?rest_route=\/wp\/v2\/posts\/2602","targetHints":{"allow":["GET"]}}],"collection":[{"href":"https:\/\/veritasinfo.org\/index.php?rest_route=\/wp\/v2\/posts"}],"about":[{"href":"https:\/\/veritasinfo.org\/index.php?rest_route=\/wp\/v2\/types\/post"}],"author":[{"embeddable":true,"href":"https:\/\/veritasinfo.org\/index.php?rest_route=\/wp\/v2\/users\/1"}],"replies":[{"embeddable":true,"href":"https:\/\/veritasinfo.org\/index.php?rest_route=%2Fwp%2Fv2%2Fcomments&post=2602"}],"version-history":[{"count":1,"href":"https:\/\/veritasinfo.org\/index.php?rest_route=\/wp\/v2\/posts\/2602\/revisions"}],"predecessor-version":[{"id":2603,"href":"https:\/\/veritasinfo.org\/index.php?rest_route=\/wp\/v2\/posts\/2602\/revisions\/2603"}],"wp:featuredmedia":[{"embeddable":true,"href":"https:\/\/veritasinfo.org\/index.php?rest_route=\/wp\/v2\/media\/2600"}],"wp:attachment":[{"href":"https:\/\/veritasinfo.org\/index.php?rest_route=%2Fwp%2Fv2%2Fmedia&parent=2602"}],"wp:term":[{"taxonomy":"category","embeddable":true,"href":"https:\/\/veritasinfo.org\/index.php?rest_route=%2Fwp%2Fv2%2Fcategories&post=2602"},{"taxonomy":"post_tag","embeddable":true,"href":"https:\/\/veritasinfo.org\/index.php?rest_route=%2Fwp%2Fv2%2Ftags&post=2602"}],"curies":[{"name":"wp","href":"https:\/\/api.w.org\/{rel}","templated":true}]}}