{"id":26017,"date":"2025-12-29T19:27:05","date_gmt":"2025-12-29T18:27:05","guid":{"rendered":"https:\/\/veritasinfo.org\/?p=26017"},"modified":"2025-12-29T19:27:05","modified_gmt":"2025-12-29T18:27:05","slug":"kurti-e-ardhmja-e-kosoves-e-orientuar-fuqishem-drejt-bashkimit-evropian","status":"publish","type":"post","link":"https:\/\/veritasinfo.org\/?p=26017","title":{"rendered":"Kurti: E ardhmja e Kosov\u00ebs e orientuar fuqish\u00ebm drejt Bashkimit Evropian"},"content":{"rendered":"<p><strong>Prishtin\u00eb, 29 dhjetor 2025 19:26<\/strong><\/p>\n<p>Kryeministri n\u00eb detyr\u00eb dhe kryetari i L\u00ebvizjes Vet\u00ebvendosje, Albin Kurti ka th\u00ebn\u00eb se e ardhmja e Kosov\u00ebs \u00ebsht\u00eb e orientuar fuqish\u00ebm drejt Bashkimit Evropian.<\/p>\n<p>Nj\u00eb dit\u00eb pas zgjedhjeve p\u00ebrmes platform\u00ebs X, ka fal\u00ebnderuar t\u00eb gjith\u00eb ata q\u00eb ushtruan t\u00eb drejt\u00ebn e tyre p\u00ebr t\u00eb votuar, si dhe t\u00eb gjith\u00eb ata q\u00eb kontribuuan q\u00eb procesi zgjedhor t\u00eb ishte i lir\u00eb, i drejt\u00eb dhe t\u00eb zhvillohej pa incidente.<\/p>\n<p>\u201cJemi mir\u00ebnjoh\u00ebs p\u00ebr mb\u00ebshtetjen nd\u00ebrkomb\u00ebtare gjat\u00eb gjith\u00eb k\u00ebtij procesi, nga Bashkimi Evropian, vendet individuale dhe organizatat nd\u00ebrkomb\u00ebtare, t\u00eb cilat vazhdojn\u00eb t\u00eb mb\u00ebshtesin p\u00ebrparimin demokratik t\u00eb Kosov\u00ebs\u201d, tha ai.<\/p>\n<p>\u201cDje, qytetar\u00ebt e Kosov\u00ebs na dhan\u00eb edhe nj\u00eb her\u00eb nj\u00eb mandat t\u00eb fuqish\u00ebm. \u00cbsht\u00eb gjithmon\u00eb nder t\u00eb fitosh besimin e popullit, ve\u00e7an\u00ebrisht kur ai vjen pas p\u00ebrfundimit t\u00eb mandatit t\u00eb par\u00eb t\u00eb plot\u00eb n\u00eb historin\u00eb e vendit. D\u00ebshirojm\u00eb t\u00eb fal\u00ebnderojm\u00eb t\u00eb gjith\u00eb ata q\u00eb ushtruan t\u00eb drejt\u00ebn e tyre p\u00ebr t\u00eb votuar, si dhe t\u00eb gjith\u00eb ata q\u00eb kontribuuan q\u00eb procesi zgjedhor t\u00eb ishte i lir\u00eb, i drejt\u00eb dhe t\u00eb zhvillohej pa incidente. Jemi mir\u00ebnjoh\u00ebs p\u00ebr mb\u00ebshtetjen nd\u00ebrkomb\u00ebtare gjat\u00eb gjith\u00eb k\u00ebtij procesi, nga Bashkimi Evropian, vendet individuale dhe organizatat nd\u00ebrkomb\u00ebtare, t\u00eb cilat vazhdojn\u00eb t\u00eb mb\u00ebshtesin p\u00ebrparimin demokratik t\u00eb Kosov\u00ebs. Nj\u00eb fal\u00ebnderim i ve\u00e7ant\u00eb p\u00ebr partit\u00eb tona motra dhe p\u00ebr l\u00ebvizjen m\u00eb t\u00eb gjer\u00eb progresive, teksa angazhohemi p\u00ebr nd\u00ebrtimin e shoq\u00ebrive ku dinjiteti dhe mir\u00ebqenia e njer\u00ebzve jan\u00eb n\u00eb qend\u00ebr. E ardhmja e Kosov\u00ebs \u00ebsht\u00eb e begat\u00eb dhe e orientuar fuqish\u00ebm drejt Bashkimit Evropian\u201d, ka shkruar ai n\u00eb X.<\/p>\n<p>&nbsp;<\/p>\n","protected":false},"excerpt":{"rendered":"<p>Prishtin\u00eb, 29 dhjetor 2025 19:26 Kryeministri n\u00eb detyr\u00eb dhe kryetari i L\u00ebvizjes Vet\u00ebvendosje, Albin Kurti ka th\u00ebn\u00eb se e ardhmja e Kosov\u00ebs \u00ebsht\u00eb e orientuar<\/p>\n","protected":false},"author":7,"featured_media":26018,"comment_status":"open","ping_status":"open","sticky":false,"template":"","format":"standard","meta":{"footnotes":""},"categories":[58],"tags":[],"class_list":["post-26017","post","type-post","status-publish","format-standard","has-post-thumbnail","hentry","category-politike-sq"],"yoast_head":"<!-- This site is optimized with the Yoast SEO plugin v25.3.1 - https:\/\/yoast.com\/wordpress\/plugins\/seo\/ -->\n<title>Kurti: E ardhmja e Kosov\u00ebs e orientuar fuqish\u00ebm drejt Bashkimit Evropian -<\/title>\n<meta name=\"robots\" content=\"index, follow, max-snippet:-1, max-image-preview:large, max-video-preview:-1\" \/>\n<link rel=\"canonical\" href=\"https:\/\/veritasinfo.org\/?p=26017\" \/>\n<meta property=\"og:locale\" content=\"en_US\" \/>\n<meta property=\"og:type\" content=\"article\" \/>\n<meta property=\"og:title\" content=\"Kurti: E ardhmja e Kosov\u00ebs e orientuar fuqish\u00ebm drejt Bashkimit Evropian -\" \/>\n<meta property=\"og:description\" content=\"Prishtin\u00eb, 29 dhjetor 2025 19:26 Kryeministri n\u00eb detyr\u00eb dhe kryetari i L\u00ebvizjes Vet\u00ebvendosje, Albin Kurti ka th\u00ebn\u00eb se e ardhmja e Kosov\u00ebs \u00ebsht\u00eb e orientuar\" \/>\n<meta property=\"og:url\" content=\"https:\/\/veritasinfo.org\/?p=26017\" \/>\n<meta property=\"article:published_time\" content=\"2025-12-29T18:27:05+00:00\" \/>\n<meta property=\"og:image\" content=\"https:\/\/veritasinfo.org\/wp-content\/uploads\/2025\/12\/1-97.jpg\" \/>\n\t<meta property=\"og:image:width\" content=\"589\" \/>\n\t<meta property=\"og:image:height\" content=\"369\" \/>\n\t<meta property=\"og:image:type\" content=\"image\/jpeg\" \/>\n<meta name=\"author\" content=\"US6\" \/>\n<meta name=\"twitter:card\" content=\"summary_large_image\" \/>\n<meta name=\"twitter:label1\" content=\"Written by\" \/>\n\t<meta name=\"twitter:data1\" content=\"US6\" \/>\n\t<meta name=\"twitter:label2\" content=\"Est. reading time\" \/>\n\t<meta name=\"twitter:data2\" content=\"2 minutes\" \/>\n<script type=\"application\/ld+json\" class=\"yoast-schema-graph\">{\"@context\":\"https:\/\/schema.org\",\"@graph\":[{\"@type\":\"WebPage\",\"@id\":\"https:\/\/veritasinfo.org\/?p=26017\",\"url\":\"https:\/\/veritasinfo.org\/?p=26017\",\"name\":\"Kurti: E ardhmja e Kosov\u00ebs e orientuar fuqish\u00ebm drejt Bashkimit Evropian -\",\"isPartOf\":{\"@id\":\"https:\/\/veritasinfo.org\/#website\"},\"primaryImageOfPage\":{\"@id\":\"https:\/\/veritasinfo.org\/?p=26017#primaryimage\"},\"image\":{\"@id\":\"https:\/\/veritasinfo.org\/?p=26017#primaryimage\"},\"thumbnailUrl\":\"https:\/\/veritasinfo.org\/wp-content\/uploads\/2025\/12\/1-97.jpg\",\"datePublished\":\"2025-12-29T18:27:05+00:00\",\"author\":{\"@id\":\"https:\/\/veritasinfo.org\/#\/schema\/person\/fe199eede04c3937362892b7444747cc\"},\"breadcrumb\":{\"@id\":\"https:\/\/veritasinfo.org\/?p=26017#breadcrumb\"},\"inLanguage\":\"en-US\",\"potentialAction\":[{\"@type\":\"ReadAction\",\"target\":[\"https:\/\/veritasinfo.org\/?p=26017\"]}]},{\"@type\":\"ImageObject\",\"inLanguage\":\"en-US\",\"@id\":\"https:\/\/veritasinfo.org\/?p=26017#primaryimage\",\"url\":\"https:\/\/veritasinfo.org\/wp-content\/uploads\/2025\/12\/1-97.jpg\",\"contentUrl\":\"https:\/\/veritasinfo.org\/wp-content\/uploads\/2025\/12\/1-97.jpg\",\"width\":589,\"height\":369},{\"@type\":\"BreadcrumbList\",\"@id\":\"https:\/\/veritasinfo.org\/?p=26017#breadcrumb\",\"itemListElement\":[{\"@type\":\"ListItem\",\"position\":1,\"name\":\"Home\",\"item\":\"https:\/\/veritasinfo.org\/\"},{\"@type\":\"ListItem\",\"position\":2,\"name\":\"Kurti: E ardhmja e Kosov\u00ebs e orientuar fuqish\u00ebm drejt Bashkimit Evropian\"}]},{\"@type\":\"WebSite\",\"@id\":\"https:\/\/veritasinfo.org\/#website\",\"url\":\"https:\/\/veritasinfo.org\/\",\"name\":\"\",\"description\":\"\",\"potentialAction\":[{\"@type\":\"SearchAction\",\"target\":{\"@type\":\"EntryPoint\",\"urlTemplate\":\"https:\/\/veritasinfo.org\/?s={search_term_string}\"},\"query-input\":{\"@type\":\"PropertyValueSpecification\",\"valueRequired\":true,\"valueName\":\"search_term_string\"}}],\"inLanguage\":\"en-US\"},{\"@type\":\"Person\",\"@id\":\"https:\/\/veritasinfo.org\/#\/schema\/person\/fe199eede04c3937362892b7444747cc\",\"name\":\"US6\",\"image\":{\"@type\":\"ImageObject\",\"inLanguage\":\"en-US\",\"@id\":\"https:\/\/veritasinfo.org\/#\/schema\/person\/image\/\",\"url\":\"https:\/\/secure.gravatar.com\/avatar\/cb16c3c31c9d23b9b8c705964598220b3014e42ff51eb540ff23cefa3ae8c15f?s=96&d=mm&r=g\",\"contentUrl\":\"https:\/\/secure.gravatar.com\/avatar\/cb16c3c31c9d23b9b8c705964598220b3014e42ff51eb540ff23cefa3ae8c15f?s=96&d=mm&r=g\",\"caption\":\"US6\"},\"url\":\"https:\/\/veritasinfo.org\/?author=7\"}]}<\/script>\n<!-- \/ Yoast SEO plugin. -->","yoast_head_json":{"title":"Kurti: E ardhmja e Kosov\u00ebs e orientuar fuqish\u00ebm drejt Bashkimit Evropian -","robots":{"index":"index","follow":"follow","max-snippet":"max-snippet:-1","max-image-preview":"max-image-preview:large","max-video-preview":"max-video-preview:-1"},"canonical":"https:\/\/veritasinfo.org\/?p=26017","og_locale":"en_US","og_type":"article","og_title":"Kurti: E ardhmja e Kosov\u00ebs e orientuar fuqish\u00ebm drejt Bashkimit Evropian -","og_description":"Prishtin\u00eb, 29 dhjetor 2025 19:26 Kryeministri n\u00eb detyr\u00eb dhe kryetari i L\u00ebvizjes Vet\u00ebvendosje, Albin Kurti ka th\u00ebn\u00eb se e ardhmja e Kosov\u00ebs \u00ebsht\u00eb e orientuar","og_url":"https:\/\/veritasinfo.org\/?p=26017","article_published_time":"2025-12-29T18:27:05+00:00","og_image":[{"width":589,"height":369,"url":"https:\/\/veritasinfo.org\/wp-content\/uploads\/2025\/12\/1-97.jpg","type":"image\/jpeg"}],"author":"US6","twitter_card":"summary_large_image","twitter_misc":{"Written by":"US6","Est. reading time":"2 minutes"},"schema":{"@context":"https:\/\/schema.org","@graph":[{"@type":"WebPage","@id":"https:\/\/veritasinfo.org\/?p=26017","url":"https:\/\/veritasinfo.org\/?p=26017","name":"Kurti: E ardhmja e Kosov\u00ebs e orientuar fuqish\u00ebm drejt Bashkimit Evropian -","isPartOf":{"@id":"https:\/\/veritasinfo.org\/#website"},"primaryImageOfPage":{"@id":"https:\/\/veritasinfo.org\/?p=26017#primaryimage"},"image":{"@id":"https:\/\/veritasinfo.org\/?p=26017#primaryimage"},"thumbnailUrl":"https:\/\/veritasinfo.org\/wp-content\/uploads\/2025\/12\/1-97.jpg","datePublished":"2025-12-29T18:27:05+00:00","author":{"@id":"https:\/\/veritasinfo.org\/#\/schema\/person\/fe199eede04c3937362892b7444747cc"},"breadcrumb":{"@id":"https:\/\/veritasinfo.org\/?p=26017#breadcrumb"},"inLanguage":"en-US","potentialAction":[{"@type":"ReadAction","target":["https:\/\/veritasinfo.org\/?p=26017"]}]},{"@type":"ImageObject","inLanguage":"en-US","@id":"https:\/\/veritasinfo.org\/?p=26017#primaryimage","url":"https:\/\/veritasinfo.org\/wp-content\/uploads\/2025\/12\/1-97.jpg","contentUrl":"https:\/\/veritasinfo.org\/wp-content\/uploads\/2025\/12\/1-97.jpg","width":589,"height":369},{"@type":"BreadcrumbList","@id":"https:\/\/veritasinfo.org\/?p=26017#breadcrumb","itemListElement":[{"@type":"ListItem","position":1,"name":"Home","item":"https:\/\/veritasinfo.org\/"},{"@type":"ListItem","position":2,"name":"Kurti: E ardhmja e Kosov\u00ebs e orientuar fuqish\u00ebm drejt Bashkimit Evropian"}]},{"@type":"WebSite","@id":"https:\/\/veritasinfo.org\/#website","url":"https:\/\/veritasinfo.org\/","name":"","description":"","potentialAction":[{"@type":"SearchAction","target":{"@type":"EntryPoint","urlTemplate":"https:\/\/veritasinfo.org\/?s={search_term_string}"},"query-input":{"@type":"PropertyValueSpecification","valueRequired":true,"valueName":"search_term_string"}}],"inLanguage":"en-US"},{"@type":"Person","@id":"https:\/\/veritasinfo.org\/#\/schema\/person\/fe199eede04c3937362892b7444747cc","name":"US6","image":{"@type":"ImageObject","inLanguage":"en-US","@id":"https:\/\/veritasinfo.org\/#\/schema\/person\/image\/","url":"https:\/\/secure.gravatar.com\/avatar\/cb16c3c31c9d23b9b8c705964598220b3014e42ff51eb540ff23cefa3ae8c15f?s=96&d=mm&r=g","contentUrl":"https:\/\/secure.gravatar.com\/avatar\/cb16c3c31c9d23b9b8c705964598220b3014e42ff51eb540ff23cefa3ae8c15f?s=96&d=mm&r=g","caption":"US6"},"url":"https:\/\/veritasinfo.org\/?author=7"}]}},"featured_image_urls":{"full":["https:\/\/veritasinfo.org\/wp-content\/uploads\/2025\/12\/1-97.jpg",589,369,false],"thumbnail":["https:\/\/veritasinfo.org\/wp-content\/uploads\/2025\/12\/1-97-150x150.jpg",150,150,true],"medium":["https:\/\/veritasinfo.org\/wp-content\/uploads\/2025\/12\/1-97-300x188.jpg",300,188,true],"medium_large":["https:\/\/veritasinfo.org\/wp-content\/uploads\/2025\/12\/1-97.jpg",589,369,false],"large":["https:\/\/veritasinfo.org\/wp-content\/uploads\/2025\/12\/1-97.jpg",589,369,false],"1536x1536":["https:\/\/veritasinfo.org\/wp-content\/uploads\/2025\/12\/1-97.jpg",589,369,false],"2048x2048":["https:\/\/veritasinfo.org\/wp-content\/uploads\/2025\/12\/1-97.jpg",589,369,false],"kreeti-slider-full":["https:\/\/veritasinfo.org\/wp-content\/uploads\/2025\/12\/1-97.jpg",589,369,false],"kreeti-featured":["https:\/\/veritasinfo.org\/wp-content\/uploads\/2025\/12\/1-97.jpg",589,369,false],"kreeti-medium":["https:\/\/veritasinfo.org\/wp-content\/uploads\/2025\/12\/1-97.jpg",589,369,false],"kreeti-medium-square":["https:\/\/veritasinfo.org\/wp-content\/uploads\/2025\/12\/1-97.jpg",350,219,false]},"author_info":{"info":["US6"]},"category_info":"<a href=\"https:\/\/veritasinfo.org\/?cat=58\" rel=\"category\">Politik\u00eb<\/a>","tag_info":"Politik\u00eb","comment_count":"0","_links":{"self":[{"href":"https:\/\/veritasinfo.org\/index.php?rest_route=\/wp\/v2\/posts\/26017","targetHints":{"allow":["GET"]}}],"collection":[{"href":"https:\/\/veritasinfo.org\/index.php?rest_route=\/wp\/v2\/posts"}],"about":[{"href":"https:\/\/veritasinfo.org\/index.php?rest_route=\/wp\/v2\/types\/post"}],"author":[{"embeddable":true,"href":"https:\/\/veritasinfo.org\/index.php?rest_route=\/wp\/v2\/users\/7"}],"replies":[{"embeddable":true,"href":"https:\/\/veritasinfo.org\/index.php?rest_route=%2Fwp%2Fv2%2Fcomments&post=26017"}],"version-history":[{"count":1,"href":"https:\/\/veritasinfo.org\/index.php?rest_route=\/wp\/v2\/posts\/26017\/revisions"}],"predecessor-version":[{"id":26019,"href":"https:\/\/veritasinfo.org\/index.php?rest_route=\/wp\/v2\/posts\/26017\/revisions\/26019"}],"wp:featuredmedia":[{"embeddable":true,"href":"https:\/\/veritasinfo.org\/index.php?rest_route=\/wp\/v2\/media\/26018"}],"wp:attachment":[{"href":"https:\/\/veritasinfo.org\/index.php?rest_route=%2Fwp%2Fv2%2Fmedia&parent=26017"}],"wp:term":[{"taxonomy":"category","embeddable":true,"href":"https:\/\/veritasinfo.org\/index.php?rest_route=%2Fwp%2Fv2%2Fcategories&post=26017"},{"taxonomy":"post_tag","embeddable":true,"href":"https:\/\/veritasinfo.org\/index.php?rest_route=%2Fwp%2Fv2%2Ftags&post=26017"}],"curies":[{"name":"wp","href":"https:\/\/api.w.org\/{rel}","templated":true}]}}