{"id":26012,"date":"2025-12-29T18:48:24","date_gmt":"2025-12-29T17:48:24","guid":{"rendered":"https:\/\/veritasinfo.org\/?p=26012"},"modified":"2025-12-29T18:48:24","modified_gmt":"2025-12-29T17:48:24","slug":"osmani-synoj-edhe-nje-mandat-si-presidente","status":"publish","type":"post","link":"https:\/\/veritasinfo.org\/?p=26012","title":{"rendered":"Osmani: Synoj edhe nj\u00eb mandat si presidente"},"content":{"rendered":"<p><strong>Prishtin\u00eb, 29 dhjetor 2025 18:48<\/strong><\/p>\n<p>Presidentja e Kosov\u00ebs, Vjosa Osmani, po e synon edhe nj\u00eb mandat tjet\u00ebr si presidente e vendit.<\/p>\n<p>Ajo ka th\u00ebn\u00eb se po pret p\u00ebr formimin e institucioneve t\u00eb reja dhe paralajm\u00ebroi bisedime p\u00ebr mb\u00ebshtetje t\u00eb kandidatur\u00ebs s\u00eb saj.<\/p>\n<p>\u201cDo t\u00eb bisedoj me t\u00eb gjitha partit\u00eb shqiptare. Do t\u00eb duhet q\u00eb t\u00eb ulemi t\u00eb diskutojm\u00eb dhe t\u00eb shihet n\u00ebse do t\u00eb d\u00ebshirojn\u00eb q\u00eb t\u00eb d\u00ebgjohet vullneti i qytetarit i cili \u00ebsht\u00eb i qart\u00eb. N\u00eb shumic\u00ebn d\u00ebrrmuese t\u00eb matjeve shihet q\u00eb diku 81% t\u00eb qytetar\u00ebve d\u00ebshirojn\u00eb nj\u00eb mandat t\u00eb dyt\u00eb p\u00ebr mua. Do t\u00eb shohim n\u00ebse deputet\u00ebt d\u00ebshirojn\u00eb nj\u00eb materializim t\u00eb k\u00ebtij vullneti. N\u00ebse deputet\u00ebt nuk d\u00ebshirojn\u00eb dhe nuk kan\u00eb vullnet, un\u00eb do ta vazhdoj angazhimin tim politik\u201d, ka deklaruar presidentja Osmani.<\/p>\n<p>Osmani poashtu ka theksuar se kjo \u00ebsht\u00eb nj\u00eb \u00e7\u00ebshtje q\u00eb do ta vendos\u00eb parlamenti i ri, mir\u00ebpo ajo p\u00ebrs\u00ebriti q\u00eb angazhimin politik nuk do ta nd\u00ebrpres\u00eb.<\/p>\n<p>&nbsp;<\/p>\n","protected":false},"excerpt":{"rendered":"<p>Prishtin\u00eb, 29 dhjetor 2025 18:48 Presidentja e Kosov\u00ebs, Vjosa Osmani, po e synon edhe nj\u00eb mandat tjet\u00ebr si presidente e vendit. Ajo ka th\u00ebn\u00eb se<\/p>\n","protected":false},"author":7,"featured_media":26013,"comment_status":"open","ping_status":"open","sticky":false,"template":"","format":"standard","meta":{"footnotes":""},"categories":[58],"tags":[],"class_list":["post-26012","post","type-post","status-publish","format-standard","has-post-thumbnail","hentry","category-politike-sq"],"yoast_head":"<!-- This site is optimized with the Yoast SEO plugin v25.3.1 - https:\/\/yoast.com\/wordpress\/plugins\/seo\/ -->\n<title>Osmani: Synoj edhe nj\u00eb mandat si presidente -<\/title>\n<meta name=\"robots\" content=\"index, follow, max-snippet:-1, max-image-preview:large, max-video-preview:-1\" \/>\n<link rel=\"canonical\" href=\"https:\/\/veritasinfo.org\/?p=26012\" \/>\n<meta property=\"og:locale\" content=\"en_US\" \/>\n<meta property=\"og:type\" content=\"article\" \/>\n<meta property=\"og:title\" content=\"Osmani: Synoj edhe nj\u00eb mandat si presidente -\" \/>\n<meta property=\"og:description\" content=\"Prishtin\u00eb, 29 dhjetor 2025 18:48 Presidentja e Kosov\u00ebs, Vjosa Osmani, po e synon edhe nj\u00eb mandat tjet\u00ebr si presidente e vendit. Ajo ka th\u00ebn\u00eb se\" \/>\n<meta property=\"og:url\" content=\"https:\/\/veritasinfo.org\/?p=26012\" \/>\n<meta property=\"article:published_time\" content=\"2025-12-29T17:48:24+00:00\" \/>\n<meta property=\"og:image\" content=\"https:\/\/veritasinfo.org\/wp-content\/uploads\/2025\/12\/1-96.jpg\" \/>\n\t<meta property=\"og:image:width\" content=\"802\" \/>\n\t<meta property=\"og:image:height\" content=\"535\" \/>\n\t<meta property=\"og:image:type\" content=\"image\/jpeg\" \/>\n<meta name=\"author\" content=\"US6\" \/>\n<meta name=\"twitter:card\" content=\"summary_large_image\" \/>\n<meta name=\"twitter:label1\" content=\"Written by\" \/>\n\t<meta name=\"twitter:data1\" content=\"US6\" \/>\n\t<meta name=\"twitter:label2\" content=\"Est. reading time\" \/>\n\t<meta name=\"twitter:data2\" content=\"1 minute\" \/>\n<script type=\"application\/ld+json\" class=\"yoast-schema-graph\">{\"@context\":\"https:\/\/schema.org\",\"@graph\":[{\"@type\":\"WebPage\",\"@id\":\"https:\/\/veritasinfo.org\/?p=26012\",\"url\":\"https:\/\/veritasinfo.org\/?p=26012\",\"name\":\"Osmani: Synoj edhe nj\u00eb mandat si presidente -\",\"isPartOf\":{\"@id\":\"https:\/\/veritasinfo.org\/#website\"},\"primaryImageOfPage\":{\"@id\":\"https:\/\/veritasinfo.org\/?p=26012#primaryimage\"},\"image\":{\"@id\":\"https:\/\/veritasinfo.org\/?p=26012#primaryimage\"},\"thumbnailUrl\":\"https:\/\/veritasinfo.org\/wp-content\/uploads\/2025\/12\/1-96.jpg\",\"datePublished\":\"2025-12-29T17:48:24+00:00\",\"author\":{\"@id\":\"https:\/\/veritasinfo.org\/#\/schema\/person\/fe199eede04c3937362892b7444747cc\"},\"breadcrumb\":{\"@id\":\"https:\/\/veritasinfo.org\/?p=26012#breadcrumb\"},\"inLanguage\":\"en-US\",\"potentialAction\":[{\"@type\":\"ReadAction\",\"target\":[\"https:\/\/veritasinfo.org\/?p=26012\"]}]},{\"@type\":\"ImageObject\",\"inLanguage\":\"en-US\",\"@id\":\"https:\/\/veritasinfo.org\/?p=26012#primaryimage\",\"url\":\"https:\/\/veritasinfo.org\/wp-content\/uploads\/2025\/12\/1-96.jpg\",\"contentUrl\":\"https:\/\/veritasinfo.org\/wp-content\/uploads\/2025\/12\/1-96.jpg\",\"width\":802,\"height\":535},{\"@type\":\"BreadcrumbList\",\"@id\":\"https:\/\/veritasinfo.org\/?p=26012#breadcrumb\",\"itemListElement\":[{\"@type\":\"ListItem\",\"position\":1,\"name\":\"Home\",\"item\":\"https:\/\/veritasinfo.org\/\"},{\"@type\":\"ListItem\",\"position\":2,\"name\":\"Osmani: Synoj edhe nj\u00eb mandat si presidente\"}]},{\"@type\":\"WebSite\",\"@id\":\"https:\/\/veritasinfo.org\/#website\",\"url\":\"https:\/\/veritasinfo.org\/\",\"name\":\"\",\"description\":\"\",\"potentialAction\":[{\"@type\":\"SearchAction\",\"target\":{\"@type\":\"EntryPoint\",\"urlTemplate\":\"https:\/\/veritasinfo.org\/?s={search_term_string}\"},\"query-input\":{\"@type\":\"PropertyValueSpecification\",\"valueRequired\":true,\"valueName\":\"search_term_string\"}}],\"inLanguage\":\"en-US\"},{\"@type\":\"Person\",\"@id\":\"https:\/\/veritasinfo.org\/#\/schema\/person\/fe199eede04c3937362892b7444747cc\",\"name\":\"US6\",\"image\":{\"@type\":\"ImageObject\",\"inLanguage\":\"en-US\",\"@id\":\"https:\/\/veritasinfo.org\/#\/schema\/person\/image\/\",\"url\":\"https:\/\/secure.gravatar.com\/avatar\/cb16c3c31c9d23b9b8c705964598220b3014e42ff51eb540ff23cefa3ae8c15f?s=96&d=mm&r=g\",\"contentUrl\":\"https:\/\/secure.gravatar.com\/avatar\/cb16c3c31c9d23b9b8c705964598220b3014e42ff51eb540ff23cefa3ae8c15f?s=96&d=mm&r=g\",\"caption\":\"US6\"},\"url\":\"https:\/\/veritasinfo.org\/?author=7\"}]}<\/script>\n<!-- \/ Yoast SEO plugin. -->","yoast_head_json":{"title":"Osmani: Synoj edhe nj\u00eb mandat si presidente -","robots":{"index":"index","follow":"follow","max-snippet":"max-snippet:-1","max-image-preview":"max-image-preview:large","max-video-preview":"max-video-preview:-1"},"canonical":"https:\/\/veritasinfo.org\/?p=26012","og_locale":"en_US","og_type":"article","og_title":"Osmani: Synoj edhe nj\u00eb mandat si presidente -","og_description":"Prishtin\u00eb, 29 dhjetor 2025 18:48 Presidentja e Kosov\u00ebs, Vjosa Osmani, po e synon edhe nj\u00eb mandat tjet\u00ebr si presidente e vendit. Ajo ka th\u00ebn\u00eb se","og_url":"https:\/\/veritasinfo.org\/?p=26012","article_published_time":"2025-12-29T17:48:24+00:00","og_image":[{"width":802,"height":535,"url":"https:\/\/veritasinfo.org\/wp-content\/uploads\/2025\/12\/1-96.jpg","type":"image\/jpeg"}],"author":"US6","twitter_card":"summary_large_image","twitter_misc":{"Written by":"US6","Est. reading time":"1 minute"},"schema":{"@context":"https:\/\/schema.org","@graph":[{"@type":"WebPage","@id":"https:\/\/veritasinfo.org\/?p=26012","url":"https:\/\/veritasinfo.org\/?p=26012","name":"Osmani: Synoj edhe nj\u00eb mandat si presidente -","isPartOf":{"@id":"https:\/\/veritasinfo.org\/#website"},"primaryImageOfPage":{"@id":"https:\/\/veritasinfo.org\/?p=26012#primaryimage"},"image":{"@id":"https:\/\/veritasinfo.org\/?p=26012#primaryimage"},"thumbnailUrl":"https:\/\/veritasinfo.org\/wp-content\/uploads\/2025\/12\/1-96.jpg","datePublished":"2025-12-29T17:48:24+00:00","author":{"@id":"https:\/\/veritasinfo.org\/#\/schema\/person\/fe199eede04c3937362892b7444747cc"},"breadcrumb":{"@id":"https:\/\/veritasinfo.org\/?p=26012#breadcrumb"},"inLanguage":"en-US","potentialAction":[{"@type":"ReadAction","target":["https:\/\/veritasinfo.org\/?p=26012"]}]},{"@type":"ImageObject","inLanguage":"en-US","@id":"https:\/\/veritasinfo.org\/?p=26012#primaryimage","url":"https:\/\/veritasinfo.org\/wp-content\/uploads\/2025\/12\/1-96.jpg","contentUrl":"https:\/\/veritasinfo.org\/wp-content\/uploads\/2025\/12\/1-96.jpg","width":802,"height":535},{"@type":"BreadcrumbList","@id":"https:\/\/veritasinfo.org\/?p=26012#breadcrumb","itemListElement":[{"@type":"ListItem","position":1,"name":"Home","item":"https:\/\/veritasinfo.org\/"},{"@type":"ListItem","position":2,"name":"Osmani: Synoj edhe nj\u00eb mandat si presidente"}]},{"@type":"WebSite","@id":"https:\/\/veritasinfo.org\/#website","url":"https:\/\/veritasinfo.org\/","name":"","description":"","potentialAction":[{"@type":"SearchAction","target":{"@type":"EntryPoint","urlTemplate":"https:\/\/veritasinfo.org\/?s={search_term_string}"},"query-input":{"@type":"PropertyValueSpecification","valueRequired":true,"valueName":"search_term_string"}}],"inLanguage":"en-US"},{"@type":"Person","@id":"https:\/\/veritasinfo.org\/#\/schema\/person\/fe199eede04c3937362892b7444747cc","name":"US6","image":{"@type":"ImageObject","inLanguage":"en-US","@id":"https:\/\/veritasinfo.org\/#\/schema\/person\/image\/","url":"https:\/\/secure.gravatar.com\/avatar\/cb16c3c31c9d23b9b8c705964598220b3014e42ff51eb540ff23cefa3ae8c15f?s=96&d=mm&r=g","contentUrl":"https:\/\/secure.gravatar.com\/avatar\/cb16c3c31c9d23b9b8c705964598220b3014e42ff51eb540ff23cefa3ae8c15f?s=96&d=mm&r=g","caption":"US6"},"url":"https:\/\/veritasinfo.org\/?author=7"}]}},"featured_image_urls":{"full":["https:\/\/veritasinfo.org\/wp-content\/uploads\/2025\/12\/1-96.jpg",802,535,false],"thumbnail":["https:\/\/veritasinfo.org\/wp-content\/uploads\/2025\/12\/1-96-150x150.jpg",150,150,true],"medium":["https:\/\/veritasinfo.org\/wp-content\/uploads\/2025\/12\/1-96-300x200.jpg",300,200,true],"medium_large":["https:\/\/veritasinfo.org\/wp-content\/uploads\/2025\/12\/1-96-768x512.jpg",640,427,true],"large":["https:\/\/veritasinfo.org\/wp-content\/uploads\/2025\/12\/1-96.jpg",640,427,false],"1536x1536":["https:\/\/veritasinfo.org\/wp-content\/uploads\/2025\/12\/1-96.jpg",802,535,false],"2048x2048":["https:\/\/veritasinfo.org\/wp-content\/uploads\/2025\/12\/1-96.jpg",802,535,false],"kreeti-slider-full":["https:\/\/veritasinfo.org\/wp-content\/uploads\/2025\/12\/1-96.jpg",802,535,false],"kreeti-featured":["https:\/\/veritasinfo.org\/wp-content\/uploads\/2025\/12\/1-96.jpg",802,535,false],"kreeti-medium":["https:\/\/veritasinfo.org\/wp-content\/uploads\/2025\/12\/1-96.jpg",720,480,false],"kreeti-medium-square":["https:\/\/veritasinfo.org\/wp-content\/uploads\/2025\/12\/1-96.jpg",350,233,false]},"author_info":{"info":["US6"]},"category_info":"<a href=\"https:\/\/veritasinfo.org\/?cat=58\" rel=\"category\">Politik\u00eb<\/a>","tag_info":"Politik\u00eb","comment_count":"0","_links":{"self":[{"href":"https:\/\/veritasinfo.org\/index.php?rest_route=\/wp\/v2\/posts\/26012","targetHints":{"allow":["GET"]}}],"collection":[{"href":"https:\/\/veritasinfo.org\/index.php?rest_route=\/wp\/v2\/posts"}],"about":[{"href":"https:\/\/veritasinfo.org\/index.php?rest_route=\/wp\/v2\/types\/post"}],"author":[{"embeddable":true,"href":"https:\/\/veritasinfo.org\/index.php?rest_route=\/wp\/v2\/users\/7"}],"replies":[{"embeddable":true,"href":"https:\/\/veritasinfo.org\/index.php?rest_route=%2Fwp%2Fv2%2Fcomments&post=26012"}],"version-history":[{"count":1,"href":"https:\/\/veritasinfo.org\/index.php?rest_route=\/wp\/v2\/posts\/26012\/revisions"}],"predecessor-version":[{"id":26014,"href":"https:\/\/veritasinfo.org\/index.php?rest_route=\/wp\/v2\/posts\/26012\/revisions\/26014"}],"wp:featuredmedia":[{"embeddable":true,"href":"https:\/\/veritasinfo.org\/index.php?rest_route=\/wp\/v2\/media\/26013"}],"wp:attachment":[{"href":"https:\/\/veritasinfo.org\/index.php?rest_route=%2Fwp%2Fv2%2Fmedia&parent=26012"}],"wp:term":[{"taxonomy":"category","embeddable":true,"href":"https:\/\/veritasinfo.org\/index.php?rest_route=%2Fwp%2Fv2%2Fcategories&post=26012"},{"taxonomy":"post_tag","embeddable":true,"href":"https:\/\/veritasinfo.org\/index.php?rest_route=%2Fwp%2Fv2%2Ftags&post=26012"}],"curies":[{"name":"wp","href":"https:\/\/api.w.org\/{rel}","templated":true}]}}