{"id":26006,"date":"2025-12-29T18:02:45","date_gmt":"2025-12-29T17:02:45","guid":{"rendered":"https:\/\/veritasinfo.org\/?p=26006"},"modified":"2025-12-29T18:02:45","modified_gmt":"2025-12-29T17:02:45","slug":"policia-serbe-ka-arrestuar-stojkoviqin-thote-videnoviq","status":"publish","type":"post","link":"https:\/\/veritasinfo.org\/?p=26006","title":{"rendered":"Policia serbe ka arrestuar Stojkoviqin, thot\u00eb Videnoviq"},"content":{"rendered":"<p>Prishtin\u00eb 29 Dhjetor 2024 18:00<\/p>\n<p>Policia n\u00eb Serbi ka arrestuar nj\u00eb avokat me urdh\u00ebr t\u00eb Prokuroris\u00eb s\u00eb Lart\u00eb Publike, \u00c7edomir Stojkoviq.<\/p>\n<p>Lajmi \u00ebsht\u00eb b\u00ebr\u00eb i ditur p\u00ebrmes nj\u00eb reagimi publik t\u00eb profesorit universitar nga Beogradi, Ivan Videnoviq.<\/p>\n<p>\u201cPolicia sapo ka arrestuar nj\u00eb avokat me urdh\u00ebr t\u00eb VJT \u00c7edomir Stojkoviq\u201d, ka shkruar Videnoviq.<\/p>\n<p>Stojkoviq njihet si nj\u00eb z\u00eb i hapur kund\u00ebr regjimit n\u00eb Serbi dhe politikave t\u00eb presidentit Aleksandar Vu\u00e7iq.<\/p>\n<p>Kujtojm\u00eb se Stojkoviq ishte arrestuar m\u00eb her\u00ebt pasi kishte b\u00ebr\u00eb homazhe n\u00eb Kompleksin Memorial \u201cAdem Jashari\u201d n\u00eb Prekaz.<\/p>\n<p>Mu p\u00ebr k\u00ebt\u00eb, Sanduloviq kishte deklaruar se ishte rrahur nga sh\u00ebrbimi sekret serb pas k\u00ebtij veprimi, nd\u00ebrsa n\u00eb urdh\u00ebr-arrestin ndaj tij thuhej se kishte nxitur urrejtje komb\u00ebtare, racore dhe fetare, pik\u00ebrisht p\u00ebr shkak t\u00eb homazheve n\u00eb Prekaz. Autoritetet serbe nuk kan\u00eb dh\u00ebn\u00eb ende detaje zyrtare p\u00ebr arrestimin e fundit.<\/p>\n","protected":false},"excerpt":{"rendered":"<p>Prishtin\u00eb 29 Dhjetor 2024 18:00 Policia n\u00eb Serbi ka arrestuar nj\u00eb avokat me urdh\u00ebr t\u00eb Prokuroris\u00eb s\u00eb Lart\u00eb Publike, \u00c7edomir Stojkoviq. Lajmi \u00ebsht\u00eb b\u00ebr\u00eb i<\/p>\n","protected":false},"author":6,"featured_media":26007,"comment_status":"open","ping_status":"open","sticky":false,"template":"","format":"standard","meta":{"footnotes":""},"categories":[58],"tags":[],"class_list":["post-26006","post","type-post","status-publish","format-standard","has-post-thumbnail","hentry","category-politike-sq"],"yoast_head":"<!-- This site is optimized with the Yoast SEO plugin v25.3.1 - https:\/\/yoast.com\/wordpress\/plugins\/seo\/ -->\n<title>Policia serbe ka arrestuar Stojkoviqin, thot\u00eb Videnoviq -<\/title>\n<meta name=\"robots\" content=\"index, follow, max-snippet:-1, max-image-preview:large, max-video-preview:-1\" \/>\n<link rel=\"canonical\" href=\"https:\/\/veritasinfo.org\/?p=26006\" \/>\n<meta property=\"og:locale\" content=\"en_US\" \/>\n<meta property=\"og:type\" content=\"article\" \/>\n<meta property=\"og:title\" content=\"Policia serbe ka arrestuar Stojkoviqin, thot\u00eb Videnoviq -\" \/>\n<meta property=\"og:description\" content=\"Prishtin\u00eb 29 Dhjetor 2024 18:00 Policia n\u00eb Serbi ka arrestuar nj\u00eb avokat me urdh\u00ebr t\u00eb Prokuroris\u00eb s\u00eb Lart\u00eb Publike, \u00c7edomir Stojkoviq. Lajmi \u00ebsht\u00eb b\u00ebr\u00eb i\" \/>\n<meta property=\"og:url\" content=\"https:\/\/veritasinfo.org\/?p=26006\" \/>\n<meta property=\"article:published_time\" content=\"2025-12-29T17:02:45+00:00\" \/>\n<meta property=\"og:image\" content=\"https:\/\/veritasinfo.org\/wp-content\/uploads\/2025\/12\/IMG_0075.jpeg\" \/>\n\t<meta property=\"og:image:width\" content=\"864\" \/>\n\t<meta property=\"og:image:height\" content=\"486\" \/>\n\t<meta property=\"og:image:type\" content=\"image\/jpeg\" \/>\n<meta name=\"author\" content=\"US5\" \/>\n<meta name=\"twitter:card\" content=\"summary_large_image\" \/>\n<meta name=\"twitter:label1\" content=\"Written by\" \/>\n\t<meta name=\"twitter:data1\" content=\"US5\" \/>\n\t<meta name=\"twitter:label2\" content=\"Est. reading time\" \/>\n\t<meta name=\"twitter:data2\" content=\"1 minute\" \/>\n<script type=\"application\/ld+json\" class=\"yoast-schema-graph\">{\"@context\":\"https:\/\/schema.org\",\"@graph\":[{\"@type\":\"WebPage\",\"@id\":\"https:\/\/veritasinfo.org\/?p=26006\",\"url\":\"https:\/\/veritasinfo.org\/?p=26006\",\"name\":\"Policia serbe ka arrestuar Stojkoviqin, thot\u00eb Videnoviq -\",\"isPartOf\":{\"@id\":\"https:\/\/veritasinfo.org\/#website\"},\"primaryImageOfPage\":{\"@id\":\"https:\/\/veritasinfo.org\/?p=26006#primaryimage\"},\"image\":{\"@id\":\"https:\/\/veritasinfo.org\/?p=26006#primaryimage\"},\"thumbnailUrl\":\"https:\/\/veritasinfo.org\/wp-content\/uploads\/2025\/12\/IMG_0075.jpeg\",\"datePublished\":\"2025-12-29T17:02:45+00:00\",\"author\":{\"@id\":\"https:\/\/veritasinfo.org\/#\/schema\/person\/bc442336e35414d04494ab8fb45db4c6\"},\"breadcrumb\":{\"@id\":\"https:\/\/veritasinfo.org\/?p=26006#breadcrumb\"},\"inLanguage\":\"en-US\",\"potentialAction\":[{\"@type\":\"ReadAction\",\"target\":[\"https:\/\/veritasinfo.org\/?p=26006\"]}]},{\"@type\":\"ImageObject\",\"inLanguage\":\"en-US\",\"@id\":\"https:\/\/veritasinfo.org\/?p=26006#primaryimage\",\"url\":\"https:\/\/veritasinfo.org\/wp-content\/uploads\/2025\/12\/IMG_0075.jpeg\",\"contentUrl\":\"https:\/\/veritasinfo.org\/wp-content\/uploads\/2025\/12\/IMG_0075.jpeg\",\"width\":864,\"height\":486},{\"@type\":\"BreadcrumbList\",\"@id\":\"https:\/\/veritasinfo.org\/?p=26006#breadcrumb\",\"itemListElement\":[{\"@type\":\"ListItem\",\"position\":1,\"name\":\"Home\",\"item\":\"https:\/\/veritasinfo.org\/\"},{\"@type\":\"ListItem\",\"position\":2,\"name\":\"Policia serbe ka arrestuar Stojkoviqin, thot\u00eb Videnoviq\"}]},{\"@type\":\"WebSite\",\"@id\":\"https:\/\/veritasinfo.org\/#website\",\"url\":\"https:\/\/veritasinfo.org\/\",\"name\":\"\",\"description\":\"\",\"potentialAction\":[{\"@type\":\"SearchAction\",\"target\":{\"@type\":\"EntryPoint\",\"urlTemplate\":\"https:\/\/veritasinfo.org\/?s={search_term_string}\"},\"query-input\":{\"@type\":\"PropertyValueSpecification\",\"valueRequired\":true,\"valueName\":\"search_term_string\"}}],\"inLanguage\":\"en-US\"},{\"@type\":\"Person\",\"@id\":\"https:\/\/veritasinfo.org\/#\/schema\/person\/bc442336e35414d04494ab8fb45db4c6\",\"name\":\"US5\",\"image\":{\"@type\":\"ImageObject\",\"inLanguage\":\"en-US\",\"@id\":\"https:\/\/veritasinfo.org\/#\/schema\/person\/image\/\",\"url\":\"https:\/\/secure.gravatar.com\/avatar\/16a61e7272a0c5d001121ebb9e60e925d5816e4ac1e443ed3e640d9a6ae55d0c?s=96&d=mm&r=g\",\"contentUrl\":\"https:\/\/secure.gravatar.com\/avatar\/16a61e7272a0c5d001121ebb9e60e925d5816e4ac1e443ed3e640d9a6ae55d0c?s=96&d=mm&r=g\",\"caption\":\"US5\"},\"url\":\"https:\/\/veritasinfo.org\/?author=6\"}]}<\/script>\n<!-- \/ Yoast SEO plugin. -->","yoast_head_json":{"title":"Policia serbe ka arrestuar Stojkoviqin, thot\u00eb Videnoviq -","robots":{"index":"index","follow":"follow","max-snippet":"max-snippet:-1","max-image-preview":"max-image-preview:large","max-video-preview":"max-video-preview:-1"},"canonical":"https:\/\/veritasinfo.org\/?p=26006","og_locale":"en_US","og_type":"article","og_title":"Policia serbe ka arrestuar Stojkoviqin, thot\u00eb Videnoviq -","og_description":"Prishtin\u00eb 29 Dhjetor 2024 18:00 Policia n\u00eb Serbi ka arrestuar nj\u00eb avokat me urdh\u00ebr t\u00eb Prokuroris\u00eb s\u00eb Lart\u00eb Publike, \u00c7edomir Stojkoviq. Lajmi \u00ebsht\u00eb b\u00ebr\u00eb i","og_url":"https:\/\/veritasinfo.org\/?p=26006","article_published_time":"2025-12-29T17:02:45+00:00","og_image":[{"width":864,"height":486,"url":"https:\/\/veritasinfo.org\/wp-content\/uploads\/2025\/12\/IMG_0075.jpeg","type":"image\/jpeg"}],"author":"US5","twitter_card":"summary_large_image","twitter_misc":{"Written by":"US5","Est. reading time":"1 minute"},"schema":{"@context":"https:\/\/schema.org","@graph":[{"@type":"WebPage","@id":"https:\/\/veritasinfo.org\/?p=26006","url":"https:\/\/veritasinfo.org\/?p=26006","name":"Policia serbe ka arrestuar Stojkoviqin, thot\u00eb Videnoviq -","isPartOf":{"@id":"https:\/\/veritasinfo.org\/#website"},"primaryImageOfPage":{"@id":"https:\/\/veritasinfo.org\/?p=26006#primaryimage"},"image":{"@id":"https:\/\/veritasinfo.org\/?p=26006#primaryimage"},"thumbnailUrl":"https:\/\/veritasinfo.org\/wp-content\/uploads\/2025\/12\/IMG_0075.jpeg","datePublished":"2025-12-29T17:02:45+00:00","author":{"@id":"https:\/\/veritasinfo.org\/#\/schema\/person\/bc442336e35414d04494ab8fb45db4c6"},"breadcrumb":{"@id":"https:\/\/veritasinfo.org\/?p=26006#breadcrumb"},"inLanguage":"en-US","potentialAction":[{"@type":"ReadAction","target":["https:\/\/veritasinfo.org\/?p=26006"]}]},{"@type":"ImageObject","inLanguage":"en-US","@id":"https:\/\/veritasinfo.org\/?p=26006#primaryimage","url":"https:\/\/veritasinfo.org\/wp-content\/uploads\/2025\/12\/IMG_0075.jpeg","contentUrl":"https:\/\/veritasinfo.org\/wp-content\/uploads\/2025\/12\/IMG_0075.jpeg","width":864,"height":486},{"@type":"BreadcrumbList","@id":"https:\/\/veritasinfo.org\/?p=26006#breadcrumb","itemListElement":[{"@type":"ListItem","position":1,"name":"Home","item":"https:\/\/veritasinfo.org\/"},{"@type":"ListItem","position":2,"name":"Policia serbe ka arrestuar Stojkoviqin, thot\u00eb Videnoviq"}]},{"@type":"WebSite","@id":"https:\/\/veritasinfo.org\/#website","url":"https:\/\/veritasinfo.org\/","name":"","description":"","potentialAction":[{"@type":"SearchAction","target":{"@type":"EntryPoint","urlTemplate":"https:\/\/veritasinfo.org\/?s={search_term_string}"},"query-input":{"@type":"PropertyValueSpecification","valueRequired":true,"valueName":"search_term_string"}}],"inLanguage":"en-US"},{"@type":"Person","@id":"https:\/\/veritasinfo.org\/#\/schema\/person\/bc442336e35414d04494ab8fb45db4c6","name":"US5","image":{"@type":"ImageObject","inLanguage":"en-US","@id":"https:\/\/veritasinfo.org\/#\/schema\/person\/image\/","url":"https:\/\/secure.gravatar.com\/avatar\/16a61e7272a0c5d001121ebb9e60e925d5816e4ac1e443ed3e640d9a6ae55d0c?s=96&d=mm&r=g","contentUrl":"https:\/\/secure.gravatar.com\/avatar\/16a61e7272a0c5d001121ebb9e60e925d5816e4ac1e443ed3e640d9a6ae55d0c?s=96&d=mm&r=g","caption":"US5"},"url":"https:\/\/veritasinfo.org\/?author=6"}]}},"featured_image_urls":{"full":["https:\/\/veritasinfo.org\/wp-content\/uploads\/2025\/12\/IMG_0075.jpeg",864,486,false],"thumbnail":["https:\/\/veritasinfo.org\/wp-content\/uploads\/2025\/12\/IMG_0075-150x150.jpeg",150,150,true],"medium":["https:\/\/veritasinfo.org\/wp-content\/uploads\/2025\/12\/IMG_0075-300x169.jpeg",300,169,true],"medium_large":["https:\/\/veritasinfo.org\/wp-content\/uploads\/2025\/12\/IMG_0075-768x432.jpeg",640,360,true],"large":["https:\/\/veritasinfo.org\/wp-content\/uploads\/2025\/12\/IMG_0075.jpeg",640,360,false],"1536x1536":["https:\/\/veritasinfo.org\/wp-content\/uploads\/2025\/12\/IMG_0075.jpeg",864,486,false],"2048x2048":["https:\/\/veritasinfo.org\/wp-content\/uploads\/2025\/12\/IMG_0075.jpeg",864,486,false],"kreeti-slider-full":["https:\/\/veritasinfo.org\/wp-content\/uploads\/2025\/12\/IMG_0075.jpeg",864,486,false],"kreeti-featured":["https:\/\/veritasinfo.org\/wp-content\/uploads\/2025\/12\/IMG_0075.jpeg",864,486,false],"kreeti-medium":["https:\/\/veritasinfo.org\/wp-content\/uploads\/2025\/12\/IMG_0075.jpeg",720,405,false],"kreeti-medium-square":["https:\/\/veritasinfo.org\/wp-content\/uploads\/2025\/12\/IMG_0075.jpeg",350,197,false]},"author_info":{"info":["US5"]},"category_info":"<a href=\"https:\/\/veritasinfo.org\/?cat=58\" rel=\"category\">Politik\u00eb<\/a>","tag_info":"Politik\u00eb","comment_count":"0","_links":{"self":[{"href":"https:\/\/veritasinfo.org\/index.php?rest_route=\/wp\/v2\/posts\/26006","targetHints":{"allow":["GET"]}}],"collection":[{"href":"https:\/\/veritasinfo.org\/index.php?rest_route=\/wp\/v2\/posts"}],"about":[{"href":"https:\/\/veritasinfo.org\/index.php?rest_route=\/wp\/v2\/types\/post"}],"author":[{"embeddable":true,"href":"https:\/\/veritasinfo.org\/index.php?rest_route=\/wp\/v2\/users\/6"}],"replies":[{"embeddable":true,"href":"https:\/\/veritasinfo.org\/index.php?rest_route=%2Fwp%2Fv2%2Fcomments&post=26006"}],"version-history":[{"count":1,"href":"https:\/\/veritasinfo.org\/index.php?rest_route=\/wp\/v2\/posts\/26006\/revisions"}],"predecessor-version":[{"id":26008,"href":"https:\/\/veritasinfo.org\/index.php?rest_route=\/wp\/v2\/posts\/26006\/revisions\/26008"}],"wp:featuredmedia":[{"embeddable":true,"href":"https:\/\/veritasinfo.org\/index.php?rest_route=\/wp\/v2\/media\/26007"}],"wp:attachment":[{"href":"https:\/\/veritasinfo.org\/index.php?rest_route=%2Fwp%2Fv2%2Fmedia&parent=26006"}],"wp:term":[{"taxonomy":"category","embeddable":true,"href":"https:\/\/veritasinfo.org\/index.php?rest_route=%2Fwp%2Fv2%2Fcategories&post=26006"},{"taxonomy":"post_tag","embeddable":true,"href":"https:\/\/veritasinfo.org\/index.php?rest_route=%2Fwp%2Fv2%2Ftags&post=26006"}],"curies":[{"name":"wp","href":"https:\/\/api.w.org\/{rel}","templated":true}]}}