{"id":25982,"date":"2025-12-29T14:07:13","date_gmt":"2025-12-29T13:07:13","guid":{"rendered":"https:\/\/veritasinfo.org\/?p=25982"},"modified":"2025-12-29T14:07:13","modified_gmt":"2025-12-29T13:07:13","slug":"spiropali-uron-kurtin-shqiperia-dhe-kosova-ecin-se-bashku-ne-rrugen-evropiane","status":"publish","type":"post","link":"https:\/\/veritasinfo.org\/?p=25982","title":{"rendered":"Spiropali uron Kurtin: Shqip\u00ebria dhe Kosova ecin s\u00eb bashku n\u00eb rrug\u00ebn Evropiane"},"content":{"rendered":"<p>Prishtin\u00eb 29 Dhjetor 2025 14:06<\/p>\n<p>Ministrja p\u00ebr Europ\u00ebn dhe Pun\u00ebt e Jashtme, Elisa Spiropali, ka ndar\u00eb urimet e saj p\u00ebr popullin e Kosov\u00ebs dhe Albin Kurtin p\u00ebr ditoren n\u00eb zgjedhjet e p\u00ebrgjithshme.<\/p>\n<p>N\u00eb nj\u00eb postim n\u00eb rrjetet sociale, Spiropali shprehet se \u201cShqip\u00ebria dhe Kosova ecin s\u00eb bashku krah p\u00ebr krah, me nj\u00eb zem\u00ebr, nj\u00eb z\u00eb dhe n\u00eb rrug\u00eb europiane, sepse ajo q\u00eb na bashkon \u00ebsht\u00eb me e madhe se \u00e7do kufi\u201d, shkruan TopChannel.<\/p>\n<p>\u201cUrime popullit t\u00eb Kosov\u00ebs p\u00ebr zgjedhjet e zhvilluara me maturi, qet\u00ebsi dhe p\u00ebrgjegj\u00ebsi qytetare, nj\u00eb shprehje e pjekuris\u00eb demokratike q\u00eb na b\u00ebn krenar\u00eb.<\/p>\n<p>P\u00ebrg\u00ebzime L\u00ebvizjes Vet\u00ebvendosje dhe kryeministrit Albin Kurti p\u00ebr fitoren e arritur dhe besimin e marr\u00eb nga qytetar\u00ebt, si edhe t\u00eb gjith\u00eb spektrit politik p\u00ebr fushat\u00ebn e standardet e arritura.<\/p>\n<p>Shqip\u00ebria dhe Kosova ecin s\u00eb bashku krah p\u00ebr krah, me nj\u00eb zem\u00ebr, nj\u00eb z\u00eb dhe n\u00eb rrug\u00eb europiane, sepse ajo q\u00eb na bashkon \u00ebsht\u00eb me e madhe se \u00e7do kufi\u201c, shprehet ajo.<\/p>\n","protected":false},"excerpt":{"rendered":"<p>Prishtin\u00eb 29 Dhjetor 2025 14:06 Ministrja p\u00ebr Europ\u00ebn dhe Pun\u00ebt e Jashtme, Elisa Spiropali, ka ndar\u00eb urimet e saj p\u00ebr popullin e Kosov\u00ebs dhe Albin<\/p>\n","protected":false},"author":6,"featured_media":25983,"comment_status":"open","ping_status":"open","sticky":false,"template":"","format":"standard","meta":{"footnotes":""},"categories":[58],"tags":[],"class_list":["post-25982","post","type-post","status-publish","format-standard","has-post-thumbnail","hentry","category-politike-sq"],"yoast_head":"<!-- This site is optimized with the Yoast SEO plugin v25.3.1 - https:\/\/yoast.com\/wordpress\/plugins\/seo\/ -->\n<title>Spiropali uron Kurtin: Shqip\u00ebria dhe Kosova ecin s\u00eb bashku n\u00eb rrug\u00ebn Evropiane -<\/title>\n<meta name=\"robots\" content=\"index, follow, max-snippet:-1, max-image-preview:large, max-video-preview:-1\" \/>\n<link rel=\"canonical\" href=\"https:\/\/veritasinfo.org\/?p=25982\" \/>\n<meta property=\"og:locale\" content=\"en_US\" \/>\n<meta property=\"og:type\" content=\"article\" \/>\n<meta property=\"og:title\" content=\"Spiropali uron Kurtin: Shqip\u00ebria dhe Kosova ecin s\u00eb bashku n\u00eb rrug\u00ebn Evropiane -\" \/>\n<meta property=\"og:description\" content=\"Prishtin\u00eb 29 Dhjetor 2025 14:06 Ministrja p\u00ebr Europ\u00ebn dhe Pun\u00ebt e Jashtme, Elisa Spiropali, ka ndar\u00eb urimet e saj p\u00ebr popullin e Kosov\u00ebs dhe Albin\" \/>\n<meta property=\"og:url\" content=\"https:\/\/veritasinfo.org\/?p=25982\" \/>\n<meta property=\"article:published_time\" content=\"2025-12-29T13:07:13+00:00\" \/>\n<meta property=\"og:image\" content=\"https:\/\/veritasinfo.org\/wp-content\/uploads\/2025\/12\/spiropali888888.jpg\" \/>\n\t<meta property=\"og:image:width\" content=\"600\" \/>\n\t<meta property=\"og:image:height\" content=\"381\" \/>\n\t<meta property=\"og:image:type\" content=\"image\/jpeg\" \/>\n<meta name=\"author\" content=\"US5\" \/>\n<meta name=\"twitter:card\" content=\"summary_large_image\" \/>\n<meta name=\"twitter:label1\" content=\"Written by\" \/>\n\t<meta name=\"twitter:data1\" content=\"US5\" \/>\n<script type=\"application\/ld+json\" class=\"yoast-schema-graph\">{\"@context\":\"https:\/\/schema.org\",\"@graph\":[{\"@type\":\"WebPage\",\"@id\":\"https:\/\/veritasinfo.org\/?p=25982\",\"url\":\"https:\/\/veritasinfo.org\/?p=25982\",\"name\":\"Spiropali uron Kurtin: Shqip\u00ebria dhe Kosova ecin s\u00eb bashku n\u00eb rrug\u00ebn Evropiane -\",\"isPartOf\":{\"@id\":\"https:\/\/veritasinfo.org\/#website\"},\"primaryImageOfPage\":{\"@id\":\"https:\/\/veritasinfo.org\/?p=25982#primaryimage\"},\"image\":{\"@id\":\"https:\/\/veritasinfo.org\/?p=25982#primaryimage\"},\"thumbnailUrl\":\"https:\/\/veritasinfo.org\/wp-content\/uploads\/2025\/12\/spiropali888888.jpg\",\"datePublished\":\"2025-12-29T13:07:13+00:00\",\"author\":{\"@id\":\"https:\/\/veritasinfo.org\/#\/schema\/person\/bc442336e35414d04494ab8fb45db4c6\"},\"breadcrumb\":{\"@id\":\"https:\/\/veritasinfo.org\/?p=25982#breadcrumb\"},\"inLanguage\":\"en-US\",\"potentialAction\":[{\"@type\":\"ReadAction\",\"target\":[\"https:\/\/veritasinfo.org\/?p=25982\"]}]},{\"@type\":\"ImageObject\",\"inLanguage\":\"en-US\",\"@id\":\"https:\/\/veritasinfo.org\/?p=25982#primaryimage\",\"url\":\"https:\/\/veritasinfo.org\/wp-content\/uploads\/2025\/12\/spiropali888888.jpg\",\"contentUrl\":\"https:\/\/veritasinfo.org\/wp-content\/uploads\/2025\/12\/spiropali888888.jpg\",\"width\":600,\"height\":381},{\"@type\":\"BreadcrumbList\",\"@id\":\"https:\/\/veritasinfo.org\/?p=25982#breadcrumb\",\"itemListElement\":[{\"@type\":\"ListItem\",\"position\":1,\"name\":\"Home\",\"item\":\"https:\/\/veritasinfo.org\/\"},{\"@type\":\"ListItem\",\"position\":2,\"name\":\"Spiropali uron Kurtin: Shqip\u00ebria dhe Kosova ecin s\u00eb bashku n\u00eb rrug\u00ebn Evropiane\"}]},{\"@type\":\"WebSite\",\"@id\":\"https:\/\/veritasinfo.org\/#website\",\"url\":\"https:\/\/veritasinfo.org\/\",\"name\":\"\",\"description\":\"\",\"potentialAction\":[{\"@type\":\"SearchAction\",\"target\":{\"@type\":\"EntryPoint\",\"urlTemplate\":\"https:\/\/veritasinfo.org\/?s={search_term_string}\"},\"query-input\":{\"@type\":\"PropertyValueSpecification\",\"valueRequired\":true,\"valueName\":\"search_term_string\"}}],\"inLanguage\":\"en-US\"},{\"@type\":\"Person\",\"@id\":\"https:\/\/veritasinfo.org\/#\/schema\/person\/bc442336e35414d04494ab8fb45db4c6\",\"name\":\"US5\",\"image\":{\"@type\":\"ImageObject\",\"inLanguage\":\"en-US\",\"@id\":\"https:\/\/veritasinfo.org\/#\/schema\/person\/image\/\",\"url\":\"https:\/\/secure.gravatar.com\/avatar\/16a61e7272a0c5d001121ebb9e60e925d5816e4ac1e443ed3e640d9a6ae55d0c?s=96&d=mm&r=g\",\"contentUrl\":\"https:\/\/secure.gravatar.com\/avatar\/16a61e7272a0c5d001121ebb9e60e925d5816e4ac1e443ed3e640d9a6ae55d0c?s=96&d=mm&r=g\",\"caption\":\"US5\"},\"url\":\"https:\/\/veritasinfo.org\/?author=6\"}]}<\/script>\n<!-- \/ Yoast SEO plugin. -->","yoast_head_json":{"title":"Spiropali uron Kurtin: Shqip\u00ebria dhe Kosova ecin s\u00eb bashku n\u00eb rrug\u00ebn Evropiane -","robots":{"index":"index","follow":"follow","max-snippet":"max-snippet:-1","max-image-preview":"max-image-preview:large","max-video-preview":"max-video-preview:-1"},"canonical":"https:\/\/veritasinfo.org\/?p=25982","og_locale":"en_US","og_type":"article","og_title":"Spiropali uron Kurtin: Shqip\u00ebria dhe Kosova ecin s\u00eb bashku n\u00eb rrug\u00ebn Evropiane -","og_description":"Prishtin\u00eb 29 Dhjetor 2025 14:06 Ministrja p\u00ebr Europ\u00ebn dhe Pun\u00ebt e Jashtme, Elisa Spiropali, ka ndar\u00eb urimet e saj p\u00ebr popullin e Kosov\u00ebs dhe Albin","og_url":"https:\/\/veritasinfo.org\/?p=25982","article_published_time":"2025-12-29T13:07:13+00:00","og_image":[{"width":600,"height":381,"url":"https:\/\/veritasinfo.org\/wp-content\/uploads\/2025\/12\/spiropali888888.jpg","type":"image\/jpeg"}],"author":"US5","twitter_card":"summary_large_image","twitter_misc":{"Written by":"US5"},"schema":{"@context":"https:\/\/schema.org","@graph":[{"@type":"WebPage","@id":"https:\/\/veritasinfo.org\/?p=25982","url":"https:\/\/veritasinfo.org\/?p=25982","name":"Spiropali uron Kurtin: Shqip\u00ebria dhe Kosova ecin s\u00eb bashku n\u00eb rrug\u00ebn Evropiane -","isPartOf":{"@id":"https:\/\/veritasinfo.org\/#website"},"primaryImageOfPage":{"@id":"https:\/\/veritasinfo.org\/?p=25982#primaryimage"},"image":{"@id":"https:\/\/veritasinfo.org\/?p=25982#primaryimage"},"thumbnailUrl":"https:\/\/veritasinfo.org\/wp-content\/uploads\/2025\/12\/spiropali888888.jpg","datePublished":"2025-12-29T13:07:13+00:00","author":{"@id":"https:\/\/veritasinfo.org\/#\/schema\/person\/bc442336e35414d04494ab8fb45db4c6"},"breadcrumb":{"@id":"https:\/\/veritasinfo.org\/?p=25982#breadcrumb"},"inLanguage":"en-US","potentialAction":[{"@type":"ReadAction","target":["https:\/\/veritasinfo.org\/?p=25982"]}]},{"@type":"ImageObject","inLanguage":"en-US","@id":"https:\/\/veritasinfo.org\/?p=25982#primaryimage","url":"https:\/\/veritasinfo.org\/wp-content\/uploads\/2025\/12\/spiropali888888.jpg","contentUrl":"https:\/\/veritasinfo.org\/wp-content\/uploads\/2025\/12\/spiropali888888.jpg","width":600,"height":381},{"@type":"BreadcrumbList","@id":"https:\/\/veritasinfo.org\/?p=25982#breadcrumb","itemListElement":[{"@type":"ListItem","position":1,"name":"Home","item":"https:\/\/veritasinfo.org\/"},{"@type":"ListItem","position":2,"name":"Spiropali uron Kurtin: Shqip\u00ebria dhe Kosova ecin s\u00eb bashku n\u00eb rrug\u00ebn Evropiane"}]},{"@type":"WebSite","@id":"https:\/\/veritasinfo.org\/#website","url":"https:\/\/veritasinfo.org\/","name":"","description":"","potentialAction":[{"@type":"SearchAction","target":{"@type":"EntryPoint","urlTemplate":"https:\/\/veritasinfo.org\/?s={search_term_string}"},"query-input":{"@type":"PropertyValueSpecification","valueRequired":true,"valueName":"search_term_string"}}],"inLanguage":"en-US"},{"@type":"Person","@id":"https:\/\/veritasinfo.org\/#\/schema\/person\/bc442336e35414d04494ab8fb45db4c6","name":"US5","image":{"@type":"ImageObject","inLanguage":"en-US","@id":"https:\/\/veritasinfo.org\/#\/schema\/person\/image\/","url":"https:\/\/secure.gravatar.com\/avatar\/16a61e7272a0c5d001121ebb9e60e925d5816e4ac1e443ed3e640d9a6ae55d0c?s=96&d=mm&r=g","contentUrl":"https:\/\/secure.gravatar.com\/avatar\/16a61e7272a0c5d001121ebb9e60e925d5816e4ac1e443ed3e640d9a6ae55d0c?s=96&d=mm&r=g","caption":"US5"},"url":"https:\/\/veritasinfo.org\/?author=6"}]}},"featured_image_urls":{"full":["https:\/\/veritasinfo.org\/wp-content\/uploads\/2025\/12\/spiropali888888.jpg",600,381,false],"thumbnail":["https:\/\/veritasinfo.org\/wp-content\/uploads\/2025\/12\/spiropali888888-150x150.jpg",150,150,true],"medium":["https:\/\/veritasinfo.org\/wp-content\/uploads\/2025\/12\/spiropali888888-300x191.jpg",300,191,true],"medium_large":["https:\/\/veritasinfo.org\/wp-content\/uploads\/2025\/12\/spiropali888888.jpg",600,381,false],"large":["https:\/\/veritasinfo.org\/wp-content\/uploads\/2025\/12\/spiropali888888.jpg",600,381,false],"1536x1536":["https:\/\/veritasinfo.org\/wp-content\/uploads\/2025\/12\/spiropali888888.jpg",600,381,false],"2048x2048":["https:\/\/veritasinfo.org\/wp-content\/uploads\/2025\/12\/spiropali888888.jpg",600,381,false],"kreeti-slider-full":["https:\/\/veritasinfo.org\/wp-content\/uploads\/2025\/12\/spiropali888888.jpg",600,381,false],"kreeti-featured":["https:\/\/veritasinfo.org\/wp-content\/uploads\/2025\/12\/spiropali888888.jpg",600,381,false],"kreeti-medium":["https:\/\/veritasinfo.org\/wp-content\/uploads\/2025\/12\/spiropali888888.jpg",600,381,false],"kreeti-medium-square":["https:\/\/veritasinfo.org\/wp-content\/uploads\/2025\/12\/spiropali888888.jpg",350,222,false]},"author_info":{"info":["US5"]},"category_info":"<a href=\"https:\/\/veritasinfo.org\/?cat=58\" rel=\"category\">Politik\u00eb<\/a>","tag_info":"Politik\u00eb","comment_count":"0","_links":{"self":[{"href":"https:\/\/veritasinfo.org\/index.php?rest_route=\/wp\/v2\/posts\/25982","targetHints":{"allow":["GET"]}}],"collection":[{"href":"https:\/\/veritasinfo.org\/index.php?rest_route=\/wp\/v2\/posts"}],"about":[{"href":"https:\/\/veritasinfo.org\/index.php?rest_route=\/wp\/v2\/types\/post"}],"author":[{"embeddable":true,"href":"https:\/\/veritasinfo.org\/index.php?rest_route=\/wp\/v2\/users\/6"}],"replies":[{"embeddable":true,"href":"https:\/\/veritasinfo.org\/index.php?rest_route=%2Fwp%2Fv2%2Fcomments&post=25982"}],"version-history":[{"count":1,"href":"https:\/\/veritasinfo.org\/index.php?rest_route=\/wp\/v2\/posts\/25982\/revisions"}],"predecessor-version":[{"id":25984,"href":"https:\/\/veritasinfo.org\/index.php?rest_route=\/wp\/v2\/posts\/25982\/revisions\/25984"}],"wp:featuredmedia":[{"embeddable":true,"href":"https:\/\/veritasinfo.org\/index.php?rest_route=\/wp\/v2\/media\/25983"}],"wp:attachment":[{"href":"https:\/\/veritasinfo.org\/index.php?rest_route=%2Fwp%2Fv2%2Fmedia&parent=25982"}],"wp:term":[{"taxonomy":"category","embeddable":true,"href":"https:\/\/veritasinfo.org\/index.php?rest_route=%2Fwp%2Fv2%2Fcategories&post=25982"},{"taxonomy":"post_tag","embeddable":true,"href":"https:\/\/veritasinfo.org\/index.php?rest_route=%2Fwp%2Fv2%2Ftags&post=25982"}],"curies":[{"name":"wp","href":"https:\/\/api.w.org\/{rel}","templated":true}]}}