{"id":2597,"date":"2025-07-05T11:54:15","date_gmt":"2025-07-05T09:54:15","guid":{"rendered":"https:\/\/veritasinfo.org\/?p=2597"},"modified":"2025-07-05T11:54:15","modified_gmt":"2025-07-05T09:54:15","slug":"evakuimi-i-kuvendit-te-kosoves-pas-alarmit-per-bombe-edhe-nje-perpjekje-e-pasuksesshme-per-konstituim","status":"publish","type":"post","link":"https:\/\/veritasinfo.org\/?p=2597","title":{"rendered":"Evakuimi i Kuvendit t\u00eb Kosov\u00ebs pas alarmit p\u00ebr bomb\u00eb \u2013 edhe nj\u00eb p\u00ebrpjekje e pasuksesshme p\u00ebr konstituim"},"content":{"rendered":"<p><strong>Evakuimi i Kuvendit t\u00eb Kosov\u00ebs pas alarmit p\u00ebr bomb\u00eb \u2013 edhe nj\u00eb p\u00ebrpjekje e pasuksesshme p\u00ebr konstituim<\/strong><\/p>\n<p>5 korrik 2025<\/p>\n<p>Nd\u00ebrtesa e Kuvendit t\u00eb Kosov\u00ebs \u00ebsht\u00eb evakuuar m\u00ebngjesin e sot\u00ebm pas nj\u00eb alarmi p\u00ebr bomb\u00eb, n\u00eb koh\u00ebn kur ishte duke u zhvilluar p\u00ebrpjekja e 42-t\u00eb p\u00ebr konstituimin e legjislatur\u00ebs s\u00eb n\u00ebnt\u00eb t\u00eb parlamentit. Sipas informacioneve t\u00eb konfirmuara nga deputet\u00ebt dhe institucionet kompetente, policia ka urdh\u00ebruar menj\u00ebher\u00eb largimin nga objekti p\u00ebr shkak t\u00eb nj\u00eb k\u00ebrc\u00ebnimi t\u00eb siguris\u00eb, i cili dyshohet se \u00ebsht\u00eb b\u00ebr\u00eb p\u00ebrmes telefonit.<\/p>\n<p>Deputeti i PDK-s\u00eb, Abelard Tahiri, ka deklaruar se k\u00ebrc\u00ebnimi \u00ebsht\u00eb serioz dhe se evakuimi \u00ebsht\u00eb b\u00ebr\u00eb sipas udh\u00ebzimit t\u00eb policis\u00eb. T\u00eb nj\u00ebjtin q\u00ebndrim ka mbajtur edhe vet\u00eb Kuvendi, i cili ka konfirmuar se alarmi p\u00ebr bomb\u00eb \u00ebsht\u00eb aktivizuar, nd\u00ebrsa priten informacione t\u00eb m\u00ebtejshme nga Policia.<\/p>\n<p>Nga ana tjet\u00ebr, deputetja e AAK-s\u00eb, Time Kadrijaj, ka shprehur dyshime p\u00ebr v\u00ebrtet\u00ebsin\u00eb e k\u00ebrc\u00ebnimit, duke e cil\u00ebsuar si nj\u00eb p\u00ebrpjekje t\u00eb mundshme p\u00ebr t\u00eb nd\u00ebrprer\u00eb q\u00ebllimisht punimet e parlamentit. \u201cNuk besoj q\u00eb ka ndonj\u00eb njeri t\u00eb arsyesh\u00ebm q\u00eb d\u00ebshiron ta sulmoj\u00eb Kuvendin\u201d, ka deklaruar ajo.<\/p>\n<p>Sipas deputetit t\u00eb LVV-s\u00eb, Glauk Konjufca, t\u00eb gjitha grupet parlamentare jan\u00eb pajtuar me vendimin p\u00ebr evakuim, duke respektuar vler\u00ebsimin e policis\u00eb.<\/p>\n<p>Kjo situat\u00eb e komplikon edhe m\u00eb shum\u00eb atmosfer\u00ebn tashm\u00eb t\u00eb tensionuar politike n\u00eb Kosov\u00eb, ku opozita dhe pozita po akuzojn\u00eb nj\u00ebra-tjetr\u00ebn p\u00ebr bllokime dhe manipulime lidhur me zgjedhjen e kryetarit t\u00eb Kuvendit. Presidentja Vjosa Osmani ka paralajm\u00ebruar se n\u00ebse Kuvendi nuk konstituohet brenda afatit ligjor prej 30 dit\u00ebsh, mund t\u00eb pasojn\u00eb pasoja t\u00eb r\u00ebnda juridike.<\/p>\n<p>Edhe pse pritej q\u00eb seanca e sotme t\u00eb sillte p\u00ebrparim, procesi u nd\u00ebrpre s\u00ebrish \u2013 k\u00ebsaj here p\u00ebr shkak t\u00eb nj\u00eb k\u00ebrc\u00ebnimi p\u00ebr sigurin\u00eb.<\/p>\n<p>&nbsp;<\/p>\n<p>&nbsp;<\/p>\n","protected":false},"excerpt":{"rendered":"<p>Evakuimi i Kuvendit t\u00eb Kosov\u00ebs pas alarmit p\u00ebr bomb\u00eb \u2013 edhe nj\u00eb p\u00ebrpjekje e pasuksesshme p\u00ebr konstituim 5 korrik 2025 Nd\u00ebrtesa e Kuvendit t\u00eb Kosov\u00ebs<\/p>\n","protected":false},"author":1,"featured_media":2595,"comment_status":"open","ping_status":"open","sticky":false,"template":"","format":"standard","meta":{"footnotes":""},"categories":[58],"tags":[],"class_list":["post-2597","post","type-post","status-publish","format-standard","has-post-thumbnail","hentry","category-politike-sq"],"yoast_head":"<!-- This site is optimized with the Yoast SEO plugin v25.3.1 - https:\/\/yoast.com\/wordpress\/plugins\/seo\/ -->\n<title>Evakuimi i Kuvendit t\u00eb Kosov\u00ebs pas alarmit p\u00ebr bomb\u00eb \u2013 edhe nj\u00eb p\u00ebrpjekje e pasuksesshme p\u00ebr konstituim -<\/title>\n<meta name=\"robots\" content=\"index, follow, max-snippet:-1, max-image-preview:large, max-video-preview:-1\" \/>\n<link rel=\"canonical\" href=\"https:\/\/veritasinfo.org\/?p=2597\" \/>\n<meta property=\"og:locale\" content=\"en_US\" \/>\n<meta property=\"og:type\" content=\"article\" \/>\n<meta property=\"og:title\" content=\"Evakuimi i Kuvendit t\u00eb Kosov\u00ebs pas alarmit p\u00ebr bomb\u00eb \u2013 edhe nj\u00eb p\u00ebrpjekje e pasuksesshme p\u00ebr konstituim -\" \/>\n<meta property=\"og:description\" content=\"Evakuimi i Kuvendit t\u00eb Kosov\u00ebs pas alarmit p\u00ebr bomb\u00eb \u2013 edhe nj\u00eb p\u00ebrpjekje e pasuksesshme p\u00ebr konstituim 5 korrik 2025 Nd\u00ebrtesa e Kuvendit t\u00eb Kosov\u00ebs\" \/>\n<meta property=\"og:url\" content=\"https:\/\/veritasinfo.org\/?p=2597\" \/>\n<meta property=\"article:published_time\" content=\"2025-07-05T09:54:15+00:00\" \/>\n<meta property=\"og:image\" content=\"https:\/\/veritasinfo.org\/wp-content\/uploads\/2025\/07\/Kuvendi_Kosove_1.jpg\" \/>\n\t<meta property=\"og:image:width\" content=\"600\" \/>\n\t<meta property=\"og:image:height\" content=\"334\" \/>\n\t<meta property=\"og:image:type\" content=\"image\/jpeg\" \/>\n<meta name=\"author\" content=\"admin\" \/>\n<meta name=\"twitter:card\" content=\"summary_large_image\" \/>\n<meta name=\"twitter:label1\" content=\"Written by\" \/>\n\t<meta name=\"twitter:data1\" content=\"admin\" \/>\n\t<meta name=\"twitter:label2\" content=\"Est. reading time\" \/>\n\t<meta name=\"twitter:data2\" content=\"2 minutes\" \/>\n<script type=\"application\/ld+json\" class=\"yoast-schema-graph\">{\"@context\":\"https:\/\/schema.org\",\"@graph\":[{\"@type\":\"WebPage\",\"@id\":\"https:\/\/veritasinfo.org\/?p=2597\",\"url\":\"https:\/\/veritasinfo.org\/?p=2597\",\"name\":\"Evakuimi i Kuvendit t\u00eb Kosov\u00ebs pas alarmit p\u00ebr bomb\u00eb \u2013 edhe nj\u00eb p\u00ebrpjekje e pasuksesshme p\u00ebr konstituim -\",\"isPartOf\":{\"@id\":\"https:\/\/veritasinfo.org\/#website\"},\"primaryImageOfPage\":{\"@id\":\"https:\/\/veritasinfo.org\/?p=2597#primaryimage\"},\"image\":{\"@id\":\"https:\/\/veritasinfo.org\/?p=2597#primaryimage\"},\"thumbnailUrl\":\"https:\/\/veritasinfo.org\/wp-content\/uploads\/2025\/07\/Kuvendi_Kosove_1.jpg\",\"datePublished\":\"2025-07-05T09:54:15+00:00\",\"author\":{\"@id\":\"https:\/\/veritasinfo.org\/#\/schema\/person\/7701f8c088bece422266b100a712374f\"},\"breadcrumb\":{\"@id\":\"https:\/\/veritasinfo.org\/?p=2597#breadcrumb\"},\"inLanguage\":\"en-US\",\"potentialAction\":[{\"@type\":\"ReadAction\",\"target\":[\"https:\/\/veritasinfo.org\/?p=2597\"]}]},{\"@type\":\"ImageObject\",\"inLanguage\":\"en-US\",\"@id\":\"https:\/\/veritasinfo.org\/?p=2597#primaryimage\",\"url\":\"https:\/\/veritasinfo.org\/wp-content\/uploads\/2025\/07\/Kuvendi_Kosove_1.jpg\",\"contentUrl\":\"https:\/\/veritasinfo.org\/wp-content\/uploads\/2025\/07\/Kuvendi_Kosove_1.jpg\",\"width\":600,\"height\":334},{\"@type\":\"BreadcrumbList\",\"@id\":\"https:\/\/veritasinfo.org\/?p=2597#breadcrumb\",\"itemListElement\":[{\"@type\":\"ListItem\",\"position\":1,\"name\":\"Home\",\"item\":\"https:\/\/veritasinfo.org\/\"},{\"@type\":\"ListItem\",\"position\":2,\"name\":\"Evakuimi i Kuvendit t\u00eb Kosov\u00ebs pas alarmit p\u00ebr bomb\u00eb \u2013 edhe nj\u00eb p\u00ebrpjekje e pasuksesshme p\u00ebr konstituim\"}]},{\"@type\":\"WebSite\",\"@id\":\"https:\/\/veritasinfo.org\/#website\",\"url\":\"https:\/\/veritasinfo.org\/\",\"name\":\"\",\"description\":\"\",\"potentialAction\":[{\"@type\":\"SearchAction\",\"target\":{\"@type\":\"EntryPoint\",\"urlTemplate\":\"https:\/\/veritasinfo.org\/?s={search_term_string}\"},\"query-input\":{\"@type\":\"PropertyValueSpecification\",\"valueRequired\":true,\"valueName\":\"search_term_string\"}}],\"inLanguage\":\"en-US\"},{\"@type\":\"Person\",\"@id\":\"https:\/\/veritasinfo.org\/#\/schema\/person\/7701f8c088bece422266b100a712374f\",\"name\":\"admin\",\"image\":{\"@type\":\"ImageObject\",\"inLanguage\":\"en-US\",\"@id\":\"https:\/\/veritasinfo.org\/#\/schema\/person\/image\/\",\"url\":\"https:\/\/secure.gravatar.com\/avatar\/ea53aa3bf6c9a12d5fde8ce4deff43fef3885ae33cf60184161a50d6987cfd2f?s=96&d=mm&r=g\",\"contentUrl\":\"https:\/\/secure.gravatar.com\/avatar\/ea53aa3bf6c9a12d5fde8ce4deff43fef3885ae33cf60184161a50d6987cfd2f?s=96&d=mm&r=g\",\"caption\":\"admin\"},\"sameAs\":[\"https:\/\/veritasinfo.org\"],\"url\":\"https:\/\/veritasinfo.org\/?author=1\"}]}<\/script>\n<!-- \/ Yoast SEO plugin. -->","yoast_head_json":{"title":"Evakuimi i Kuvendit t\u00eb Kosov\u00ebs pas alarmit p\u00ebr bomb\u00eb \u2013 edhe nj\u00eb p\u00ebrpjekje e pasuksesshme p\u00ebr konstituim -","robots":{"index":"index","follow":"follow","max-snippet":"max-snippet:-1","max-image-preview":"max-image-preview:large","max-video-preview":"max-video-preview:-1"},"canonical":"https:\/\/veritasinfo.org\/?p=2597","og_locale":"en_US","og_type":"article","og_title":"Evakuimi i Kuvendit t\u00eb Kosov\u00ebs pas alarmit p\u00ebr bomb\u00eb \u2013 edhe nj\u00eb p\u00ebrpjekje e pasuksesshme p\u00ebr konstituim -","og_description":"Evakuimi i Kuvendit t\u00eb Kosov\u00ebs pas alarmit p\u00ebr bomb\u00eb \u2013 edhe nj\u00eb p\u00ebrpjekje e pasuksesshme p\u00ebr konstituim 5 korrik 2025 Nd\u00ebrtesa e Kuvendit t\u00eb Kosov\u00ebs","og_url":"https:\/\/veritasinfo.org\/?p=2597","article_published_time":"2025-07-05T09:54:15+00:00","og_image":[{"width":600,"height":334,"url":"https:\/\/veritasinfo.org\/wp-content\/uploads\/2025\/07\/Kuvendi_Kosove_1.jpg","type":"image\/jpeg"}],"author":"admin","twitter_card":"summary_large_image","twitter_misc":{"Written by":"admin","Est. reading time":"2 minutes"},"schema":{"@context":"https:\/\/schema.org","@graph":[{"@type":"WebPage","@id":"https:\/\/veritasinfo.org\/?p=2597","url":"https:\/\/veritasinfo.org\/?p=2597","name":"Evakuimi i Kuvendit t\u00eb Kosov\u00ebs pas alarmit p\u00ebr bomb\u00eb \u2013 edhe nj\u00eb p\u00ebrpjekje e pasuksesshme p\u00ebr konstituim -","isPartOf":{"@id":"https:\/\/veritasinfo.org\/#website"},"primaryImageOfPage":{"@id":"https:\/\/veritasinfo.org\/?p=2597#primaryimage"},"image":{"@id":"https:\/\/veritasinfo.org\/?p=2597#primaryimage"},"thumbnailUrl":"https:\/\/veritasinfo.org\/wp-content\/uploads\/2025\/07\/Kuvendi_Kosove_1.jpg","datePublished":"2025-07-05T09:54:15+00:00","author":{"@id":"https:\/\/veritasinfo.org\/#\/schema\/person\/7701f8c088bece422266b100a712374f"},"breadcrumb":{"@id":"https:\/\/veritasinfo.org\/?p=2597#breadcrumb"},"inLanguage":"en-US","potentialAction":[{"@type":"ReadAction","target":["https:\/\/veritasinfo.org\/?p=2597"]}]},{"@type":"ImageObject","inLanguage":"en-US","@id":"https:\/\/veritasinfo.org\/?p=2597#primaryimage","url":"https:\/\/veritasinfo.org\/wp-content\/uploads\/2025\/07\/Kuvendi_Kosove_1.jpg","contentUrl":"https:\/\/veritasinfo.org\/wp-content\/uploads\/2025\/07\/Kuvendi_Kosove_1.jpg","width":600,"height":334},{"@type":"BreadcrumbList","@id":"https:\/\/veritasinfo.org\/?p=2597#breadcrumb","itemListElement":[{"@type":"ListItem","position":1,"name":"Home","item":"https:\/\/veritasinfo.org\/"},{"@type":"ListItem","position":2,"name":"Evakuimi i Kuvendit t\u00eb Kosov\u00ebs pas alarmit p\u00ebr bomb\u00eb \u2013 edhe nj\u00eb p\u00ebrpjekje e pasuksesshme p\u00ebr konstituim"}]},{"@type":"WebSite","@id":"https:\/\/veritasinfo.org\/#website","url":"https:\/\/veritasinfo.org\/","name":"","description":"","potentialAction":[{"@type":"SearchAction","target":{"@type":"EntryPoint","urlTemplate":"https:\/\/veritasinfo.org\/?s={search_term_string}"},"query-input":{"@type":"PropertyValueSpecification","valueRequired":true,"valueName":"search_term_string"}}],"inLanguage":"en-US"},{"@type":"Person","@id":"https:\/\/veritasinfo.org\/#\/schema\/person\/7701f8c088bece422266b100a712374f","name":"admin","image":{"@type":"ImageObject","inLanguage":"en-US","@id":"https:\/\/veritasinfo.org\/#\/schema\/person\/image\/","url":"https:\/\/secure.gravatar.com\/avatar\/ea53aa3bf6c9a12d5fde8ce4deff43fef3885ae33cf60184161a50d6987cfd2f?s=96&d=mm&r=g","contentUrl":"https:\/\/secure.gravatar.com\/avatar\/ea53aa3bf6c9a12d5fde8ce4deff43fef3885ae33cf60184161a50d6987cfd2f?s=96&d=mm&r=g","caption":"admin"},"sameAs":["https:\/\/veritasinfo.org"],"url":"https:\/\/veritasinfo.org\/?author=1"}]}},"featured_image_urls":{"full":["https:\/\/veritasinfo.org\/wp-content\/uploads\/2025\/07\/Kuvendi_Kosove_1.jpg",600,334,false],"thumbnail":["https:\/\/veritasinfo.org\/wp-content\/uploads\/2025\/07\/Kuvendi_Kosove_1-150x150.jpg",150,150,true],"medium":["https:\/\/veritasinfo.org\/wp-content\/uploads\/2025\/07\/Kuvendi_Kosove_1-300x167.jpg",300,167,true],"medium_large":["https:\/\/veritasinfo.org\/wp-content\/uploads\/2025\/07\/Kuvendi_Kosove_1.jpg",600,334,false],"large":["https:\/\/veritasinfo.org\/wp-content\/uploads\/2025\/07\/Kuvendi_Kosove_1.jpg",600,334,false],"1536x1536":["https:\/\/veritasinfo.org\/wp-content\/uploads\/2025\/07\/Kuvendi_Kosove_1.jpg",600,334,false],"2048x2048":["https:\/\/veritasinfo.org\/wp-content\/uploads\/2025\/07\/Kuvendi_Kosove_1.jpg",600,334,false],"kreeti-slider-full":["https:\/\/veritasinfo.org\/wp-content\/uploads\/2025\/07\/Kuvendi_Kosove_1.jpg",600,334,false],"kreeti-featured":["https:\/\/veritasinfo.org\/wp-content\/uploads\/2025\/07\/Kuvendi_Kosove_1.jpg",600,334,false],"kreeti-medium":["https:\/\/veritasinfo.org\/wp-content\/uploads\/2025\/07\/Kuvendi_Kosove_1.jpg",600,334,false],"kreeti-medium-square":["https:\/\/veritasinfo.org\/wp-content\/uploads\/2025\/07\/Kuvendi_Kosove_1.jpg",350,195,false]},"author_info":{"info":["admin"]},"category_info":"<a href=\"https:\/\/veritasinfo.org\/?cat=58\" rel=\"category\">Politik\u00eb<\/a>","tag_info":"Politik\u00eb","comment_count":"0","_links":{"self":[{"href":"https:\/\/veritasinfo.org\/index.php?rest_route=\/wp\/v2\/posts\/2597","targetHints":{"allow":["GET"]}}],"collection":[{"href":"https:\/\/veritasinfo.org\/index.php?rest_route=\/wp\/v2\/posts"}],"about":[{"href":"https:\/\/veritasinfo.org\/index.php?rest_route=\/wp\/v2\/types\/post"}],"author":[{"embeddable":true,"href":"https:\/\/veritasinfo.org\/index.php?rest_route=\/wp\/v2\/users\/1"}],"replies":[{"embeddable":true,"href":"https:\/\/veritasinfo.org\/index.php?rest_route=%2Fwp%2Fv2%2Fcomments&post=2597"}],"version-history":[{"count":1,"href":"https:\/\/veritasinfo.org\/index.php?rest_route=\/wp\/v2\/posts\/2597\/revisions"}],"predecessor-version":[{"id":2598,"href":"https:\/\/veritasinfo.org\/index.php?rest_route=\/wp\/v2\/posts\/2597\/revisions\/2598"}],"wp:featuredmedia":[{"embeddable":true,"href":"https:\/\/veritasinfo.org\/index.php?rest_route=\/wp\/v2\/media\/2595"}],"wp:attachment":[{"href":"https:\/\/veritasinfo.org\/index.php?rest_route=%2Fwp%2Fv2%2Fmedia&parent=2597"}],"wp:term":[{"taxonomy":"category","embeddable":true,"href":"https:\/\/veritasinfo.org\/index.php?rest_route=%2Fwp%2Fv2%2Fcategories&post=2597"},{"taxonomy":"post_tag","embeddable":true,"href":"https:\/\/veritasinfo.org\/index.php?rest_route=%2Fwp%2Fv2%2Ftags&post=2597"}],"curies":[{"name":"wp","href":"https:\/\/api.w.org\/{rel}","templated":true}]}}