{"id":25955,"date":"2025-12-29T11:22:48","date_gmt":"2025-12-29T10:22:48","guid":{"rendered":"https:\/\/veritasinfo.org\/?p=25955"},"modified":"2025-12-29T11:22:48","modified_gmt":"2025-12-29T10:22:48","slug":"rashiq-thote-se-ka-hyre-ne-kuvendin-e-kosoves","status":"publish","type":"post","link":"https:\/\/veritasinfo.org\/?p=25955","title":{"rendered":"Rashiq thot\u00eb se ka hyr\u00eb n\u00eb Kuvendin e Kosov\u00ebs"},"content":{"rendered":"<p>Prishtin\u00eb 29 Dhjetor 2025 11:21<\/p>\n<p>Partia p\u00ebr Liri, Drejt\u00ebsi dhe Mbijetes\u00eb e Nenad Rashiqit ka th\u00ebn\u00eb t\u00eb h\u00ebn\u00ebn se me 4.600 votat e fituara n\u00eb zgjedhjet e s\u00eb diel\u00ebs, e ka siguruar nj\u00eb ul\u00ebse n\u00eb Kuvendin e Kosov\u00ebs p\u00ebr kat\u00ebr vjet\u00ebt e ardhshme.<\/p>\n<p>\u201cK\u00ebt\u00eb besim e p\u00ebrjetojm\u00eb si nj\u00eb nder t\u00eb madh, por edhe si nj\u00eb detyrim q\u00eb t\u00eb jemi edhe m\u00eb t\u00eb fort\u00eb, edhe m\u00eb t\u00eb pranish\u00ebm dhe edhe m\u00eb t\u00eb p\u00ebrkushtuar ndaj interesave t\u00eb qytetar\u00ebve\u201d, tha kjo parti n\u00eb nj\u00eb njoftim n\u00eb Facebook nj\u00eb dit\u00eb pas dit\u00ebs s\u00eb zgjedhjeve.<\/p>\n<p>M\u00eb her\u00ebt, t\u00eb diel\u00ebn n\u00eb mbr\u00ebmje, Lista Serbe \u2013 partia kryesore e serb\u00ebve n\u00eb Kosov\u00eb q\u00eb ka mb\u00ebshtetjen e Beogradit \u2013 pretendoi se me 90 p\u00ebr qind t\u00eb votave t\u00eb fituara t\u00eb komunitetit serb, i ka fituar t\u00eb gjitha 10 ul\u00ebset e rezervuara p\u00ebr komunitetin serb n\u00eb Kuvend.<\/p>\n<p>Megjithat\u00eb, kryetari i k\u00ebsaj partie, Zllatan Ellek, pretendoi se Partia p\u00ebr Liri, Drejt\u00ebsi dhe Mbijetes\u00eb e Rashiqit \u201cka marr\u00eb vota n\u00eb mjedise ku serb\u00ebt nuk jetojn\u00eb\u201d, dhe se jan\u00eb t\u00eb detyruar t\u00eb presin edhe vler\u00ebsimin e Komisionit Qendror t\u00eb Zgjedhjeve t\u00eb Kosov\u00ebs.<\/p>\n<p>Zyrtari i List\u00ebs Serbe, Igor Simiq, shtoi gjithashtu se po pritet edhe num\u00ebrimi i votave me kusht, si dhe se jan\u00eb n\u00eb p\u00ebrpunim mbi 1.000 vota t\u00eb personave t\u00eb zhvendosur nga Kosova, t\u00eb cil\u00ebt gjithashtu kan\u00eb votuar n\u00eb zgjedhjet e s\u00eb diel\u00ebs.<\/p>\n<p>Sipas rezultateve preliminare t\u00eb Komisionit Qendror t\u00eb Zgjedhjeve t\u00eb Kosov\u00ebs, Lista Serbe ka marr\u00eb rreth 41.800 vota. Nga subjektet serbe n\u00eb zgjedhje ka marr\u00eb pjes\u00eb edhe Aleanca Kosovare e Goran Marinkoviqit, e cila ka fituar rreth 550 vota.<\/p>\n<p>Sipas uebsajtit t\u00eb KQZ-s\u00eb, num\u00ebrimi n\u00eb t\u00eb gjitha komunat me shumic\u00eb serbe nuk ka p\u00ebrfunduar ende plot\u00ebsisht.<\/p>\n<p>Edhe n\u00eb zgjedhjet parlamentare t\u00eb muajit shkurt t\u00eb k\u00ebtij viti, Lista Serbe kishte pretenduar se i kishte fituar t\u00eb gjitha dhjet\u00eb mandatet, por nj\u00eb mandat deputeti megjithat\u00eb p\u00ebrfundoi n\u00eb duart e Rashiqit.<\/p>\n<p>Rashiqi ishte minist\u00ebr p\u00ebr Komunitete dhe Kthim n\u00eb qeverin\u00eb e kaluar t\u00eb kryeministrit Albin Kurti, i cili e kishte em\u00ebruar n\u00eb k\u00ebt\u00eb pozit\u00eb pasi Lista Serbe i kishte braktisur institucionet e Kosov\u00ebs n\u00eb n\u00ebntor t\u00eb vitit 2022.<\/p>\n<p>Megjithat\u00eb, Lista Serbe k\u00ebmb\u00ebngul n\u00eb q\u00ebndrimin se Rashiqi nuk ka num\u00ebr t\u00eb mjaftuesh\u00ebm votash p\u00ebr t\u00eb p\u00ebrfaq\u00ebsuar komunitetin serb.<\/p>\n<p>Lista Serbe e kishte kund\u00ebrshtuar gjithashtu n\u00eb Gjykat\u00ebn Kushtetuese zgjedhjen e Rashiqit n\u00ebnkryetar t\u00eb Kuvendit tashm\u00eb t\u00eb shp\u00ebrb\u00ebr\u00eb nga radh\u00ebt e komunitetit serb, duke pretenduar se ishin shkelur Kushtetuta dhe Rregullorja. Ende pritet vendimi i gjykat\u00ebs lidhur me k\u00ebt\u00eb \u00e7\u00ebshtje.<\/p>\n<p>Sipas Kushtetut\u00ebs s\u00eb Kosov\u00ebs, nj\u00ebri nga n\u00ebnkryetar\u00ebt duhet t\u00eb jet\u00eb nga radh\u00ebt e deputet\u00ebve t\u00eb Kuvendit q\u00eb mbajn\u00eb vende t\u00eb rezervuara ose t\u00eb garantuara p\u00ebr p\u00ebrfaq\u00ebsuesit e komunitetit serb.<\/p>\n<p>Nga ana tjet\u00ebr, sipas Rregullores s\u00eb Pun\u00ebs, kandidatin p\u00ebr n\u00ebnkryetar t\u00eb Kuvendit nga radh\u00ebt e komunitetit serb e propozon shumica e deputet\u00ebve nga ai komunitet. <\/p>\n","protected":false},"excerpt":{"rendered":"<p>Prishtin\u00eb 29 Dhjetor 2025 11:21 Partia p\u00ebr Liri, Drejt\u00ebsi dhe Mbijetes\u00eb e Nenad Rashiqit ka th\u00ebn\u00eb t\u00eb h\u00ebn\u00ebn se me 4.600 votat e fituara n\u00eb<\/p>\n","protected":false},"author":6,"featured_media":25956,"comment_status":"open","ping_status":"open","sticky":false,"template":"","format":"standard","meta":{"footnotes":""},"categories":[8],"tags":[],"class_list":["post-25955","post","type-post","status-publish","format-standard","has-post-thumbnail","hentry","category-blog-sq"],"yoast_head":"<!-- This site is optimized with the Yoast SEO plugin v25.3.1 - https:\/\/yoast.com\/wordpress\/plugins\/seo\/ -->\n<title>Rashiq thot\u00eb se ka hyr\u00eb n\u00eb Kuvendin e Kosov\u00ebs -<\/title>\n<meta name=\"robots\" content=\"index, follow, max-snippet:-1, max-image-preview:large, max-video-preview:-1\" \/>\n<link rel=\"canonical\" href=\"https:\/\/veritasinfo.org\/?p=25955\" \/>\n<meta property=\"og:locale\" content=\"en_US\" \/>\n<meta property=\"og:type\" content=\"article\" \/>\n<meta property=\"og:title\" content=\"Rashiq thot\u00eb se ka hyr\u00eb n\u00eb Kuvendin e Kosov\u00ebs -\" \/>\n<meta property=\"og:description\" content=\"Prishtin\u00eb 29 Dhjetor 2025 11:21 Partia p\u00ebr Liri, Drejt\u00ebsi dhe Mbijetes\u00eb e Nenad Rashiqit ka th\u00ebn\u00eb t\u00eb h\u00ebn\u00ebn se me 4.600 votat e fituara n\u00eb\" \/>\n<meta property=\"og:url\" content=\"https:\/\/veritasinfo.org\/?p=25955\" \/>\n<meta property=\"article:published_time\" content=\"2025-12-29T10:22:48+00:00\" \/>\n<meta property=\"og:image\" content=\"https:\/\/veritasinfo.org\/wp-content\/uploads\/2025\/12\/ZKP-ZKM-26-4-2023-11-1500x1000-1.jpg\" \/>\n\t<meta property=\"og:image:width\" content=\"1500\" \/>\n\t<meta property=\"og:image:height\" content=\"1000\" \/>\n\t<meta property=\"og:image:type\" content=\"image\/jpeg\" \/>\n<meta name=\"author\" content=\"US5\" \/>\n<meta name=\"twitter:card\" content=\"summary_large_image\" \/>\n<meta name=\"twitter:label1\" content=\"Written by\" \/>\n\t<meta name=\"twitter:data1\" content=\"US5\" \/>\n\t<meta name=\"twitter:label2\" content=\"Est. reading time\" \/>\n\t<meta name=\"twitter:data2\" content=\"1 minute\" \/>\n<script type=\"application\/ld+json\" class=\"yoast-schema-graph\">{\"@context\":\"https:\/\/schema.org\",\"@graph\":[{\"@type\":\"WebPage\",\"@id\":\"https:\/\/veritasinfo.org\/?p=25955\",\"url\":\"https:\/\/veritasinfo.org\/?p=25955\",\"name\":\"Rashiq thot\u00eb se ka hyr\u00eb n\u00eb Kuvendin e Kosov\u00ebs -\",\"isPartOf\":{\"@id\":\"https:\/\/veritasinfo.org\/#website\"},\"primaryImageOfPage\":{\"@id\":\"https:\/\/veritasinfo.org\/?p=25955#primaryimage\"},\"image\":{\"@id\":\"https:\/\/veritasinfo.org\/?p=25955#primaryimage\"},\"thumbnailUrl\":\"https:\/\/veritasinfo.org\/wp-content\/uploads\/2025\/12\/ZKP-ZKM-26-4-2023-11-1500x1000-1.jpg\",\"datePublished\":\"2025-12-29T10:22:48+00:00\",\"author\":{\"@id\":\"https:\/\/veritasinfo.org\/#\/schema\/person\/bc442336e35414d04494ab8fb45db4c6\"},\"breadcrumb\":{\"@id\":\"https:\/\/veritasinfo.org\/?p=25955#breadcrumb\"},\"inLanguage\":\"en-US\",\"potentialAction\":[{\"@type\":\"ReadAction\",\"target\":[\"https:\/\/veritasinfo.org\/?p=25955\"]}]},{\"@type\":\"ImageObject\",\"inLanguage\":\"en-US\",\"@id\":\"https:\/\/veritasinfo.org\/?p=25955#primaryimage\",\"url\":\"https:\/\/veritasinfo.org\/wp-content\/uploads\/2025\/12\/ZKP-ZKM-26-4-2023-11-1500x1000-1.jpg\",\"contentUrl\":\"https:\/\/veritasinfo.org\/wp-content\/uploads\/2025\/12\/ZKP-ZKM-26-4-2023-11-1500x1000-1.jpg\",\"width\":1500,\"height\":1000},{\"@type\":\"BreadcrumbList\",\"@id\":\"https:\/\/veritasinfo.org\/?p=25955#breadcrumb\",\"itemListElement\":[{\"@type\":\"ListItem\",\"position\":1,\"name\":\"Home\",\"item\":\"https:\/\/veritasinfo.org\/\"},{\"@type\":\"ListItem\",\"position\":2,\"name\":\"Rashiq thot\u00eb se ka hyr\u00eb n\u00eb Kuvendin e Kosov\u00ebs\"}]},{\"@type\":\"WebSite\",\"@id\":\"https:\/\/veritasinfo.org\/#website\",\"url\":\"https:\/\/veritasinfo.org\/\",\"name\":\"\",\"description\":\"\",\"potentialAction\":[{\"@type\":\"SearchAction\",\"target\":{\"@type\":\"EntryPoint\",\"urlTemplate\":\"https:\/\/veritasinfo.org\/?s={search_term_string}\"},\"query-input\":{\"@type\":\"PropertyValueSpecification\",\"valueRequired\":true,\"valueName\":\"search_term_string\"}}],\"inLanguage\":\"en-US\"},{\"@type\":\"Person\",\"@id\":\"https:\/\/veritasinfo.org\/#\/schema\/person\/bc442336e35414d04494ab8fb45db4c6\",\"name\":\"US5\",\"image\":{\"@type\":\"ImageObject\",\"inLanguage\":\"en-US\",\"@id\":\"https:\/\/veritasinfo.org\/#\/schema\/person\/image\/\",\"url\":\"https:\/\/secure.gravatar.com\/avatar\/16a61e7272a0c5d001121ebb9e60e925d5816e4ac1e443ed3e640d9a6ae55d0c?s=96&d=mm&r=g\",\"contentUrl\":\"https:\/\/secure.gravatar.com\/avatar\/16a61e7272a0c5d001121ebb9e60e925d5816e4ac1e443ed3e640d9a6ae55d0c?s=96&d=mm&r=g\",\"caption\":\"US5\"},\"url\":\"https:\/\/veritasinfo.org\/?author=6\"}]}<\/script>\n<!-- \/ Yoast SEO plugin. -->","yoast_head_json":{"title":"Rashiq thot\u00eb se ka hyr\u00eb n\u00eb Kuvendin e Kosov\u00ebs -","robots":{"index":"index","follow":"follow","max-snippet":"max-snippet:-1","max-image-preview":"max-image-preview:large","max-video-preview":"max-video-preview:-1"},"canonical":"https:\/\/veritasinfo.org\/?p=25955","og_locale":"en_US","og_type":"article","og_title":"Rashiq thot\u00eb se ka hyr\u00eb n\u00eb Kuvendin e Kosov\u00ebs -","og_description":"Prishtin\u00eb 29 Dhjetor 2025 11:21 Partia p\u00ebr Liri, Drejt\u00ebsi dhe Mbijetes\u00eb e Nenad Rashiqit ka th\u00ebn\u00eb t\u00eb h\u00ebn\u00ebn se me 4.600 votat e fituara n\u00eb","og_url":"https:\/\/veritasinfo.org\/?p=25955","article_published_time":"2025-12-29T10:22:48+00:00","og_image":[{"width":1500,"height":1000,"url":"https:\/\/veritasinfo.org\/wp-content\/uploads\/2025\/12\/ZKP-ZKM-26-4-2023-11-1500x1000-1.jpg","type":"image\/jpeg"}],"author":"US5","twitter_card":"summary_large_image","twitter_misc":{"Written by":"US5","Est. reading time":"1 minute"},"schema":{"@context":"https:\/\/schema.org","@graph":[{"@type":"WebPage","@id":"https:\/\/veritasinfo.org\/?p=25955","url":"https:\/\/veritasinfo.org\/?p=25955","name":"Rashiq thot\u00eb se ka hyr\u00eb n\u00eb Kuvendin e Kosov\u00ebs -","isPartOf":{"@id":"https:\/\/veritasinfo.org\/#website"},"primaryImageOfPage":{"@id":"https:\/\/veritasinfo.org\/?p=25955#primaryimage"},"image":{"@id":"https:\/\/veritasinfo.org\/?p=25955#primaryimage"},"thumbnailUrl":"https:\/\/veritasinfo.org\/wp-content\/uploads\/2025\/12\/ZKP-ZKM-26-4-2023-11-1500x1000-1.jpg","datePublished":"2025-12-29T10:22:48+00:00","author":{"@id":"https:\/\/veritasinfo.org\/#\/schema\/person\/bc442336e35414d04494ab8fb45db4c6"},"breadcrumb":{"@id":"https:\/\/veritasinfo.org\/?p=25955#breadcrumb"},"inLanguage":"en-US","potentialAction":[{"@type":"ReadAction","target":["https:\/\/veritasinfo.org\/?p=25955"]}]},{"@type":"ImageObject","inLanguage":"en-US","@id":"https:\/\/veritasinfo.org\/?p=25955#primaryimage","url":"https:\/\/veritasinfo.org\/wp-content\/uploads\/2025\/12\/ZKP-ZKM-26-4-2023-11-1500x1000-1.jpg","contentUrl":"https:\/\/veritasinfo.org\/wp-content\/uploads\/2025\/12\/ZKP-ZKM-26-4-2023-11-1500x1000-1.jpg","width":1500,"height":1000},{"@type":"BreadcrumbList","@id":"https:\/\/veritasinfo.org\/?p=25955#breadcrumb","itemListElement":[{"@type":"ListItem","position":1,"name":"Home","item":"https:\/\/veritasinfo.org\/"},{"@type":"ListItem","position":2,"name":"Rashiq thot\u00eb se ka hyr\u00eb n\u00eb Kuvendin e Kosov\u00ebs"}]},{"@type":"WebSite","@id":"https:\/\/veritasinfo.org\/#website","url":"https:\/\/veritasinfo.org\/","name":"","description":"","potentialAction":[{"@type":"SearchAction","target":{"@type":"EntryPoint","urlTemplate":"https:\/\/veritasinfo.org\/?s={search_term_string}"},"query-input":{"@type":"PropertyValueSpecification","valueRequired":true,"valueName":"search_term_string"}}],"inLanguage":"en-US"},{"@type":"Person","@id":"https:\/\/veritasinfo.org\/#\/schema\/person\/bc442336e35414d04494ab8fb45db4c6","name":"US5","image":{"@type":"ImageObject","inLanguage":"en-US","@id":"https:\/\/veritasinfo.org\/#\/schema\/person\/image\/","url":"https:\/\/secure.gravatar.com\/avatar\/16a61e7272a0c5d001121ebb9e60e925d5816e4ac1e443ed3e640d9a6ae55d0c?s=96&d=mm&r=g","contentUrl":"https:\/\/secure.gravatar.com\/avatar\/16a61e7272a0c5d001121ebb9e60e925d5816e4ac1e443ed3e640d9a6ae55d0c?s=96&d=mm&r=g","caption":"US5"},"url":"https:\/\/veritasinfo.org\/?author=6"}]}},"featured_image_urls":{"full":["https:\/\/veritasinfo.org\/wp-content\/uploads\/2025\/12\/ZKP-ZKM-26-4-2023-11-1500x1000-1.jpg",1500,1000,false],"thumbnail":["https:\/\/veritasinfo.org\/wp-content\/uploads\/2025\/12\/ZKP-ZKM-26-4-2023-11-1500x1000-1-150x150.jpg",150,150,true],"medium":["https:\/\/veritasinfo.org\/wp-content\/uploads\/2025\/12\/ZKP-ZKM-26-4-2023-11-1500x1000-1-300x200.jpg",300,200,true],"medium_large":["https:\/\/veritasinfo.org\/wp-content\/uploads\/2025\/12\/ZKP-ZKM-26-4-2023-11-1500x1000-1-768x512.jpg",640,427,true],"large":["https:\/\/veritasinfo.org\/wp-content\/uploads\/2025\/12\/ZKP-ZKM-26-4-2023-11-1500x1000-1-1024x683.jpg",640,427,true],"1536x1536":["https:\/\/veritasinfo.org\/wp-content\/uploads\/2025\/12\/ZKP-ZKM-26-4-2023-11-1500x1000-1.jpg",1500,1000,false],"2048x2048":["https:\/\/veritasinfo.org\/wp-content\/uploads\/2025\/12\/ZKP-ZKM-26-4-2023-11-1500x1000-1.jpg",1500,1000,false],"kreeti-slider-full":["https:\/\/veritasinfo.org\/wp-content\/uploads\/2025\/12\/ZKP-ZKM-26-4-2023-11-1500x1000-1.jpg",1080,720,false],"kreeti-featured":["https:\/\/veritasinfo.org\/wp-content\/uploads\/2025\/12\/ZKP-ZKM-26-4-2023-11-1500x1000-1.jpg",1024,683,false],"kreeti-medium":["https:\/\/veritasinfo.org\/wp-content\/uploads\/2025\/12\/ZKP-ZKM-26-4-2023-11-1500x1000-1.jpg",720,480,false],"kreeti-medium-square":["https:\/\/veritasinfo.org\/wp-content\/uploads\/2025\/12\/ZKP-ZKM-26-4-2023-11-1500x1000-1.jpg",350,233,false]},"author_info":{"info":["US5"]},"category_info":"<a href=\"https:\/\/veritasinfo.org\/?cat=8\" rel=\"category\">Zgjedhjet parlamentare 2025<\/a>","tag_info":"Zgjedhjet parlamentare 2025","comment_count":"0","_links":{"self":[{"href":"https:\/\/veritasinfo.org\/index.php?rest_route=\/wp\/v2\/posts\/25955","targetHints":{"allow":["GET"]}}],"collection":[{"href":"https:\/\/veritasinfo.org\/index.php?rest_route=\/wp\/v2\/posts"}],"about":[{"href":"https:\/\/veritasinfo.org\/index.php?rest_route=\/wp\/v2\/types\/post"}],"author":[{"embeddable":true,"href":"https:\/\/veritasinfo.org\/index.php?rest_route=\/wp\/v2\/users\/6"}],"replies":[{"embeddable":true,"href":"https:\/\/veritasinfo.org\/index.php?rest_route=%2Fwp%2Fv2%2Fcomments&post=25955"}],"version-history":[{"count":1,"href":"https:\/\/veritasinfo.org\/index.php?rest_route=\/wp\/v2\/posts\/25955\/revisions"}],"predecessor-version":[{"id":25957,"href":"https:\/\/veritasinfo.org\/index.php?rest_route=\/wp\/v2\/posts\/25955\/revisions\/25957"}],"wp:featuredmedia":[{"embeddable":true,"href":"https:\/\/veritasinfo.org\/index.php?rest_route=\/wp\/v2\/media\/25956"}],"wp:attachment":[{"href":"https:\/\/veritasinfo.org\/index.php?rest_route=%2Fwp%2Fv2%2Fmedia&parent=25955"}],"wp:term":[{"taxonomy":"category","embeddable":true,"href":"https:\/\/veritasinfo.org\/index.php?rest_route=%2Fwp%2Fv2%2Fcategories&post=25955"},{"taxonomy":"post_tag","embeddable":true,"href":"https:\/\/veritasinfo.org\/index.php?rest_route=%2Fwp%2Fv2%2Ftags&post=25955"}],"curies":[{"name":"wp","href":"https:\/\/api.w.org\/{rel}","templated":true}]}}