{"id":25945,"date":"2025-12-29T08:31:25","date_gmt":"2025-12-29T07:31:25","guid":{"rendered":"https:\/\/veritasinfo.org\/?p=25945"},"modified":"2025-12-29T08:31:25","modified_gmt":"2025-12-29T07:31:25","slug":"kurti-per-ceshtjen-e-presidentit-njehere-flas-me-vjosa-osmanin-pastaj-me-opoziten","status":"publish","type":"post","link":"https:\/\/veritasinfo.org\/?p=25945","title":{"rendered":"Kurti p\u00ebr \u00e7\u00ebshtjen e Presidentit: Nj\u00ebher\u00eb flas me Vjosa Osmanin, pastaj me opozit\u00ebn"},"content":{"rendered":"<p>Prishtin\u00eb 29 Dhjetor 2025 08:30<\/p>\n<p>Kryetari i L\u00ebvizjes Vet\u00ebvendosje, Albin Kurti, ka shpallur fitoren e partis\u00eb s\u00eb tij n\u00eb zgjedhjet e 28 dhjetorit, duke th\u00ebn\u00eb se ajo \u00ebsht\u00eb rrug\u00ebs p\u00ebr t\u2019u b\u00ebr\u00eb m\u00eb e madhe ndonj\u00ebher\u00eb n\u00eb histori t\u00eb Kosov\u00ebs.<\/p>\n<p>Ai ka folur edhe p\u00ebr \u00e7\u00ebshtjen e Presidentit.<\/p>\n<p>Kurti ka th\u00ebn\u00eb se pari do t\u00eb flas me preisdenten aktuale Vjosa Osmani dhe pastaj me opozit\u00eb.<\/p>\n<p>\u201cS\u00eb pari t\u00eb presim certifikimin nga KQZ. Dhe m\u00ebpastaj menj\u00ebher\u00eb e konstituojm\u00eb Kuvendin dhe themelojm\u00eb qeverin\u00eb. Jam i interesuar p\u00ebr bashk\u00ebpunim me opozit\u00ebn p\u00ebr marr\u00ebveshjet nd\u00ebrkomb\u00ebtare, Plani i Rritjes, marr\u00ebveshjet me Bank\u00ebn Bot\u00ebrore. Bllokadat jan\u00eb t\u00eb pamundshme tanim\u00eb. Tep\u00ebr her\u00ebt t\u00eb flasim, sonte do t\u00eb festojm\u00eb. G\u00ebzuar vitin e ri 2026\u201d.<\/p>\n<p>\u201cPor, natyrisht q\u00eb nuk do t\u00eb vonohemi p\u00ebr k\u00ebt\u00eb \u00e7\u00ebshtje. Na duhet t\u00eb bisedojm\u00eb edhe me opozit\u00ebn p\u00ebr presidentin e ardhsh\u00ebm. Por, s\u00eb pari do t\u00eb bisedoj me presidenten aktuale, q\u00eb t\u00eb shohim hapat e ardhshme. Por, dihet q\u00eb edhe p\u00ebr zgjedhjen e presidentin, na duhen 80 veta n\u00eb sall\u00eb, dhe p\u00ebr k\u00ebt\u00eb na duhet t\u00eb bisedojm\u00eb. Por, ky s\u2019\u00ebsht\u00eb as hapi i dyt\u00eb, por i tret\u00eb. Por, nj\u00ebher\u00eb certifikimi\u201d, deklaroi mbr\u00ebm\u00eb Kurti.<\/p>\n","protected":false},"excerpt":{"rendered":"<p>Prishtin\u00eb 29 Dhjetor 2025 08:30 Kryetari i L\u00ebvizjes Vet\u00ebvendosje, Albin Kurti, ka shpallur fitoren e partis\u00eb s\u00eb tij n\u00eb zgjedhjet e 28 dhjetorit, duke th\u00ebn\u00eb<\/p>\n","protected":false},"author":6,"featured_media":25946,"comment_status":"open","ping_status":"open","sticky":false,"template":"","format":"standard","meta":{"footnotes":""},"categories":[58],"tags":[],"class_list":["post-25945","post","type-post","status-publish","format-standard","has-post-thumbnail","hentry","category-politike-sq"],"yoast_head":"<!-- This site is optimized with the Yoast SEO plugin v25.3.1 - https:\/\/yoast.com\/wordpress\/plugins\/seo\/ -->\n<title>Kurti p\u00ebr \u00e7\u00ebshtjen e Presidentit: Nj\u00ebher\u00eb flas me Vjosa Osmanin, pastaj me opozit\u00ebn -<\/title>\n<meta name=\"robots\" content=\"index, follow, max-snippet:-1, max-image-preview:large, max-video-preview:-1\" \/>\n<link rel=\"canonical\" href=\"https:\/\/veritasinfo.org\/?p=25945\" \/>\n<meta property=\"og:locale\" content=\"en_US\" \/>\n<meta property=\"og:type\" content=\"article\" \/>\n<meta property=\"og:title\" content=\"Kurti p\u00ebr \u00e7\u00ebshtjen e Presidentit: Nj\u00ebher\u00eb flas me Vjosa Osmanin, pastaj me opozit\u00ebn -\" \/>\n<meta property=\"og:description\" content=\"Prishtin\u00eb 29 Dhjetor 2025 08:30 Kryetari i L\u00ebvizjes Vet\u00ebvendosje, Albin Kurti, ka shpallur fitoren e partis\u00eb s\u00eb tij n\u00eb zgjedhjet e 28 dhjetorit, duke th\u00ebn\u00eb\" \/>\n<meta property=\"og:url\" content=\"https:\/\/veritasinfo.org\/?p=25945\" \/>\n<meta property=\"article:published_time\" content=\"2025-12-29T07:31:25+00:00\" \/>\n<meta property=\"og:image\" content=\"https:\/\/veritasinfo.org\/wp-content\/uploads\/2025\/12\/Presidentja-Vjosa-Osmani-dhe-kryeministri-Albin-Kurti-1.webp\" \/>\n\t<meta property=\"og:image:width\" content=\"600\" \/>\n\t<meta property=\"og:image:height\" content=\"360\" \/>\n\t<meta property=\"og:image:type\" content=\"image\/webp\" \/>\n<meta name=\"author\" content=\"US5\" \/>\n<meta name=\"twitter:card\" content=\"summary_large_image\" \/>\n<meta name=\"twitter:label1\" content=\"Written by\" \/>\n\t<meta name=\"twitter:data1\" content=\"US5\" \/>\n\t<meta name=\"twitter:label2\" content=\"Est. reading time\" \/>\n\t<meta name=\"twitter:data2\" content=\"1 minute\" \/>\n<script type=\"application\/ld+json\" class=\"yoast-schema-graph\">{\"@context\":\"https:\/\/schema.org\",\"@graph\":[{\"@type\":\"WebPage\",\"@id\":\"https:\/\/veritasinfo.org\/?p=25945\",\"url\":\"https:\/\/veritasinfo.org\/?p=25945\",\"name\":\"Kurti p\u00ebr \u00e7\u00ebshtjen e Presidentit: Nj\u00ebher\u00eb flas me Vjosa Osmanin, pastaj me opozit\u00ebn -\",\"isPartOf\":{\"@id\":\"https:\/\/veritasinfo.org\/#website\"},\"primaryImageOfPage\":{\"@id\":\"https:\/\/veritasinfo.org\/?p=25945#primaryimage\"},\"image\":{\"@id\":\"https:\/\/veritasinfo.org\/?p=25945#primaryimage\"},\"thumbnailUrl\":\"https:\/\/veritasinfo.org\/wp-content\/uploads\/2025\/12\/Presidentja-Vjosa-Osmani-dhe-kryeministri-Albin-Kurti-1.webp\",\"datePublished\":\"2025-12-29T07:31:25+00:00\",\"author\":{\"@id\":\"https:\/\/veritasinfo.org\/#\/schema\/person\/bc442336e35414d04494ab8fb45db4c6\"},\"breadcrumb\":{\"@id\":\"https:\/\/veritasinfo.org\/?p=25945#breadcrumb\"},\"inLanguage\":\"en-US\",\"potentialAction\":[{\"@type\":\"ReadAction\",\"target\":[\"https:\/\/veritasinfo.org\/?p=25945\"]}]},{\"@type\":\"ImageObject\",\"inLanguage\":\"en-US\",\"@id\":\"https:\/\/veritasinfo.org\/?p=25945#primaryimage\",\"url\":\"https:\/\/veritasinfo.org\/wp-content\/uploads\/2025\/12\/Presidentja-Vjosa-Osmani-dhe-kryeministri-Albin-Kurti-1.webp\",\"contentUrl\":\"https:\/\/veritasinfo.org\/wp-content\/uploads\/2025\/12\/Presidentja-Vjosa-Osmani-dhe-kryeministri-Albin-Kurti-1.webp\",\"width\":600,\"height\":360},{\"@type\":\"BreadcrumbList\",\"@id\":\"https:\/\/veritasinfo.org\/?p=25945#breadcrumb\",\"itemListElement\":[{\"@type\":\"ListItem\",\"position\":1,\"name\":\"Home\",\"item\":\"https:\/\/veritasinfo.org\/\"},{\"@type\":\"ListItem\",\"position\":2,\"name\":\"Kurti p\u00ebr \u00e7\u00ebshtjen e Presidentit: Nj\u00ebher\u00eb flas me Vjosa Osmanin, pastaj me opozit\u00ebn\"}]},{\"@type\":\"WebSite\",\"@id\":\"https:\/\/veritasinfo.org\/#website\",\"url\":\"https:\/\/veritasinfo.org\/\",\"name\":\"\",\"description\":\"\",\"potentialAction\":[{\"@type\":\"SearchAction\",\"target\":{\"@type\":\"EntryPoint\",\"urlTemplate\":\"https:\/\/veritasinfo.org\/?s={search_term_string}\"},\"query-input\":{\"@type\":\"PropertyValueSpecification\",\"valueRequired\":true,\"valueName\":\"search_term_string\"}}],\"inLanguage\":\"en-US\"},{\"@type\":\"Person\",\"@id\":\"https:\/\/veritasinfo.org\/#\/schema\/person\/bc442336e35414d04494ab8fb45db4c6\",\"name\":\"US5\",\"image\":{\"@type\":\"ImageObject\",\"inLanguage\":\"en-US\",\"@id\":\"https:\/\/veritasinfo.org\/#\/schema\/person\/image\/\",\"url\":\"https:\/\/secure.gravatar.com\/avatar\/16a61e7272a0c5d001121ebb9e60e925d5816e4ac1e443ed3e640d9a6ae55d0c?s=96&d=mm&r=g\",\"contentUrl\":\"https:\/\/secure.gravatar.com\/avatar\/16a61e7272a0c5d001121ebb9e60e925d5816e4ac1e443ed3e640d9a6ae55d0c?s=96&d=mm&r=g\",\"caption\":\"US5\"},\"url\":\"https:\/\/veritasinfo.org\/?author=6\"}]}<\/script>\n<!-- \/ Yoast SEO plugin. -->","yoast_head_json":{"title":"Kurti p\u00ebr \u00e7\u00ebshtjen e Presidentit: Nj\u00ebher\u00eb flas me Vjosa Osmanin, pastaj me opozit\u00ebn -","robots":{"index":"index","follow":"follow","max-snippet":"max-snippet:-1","max-image-preview":"max-image-preview:large","max-video-preview":"max-video-preview:-1"},"canonical":"https:\/\/veritasinfo.org\/?p=25945","og_locale":"en_US","og_type":"article","og_title":"Kurti p\u00ebr \u00e7\u00ebshtjen e Presidentit: Nj\u00ebher\u00eb flas me Vjosa Osmanin, pastaj me opozit\u00ebn -","og_description":"Prishtin\u00eb 29 Dhjetor 2025 08:30 Kryetari i L\u00ebvizjes Vet\u00ebvendosje, Albin Kurti, ka shpallur fitoren e partis\u00eb s\u00eb tij n\u00eb zgjedhjet e 28 dhjetorit, duke th\u00ebn\u00eb","og_url":"https:\/\/veritasinfo.org\/?p=25945","article_published_time":"2025-12-29T07:31:25+00:00","og_image":[{"width":600,"height":360,"url":"https:\/\/veritasinfo.org\/wp-content\/uploads\/2025\/12\/Presidentja-Vjosa-Osmani-dhe-kryeministri-Albin-Kurti-1.webp","type":"image\/webp"}],"author":"US5","twitter_card":"summary_large_image","twitter_misc":{"Written by":"US5","Est. reading time":"1 minute"},"schema":{"@context":"https:\/\/schema.org","@graph":[{"@type":"WebPage","@id":"https:\/\/veritasinfo.org\/?p=25945","url":"https:\/\/veritasinfo.org\/?p=25945","name":"Kurti p\u00ebr \u00e7\u00ebshtjen e Presidentit: Nj\u00ebher\u00eb flas me Vjosa Osmanin, pastaj me opozit\u00ebn -","isPartOf":{"@id":"https:\/\/veritasinfo.org\/#website"},"primaryImageOfPage":{"@id":"https:\/\/veritasinfo.org\/?p=25945#primaryimage"},"image":{"@id":"https:\/\/veritasinfo.org\/?p=25945#primaryimage"},"thumbnailUrl":"https:\/\/veritasinfo.org\/wp-content\/uploads\/2025\/12\/Presidentja-Vjosa-Osmani-dhe-kryeministri-Albin-Kurti-1.webp","datePublished":"2025-12-29T07:31:25+00:00","author":{"@id":"https:\/\/veritasinfo.org\/#\/schema\/person\/bc442336e35414d04494ab8fb45db4c6"},"breadcrumb":{"@id":"https:\/\/veritasinfo.org\/?p=25945#breadcrumb"},"inLanguage":"en-US","potentialAction":[{"@type":"ReadAction","target":["https:\/\/veritasinfo.org\/?p=25945"]}]},{"@type":"ImageObject","inLanguage":"en-US","@id":"https:\/\/veritasinfo.org\/?p=25945#primaryimage","url":"https:\/\/veritasinfo.org\/wp-content\/uploads\/2025\/12\/Presidentja-Vjosa-Osmani-dhe-kryeministri-Albin-Kurti-1.webp","contentUrl":"https:\/\/veritasinfo.org\/wp-content\/uploads\/2025\/12\/Presidentja-Vjosa-Osmani-dhe-kryeministri-Albin-Kurti-1.webp","width":600,"height":360},{"@type":"BreadcrumbList","@id":"https:\/\/veritasinfo.org\/?p=25945#breadcrumb","itemListElement":[{"@type":"ListItem","position":1,"name":"Home","item":"https:\/\/veritasinfo.org\/"},{"@type":"ListItem","position":2,"name":"Kurti p\u00ebr \u00e7\u00ebshtjen e Presidentit: Nj\u00ebher\u00eb flas me Vjosa Osmanin, pastaj me opozit\u00ebn"}]},{"@type":"WebSite","@id":"https:\/\/veritasinfo.org\/#website","url":"https:\/\/veritasinfo.org\/","name":"","description":"","potentialAction":[{"@type":"SearchAction","target":{"@type":"EntryPoint","urlTemplate":"https:\/\/veritasinfo.org\/?s={search_term_string}"},"query-input":{"@type":"PropertyValueSpecification","valueRequired":true,"valueName":"search_term_string"}}],"inLanguage":"en-US"},{"@type":"Person","@id":"https:\/\/veritasinfo.org\/#\/schema\/person\/bc442336e35414d04494ab8fb45db4c6","name":"US5","image":{"@type":"ImageObject","inLanguage":"en-US","@id":"https:\/\/veritasinfo.org\/#\/schema\/person\/image\/","url":"https:\/\/secure.gravatar.com\/avatar\/16a61e7272a0c5d001121ebb9e60e925d5816e4ac1e443ed3e640d9a6ae55d0c?s=96&d=mm&r=g","contentUrl":"https:\/\/secure.gravatar.com\/avatar\/16a61e7272a0c5d001121ebb9e60e925d5816e4ac1e443ed3e640d9a6ae55d0c?s=96&d=mm&r=g","caption":"US5"},"url":"https:\/\/veritasinfo.org\/?author=6"}]}},"featured_image_urls":{"full":["https:\/\/veritasinfo.org\/wp-content\/uploads\/2025\/12\/Presidentja-Vjosa-Osmani-dhe-kryeministri-Albin-Kurti-1.webp",600,360,false],"thumbnail":["https:\/\/veritasinfo.org\/wp-content\/uploads\/2025\/12\/Presidentja-Vjosa-Osmani-dhe-kryeministri-Albin-Kurti-1-150x150.webp",150,150,true],"medium":["https:\/\/veritasinfo.org\/wp-content\/uploads\/2025\/12\/Presidentja-Vjosa-Osmani-dhe-kryeministri-Albin-Kurti-1-300x180.webp",300,180,true],"medium_large":["https:\/\/veritasinfo.org\/wp-content\/uploads\/2025\/12\/Presidentja-Vjosa-Osmani-dhe-kryeministri-Albin-Kurti-1.webp",600,360,false],"large":["https:\/\/veritasinfo.org\/wp-content\/uploads\/2025\/12\/Presidentja-Vjosa-Osmani-dhe-kryeministri-Albin-Kurti-1.webp",600,360,false],"1536x1536":["https:\/\/veritasinfo.org\/wp-content\/uploads\/2025\/12\/Presidentja-Vjosa-Osmani-dhe-kryeministri-Albin-Kurti-1.webp",600,360,false],"2048x2048":["https:\/\/veritasinfo.org\/wp-content\/uploads\/2025\/12\/Presidentja-Vjosa-Osmani-dhe-kryeministri-Albin-Kurti-1.webp",600,360,false],"kreeti-slider-full":["https:\/\/veritasinfo.org\/wp-content\/uploads\/2025\/12\/Presidentja-Vjosa-Osmani-dhe-kryeministri-Albin-Kurti-1.webp",600,360,false],"kreeti-featured":["https:\/\/veritasinfo.org\/wp-content\/uploads\/2025\/12\/Presidentja-Vjosa-Osmani-dhe-kryeministri-Albin-Kurti-1.webp",600,360,false],"kreeti-medium":["https:\/\/veritasinfo.org\/wp-content\/uploads\/2025\/12\/Presidentja-Vjosa-Osmani-dhe-kryeministri-Albin-Kurti-1.webp",600,360,false],"kreeti-medium-square":["https:\/\/veritasinfo.org\/wp-content\/uploads\/2025\/12\/Presidentja-Vjosa-Osmani-dhe-kryeministri-Albin-Kurti-1.webp",350,210,false]},"author_info":{"info":["US5"]},"category_info":"<a href=\"https:\/\/veritasinfo.org\/?cat=58\" rel=\"category\">Politik\u00eb<\/a>","tag_info":"Politik\u00eb","comment_count":"0","_links":{"self":[{"href":"https:\/\/veritasinfo.org\/index.php?rest_route=\/wp\/v2\/posts\/25945","targetHints":{"allow":["GET"]}}],"collection":[{"href":"https:\/\/veritasinfo.org\/index.php?rest_route=\/wp\/v2\/posts"}],"about":[{"href":"https:\/\/veritasinfo.org\/index.php?rest_route=\/wp\/v2\/types\/post"}],"author":[{"embeddable":true,"href":"https:\/\/veritasinfo.org\/index.php?rest_route=\/wp\/v2\/users\/6"}],"replies":[{"embeddable":true,"href":"https:\/\/veritasinfo.org\/index.php?rest_route=%2Fwp%2Fv2%2Fcomments&post=25945"}],"version-history":[{"count":1,"href":"https:\/\/veritasinfo.org\/index.php?rest_route=\/wp\/v2\/posts\/25945\/revisions"}],"predecessor-version":[{"id":25947,"href":"https:\/\/veritasinfo.org\/index.php?rest_route=\/wp\/v2\/posts\/25945\/revisions\/25947"}],"wp:featuredmedia":[{"embeddable":true,"href":"https:\/\/veritasinfo.org\/index.php?rest_route=\/wp\/v2\/media\/25946"}],"wp:attachment":[{"href":"https:\/\/veritasinfo.org\/index.php?rest_route=%2Fwp%2Fv2%2Fmedia&parent=25945"}],"wp:term":[{"taxonomy":"category","embeddable":true,"href":"https:\/\/veritasinfo.org\/index.php?rest_route=%2Fwp%2Fv2%2Fcategories&post=25945"},{"taxonomy":"post_tag","embeddable":true,"href":"https:\/\/veritasinfo.org\/index.php?rest_route=%2Fwp%2Fv2%2Ftags&post=25945"}],"curies":[{"name":"wp","href":"https:\/\/api.w.org\/{rel}","templated":true}]}}