{"id":2594,"date":"2025-07-05T11:52:53","date_gmt":"2025-07-05T09:52:53","guid":{"rendered":"https:\/\/veritasinfo.org\/?p=2594"},"modified":"2025-07-05T11:52:53","modified_gmt":"2025-07-05T09:52:53","slug":"evakuacija-skupstine-kosova-zbog-dojave-o-bombi-jos-jedan-neuspesan-pokusaj-konstituisanja","status":"publish","type":"post","link":"https:\/\/veritasinfo.org\/?p=2594&lang=sr","title":{"rendered":"Evakuacija Skup\u0161tine Kosova zbog dojave o bombi \u2013 jo\u0161 jedan neuspe\u0161an poku\u0161aj konstituisanja"},"content":{"rendered":"<p><strong>Evakuacija Skup\u0161tine Kosova zbog dojave o bombi \u2013 jo\u0161 jedan neuspe\u0161an poku\u0161aj konstituisanja<\/strong><\/p>\n<p>5. jul 2025.<\/p>\n<p>Zgrada Skup\u0161tine Kosova evakuisana je jutros zbog dojave o mogu\u0107oj bombi, dok je u toku bio 42. poku\u0161aj konstituisanja devetog saziva parlamenta. Prema informacijama koje su potvrdili i poslanici i nadle\u017ene institucije, policija je nalo\u017eila hitno napu\u0161tanje objekta zbog bezbednosne pretnje, navodno upu\u0107ene telefonom.<\/p>\n<p>Poslanik PDK-a Abelard Tahiri izjavio je da je dojava ozbiljna i da je evakuacija sprovedena po nalogu policije. Sli\u010dan stav imala je i Skup\u0161tina, koja je potvrdila da je alarm za bombu aktiviran, ali da se vi\u0161e informacija o\u010dekuje od policije.<\/p>\n<p>Sa druge strane, poslanica AAK-a Time Kadrijaj izrazila je sumnju u verodostojnost pretnje, oceniv\u0161i je kao potencijalno namerno ometanje rada parlamenta. \u201eNe verujem da iko razuman \u017eeli da napadne Skup\u0161tinu\u201c, izjavila je.<\/p>\n<p>Prema re\u010dima poslanika LVV-a Glauka Konjufce, sve poslani\u010dke grupe su se saglasile sa evakuacijom, uva\u017eavaju\u0107i procenu policije.<\/p>\n<p>Ova situacija dodatno komplikuje ve\u0107 napetu politi\u010dku atmosferu na Kosovu, gde opozicija i vlast me\u0111usobno optu\u017euju jedni druge za opstrukcije i manipulacije u vezi sa izborom predsednika Skup\u0161tine. Predsednica Vjosa Osmani upozorila je da ukoliko se Skup\u0161tina ne konstitui\u0161e u zakonskom roku od 30 dana, mogu uslediti ozbiljne pravne posledice.<\/p>\n<p>Iako se o\u010dekivalo da dana\u0161nja sednica dovede do pomaka, proces je ponovo zaustavljen \u2013 ovog puta zbog bezbednosne pretnje.<\/p>\n","protected":false},"excerpt":{"rendered":"<p>Evakuacija Skup\u0161tine Kosova zbog dojave o bombi \u2013 jo\u0161 jedan neuspe\u0161an poku\u0161aj konstituisanja 5. jul 2025. Zgrada Skup\u0161tine Kosova evakuisana je jutros zbog dojave o<\/p>\n","protected":false},"author":1,"featured_media":2595,"comment_status":"open","ping_status":"open","sticky":false,"template":"","format":"standard","meta":{"footnotes":""},"categories":[28],"tags":[],"class_list":["post-2594","post","type-post","status-publish","format-standard","has-post-thumbnail","hentry","category-politika"],"yoast_head":"<!-- This site is optimized with the Yoast SEO plugin v25.3.1 - https:\/\/yoast.com\/wordpress\/plugins\/seo\/ -->\n<title>Evakuacija Skup\u0161tine Kosova zbog dojave o bombi \u2013 jo\u0161 jedan neuspe\u0161an poku\u0161aj konstituisanja -<\/title>\n<meta name=\"robots\" content=\"index, follow, max-snippet:-1, max-image-preview:large, max-video-preview:-1\" \/>\n<link rel=\"canonical\" href=\"https:\/\/veritasinfo.org\/?p=2594&lang=sr\" \/>\n<meta property=\"og:locale\" content=\"en_US\" \/>\n<meta property=\"og:type\" content=\"article\" \/>\n<meta property=\"og:title\" content=\"Evakuacija Skup\u0161tine Kosova zbog dojave o bombi \u2013 jo\u0161 jedan neuspe\u0161an poku\u0161aj konstituisanja -\" \/>\n<meta property=\"og:description\" content=\"Evakuacija Skup\u0161tine Kosova zbog dojave o bombi \u2013 jo\u0161 jedan neuspe\u0161an poku\u0161aj konstituisanja 5. jul 2025. Zgrada Skup\u0161tine Kosova evakuisana je jutros zbog dojave o\" \/>\n<meta property=\"og:url\" content=\"https:\/\/veritasinfo.org\/?p=2594&amp;lang=sr\" \/>\n<meta property=\"article:published_time\" content=\"2025-07-05T09:52:53+00:00\" \/>\n<meta property=\"og:image\" content=\"https:\/\/veritasinfo.org\/wp-content\/uploads\/2025\/07\/Kuvendi_Kosove_1.jpg\" \/>\n\t<meta property=\"og:image:width\" content=\"600\" \/>\n\t<meta property=\"og:image:height\" content=\"334\" \/>\n\t<meta property=\"og:image:type\" content=\"image\/jpeg\" \/>\n<meta name=\"author\" content=\"admin\" \/>\n<meta name=\"twitter:card\" content=\"summary_large_image\" \/>\n<meta name=\"twitter:label1\" content=\"Written by\" \/>\n\t<meta name=\"twitter:data1\" content=\"admin\" \/>\n\t<meta name=\"twitter:label2\" content=\"Est. reading time\" \/>\n\t<meta name=\"twitter:data2\" content=\"2 minutes\" \/>\n<script type=\"application\/ld+json\" class=\"yoast-schema-graph\">{\"@context\":\"https:\/\/schema.org\",\"@graph\":[{\"@type\":\"WebPage\",\"@id\":\"https:\/\/veritasinfo.org\/?p=2594&lang=sr\",\"url\":\"https:\/\/veritasinfo.org\/?p=2594&lang=sr\",\"name\":\"Evakuacija Skup\u0161tine Kosova zbog dojave o bombi \u2013 jo\u0161 jedan neuspe\u0161an poku\u0161aj konstituisanja -\",\"isPartOf\":{\"@id\":\"https:\/\/veritasinfo.org\/#website\"},\"primaryImageOfPage\":{\"@id\":\"https:\/\/veritasinfo.org\/?p=2594&lang=sr#primaryimage\"},\"image\":{\"@id\":\"https:\/\/veritasinfo.org\/?p=2594&lang=sr#primaryimage\"},\"thumbnailUrl\":\"https:\/\/veritasinfo.org\/wp-content\/uploads\/2025\/07\/Kuvendi_Kosove_1.jpg\",\"datePublished\":\"2025-07-05T09:52:53+00:00\",\"author\":{\"@id\":\"https:\/\/veritasinfo.org\/#\/schema\/person\/7701f8c088bece422266b100a712374f\"},\"breadcrumb\":{\"@id\":\"https:\/\/veritasinfo.org\/?p=2594&lang=sr#breadcrumb\"},\"inLanguage\":\"en-US\",\"potentialAction\":[{\"@type\":\"ReadAction\",\"target\":[\"https:\/\/veritasinfo.org\/?p=2594&lang=sr\"]}]},{\"@type\":\"ImageObject\",\"inLanguage\":\"en-US\",\"@id\":\"https:\/\/veritasinfo.org\/?p=2594&lang=sr#primaryimage\",\"url\":\"https:\/\/veritasinfo.org\/wp-content\/uploads\/2025\/07\/Kuvendi_Kosove_1.jpg\",\"contentUrl\":\"https:\/\/veritasinfo.org\/wp-content\/uploads\/2025\/07\/Kuvendi_Kosove_1.jpg\",\"width\":600,\"height\":334},{\"@type\":\"BreadcrumbList\",\"@id\":\"https:\/\/veritasinfo.org\/?p=2594&lang=sr#breadcrumb\",\"itemListElement\":[{\"@type\":\"ListItem\",\"position\":1,\"name\":\"Home\",\"item\":\"https:\/\/veritasinfo.org\/\"},{\"@type\":\"ListItem\",\"position\":2,\"name\":\"Evakuacija Skup\u0161tine Kosova zbog dojave o bombi \u2013 jo\u0161 jedan neuspe\u0161an poku\u0161aj konstituisanja\"}]},{\"@type\":\"WebSite\",\"@id\":\"https:\/\/veritasinfo.org\/#website\",\"url\":\"https:\/\/veritasinfo.org\/\",\"name\":\"\",\"description\":\"\",\"potentialAction\":[{\"@type\":\"SearchAction\",\"target\":{\"@type\":\"EntryPoint\",\"urlTemplate\":\"https:\/\/veritasinfo.org\/?s={search_term_string}\"},\"query-input\":{\"@type\":\"PropertyValueSpecification\",\"valueRequired\":true,\"valueName\":\"search_term_string\"}}],\"inLanguage\":\"en-US\"},{\"@type\":\"Person\",\"@id\":\"https:\/\/veritasinfo.org\/#\/schema\/person\/7701f8c088bece422266b100a712374f\",\"name\":\"admin\",\"image\":{\"@type\":\"ImageObject\",\"inLanguage\":\"en-US\",\"@id\":\"https:\/\/veritasinfo.org\/#\/schema\/person\/image\/\",\"url\":\"https:\/\/secure.gravatar.com\/avatar\/ea53aa3bf6c9a12d5fde8ce4deff43fef3885ae33cf60184161a50d6987cfd2f?s=96&d=mm&r=g\",\"contentUrl\":\"https:\/\/secure.gravatar.com\/avatar\/ea53aa3bf6c9a12d5fde8ce4deff43fef3885ae33cf60184161a50d6987cfd2f?s=96&d=mm&r=g\",\"caption\":\"admin\"},\"sameAs\":[\"https:\/\/veritasinfo.org\"],\"url\":\"https:\/\/veritasinfo.org\/?author=1\"}]}<\/script>\n<!-- \/ Yoast SEO plugin. -->","yoast_head_json":{"title":"Evakuacija Skup\u0161tine Kosova zbog dojave o bombi \u2013 jo\u0161 jedan neuspe\u0161an poku\u0161aj konstituisanja -","robots":{"index":"index","follow":"follow","max-snippet":"max-snippet:-1","max-image-preview":"max-image-preview:large","max-video-preview":"max-video-preview:-1"},"canonical":"https:\/\/veritasinfo.org\/?p=2594&lang=sr","og_locale":"en_US","og_type":"article","og_title":"Evakuacija Skup\u0161tine Kosova zbog dojave o bombi \u2013 jo\u0161 jedan neuspe\u0161an poku\u0161aj konstituisanja -","og_description":"Evakuacija Skup\u0161tine Kosova zbog dojave o bombi \u2013 jo\u0161 jedan neuspe\u0161an poku\u0161aj konstituisanja 5. jul 2025. Zgrada Skup\u0161tine Kosova evakuisana je jutros zbog dojave o","og_url":"https:\/\/veritasinfo.org\/?p=2594&lang=sr","article_published_time":"2025-07-05T09:52:53+00:00","og_image":[{"width":600,"height":334,"url":"https:\/\/veritasinfo.org\/wp-content\/uploads\/2025\/07\/Kuvendi_Kosove_1.jpg","type":"image\/jpeg"}],"author":"admin","twitter_card":"summary_large_image","twitter_misc":{"Written by":"admin","Est. reading time":"2 minutes"},"schema":{"@context":"https:\/\/schema.org","@graph":[{"@type":"WebPage","@id":"https:\/\/veritasinfo.org\/?p=2594&lang=sr","url":"https:\/\/veritasinfo.org\/?p=2594&lang=sr","name":"Evakuacija Skup\u0161tine Kosova zbog dojave o bombi \u2013 jo\u0161 jedan neuspe\u0161an poku\u0161aj konstituisanja -","isPartOf":{"@id":"https:\/\/veritasinfo.org\/#website"},"primaryImageOfPage":{"@id":"https:\/\/veritasinfo.org\/?p=2594&lang=sr#primaryimage"},"image":{"@id":"https:\/\/veritasinfo.org\/?p=2594&lang=sr#primaryimage"},"thumbnailUrl":"https:\/\/veritasinfo.org\/wp-content\/uploads\/2025\/07\/Kuvendi_Kosove_1.jpg","datePublished":"2025-07-05T09:52:53+00:00","author":{"@id":"https:\/\/veritasinfo.org\/#\/schema\/person\/7701f8c088bece422266b100a712374f"},"breadcrumb":{"@id":"https:\/\/veritasinfo.org\/?p=2594&lang=sr#breadcrumb"},"inLanguage":"en-US","potentialAction":[{"@type":"ReadAction","target":["https:\/\/veritasinfo.org\/?p=2594&lang=sr"]}]},{"@type":"ImageObject","inLanguage":"en-US","@id":"https:\/\/veritasinfo.org\/?p=2594&lang=sr#primaryimage","url":"https:\/\/veritasinfo.org\/wp-content\/uploads\/2025\/07\/Kuvendi_Kosove_1.jpg","contentUrl":"https:\/\/veritasinfo.org\/wp-content\/uploads\/2025\/07\/Kuvendi_Kosove_1.jpg","width":600,"height":334},{"@type":"BreadcrumbList","@id":"https:\/\/veritasinfo.org\/?p=2594&lang=sr#breadcrumb","itemListElement":[{"@type":"ListItem","position":1,"name":"Home","item":"https:\/\/veritasinfo.org\/"},{"@type":"ListItem","position":2,"name":"Evakuacija Skup\u0161tine Kosova zbog dojave o bombi \u2013 jo\u0161 jedan neuspe\u0161an poku\u0161aj konstituisanja"}]},{"@type":"WebSite","@id":"https:\/\/veritasinfo.org\/#website","url":"https:\/\/veritasinfo.org\/","name":"","description":"","potentialAction":[{"@type":"SearchAction","target":{"@type":"EntryPoint","urlTemplate":"https:\/\/veritasinfo.org\/?s={search_term_string}"},"query-input":{"@type":"PropertyValueSpecification","valueRequired":true,"valueName":"search_term_string"}}],"inLanguage":"en-US"},{"@type":"Person","@id":"https:\/\/veritasinfo.org\/#\/schema\/person\/7701f8c088bece422266b100a712374f","name":"admin","image":{"@type":"ImageObject","inLanguage":"en-US","@id":"https:\/\/veritasinfo.org\/#\/schema\/person\/image\/","url":"https:\/\/secure.gravatar.com\/avatar\/ea53aa3bf6c9a12d5fde8ce4deff43fef3885ae33cf60184161a50d6987cfd2f?s=96&d=mm&r=g","contentUrl":"https:\/\/secure.gravatar.com\/avatar\/ea53aa3bf6c9a12d5fde8ce4deff43fef3885ae33cf60184161a50d6987cfd2f?s=96&d=mm&r=g","caption":"admin"},"sameAs":["https:\/\/veritasinfo.org"],"url":"https:\/\/veritasinfo.org\/?author=1"}]}},"featured_image_urls":{"full":["https:\/\/veritasinfo.org\/wp-content\/uploads\/2025\/07\/Kuvendi_Kosove_1.jpg",600,334,false],"thumbnail":["https:\/\/veritasinfo.org\/wp-content\/uploads\/2025\/07\/Kuvendi_Kosove_1-150x150.jpg",150,150,true],"medium":["https:\/\/veritasinfo.org\/wp-content\/uploads\/2025\/07\/Kuvendi_Kosove_1-300x167.jpg",300,167,true],"medium_large":["https:\/\/veritasinfo.org\/wp-content\/uploads\/2025\/07\/Kuvendi_Kosove_1.jpg",600,334,false],"large":["https:\/\/veritasinfo.org\/wp-content\/uploads\/2025\/07\/Kuvendi_Kosove_1.jpg",600,334,false],"1536x1536":["https:\/\/veritasinfo.org\/wp-content\/uploads\/2025\/07\/Kuvendi_Kosove_1.jpg",600,334,false],"2048x2048":["https:\/\/veritasinfo.org\/wp-content\/uploads\/2025\/07\/Kuvendi_Kosove_1.jpg",600,334,false],"kreeti-slider-full":["https:\/\/veritasinfo.org\/wp-content\/uploads\/2025\/07\/Kuvendi_Kosove_1.jpg",600,334,false],"kreeti-featured":["https:\/\/veritasinfo.org\/wp-content\/uploads\/2025\/07\/Kuvendi_Kosove_1.jpg",600,334,false],"kreeti-medium":["https:\/\/veritasinfo.org\/wp-content\/uploads\/2025\/07\/Kuvendi_Kosove_1.jpg",600,334,false],"kreeti-medium-square":["https:\/\/veritasinfo.org\/wp-content\/uploads\/2025\/07\/Kuvendi_Kosove_1.jpg",350,195,false]},"author_info":{"info":["admin"]},"category_info":"<a href=\"https:\/\/veritasinfo.org\/?cat=28&#038;lang=sr\" rel=\"category\">Politika<\/a>","tag_info":"Politika","comment_count":"0","_links":{"self":[{"href":"https:\/\/veritasinfo.org\/index.php?rest_route=\/wp\/v2\/posts\/2594","targetHints":{"allow":["GET"]}}],"collection":[{"href":"https:\/\/veritasinfo.org\/index.php?rest_route=\/wp\/v2\/posts"}],"about":[{"href":"https:\/\/veritasinfo.org\/index.php?rest_route=\/wp\/v2\/types\/post"}],"author":[{"embeddable":true,"href":"https:\/\/veritasinfo.org\/index.php?rest_route=\/wp\/v2\/users\/1"}],"replies":[{"embeddable":true,"href":"https:\/\/veritasinfo.org\/index.php?rest_route=%2Fwp%2Fv2%2Fcomments&post=2594"}],"version-history":[{"count":1,"href":"https:\/\/veritasinfo.org\/index.php?rest_route=\/wp\/v2\/posts\/2594\/revisions"}],"predecessor-version":[{"id":2596,"href":"https:\/\/veritasinfo.org\/index.php?rest_route=\/wp\/v2\/posts\/2594\/revisions\/2596"}],"wp:featuredmedia":[{"embeddable":true,"href":"https:\/\/veritasinfo.org\/index.php?rest_route=\/wp\/v2\/media\/2595"}],"wp:attachment":[{"href":"https:\/\/veritasinfo.org\/index.php?rest_route=%2Fwp%2Fv2%2Fmedia&parent=2594"}],"wp:term":[{"taxonomy":"category","embeddable":true,"href":"https:\/\/veritasinfo.org\/index.php?rest_route=%2Fwp%2Fv2%2Fcategories&post=2594"},{"taxonomy":"post_tag","embeddable":true,"href":"https:\/\/veritasinfo.org\/index.php?rest_route=%2Fwp%2Fv2%2Ftags&post=2594"}],"curies":[{"name":"wp","href":"https:\/\/api.w.org\/{rel}","templated":true}]}}