{"id":2589,"date":"2025-07-05T08:59:34","date_gmt":"2025-07-05T06:59:34","guid":{"rendered":"https:\/\/veritasinfo.org\/?p=2589"},"modified":"2025-07-05T08:59:34","modified_gmt":"2025-07-05T06:59:34","slug":"mitrovica-e-veriut-me-rregullore-mbrone-simbolet-shteterore","status":"publish","type":"post","link":"https:\/\/veritasinfo.org\/?p=2589","title":{"rendered":"Mitrovica e Veriut me rregullore mbron\u00eb simbolet shtet\u00ebrore"},"content":{"rendered":"<p><strong>Mitrovic\u00eb e Veriut, 5 korrik 2025<\/strong><\/p>\n<p>Edhe pse nuk u \u00ebsht\u00eb paraqitur ende zyrtarisht asamblist\u00ebve, Kuvendi Komunal i Mitrovic\u00ebs s\u00eb Veriut \u00ebsht\u00eb duke punuar p\u00ebr nj\u00eb rregullore me t\u00eb cil\u00ebn synojn\u00eb t\u00eb mbrojn\u00eb simbolet shtet\u00ebrore dhe institucionale, pavar\u00ebsisht nd\u00ebrrimit t\u00eb pushtetit.<\/p>\n<p>Kuvendi Komunal i Mitrovic\u00ebs s\u00eb Veriut synon q\u00eb n\u00ebp\u00ebrmjet nj\u00eb rregulloreje t\u00eb mbroj\u00eb simbolet shtet\u00ebrore e institucionale, edhe pas nd\u00ebrrimit eventual t\u00eb pushtetit.<\/p>\n<p>Edhe pse nuk u deklarua para kamer\u00ebs, pa dh\u00ebn\u00eb detaje, pun\u00ebn p\u00ebr k\u00ebt\u00eb akt n\u00ebnligjor e konfirmoi kryesuesi Nexhat Ugljanin.<\/p>\n<p>Nj\u00ebsoj edhe asamblistja e L\u00ebvizjes Vet\u00ebvendosje, Aida Ferati-Doli, e cila po ashtu nuk dha holl\u00ebsi.<\/p>\n<p>Pasi tha se Kuvendi Komunal ve\u00e7se i ka miratuar simbolet n\u00eb pajtim me legjislacionin n\u00eb fuqi, asamblisti Betim Osmani theksoi se asnj\u00eb pushtet i ri, pavar\u00ebsisht p\u00ebrkat\u00ebsis\u00eb etnike, nuk ka arsye t\u00eb b\u00ebj\u00eb ndryshime.<\/p>\n<p>Sidoqoft\u00eb, propozimi ende nuk u \u00ebsht\u00eb paraqitur zyrtarisht p\u00ebrfaq\u00ebsuesve n\u00eb asamble.<\/p>\n<p>Objekti i komun\u00ebs s\u00eb Mitrovic\u00ebs s\u00eb Veriut, n\u00ebn qeverisjen e List\u00ebs Serbe nuk ka pasur t\u00eb ekspozuar asnj\u00eb simbol shtet\u00ebror t\u00eb Kosov\u00ebs.<\/p>\n<p>Flamujt dhe simbolet p\u00ebrcjell\u00ebse, n\u00eb k\u00ebt\u00eb komun\u00eb dhe t\u00eb tjerat me shumic\u00eb serbe n\u00eb veri, u vendos\u00ebn p\u00ebr her\u00eb t\u00eb par\u00eb n\u00ebn qeverisjet e kryetar\u00ebve shqiptar\u00eb \u2013 t\u00eb cil\u00ebt fituan zgjedhjet jasht\u00ebzakonshme t\u00eb 2023-t\u00ebs, t\u00eb bojkotuara nga serb\u00ebt.<\/p>\n","protected":false},"excerpt":{"rendered":"<p>Mitrovic\u00eb e Veriut, 5 korrik 2025 Edhe pse nuk u \u00ebsht\u00eb paraqitur ende zyrtarisht asamblist\u00ebve, Kuvendi Komunal i Mitrovic\u00ebs s\u00eb Veriut \u00ebsht\u00eb duke punuar p\u00ebr<\/p>\n","protected":false},"author":2,"featured_media":2590,"comment_status":"open","ping_status":"open","sticky":false,"template":"","format":"standard","meta":{"footnotes":""},"categories":[52],"tags":[],"class_list":["post-2589","post","type-post","status-publish","format-standard","has-post-thumbnail","hentry","category-komunat-sq"],"yoast_head":"<!-- This site is optimized with the Yoast SEO plugin v25.3.1 - https:\/\/yoast.com\/wordpress\/plugins\/seo\/ -->\n<title>Mitrovica e Veriut me rregullore mbron\u00eb simbolet shtet\u00ebrore -<\/title>\n<meta name=\"robots\" content=\"index, follow, max-snippet:-1, max-image-preview:large, max-video-preview:-1\" \/>\n<link rel=\"canonical\" href=\"https:\/\/veritasinfo.org\/?p=2589\" \/>\n<meta property=\"og:locale\" content=\"en_US\" \/>\n<meta property=\"og:type\" content=\"article\" \/>\n<meta property=\"og:title\" content=\"Mitrovica e Veriut me rregullore mbron\u00eb simbolet shtet\u00ebrore -\" \/>\n<meta property=\"og:description\" content=\"Mitrovic\u00eb e Veriut, 5 korrik 2025 Edhe pse nuk u \u00ebsht\u00eb paraqitur ende zyrtarisht asamblist\u00ebve, Kuvendi Komunal i Mitrovic\u00ebs s\u00eb Veriut \u00ebsht\u00eb duke punuar p\u00ebr\" \/>\n<meta property=\"og:url\" content=\"https:\/\/veritasinfo.org\/?p=2589\" \/>\n<meta property=\"article:published_time\" content=\"2025-07-05T06:59:34+00:00\" \/>\n<meta property=\"og:image\" content=\"https:\/\/veritasinfo.org\/wp-content\/uploads\/2025\/07\/mitrovica-veriore.webp\" \/>\n\t<meta property=\"og:image:width\" content=\"780\" \/>\n\t<meta property=\"og:image:height\" content=\"439\" \/>\n\t<meta property=\"og:image:type\" content=\"image\/webp\" \/>\n<meta name=\"author\" content=\"US1\" \/>\n<meta name=\"twitter:card\" content=\"summary_large_image\" \/>\n<meta name=\"twitter:label1\" content=\"Written by\" \/>\n\t<meta name=\"twitter:data1\" content=\"US1\" \/>\n\t<meta name=\"twitter:label2\" content=\"Est. reading time\" \/>\n\t<meta name=\"twitter:data2\" content=\"2 minutes\" \/>\n<script type=\"application\/ld+json\" class=\"yoast-schema-graph\">{\"@context\":\"https:\/\/schema.org\",\"@graph\":[{\"@type\":\"WebPage\",\"@id\":\"https:\/\/veritasinfo.org\/?p=2589\",\"url\":\"https:\/\/veritasinfo.org\/?p=2589\",\"name\":\"Mitrovica e Veriut me rregullore mbron\u00eb simbolet shtet\u00ebrore -\",\"isPartOf\":{\"@id\":\"https:\/\/veritasinfo.org\/#website\"},\"primaryImageOfPage\":{\"@id\":\"https:\/\/veritasinfo.org\/?p=2589#primaryimage\"},\"image\":{\"@id\":\"https:\/\/veritasinfo.org\/?p=2589#primaryimage\"},\"thumbnailUrl\":\"https:\/\/veritasinfo.org\/wp-content\/uploads\/2025\/07\/mitrovica-veriore.webp\",\"datePublished\":\"2025-07-05T06:59:34+00:00\",\"author\":{\"@id\":\"https:\/\/veritasinfo.org\/#\/schema\/person\/c2b8be262ea994d0995addca692c5e98\"},\"breadcrumb\":{\"@id\":\"https:\/\/veritasinfo.org\/?p=2589#breadcrumb\"},\"inLanguage\":\"en-US\",\"potentialAction\":[{\"@type\":\"ReadAction\",\"target\":[\"https:\/\/veritasinfo.org\/?p=2589\"]}]},{\"@type\":\"ImageObject\",\"inLanguage\":\"en-US\",\"@id\":\"https:\/\/veritasinfo.org\/?p=2589#primaryimage\",\"url\":\"https:\/\/veritasinfo.org\/wp-content\/uploads\/2025\/07\/mitrovica-veriore.webp\",\"contentUrl\":\"https:\/\/veritasinfo.org\/wp-content\/uploads\/2025\/07\/mitrovica-veriore.webp\",\"width\":780,\"height\":439},{\"@type\":\"BreadcrumbList\",\"@id\":\"https:\/\/veritasinfo.org\/?p=2589#breadcrumb\",\"itemListElement\":[{\"@type\":\"ListItem\",\"position\":1,\"name\":\"Home\",\"item\":\"https:\/\/veritasinfo.org\/\"},{\"@type\":\"ListItem\",\"position\":2,\"name\":\"Mitrovica e Veriut me rregullore mbron\u00eb simbolet shtet\u00ebrore\"}]},{\"@type\":\"WebSite\",\"@id\":\"https:\/\/veritasinfo.org\/#website\",\"url\":\"https:\/\/veritasinfo.org\/\",\"name\":\"\",\"description\":\"\",\"potentialAction\":[{\"@type\":\"SearchAction\",\"target\":{\"@type\":\"EntryPoint\",\"urlTemplate\":\"https:\/\/veritasinfo.org\/?s={search_term_string}\"},\"query-input\":{\"@type\":\"PropertyValueSpecification\",\"valueRequired\":true,\"valueName\":\"search_term_string\"}}],\"inLanguage\":\"en-US\"},{\"@type\":\"Person\",\"@id\":\"https:\/\/veritasinfo.org\/#\/schema\/person\/c2b8be262ea994d0995addca692c5e98\",\"name\":\"US1\",\"image\":{\"@type\":\"ImageObject\",\"inLanguage\":\"en-US\",\"@id\":\"https:\/\/veritasinfo.org\/#\/schema\/person\/image\/\",\"url\":\"https:\/\/secure.gravatar.com\/avatar\/4e96a59bd256abf9956eb9963ac891a47461ffb364d47b0e9aab113328fdb75b?s=96&d=mm&r=g\",\"contentUrl\":\"https:\/\/secure.gravatar.com\/avatar\/4e96a59bd256abf9956eb9963ac891a47461ffb364d47b0e9aab113328fdb75b?s=96&d=mm&r=g\",\"caption\":\"US1\"},\"url\":\"https:\/\/veritasinfo.org\/?author=2\"}]}<\/script>\n<!-- \/ Yoast SEO plugin. -->","yoast_head_json":{"title":"Mitrovica e Veriut me rregullore mbron\u00eb simbolet shtet\u00ebrore -","robots":{"index":"index","follow":"follow","max-snippet":"max-snippet:-1","max-image-preview":"max-image-preview:large","max-video-preview":"max-video-preview:-1"},"canonical":"https:\/\/veritasinfo.org\/?p=2589","og_locale":"en_US","og_type":"article","og_title":"Mitrovica e Veriut me rregullore mbron\u00eb simbolet shtet\u00ebrore -","og_description":"Mitrovic\u00eb e Veriut, 5 korrik 2025 Edhe pse nuk u \u00ebsht\u00eb paraqitur ende zyrtarisht asamblist\u00ebve, Kuvendi Komunal i Mitrovic\u00ebs s\u00eb Veriut \u00ebsht\u00eb duke punuar p\u00ebr","og_url":"https:\/\/veritasinfo.org\/?p=2589","article_published_time":"2025-07-05T06:59:34+00:00","og_image":[{"width":780,"height":439,"url":"https:\/\/veritasinfo.org\/wp-content\/uploads\/2025\/07\/mitrovica-veriore.webp","type":"image\/webp"}],"author":"US1","twitter_card":"summary_large_image","twitter_misc":{"Written by":"US1","Est. reading time":"2 minutes"},"schema":{"@context":"https:\/\/schema.org","@graph":[{"@type":"WebPage","@id":"https:\/\/veritasinfo.org\/?p=2589","url":"https:\/\/veritasinfo.org\/?p=2589","name":"Mitrovica e Veriut me rregullore mbron\u00eb simbolet shtet\u00ebrore -","isPartOf":{"@id":"https:\/\/veritasinfo.org\/#website"},"primaryImageOfPage":{"@id":"https:\/\/veritasinfo.org\/?p=2589#primaryimage"},"image":{"@id":"https:\/\/veritasinfo.org\/?p=2589#primaryimage"},"thumbnailUrl":"https:\/\/veritasinfo.org\/wp-content\/uploads\/2025\/07\/mitrovica-veriore.webp","datePublished":"2025-07-05T06:59:34+00:00","author":{"@id":"https:\/\/veritasinfo.org\/#\/schema\/person\/c2b8be262ea994d0995addca692c5e98"},"breadcrumb":{"@id":"https:\/\/veritasinfo.org\/?p=2589#breadcrumb"},"inLanguage":"en-US","potentialAction":[{"@type":"ReadAction","target":["https:\/\/veritasinfo.org\/?p=2589"]}]},{"@type":"ImageObject","inLanguage":"en-US","@id":"https:\/\/veritasinfo.org\/?p=2589#primaryimage","url":"https:\/\/veritasinfo.org\/wp-content\/uploads\/2025\/07\/mitrovica-veriore.webp","contentUrl":"https:\/\/veritasinfo.org\/wp-content\/uploads\/2025\/07\/mitrovica-veriore.webp","width":780,"height":439},{"@type":"BreadcrumbList","@id":"https:\/\/veritasinfo.org\/?p=2589#breadcrumb","itemListElement":[{"@type":"ListItem","position":1,"name":"Home","item":"https:\/\/veritasinfo.org\/"},{"@type":"ListItem","position":2,"name":"Mitrovica e Veriut me rregullore mbron\u00eb simbolet shtet\u00ebrore"}]},{"@type":"WebSite","@id":"https:\/\/veritasinfo.org\/#website","url":"https:\/\/veritasinfo.org\/","name":"","description":"","potentialAction":[{"@type":"SearchAction","target":{"@type":"EntryPoint","urlTemplate":"https:\/\/veritasinfo.org\/?s={search_term_string}"},"query-input":{"@type":"PropertyValueSpecification","valueRequired":true,"valueName":"search_term_string"}}],"inLanguage":"en-US"},{"@type":"Person","@id":"https:\/\/veritasinfo.org\/#\/schema\/person\/c2b8be262ea994d0995addca692c5e98","name":"US1","image":{"@type":"ImageObject","inLanguage":"en-US","@id":"https:\/\/veritasinfo.org\/#\/schema\/person\/image\/","url":"https:\/\/secure.gravatar.com\/avatar\/4e96a59bd256abf9956eb9963ac891a47461ffb364d47b0e9aab113328fdb75b?s=96&d=mm&r=g","contentUrl":"https:\/\/secure.gravatar.com\/avatar\/4e96a59bd256abf9956eb9963ac891a47461ffb364d47b0e9aab113328fdb75b?s=96&d=mm&r=g","caption":"US1"},"url":"https:\/\/veritasinfo.org\/?author=2"}]}},"featured_image_urls":{"full":["https:\/\/veritasinfo.org\/wp-content\/uploads\/2025\/07\/mitrovica-veriore.webp",780,439,false],"thumbnail":["https:\/\/veritasinfo.org\/wp-content\/uploads\/2025\/07\/mitrovica-veriore-150x150.webp",150,150,true],"medium":["https:\/\/veritasinfo.org\/wp-content\/uploads\/2025\/07\/mitrovica-veriore-300x169.webp",300,169,true],"medium_large":["https:\/\/veritasinfo.org\/wp-content\/uploads\/2025\/07\/mitrovica-veriore-768x432.webp",640,360,true],"large":["https:\/\/veritasinfo.org\/wp-content\/uploads\/2025\/07\/mitrovica-veriore.webp",640,360,false],"1536x1536":["https:\/\/veritasinfo.org\/wp-content\/uploads\/2025\/07\/mitrovica-veriore.webp",780,439,false],"2048x2048":["https:\/\/veritasinfo.org\/wp-content\/uploads\/2025\/07\/mitrovica-veriore.webp",780,439,false],"kreeti-slider-full":["https:\/\/veritasinfo.org\/wp-content\/uploads\/2025\/07\/mitrovica-veriore.webp",780,439,false],"kreeti-featured":["https:\/\/veritasinfo.org\/wp-content\/uploads\/2025\/07\/mitrovica-veriore.webp",780,439,false],"kreeti-medium":["https:\/\/veritasinfo.org\/wp-content\/uploads\/2025\/07\/mitrovica-veriore.webp",720,405,false],"kreeti-medium-square":["https:\/\/veritasinfo.org\/wp-content\/uploads\/2025\/07\/mitrovica-veriore.webp",350,197,false]},"author_info":{"info":["US1"]},"category_info":"<a href=\"https:\/\/veritasinfo.org\/?cat=52\" rel=\"category\">Komunat<\/a>","tag_info":"Komunat","comment_count":"0","_links":{"self":[{"href":"https:\/\/veritasinfo.org\/index.php?rest_route=\/wp\/v2\/posts\/2589","targetHints":{"allow":["GET"]}}],"collection":[{"href":"https:\/\/veritasinfo.org\/index.php?rest_route=\/wp\/v2\/posts"}],"about":[{"href":"https:\/\/veritasinfo.org\/index.php?rest_route=\/wp\/v2\/types\/post"}],"author":[{"embeddable":true,"href":"https:\/\/veritasinfo.org\/index.php?rest_route=\/wp\/v2\/users\/2"}],"replies":[{"embeddable":true,"href":"https:\/\/veritasinfo.org\/index.php?rest_route=%2Fwp%2Fv2%2Fcomments&post=2589"}],"version-history":[{"count":1,"href":"https:\/\/veritasinfo.org\/index.php?rest_route=\/wp\/v2\/posts\/2589\/revisions"}],"predecessor-version":[{"id":2591,"href":"https:\/\/veritasinfo.org\/index.php?rest_route=\/wp\/v2\/posts\/2589\/revisions\/2591"}],"wp:featuredmedia":[{"embeddable":true,"href":"https:\/\/veritasinfo.org\/index.php?rest_route=\/wp\/v2\/media\/2590"}],"wp:attachment":[{"href":"https:\/\/veritasinfo.org\/index.php?rest_route=%2Fwp%2Fv2%2Fmedia&parent=2589"}],"wp:term":[{"taxonomy":"category","embeddable":true,"href":"https:\/\/veritasinfo.org\/index.php?rest_route=%2Fwp%2Fv2%2Fcategories&post=2589"},{"taxonomy":"post_tag","embeddable":true,"href":"https:\/\/veritasinfo.org\/index.php?rest_route=%2Fwp%2Fv2%2Ftags&post=2589"}],"curies":[{"name":"wp","href":"https:\/\/api.w.org\/{rel}","templated":true}]}}