{"id":25847,"date":"2025-12-28T12:50:35","date_gmt":"2025-12-28T11:50:35","guid":{"rendered":"https:\/\/veritasinfo.org\/?p=25847"},"modified":"2025-12-28T12:50:35","modified_gmt":"2025-12-28T11:50:35","slug":"osmani-shpresoj-qe-keto-zgjedhje-te-rezultojne-me-krijim-sa-me-te-shpejte-te-institucioneve","status":"publish","type":"post","link":"https:\/\/veritasinfo.org\/?p=25847","title":{"rendered":"Osmani: Shpresoj q\u00eb k\u00ebto zgjedhje t\u00eb rezultojn\u00eb me krijim sa m\u00eb t\u00eb shpejt\u00eb t\u00eb institucioneve"},"content":{"rendered":"<p><strong>Prishtin\u00eb, 28 dhjetor 2025 12:50<\/strong><\/p>\n<p>Presidentja Vjosa Osmani ka th\u00ebn\u00eb se zgjedhjet e 28 dhjetorit duhet t\u00eb rezultojn\u00eb me krijim sa m\u00eb t\u00eb shpejt t\u00eb Kuvendit dhe qeveris\u00eb, p\u00ebr t\u00eb \u00e7uar p\u00ebrpara procese t\u00eb domosdoshme p\u00ebr vendin.<\/p>\n<p>Pasi ka ushtruar edhe vet\u00eb t\u00eb drejt\u00ebn e vot\u00ebs, Osmani ka shtuar se \u00ebsht\u00eb e bindur q\u00eb \u201ct\u00eb gjitha partit\u00eb politike do t\u00eb gjejn\u00eb nj\u00eb rrug\u00eb p\u00ebrpara q\u00eb t\u00eb kemi institucione funksionale dhe me legjitimitet t\u00eb plot\u00eb\u201d.<\/p>\n<p>\u201cUroj q\u00eb Republika jon\u00eb t\u00eb ket\u00eb zgjedhje t\u00eb qeta, t\u00eb rregullta, demokratike. Uroj t\u00eb kemi zgjedhje me pjes\u00ebmarrje sa m\u00eb masive t\u00eb qytetar\u00ebve. Zgjedhjet jan\u00eb proces i r\u00ebnd\u00ebsish\u00ebm demokratik. Shpresoj q\u00eb rezultatet t\u00eb rezultojn\u00eb me krijim sa m\u00eb t\u00eb shpejt t\u00eb parlamentit dhe zgjedhje t\u00eb qeveris\u00eb, q\u00eb jan\u00eb t\u00eb domosdoshme p\u00ebr procese t\u00eb r\u00ebnd\u00ebsishme t\u00eb brendshme dhe nd\u00ebrkomb\u00ebtare p\u00ebr Kosov\u00ebn\u201d, ka th\u00ebn\u00eb presidentja.<\/p>\n<p>&nbsp;<\/p>\n","protected":false},"excerpt":{"rendered":"<p>Prishtin\u00eb, 28 dhjetor 2025 12:50 Presidentja Vjosa Osmani ka th\u00ebn\u00eb se zgjedhjet e 28 dhjetorit duhet t\u00eb rezultojn\u00eb me krijim sa m\u00eb t\u00eb shpejt t\u00eb<\/p>\n","protected":false},"author":7,"featured_media":25848,"comment_status":"open","ping_status":"open","sticky":false,"template":"","format":"standard","meta":{"footnotes":""},"categories":[8],"tags":[],"class_list":["post-25847","post","type-post","status-publish","format-standard","has-post-thumbnail","hentry","category-blog-sq"],"yoast_head":"<!-- This site is optimized with the Yoast SEO plugin v25.3.1 - https:\/\/yoast.com\/wordpress\/plugins\/seo\/ -->\n<title>Osmani: Shpresoj q\u00eb k\u00ebto zgjedhje t\u00eb rezultojn\u00eb me krijim sa m\u00eb t\u00eb shpejt\u00eb t\u00eb institucioneve -<\/title>\n<meta name=\"robots\" content=\"index, follow, max-snippet:-1, max-image-preview:large, max-video-preview:-1\" \/>\n<link rel=\"canonical\" href=\"https:\/\/veritasinfo.org\/?p=25847\" \/>\n<meta property=\"og:locale\" content=\"en_US\" \/>\n<meta property=\"og:type\" content=\"article\" \/>\n<meta property=\"og:title\" content=\"Osmani: Shpresoj q\u00eb k\u00ebto zgjedhje t\u00eb rezultojn\u00eb me krijim sa m\u00eb t\u00eb shpejt\u00eb t\u00eb institucioneve -\" \/>\n<meta property=\"og:description\" content=\"Prishtin\u00eb, 28 dhjetor 2025 12:50 Presidentja Vjosa Osmani ka th\u00ebn\u00eb se zgjedhjet e 28 dhjetorit duhet t\u00eb rezultojn\u00eb me krijim sa m\u00eb t\u00eb shpejt t\u00eb\" \/>\n<meta property=\"og:url\" content=\"https:\/\/veritasinfo.org\/?p=25847\" \/>\n<meta property=\"article:published_time\" content=\"2025-12-28T11:50:35+00:00\" \/>\n<meta property=\"og:image\" content=\"https:\/\/veritasinfo.org\/wp-content\/uploads\/2025\/12\/1-80.jpg\" \/>\n\t<meta property=\"og:image:width\" content=\"674\" \/>\n\t<meta property=\"og:image:height\" content=\"442\" \/>\n\t<meta property=\"og:image:type\" content=\"image\/jpeg\" \/>\n<meta name=\"author\" content=\"US6\" \/>\n<meta name=\"twitter:card\" content=\"summary_large_image\" \/>\n<meta name=\"twitter:label1\" content=\"Written by\" \/>\n\t<meta name=\"twitter:data1\" content=\"US6\" \/>\n\t<meta name=\"twitter:label2\" content=\"Est. reading time\" \/>\n\t<meta name=\"twitter:data2\" content=\"1 minute\" \/>\n<script type=\"application\/ld+json\" class=\"yoast-schema-graph\">{\"@context\":\"https:\/\/schema.org\",\"@graph\":[{\"@type\":\"WebPage\",\"@id\":\"https:\/\/veritasinfo.org\/?p=25847\",\"url\":\"https:\/\/veritasinfo.org\/?p=25847\",\"name\":\"Osmani: Shpresoj q\u00eb k\u00ebto zgjedhje t\u00eb rezultojn\u00eb me krijim sa m\u00eb t\u00eb shpejt\u00eb t\u00eb institucioneve -\",\"isPartOf\":{\"@id\":\"https:\/\/veritasinfo.org\/#website\"},\"primaryImageOfPage\":{\"@id\":\"https:\/\/veritasinfo.org\/?p=25847#primaryimage\"},\"image\":{\"@id\":\"https:\/\/veritasinfo.org\/?p=25847#primaryimage\"},\"thumbnailUrl\":\"https:\/\/veritasinfo.org\/wp-content\/uploads\/2025\/12\/1-80.jpg\",\"datePublished\":\"2025-12-28T11:50:35+00:00\",\"author\":{\"@id\":\"https:\/\/veritasinfo.org\/#\/schema\/person\/fe199eede04c3937362892b7444747cc\"},\"breadcrumb\":{\"@id\":\"https:\/\/veritasinfo.org\/?p=25847#breadcrumb\"},\"inLanguage\":\"en-US\",\"potentialAction\":[{\"@type\":\"ReadAction\",\"target\":[\"https:\/\/veritasinfo.org\/?p=25847\"]}]},{\"@type\":\"ImageObject\",\"inLanguage\":\"en-US\",\"@id\":\"https:\/\/veritasinfo.org\/?p=25847#primaryimage\",\"url\":\"https:\/\/veritasinfo.org\/wp-content\/uploads\/2025\/12\/1-80.jpg\",\"contentUrl\":\"https:\/\/veritasinfo.org\/wp-content\/uploads\/2025\/12\/1-80.jpg\",\"width\":674,\"height\":442},{\"@type\":\"BreadcrumbList\",\"@id\":\"https:\/\/veritasinfo.org\/?p=25847#breadcrumb\",\"itemListElement\":[{\"@type\":\"ListItem\",\"position\":1,\"name\":\"Home\",\"item\":\"https:\/\/veritasinfo.org\/\"},{\"@type\":\"ListItem\",\"position\":2,\"name\":\"Osmani: Shpresoj q\u00eb k\u00ebto zgjedhje t\u00eb rezultojn\u00eb me krijim sa m\u00eb t\u00eb shpejt\u00eb t\u00eb institucioneve\"}]},{\"@type\":\"WebSite\",\"@id\":\"https:\/\/veritasinfo.org\/#website\",\"url\":\"https:\/\/veritasinfo.org\/\",\"name\":\"\",\"description\":\"\",\"potentialAction\":[{\"@type\":\"SearchAction\",\"target\":{\"@type\":\"EntryPoint\",\"urlTemplate\":\"https:\/\/veritasinfo.org\/?s={search_term_string}\"},\"query-input\":{\"@type\":\"PropertyValueSpecification\",\"valueRequired\":true,\"valueName\":\"search_term_string\"}}],\"inLanguage\":\"en-US\"},{\"@type\":\"Person\",\"@id\":\"https:\/\/veritasinfo.org\/#\/schema\/person\/fe199eede04c3937362892b7444747cc\",\"name\":\"US6\",\"image\":{\"@type\":\"ImageObject\",\"inLanguage\":\"en-US\",\"@id\":\"https:\/\/veritasinfo.org\/#\/schema\/person\/image\/\",\"url\":\"https:\/\/secure.gravatar.com\/avatar\/cb16c3c31c9d23b9b8c705964598220b3014e42ff51eb540ff23cefa3ae8c15f?s=96&d=mm&r=g\",\"contentUrl\":\"https:\/\/secure.gravatar.com\/avatar\/cb16c3c31c9d23b9b8c705964598220b3014e42ff51eb540ff23cefa3ae8c15f?s=96&d=mm&r=g\",\"caption\":\"US6\"},\"url\":\"https:\/\/veritasinfo.org\/?author=7\"}]}<\/script>\n<!-- \/ Yoast SEO plugin. -->","yoast_head_json":{"title":"Osmani: Shpresoj q\u00eb k\u00ebto zgjedhje t\u00eb rezultojn\u00eb me krijim sa m\u00eb t\u00eb shpejt\u00eb t\u00eb institucioneve -","robots":{"index":"index","follow":"follow","max-snippet":"max-snippet:-1","max-image-preview":"max-image-preview:large","max-video-preview":"max-video-preview:-1"},"canonical":"https:\/\/veritasinfo.org\/?p=25847","og_locale":"en_US","og_type":"article","og_title":"Osmani: Shpresoj q\u00eb k\u00ebto zgjedhje t\u00eb rezultojn\u00eb me krijim sa m\u00eb t\u00eb shpejt\u00eb t\u00eb institucioneve -","og_description":"Prishtin\u00eb, 28 dhjetor 2025 12:50 Presidentja Vjosa Osmani ka th\u00ebn\u00eb se zgjedhjet e 28 dhjetorit duhet t\u00eb rezultojn\u00eb me krijim sa m\u00eb t\u00eb shpejt t\u00eb","og_url":"https:\/\/veritasinfo.org\/?p=25847","article_published_time":"2025-12-28T11:50:35+00:00","og_image":[{"width":674,"height":442,"url":"https:\/\/veritasinfo.org\/wp-content\/uploads\/2025\/12\/1-80.jpg","type":"image\/jpeg"}],"author":"US6","twitter_card":"summary_large_image","twitter_misc":{"Written by":"US6","Est. reading time":"1 minute"},"schema":{"@context":"https:\/\/schema.org","@graph":[{"@type":"WebPage","@id":"https:\/\/veritasinfo.org\/?p=25847","url":"https:\/\/veritasinfo.org\/?p=25847","name":"Osmani: Shpresoj q\u00eb k\u00ebto zgjedhje t\u00eb rezultojn\u00eb me krijim sa m\u00eb t\u00eb shpejt\u00eb t\u00eb institucioneve -","isPartOf":{"@id":"https:\/\/veritasinfo.org\/#website"},"primaryImageOfPage":{"@id":"https:\/\/veritasinfo.org\/?p=25847#primaryimage"},"image":{"@id":"https:\/\/veritasinfo.org\/?p=25847#primaryimage"},"thumbnailUrl":"https:\/\/veritasinfo.org\/wp-content\/uploads\/2025\/12\/1-80.jpg","datePublished":"2025-12-28T11:50:35+00:00","author":{"@id":"https:\/\/veritasinfo.org\/#\/schema\/person\/fe199eede04c3937362892b7444747cc"},"breadcrumb":{"@id":"https:\/\/veritasinfo.org\/?p=25847#breadcrumb"},"inLanguage":"en-US","potentialAction":[{"@type":"ReadAction","target":["https:\/\/veritasinfo.org\/?p=25847"]}]},{"@type":"ImageObject","inLanguage":"en-US","@id":"https:\/\/veritasinfo.org\/?p=25847#primaryimage","url":"https:\/\/veritasinfo.org\/wp-content\/uploads\/2025\/12\/1-80.jpg","contentUrl":"https:\/\/veritasinfo.org\/wp-content\/uploads\/2025\/12\/1-80.jpg","width":674,"height":442},{"@type":"BreadcrumbList","@id":"https:\/\/veritasinfo.org\/?p=25847#breadcrumb","itemListElement":[{"@type":"ListItem","position":1,"name":"Home","item":"https:\/\/veritasinfo.org\/"},{"@type":"ListItem","position":2,"name":"Osmani: Shpresoj q\u00eb k\u00ebto zgjedhje t\u00eb rezultojn\u00eb me krijim sa m\u00eb t\u00eb shpejt\u00eb t\u00eb institucioneve"}]},{"@type":"WebSite","@id":"https:\/\/veritasinfo.org\/#website","url":"https:\/\/veritasinfo.org\/","name":"","description":"","potentialAction":[{"@type":"SearchAction","target":{"@type":"EntryPoint","urlTemplate":"https:\/\/veritasinfo.org\/?s={search_term_string}"},"query-input":{"@type":"PropertyValueSpecification","valueRequired":true,"valueName":"search_term_string"}}],"inLanguage":"en-US"},{"@type":"Person","@id":"https:\/\/veritasinfo.org\/#\/schema\/person\/fe199eede04c3937362892b7444747cc","name":"US6","image":{"@type":"ImageObject","inLanguage":"en-US","@id":"https:\/\/veritasinfo.org\/#\/schema\/person\/image\/","url":"https:\/\/secure.gravatar.com\/avatar\/cb16c3c31c9d23b9b8c705964598220b3014e42ff51eb540ff23cefa3ae8c15f?s=96&d=mm&r=g","contentUrl":"https:\/\/secure.gravatar.com\/avatar\/cb16c3c31c9d23b9b8c705964598220b3014e42ff51eb540ff23cefa3ae8c15f?s=96&d=mm&r=g","caption":"US6"},"url":"https:\/\/veritasinfo.org\/?author=7"}]}},"featured_image_urls":{"full":["https:\/\/veritasinfo.org\/wp-content\/uploads\/2025\/12\/1-80.jpg",674,442,false],"thumbnail":["https:\/\/veritasinfo.org\/wp-content\/uploads\/2025\/12\/1-80-150x150.jpg",150,150,true],"medium":["https:\/\/veritasinfo.org\/wp-content\/uploads\/2025\/12\/1-80-300x197.jpg",300,197,true],"medium_large":["https:\/\/veritasinfo.org\/wp-content\/uploads\/2025\/12\/1-80.jpg",640,420,false],"large":["https:\/\/veritasinfo.org\/wp-content\/uploads\/2025\/12\/1-80.jpg",640,420,false],"1536x1536":["https:\/\/veritasinfo.org\/wp-content\/uploads\/2025\/12\/1-80.jpg",674,442,false],"2048x2048":["https:\/\/veritasinfo.org\/wp-content\/uploads\/2025\/12\/1-80.jpg",674,442,false],"kreeti-slider-full":["https:\/\/veritasinfo.org\/wp-content\/uploads\/2025\/12\/1-80.jpg",674,442,false],"kreeti-featured":["https:\/\/veritasinfo.org\/wp-content\/uploads\/2025\/12\/1-80.jpg",674,442,false],"kreeti-medium":["https:\/\/veritasinfo.org\/wp-content\/uploads\/2025\/12\/1-80.jpg",674,442,false],"kreeti-medium-square":["https:\/\/veritasinfo.org\/wp-content\/uploads\/2025\/12\/1-80.jpg",350,230,false]},"author_info":{"info":["US6"]},"category_info":"<a href=\"https:\/\/veritasinfo.org\/?cat=8\" rel=\"category\">Zgjedhjet parlamentare 2025<\/a>","tag_info":"Zgjedhjet parlamentare 2025","comment_count":"0","_links":{"self":[{"href":"https:\/\/veritasinfo.org\/index.php?rest_route=\/wp\/v2\/posts\/25847","targetHints":{"allow":["GET"]}}],"collection":[{"href":"https:\/\/veritasinfo.org\/index.php?rest_route=\/wp\/v2\/posts"}],"about":[{"href":"https:\/\/veritasinfo.org\/index.php?rest_route=\/wp\/v2\/types\/post"}],"author":[{"embeddable":true,"href":"https:\/\/veritasinfo.org\/index.php?rest_route=\/wp\/v2\/users\/7"}],"replies":[{"embeddable":true,"href":"https:\/\/veritasinfo.org\/index.php?rest_route=%2Fwp%2Fv2%2Fcomments&post=25847"}],"version-history":[{"count":1,"href":"https:\/\/veritasinfo.org\/index.php?rest_route=\/wp\/v2\/posts\/25847\/revisions"}],"predecessor-version":[{"id":25849,"href":"https:\/\/veritasinfo.org\/index.php?rest_route=\/wp\/v2\/posts\/25847\/revisions\/25849"}],"wp:featuredmedia":[{"embeddable":true,"href":"https:\/\/veritasinfo.org\/index.php?rest_route=\/wp\/v2\/media\/25848"}],"wp:attachment":[{"href":"https:\/\/veritasinfo.org\/index.php?rest_route=%2Fwp%2Fv2%2Fmedia&parent=25847"}],"wp:term":[{"taxonomy":"category","embeddable":true,"href":"https:\/\/veritasinfo.org\/index.php?rest_route=%2Fwp%2Fv2%2Fcategories&post=25847"},{"taxonomy":"post_tag","embeddable":true,"href":"https:\/\/veritasinfo.org\/index.php?rest_route=%2Fwp%2Fv2%2Ftags&post=25847"}],"curies":[{"name":"wp","href":"https:\/\/api.w.org\/{rel}","templated":true}]}}