{"id":2584,"date":"2025-07-05T08:46:08","date_gmt":"2025-07-05T06:46:08","guid":{"rendered":"https:\/\/veritasinfo.org\/?p=2584"},"modified":"2025-07-05T08:46:08","modified_gmt":"2025-07-05T06:46:08","slug":"biserko-vuciqi-eshte-delegjitimuar-smendoj-se-ka-shanse-te-mbijetoje","status":"publish","type":"post","link":"https:\/\/veritasinfo.org\/?p=2584","title":{"rendered":"Biserko: Vu\u00e7iqi \u00ebsht\u00eb delegjitimuar, s\u2019mendoj se ka shanse t\u00eb mbijetoj\u00eb"},"content":{"rendered":"<p><strong>Prishtin\u00eb 5 korrik 2025<\/strong><\/p>\n<p>Kryetarja e Komitetit t\u00eb Helsinkit p\u00ebr t\u00eb drejtat e njeriut ka shprehur bindjen se presidenti i Serbis\u00eb, Aleksand\u00ebr Vu\u00e7iq, nuk ka shanse q\u00eb t\u00eb mbijetoj\u00eb n\u00eb pushtet dhe se p\u00ebr k\u00ebt\u00eb arsye po i p\u00ebrdor dhun\u00ebn dhe represionin ndaj student\u00ebve. Tek e ka komentuar p\u00ebrdorimin e sloganeve nacionaliste, p\u00ebrfshir\u00eb edhe ato p\u00ebr Kosov\u00ebn, gjat\u00eb protestave t\u00eb koh\u00ebve t\u00eb fundit n\u00eb Serbi, Biserko ka theksuar se qytetar\u00ebt serb\u00eb ve\u00e7se jan\u00eb ngopur me t\u00eb k\u00ebtilla mesazhe dhe se jan\u00eb t\u00eb vet\u00ebdijsh\u00ebm q\u00eb Kosova \u00ebsht\u00eb e humbur.<\/p>\n<p>N\u00eb intervist\u00eb p\u00ebr emisionin \u201cInteraktiv\u201d t\u00eb KTV-s\u00eb, Biserko teksa i ka komentuar zhvillimet rreth protestave studentore n\u00eb Serbi ka theksuar se presidenti Vu\u00e7iq nuk ka shanse p\u00ebr t\u00eb mbijetuar n\u00eb pushtet dhe se p\u00ebr k\u00ebt\u00eb arsye po i p\u00ebrdor dhun\u00ebn dhe represionin ndaj student\u00ebve.<\/p>\n<p>E tek ka komentuar p\u00ebrdorimin e sloganeve nacionaliste, p\u00ebrfshir\u00eb edhe ato p\u00ebr Kosov\u00ebn, gjat\u00eb protestave n\u00eb Serbi, Biserko ka theksuar se qytetar\u00ebt serb\u00eb ve\u00e7se jan\u00eb ngopur me t\u00eb k\u00ebtilla mesazhe.<\/p>\n<p>\u201cDisa mendojn\u00eb se publiku reagon n\u00eb k\u00ebto \u00e7\u00ebshtje, por s\u2019jam aq e sigurt, sepse, p\u00ebr shembull, qytetar\u00ebt e Serbis\u00eb jan\u00eb t\u00eb vet\u00ebdijsh\u00ebm se Kosova \u00ebsht\u00eb e humbur dhe se n\u00eb Bosnj\u00eb-Hercegovin\u00eb nuk do t\u00eb lejohet ndarja e Republik\u00ebs S\u00ebrpska\u201d, ka th\u00ebn\u00eb ajo.<\/p>\n","protected":false},"excerpt":{"rendered":"<p>Prishtin\u00eb 5 korrik 2025 Kryetarja e Komitetit t\u00eb Helsinkit p\u00ebr t\u00eb drejtat e njeriut ka shprehur bindjen se presidenti i Serbis\u00eb, Aleksand\u00ebr Vu\u00e7iq, nuk ka<\/p>\n","protected":false},"author":2,"featured_media":2585,"comment_status":"open","ping_status":"open","sticky":false,"template":"","format":"standard","meta":{"footnotes":""},"categories":[58],"tags":[],"class_list":["post-2584","post","type-post","status-publish","format-standard","has-post-thumbnail","hentry","category-politike-sq"],"yoast_head":"<!-- This site is optimized with the Yoast SEO plugin v25.3.1 - https:\/\/yoast.com\/wordpress\/plugins\/seo\/ -->\n<title>Biserko: Vu\u00e7iqi \u00ebsht\u00eb delegjitimuar, s\u2019mendoj se ka shanse t\u00eb mbijetoj\u00eb -<\/title>\n<meta name=\"robots\" content=\"index, follow, max-snippet:-1, max-image-preview:large, max-video-preview:-1\" \/>\n<link rel=\"canonical\" href=\"https:\/\/veritasinfo.org\/?p=2584\" \/>\n<meta property=\"og:locale\" content=\"en_US\" \/>\n<meta property=\"og:type\" content=\"article\" \/>\n<meta property=\"og:title\" content=\"Biserko: Vu\u00e7iqi \u00ebsht\u00eb delegjitimuar, s\u2019mendoj se ka shanse t\u00eb mbijetoj\u00eb -\" \/>\n<meta property=\"og:description\" content=\"Prishtin\u00eb 5 korrik 2025 Kryetarja e Komitetit t\u00eb Helsinkit p\u00ebr t\u00eb drejtat e njeriut ka shprehur bindjen se presidenti i Serbis\u00eb, Aleksand\u00ebr Vu\u00e7iq, nuk ka\" \/>\n<meta property=\"og:url\" content=\"https:\/\/veritasinfo.org\/?p=2584\" \/>\n<meta property=\"article:published_time\" content=\"2025-07-05T06:46:08+00:00\" \/>\n<meta property=\"og:image\" content=\"https:\/\/veritasinfo.org\/wp-content\/uploads\/2025\/07\/Biserko.jpg\" \/>\n\t<meta property=\"og:image:width\" content=\"1280\" \/>\n\t<meta property=\"og:image:height\" content=\"720\" \/>\n\t<meta property=\"og:image:type\" content=\"image\/jpeg\" \/>\n<meta name=\"author\" content=\"US1\" \/>\n<meta name=\"twitter:card\" content=\"summary_large_image\" \/>\n<meta name=\"twitter:label1\" content=\"Written by\" \/>\n\t<meta name=\"twitter:data1\" content=\"US1\" \/>\n\t<meta name=\"twitter:label2\" content=\"Est. reading time\" \/>\n\t<meta name=\"twitter:data2\" content=\"2 minutes\" \/>\n<script type=\"application\/ld+json\" class=\"yoast-schema-graph\">{\"@context\":\"https:\/\/schema.org\",\"@graph\":[{\"@type\":\"WebPage\",\"@id\":\"https:\/\/veritasinfo.org\/?p=2584\",\"url\":\"https:\/\/veritasinfo.org\/?p=2584\",\"name\":\"Biserko: Vu\u00e7iqi \u00ebsht\u00eb delegjitimuar, s\u2019mendoj se ka shanse t\u00eb mbijetoj\u00eb -\",\"isPartOf\":{\"@id\":\"https:\/\/veritasinfo.org\/#website\"},\"primaryImageOfPage\":{\"@id\":\"https:\/\/veritasinfo.org\/?p=2584#primaryimage\"},\"image\":{\"@id\":\"https:\/\/veritasinfo.org\/?p=2584#primaryimage\"},\"thumbnailUrl\":\"https:\/\/veritasinfo.org\/wp-content\/uploads\/2025\/07\/Biserko.jpg\",\"datePublished\":\"2025-07-05T06:46:08+00:00\",\"author\":{\"@id\":\"https:\/\/veritasinfo.org\/#\/schema\/person\/c2b8be262ea994d0995addca692c5e98\"},\"breadcrumb\":{\"@id\":\"https:\/\/veritasinfo.org\/?p=2584#breadcrumb\"},\"inLanguage\":\"en-US\",\"potentialAction\":[{\"@type\":\"ReadAction\",\"target\":[\"https:\/\/veritasinfo.org\/?p=2584\"]}]},{\"@type\":\"ImageObject\",\"inLanguage\":\"en-US\",\"@id\":\"https:\/\/veritasinfo.org\/?p=2584#primaryimage\",\"url\":\"https:\/\/veritasinfo.org\/wp-content\/uploads\/2025\/07\/Biserko.jpg\",\"contentUrl\":\"https:\/\/veritasinfo.org\/wp-content\/uploads\/2025\/07\/Biserko.jpg\",\"width\":1280,\"height\":720},{\"@type\":\"BreadcrumbList\",\"@id\":\"https:\/\/veritasinfo.org\/?p=2584#breadcrumb\",\"itemListElement\":[{\"@type\":\"ListItem\",\"position\":1,\"name\":\"Home\",\"item\":\"https:\/\/veritasinfo.org\/\"},{\"@type\":\"ListItem\",\"position\":2,\"name\":\"Biserko: Vu\u00e7iqi \u00ebsht\u00eb delegjitimuar, s\u2019mendoj se ka shanse t\u00eb mbijetoj\u00eb\"}]},{\"@type\":\"WebSite\",\"@id\":\"https:\/\/veritasinfo.org\/#website\",\"url\":\"https:\/\/veritasinfo.org\/\",\"name\":\"\",\"description\":\"\",\"potentialAction\":[{\"@type\":\"SearchAction\",\"target\":{\"@type\":\"EntryPoint\",\"urlTemplate\":\"https:\/\/veritasinfo.org\/?s={search_term_string}\"},\"query-input\":{\"@type\":\"PropertyValueSpecification\",\"valueRequired\":true,\"valueName\":\"search_term_string\"}}],\"inLanguage\":\"en-US\"},{\"@type\":\"Person\",\"@id\":\"https:\/\/veritasinfo.org\/#\/schema\/person\/c2b8be262ea994d0995addca692c5e98\",\"name\":\"US1\",\"image\":{\"@type\":\"ImageObject\",\"inLanguage\":\"en-US\",\"@id\":\"https:\/\/veritasinfo.org\/#\/schema\/person\/image\/\",\"url\":\"https:\/\/secure.gravatar.com\/avatar\/4e96a59bd256abf9956eb9963ac891a47461ffb364d47b0e9aab113328fdb75b?s=96&d=mm&r=g\",\"contentUrl\":\"https:\/\/secure.gravatar.com\/avatar\/4e96a59bd256abf9956eb9963ac891a47461ffb364d47b0e9aab113328fdb75b?s=96&d=mm&r=g\",\"caption\":\"US1\"},\"url\":\"https:\/\/veritasinfo.org\/?author=2\"}]}<\/script>\n<!-- \/ Yoast SEO plugin. -->","yoast_head_json":{"title":"Biserko: Vu\u00e7iqi \u00ebsht\u00eb delegjitimuar, s\u2019mendoj se ka shanse t\u00eb mbijetoj\u00eb -","robots":{"index":"index","follow":"follow","max-snippet":"max-snippet:-1","max-image-preview":"max-image-preview:large","max-video-preview":"max-video-preview:-1"},"canonical":"https:\/\/veritasinfo.org\/?p=2584","og_locale":"en_US","og_type":"article","og_title":"Biserko: Vu\u00e7iqi \u00ebsht\u00eb delegjitimuar, s\u2019mendoj se ka shanse t\u00eb mbijetoj\u00eb -","og_description":"Prishtin\u00eb 5 korrik 2025 Kryetarja e Komitetit t\u00eb Helsinkit p\u00ebr t\u00eb drejtat e njeriut ka shprehur bindjen se presidenti i Serbis\u00eb, Aleksand\u00ebr Vu\u00e7iq, nuk ka","og_url":"https:\/\/veritasinfo.org\/?p=2584","article_published_time":"2025-07-05T06:46:08+00:00","og_image":[{"width":1280,"height":720,"url":"https:\/\/veritasinfo.org\/wp-content\/uploads\/2025\/07\/Biserko.jpg","type":"image\/jpeg"}],"author":"US1","twitter_card":"summary_large_image","twitter_misc":{"Written by":"US1","Est. reading time":"2 minutes"},"schema":{"@context":"https:\/\/schema.org","@graph":[{"@type":"WebPage","@id":"https:\/\/veritasinfo.org\/?p=2584","url":"https:\/\/veritasinfo.org\/?p=2584","name":"Biserko: Vu\u00e7iqi \u00ebsht\u00eb delegjitimuar, s\u2019mendoj se ka shanse t\u00eb mbijetoj\u00eb -","isPartOf":{"@id":"https:\/\/veritasinfo.org\/#website"},"primaryImageOfPage":{"@id":"https:\/\/veritasinfo.org\/?p=2584#primaryimage"},"image":{"@id":"https:\/\/veritasinfo.org\/?p=2584#primaryimage"},"thumbnailUrl":"https:\/\/veritasinfo.org\/wp-content\/uploads\/2025\/07\/Biserko.jpg","datePublished":"2025-07-05T06:46:08+00:00","author":{"@id":"https:\/\/veritasinfo.org\/#\/schema\/person\/c2b8be262ea994d0995addca692c5e98"},"breadcrumb":{"@id":"https:\/\/veritasinfo.org\/?p=2584#breadcrumb"},"inLanguage":"en-US","potentialAction":[{"@type":"ReadAction","target":["https:\/\/veritasinfo.org\/?p=2584"]}]},{"@type":"ImageObject","inLanguage":"en-US","@id":"https:\/\/veritasinfo.org\/?p=2584#primaryimage","url":"https:\/\/veritasinfo.org\/wp-content\/uploads\/2025\/07\/Biserko.jpg","contentUrl":"https:\/\/veritasinfo.org\/wp-content\/uploads\/2025\/07\/Biserko.jpg","width":1280,"height":720},{"@type":"BreadcrumbList","@id":"https:\/\/veritasinfo.org\/?p=2584#breadcrumb","itemListElement":[{"@type":"ListItem","position":1,"name":"Home","item":"https:\/\/veritasinfo.org\/"},{"@type":"ListItem","position":2,"name":"Biserko: Vu\u00e7iqi \u00ebsht\u00eb delegjitimuar, s\u2019mendoj se ka shanse t\u00eb mbijetoj\u00eb"}]},{"@type":"WebSite","@id":"https:\/\/veritasinfo.org\/#website","url":"https:\/\/veritasinfo.org\/","name":"","description":"","potentialAction":[{"@type":"SearchAction","target":{"@type":"EntryPoint","urlTemplate":"https:\/\/veritasinfo.org\/?s={search_term_string}"},"query-input":{"@type":"PropertyValueSpecification","valueRequired":true,"valueName":"search_term_string"}}],"inLanguage":"en-US"},{"@type":"Person","@id":"https:\/\/veritasinfo.org\/#\/schema\/person\/c2b8be262ea994d0995addca692c5e98","name":"US1","image":{"@type":"ImageObject","inLanguage":"en-US","@id":"https:\/\/veritasinfo.org\/#\/schema\/person\/image\/","url":"https:\/\/secure.gravatar.com\/avatar\/4e96a59bd256abf9956eb9963ac891a47461ffb364d47b0e9aab113328fdb75b?s=96&d=mm&r=g","contentUrl":"https:\/\/secure.gravatar.com\/avatar\/4e96a59bd256abf9956eb9963ac891a47461ffb364d47b0e9aab113328fdb75b?s=96&d=mm&r=g","caption":"US1"},"url":"https:\/\/veritasinfo.org\/?author=2"}]}},"featured_image_urls":{"full":["https:\/\/veritasinfo.org\/wp-content\/uploads\/2025\/07\/Biserko.jpg",1280,720,false],"thumbnail":["https:\/\/veritasinfo.org\/wp-content\/uploads\/2025\/07\/Biserko-150x150.jpg",150,150,true],"medium":["https:\/\/veritasinfo.org\/wp-content\/uploads\/2025\/07\/Biserko-300x169.jpg",300,169,true],"medium_large":["https:\/\/veritasinfo.org\/wp-content\/uploads\/2025\/07\/Biserko-768x432.jpg",640,360,true],"large":["https:\/\/veritasinfo.org\/wp-content\/uploads\/2025\/07\/Biserko-1024x576.jpg",640,360,true],"1536x1536":["https:\/\/veritasinfo.org\/wp-content\/uploads\/2025\/07\/Biserko.jpg",1280,720,false],"2048x2048":["https:\/\/veritasinfo.org\/wp-content\/uploads\/2025\/07\/Biserko.jpg",1280,720,false],"kreeti-slider-full":["https:\/\/veritasinfo.org\/wp-content\/uploads\/2025\/07\/Biserko.jpg",1280,720,false],"kreeti-featured":["https:\/\/veritasinfo.org\/wp-content\/uploads\/2025\/07\/Biserko.jpg",1024,576,false],"kreeti-medium":["https:\/\/veritasinfo.org\/wp-content\/uploads\/2025\/07\/Biserko.jpg",720,405,false],"kreeti-medium-square":["https:\/\/veritasinfo.org\/wp-content\/uploads\/2025\/07\/Biserko.jpg",350,197,false]},"author_info":{"info":["US1"]},"category_info":"<a href=\"https:\/\/veritasinfo.org\/?cat=58\" rel=\"category\">Politik\u00eb<\/a>","tag_info":"Politik\u00eb","comment_count":"0","_links":{"self":[{"href":"https:\/\/veritasinfo.org\/index.php?rest_route=\/wp\/v2\/posts\/2584","targetHints":{"allow":["GET"]}}],"collection":[{"href":"https:\/\/veritasinfo.org\/index.php?rest_route=\/wp\/v2\/posts"}],"about":[{"href":"https:\/\/veritasinfo.org\/index.php?rest_route=\/wp\/v2\/types\/post"}],"author":[{"embeddable":true,"href":"https:\/\/veritasinfo.org\/index.php?rest_route=\/wp\/v2\/users\/2"}],"replies":[{"embeddable":true,"href":"https:\/\/veritasinfo.org\/index.php?rest_route=%2Fwp%2Fv2%2Fcomments&post=2584"}],"version-history":[{"count":1,"href":"https:\/\/veritasinfo.org\/index.php?rest_route=\/wp\/v2\/posts\/2584\/revisions"}],"predecessor-version":[{"id":2586,"href":"https:\/\/veritasinfo.org\/index.php?rest_route=\/wp\/v2\/posts\/2584\/revisions\/2586"}],"wp:featuredmedia":[{"embeddable":true,"href":"https:\/\/veritasinfo.org\/index.php?rest_route=\/wp\/v2\/media\/2585"}],"wp:attachment":[{"href":"https:\/\/veritasinfo.org\/index.php?rest_route=%2Fwp%2Fv2%2Fmedia&parent=2584"}],"wp:term":[{"taxonomy":"category","embeddable":true,"href":"https:\/\/veritasinfo.org\/index.php?rest_route=%2Fwp%2Fv2%2Fcategories&post=2584"},{"taxonomy":"post_tag","embeddable":true,"href":"https:\/\/veritasinfo.org\/index.php?rest_route=%2Fwp%2Fv2%2Ftags&post=2584"}],"curies":[{"name":"wp","href":"https:\/\/api.w.org\/{rel}","templated":true}]}}