{"id":25815,"date":"2025-12-28T08:47:17","date_gmt":"2025-12-28T07:47:17","guid":{"rendered":"https:\/\/veritasinfo.org\/?p=25815"},"modified":"2025-12-28T08:47:47","modified_gmt":"2025-12-28T07:47:47","slug":"lista-serbe-organizon-votim-kolektiv-i-detyron-punetoret-arsimor-dhe-shendetesor-video","status":"publish","type":"post","link":"https:\/\/veritasinfo.org\/?p=25815","title":{"rendered":"Lista Serbe organizon\u00a0votim kolektiv\u00a0&#8211; I detyron pun\u00ebtor\u00ebt arsimor dhe sh\u00ebndet\u00ebsor (Video)"},"content":{"rendered":"<p><strong>Mitrovic\u00eb, 28 dhjetor 2025 08:47<\/strong><\/p>\n<p>Sot n\u00eb m\u00ebngjes nga ora 8:00 n\u00eb Mitrovic\u00ebn e Veriut dhe komunat e tjera n\u00eb veri t\u00eb Kosov\u00ebs, u vu re keqp\u00ebrdorimi i institucioneve publike, nga Lista Serbe q\u00eb organizoi votim kolekti, duke i shfryt\u00ebzuar pun\u00ebtor\u00ebt e institucioneve paralele arsimore e sh\u00ebndet\u00ebsore serbe.<\/p>\n<p>Punonj\u00ebsve u \u00ebsht\u00eb v\u00ebn\u00eb nj\u00eb soj \u201cdetyrimi pune\u201d, i cili n\u00eb praktik\u00eb n\u00ebnkupton shkuarjen kolektive p\u00ebr t\u00eb votuar p\u00ebr List\u00ebn Serbe.<\/p>\n<p>Sipas d\u00ebshmive t\u00eb punonj\u00ebsve, dita e pun\u00ebs organizohet n\u00eb m\u00ebnyr\u00eb q\u00eb grupet e punonj\u00ebsve t\u00eb d\u00ebrgohen te vendvotimet, me udh\u00ebzime t\u00eb qarta se kur dhe ku duhet t\u00eb votojn\u00eb. Pjes\u00ebmarrja regjistrohet, nd\u00ebrsa mungesa nuk tolerohet.<\/p>\n<p>\u201cKjo nuk \u00ebsht\u00eb m\u00eb presion, kjo \u00ebsht\u00eb urdh\u00ebr. Njer\u00ebzit trajtohen sikur t\u00eb shkojn\u00eb n\u00eb pun\u00eb, jo n\u00eb zgjedhje. Votimi \u00ebsht\u00eb b\u00ebr\u00eb si nj\u00eb turn n\u00eb fabrik\u00eb,\u201d thot\u00eb nj\u00eb qytetare nga pjesa veriore e qytetit p\u00ebr portalin \u201cVeritasinfo\u201d, duksh\u00ebm e shqet\u00ebsuar.<\/p>\n<p>Ve\u00e7an\u00ebrisht shqet\u00ebsuese \u00ebsht\u00eb fakti q\u00eb gjith\u00e7ka ndodh n\u00eb institucione q\u00eb duhet t\u00eb jen\u00eb neutrale\u00a0n\u00eb aspektin politk. N\u00eb vend t\u00eb k\u00ebsaj, ato jan\u00eb shnd\u00ebrruar n\u00eb nj\u00eb rrjet logjistik t\u00eb nj\u00eb opsioni politik.<\/p>\n<p>\u201cN\u00ebse paga jote varet nga fakti n\u00ebse do t\u00eb votosh apo jo, at\u00ebher\u00eb kjo nuk \u00ebsht\u00eb m\u00eb zgjedhje. Kjo \u00ebsht\u00eb shantazh. Por \u00e7far\u00eb mund t\u00eb b\u00ebsh kur nuk ke ku t\u00eb ankohesh,\u201d thot\u00eb nj\u00eb tjet\u00ebr qytetar.<\/p>\n<p>Nd\u00ebrsa Lista Serbe publikisht flet p\u00ebr \u201cbashkim\u201d dhe \u201cmbrojtjen e interesave serbe\u201d, n\u00eb terren po zbatohet nj\u00eb sistem frike, kontrolli dhe bindjeje. Vendimet p\u00ebr pun\u00eb jan\u00eb b\u00ebr\u00eb mjet p\u00ebr disiplin\u00eb politike, dhe e drejta e vot\u00ebs b\u00ebhet detyrim n\u00ebn k\u00ebrc\u00ebnimin e sanksioneve.<\/p>\n<p>Kjo praktik\u00eb jo vet\u00ebm q\u00eb shkel parimet baz\u00eb demokratike, por gjithashtu n\u00ebn\u00e7mon qytetar\u00ebt, duke i shnd\u00ebrruar nga zgjedh\u00ebs t\u00eb lir\u00eb n\u00eb statistika dhe \u201cvota t\u00eb sigurta\u201d. Mitrovica e Veriut sot nuk voton lirsh\u00ebm; ajo drejtohet p\u00ebr t\u00eb votuar.<\/p>\n<div style=\"width: 640px;\" class=\"wp-video\"><video class=\"wp-video-shortcode\" id=\"video-25815-1\" width=\"640\" height=\"362\" preload=\"metadata\" controls=\"controls\"><source type=\"video\/mp4\" src=\"https:\/\/veritasinfo.org\/wp-content\/uploads\/2025\/12\/Votimi-kolektiv.mp4?_=1\" \/><a href=\"https:\/\/veritasinfo.org\/wp-content\/uploads\/2025\/12\/Votimi-kolektiv.mp4\">https:\/\/veritasinfo.org\/wp-content\/uploads\/2025\/12\/Votimi-kolektiv.mp4<\/a><\/video><\/div>\n<p>&nbsp;<\/p>\n","protected":false},"excerpt":{"rendered":"<p>Mitrovic\u00eb, 28 dhjetor 2025 08:47 Sot n\u00eb m\u00ebngjes nga ora 8:00 n\u00eb Mitrovic\u00ebn e Veriut dhe komunat e tjera n\u00eb veri t\u00eb Kosov\u00ebs, u vu<\/p>\n","protected":false},"author":7,"featured_media":25817,"comment_status":"open","ping_status":"open","sticky":false,"template":"","format":"standard","meta":{"footnotes":""},"categories":[8],"tags":[],"class_list":["post-25815","post","type-post","status-publish","format-standard","has-post-thumbnail","hentry","category-blog-sq"],"yoast_head":"<!-- This site is optimized with the Yoast SEO plugin v25.3.1 - https:\/\/yoast.com\/wordpress\/plugins\/seo\/ -->\n<title>Lista Serbe organizon\u00a0votim kolektiv\u00a0- I detyron pun\u00ebtor\u00ebt arsimor dhe sh\u00ebndet\u00ebsor (Video) -<\/title>\n<meta name=\"robots\" content=\"index, follow, max-snippet:-1, max-image-preview:large, max-video-preview:-1\" \/>\n<link rel=\"canonical\" href=\"https:\/\/veritasinfo.org\/?p=25815\" \/>\n<meta property=\"og:locale\" content=\"en_US\" \/>\n<meta property=\"og:type\" content=\"article\" \/>\n<meta property=\"og:title\" content=\"Lista Serbe organizon\u00a0votim kolektiv\u00a0- I detyron pun\u00ebtor\u00ebt arsimor dhe sh\u00ebndet\u00ebsor (Video) -\" \/>\n<meta property=\"og:description\" content=\"Mitrovic\u00eb, 28 dhjetor 2025 08:47 Sot n\u00eb m\u00ebngjes nga ora 8:00 n\u00eb Mitrovic\u00ebn e Veriut dhe komunat e tjera n\u00eb veri t\u00eb Kosov\u00ebs, u vu\" \/>\n<meta property=\"og:url\" content=\"https:\/\/veritasinfo.org\/?p=25815\" \/>\n<meta property=\"article:published_time\" content=\"2025-12-28T07:47:17+00:00\" \/>\n<meta property=\"article:modified_time\" content=\"2025-12-28T07:47:47+00:00\" \/>\n<meta property=\"og:image\" content=\"https:\/\/veritasinfo.org\/wp-content\/uploads\/2025\/12\/WhatsApp-Image-2025-12-28-at-08.01.24.jpeg\" \/>\n\t<meta property=\"og:image:width\" content=\"1080\" \/>\n\t<meta property=\"og:image:height\" content=\"527\" \/>\n\t<meta property=\"og:image:type\" content=\"image\/jpeg\" \/>\n<meta name=\"author\" content=\"US6\" \/>\n<meta name=\"twitter:card\" content=\"summary_large_image\" \/>\n<meta name=\"twitter:label1\" content=\"Written by\" \/>\n\t<meta name=\"twitter:data1\" content=\"US6\" \/>\n\t<meta name=\"twitter:label2\" content=\"Est. reading time\" \/>\n\t<meta name=\"twitter:data2\" content=\"2 minutes\" \/>\n<script type=\"application\/ld+json\" class=\"yoast-schema-graph\">{\"@context\":\"https:\/\/schema.org\",\"@graph\":[{\"@type\":\"WebPage\",\"@id\":\"https:\/\/veritasinfo.org\/?p=25815\",\"url\":\"https:\/\/veritasinfo.org\/?p=25815\",\"name\":\"Lista Serbe organizon\u00a0votim kolektiv\u00a0- I detyron pun\u00ebtor\u00ebt arsimor dhe sh\u00ebndet\u00ebsor (Video) -\",\"isPartOf\":{\"@id\":\"https:\/\/veritasinfo.org\/#website\"},\"primaryImageOfPage\":{\"@id\":\"https:\/\/veritasinfo.org\/?p=25815#primaryimage\"},\"image\":{\"@id\":\"https:\/\/veritasinfo.org\/?p=25815#primaryimage\"},\"thumbnailUrl\":\"https:\/\/veritasinfo.org\/wp-content\/uploads\/2025\/12\/WhatsApp-Image-2025-12-28-at-08.01.24.jpeg\",\"datePublished\":\"2025-12-28T07:47:17+00:00\",\"dateModified\":\"2025-12-28T07:47:47+00:00\",\"author\":{\"@id\":\"https:\/\/veritasinfo.org\/#\/schema\/person\/fe199eede04c3937362892b7444747cc\"},\"breadcrumb\":{\"@id\":\"https:\/\/veritasinfo.org\/?p=25815#breadcrumb\"},\"inLanguage\":\"en-US\",\"potentialAction\":[{\"@type\":\"ReadAction\",\"target\":[\"https:\/\/veritasinfo.org\/?p=25815\"]}]},{\"@type\":\"ImageObject\",\"inLanguage\":\"en-US\",\"@id\":\"https:\/\/veritasinfo.org\/?p=25815#primaryimage\",\"url\":\"https:\/\/veritasinfo.org\/wp-content\/uploads\/2025\/12\/WhatsApp-Image-2025-12-28-at-08.01.24.jpeg\",\"contentUrl\":\"https:\/\/veritasinfo.org\/wp-content\/uploads\/2025\/12\/WhatsApp-Image-2025-12-28-at-08.01.24.jpeg\",\"width\":1080,\"height\":527},{\"@type\":\"BreadcrumbList\",\"@id\":\"https:\/\/veritasinfo.org\/?p=25815#breadcrumb\",\"itemListElement\":[{\"@type\":\"ListItem\",\"position\":1,\"name\":\"Home\",\"item\":\"https:\/\/veritasinfo.org\/\"},{\"@type\":\"ListItem\",\"position\":2,\"name\":\"Lista Serbe organizon\u00a0votim kolektiv\u00a0&#8211; I detyron pun\u00ebtor\u00ebt arsimor dhe sh\u00ebndet\u00ebsor (Video)\"}]},{\"@type\":\"WebSite\",\"@id\":\"https:\/\/veritasinfo.org\/#website\",\"url\":\"https:\/\/veritasinfo.org\/\",\"name\":\"\",\"description\":\"\",\"potentialAction\":[{\"@type\":\"SearchAction\",\"target\":{\"@type\":\"EntryPoint\",\"urlTemplate\":\"https:\/\/veritasinfo.org\/?s={search_term_string}\"},\"query-input\":{\"@type\":\"PropertyValueSpecification\",\"valueRequired\":true,\"valueName\":\"search_term_string\"}}],\"inLanguage\":\"en-US\"},{\"@type\":\"Person\",\"@id\":\"https:\/\/veritasinfo.org\/#\/schema\/person\/fe199eede04c3937362892b7444747cc\",\"name\":\"US6\",\"image\":{\"@type\":\"ImageObject\",\"inLanguage\":\"en-US\",\"@id\":\"https:\/\/veritasinfo.org\/#\/schema\/person\/image\/\",\"url\":\"https:\/\/secure.gravatar.com\/avatar\/cb16c3c31c9d23b9b8c705964598220b3014e42ff51eb540ff23cefa3ae8c15f?s=96&d=mm&r=g\",\"contentUrl\":\"https:\/\/secure.gravatar.com\/avatar\/cb16c3c31c9d23b9b8c705964598220b3014e42ff51eb540ff23cefa3ae8c15f?s=96&d=mm&r=g\",\"caption\":\"US6\"},\"url\":\"https:\/\/veritasinfo.org\/?author=7\"}]}<\/script>\n<!-- \/ Yoast SEO plugin. -->","yoast_head_json":{"title":"Lista Serbe organizon\u00a0votim kolektiv\u00a0- I detyron pun\u00ebtor\u00ebt arsimor dhe sh\u00ebndet\u00ebsor (Video) -","robots":{"index":"index","follow":"follow","max-snippet":"max-snippet:-1","max-image-preview":"max-image-preview:large","max-video-preview":"max-video-preview:-1"},"canonical":"https:\/\/veritasinfo.org\/?p=25815","og_locale":"en_US","og_type":"article","og_title":"Lista Serbe organizon\u00a0votim kolektiv\u00a0- I detyron pun\u00ebtor\u00ebt arsimor dhe sh\u00ebndet\u00ebsor (Video) -","og_description":"Mitrovic\u00eb, 28 dhjetor 2025 08:47 Sot n\u00eb m\u00ebngjes nga ora 8:00 n\u00eb Mitrovic\u00ebn e Veriut dhe komunat e tjera n\u00eb veri t\u00eb Kosov\u00ebs, u vu","og_url":"https:\/\/veritasinfo.org\/?p=25815","article_published_time":"2025-12-28T07:47:17+00:00","article_modified_time":"2025-12-28T07:47:47+00:00","og_image":[{"width":1080,"height":527,"url":"https:\/\/veritasinfo.org\/wp-content\/uploads\/2025\/12\/WhatsApp-Image-2025-12-28-at-08.01.24.jpeg","type":"image\/jpeg"}],"author":"US6","twitter_card":"summary_large_image","twitter_misc":{"Written by":"US6","Est. reading time":"2 minutes"},"schema":{"@context":"https:\/\/schema.org","@graph":[{"@type":"WebPage","@id":"https:\/\/veritasinfo.org\/?p=25815","url":"https:\/\/veritasinfo.org\/?p=25815","name":"Lista Serbe organizon\u00a0votim kolektiv\u00a0- I detyron pun\u00ebtor\u00ebt arsimor dhe sh\u00ebndet\u00ebsor (Video) -","isPartOf":{"@id":"https:\/\/veritasinfo.org\/#website"},"primaryImageOfPage":{"@id":"https:\/\/veritasinfo.org\/?p=25815#primaryimage"},"image":{"@id":"https:\/\/veritasinfo.org\/?p=25815#primaryimage"},"thumbnailUrl":"https:\/\/veritasinfo.org\/wp-content\/uploads\/2025\/12\/WhatsApp-Image-2025-12-28-at-08.01.24.jpeg","datePublished":"2025-12-28T07:47:17+00:00","dateModified":"2025-12-28T07:47:47+00:00","author":{"@id":"https:\/\/veritasinfo.org\/#\/schema\/person\/fe199eede04c3937362892b7444747cc"},"breadcrumb":{"@id":"https:\/\/veritasinfo.org\/?p=25815#breadcrumb"},"inLanguage":"en-US","potentialAction":[{"@type":"ReadAction","target":["https:\/\/veritasinfo.org\/?p=25815"]}]},{"@type":"ImageObject","inLanguage":"en-US","@id":"https:\/\/veritasinfo.org\/?p=25815#primaryimage","url":"https:\/\/veritasinfo.org\/wp-content\/uploads\/2025\/12\/WhatsApp-Image-2025-12-28-at-08.01.24.jpeg","contentUrl":"https:\/\/veritasinfo.org\/wp-content\/uploads\/2025\/12\/WhatsApp-Image-2025-12-28-at-08.01.24.jpeg","width":1080,"height":527},{"@type":"BreadcrumbList","@id":"https:\/\/veritasinfo.org\/?p=25815#breadcrumb","itemListElement":[{"@type":"ListItem","position":1,"name":"Home","item":"https:\/\/veritasinfo.org\/"},{"@type":"ListItem","position":2,"name":"Lista Serbe organizon\u00a0votim kolektiv\u00a0&#8211; I detyron pun\u00ebtor\u00ebt arsimor dhe sh\u00ebndet\u00ebsor (Video)"}]},{"@type":"WebSite","@id":"https:\/\/veritasinfo.org\/#website","url":"https:\/\/veritasinfo.org\/","name":"","description":"","potentialAction":[{"@type":"SearchAction","target":{"@type":"EntryPoint","urlTemplate":"https:\/\/veritasinfo.org\/?s={search_term_string}"},"query-input":{"@type":"PropertyValueSpecification","valueRequired":true,"valueName":"search_term_string"}}],"inLanguage":"en-US"},{"@type":"Person","@id":"https:\/\/veritasinfo.org\/#\/schema\/person\/fe199eede04c3937362892b7444747cc","name":"US6","image":{"@type":"ImageObject","inLanguage":"en-US","@id":"https:\/\/veritasinfo.org\/#\/schema\/person\/image\/","url":"https:\/\/secure.gravatar.com\/avatar\/cb16c3c31c9d23b9b8c705964598220b3014e42ff51eb540ff23cefa3ae8c15f?s=96&d=mm&r=g","contentUrl":"https:\/\/secure.gravatar.com\/avatar\/cb16c3c31c9d23b9b8c705964598220b3014e42ff51eb540ff23cefa3ae8c15f?s=96&d=mm&r=g","caption":"US6"},"url":"https:\/\/veritasinfo.org\/?author=7"}]}},"featured_image_urls":{"full":["https:\/\/veritasinfo.org\/wp-content\/uploads\/2025\/12\/WhatsApp-Image-2025-12-28-at-08.01.24.jpeg",1080,527,false],"thumbnail":["https:\/\/veritasinfo.org\/wp-content\/uploads\/2025\/12\/WhatsApp-Image-2025-12-28-at-08.01.24-150x150.jpeg",150,150,true],"medium":["https:\/\/veritasinfo.org\/wp-content\/uploads\/2025\/12\/WhatsApp-Image-2025-12-28-at-08.01.24-300x146.jpeg",300,146,true],"medium_large":["https:\/\/veritasinfo.org\/wp-content\/uploads\/2025\/12\/WhatsApp-Image-2025-12-28-at-08.01.24-768x375.jpeg",640,313,true],"large":["https:\/\/veritasinfo.org\/wp-content\/uploads\/2025\/12\/WhatsApp-Image-2025-12-28-at-08.01.24-1024x500.jpeg",640,313,true],"1536x1536":["https:\/\/veritasinfo.org\/wp-content\/uploads\/2025\/12\/WhatsApp-Image-2025-12-28-at-08.01.24.jpeg",1080,527,false],"2048x2048":["https:\/\/veritasinfo.org\/wp-content\/uploads\/2025\/12\/WhatsApp-Image-2025-12-28-at-08.01.24.jpeg",1080,527,false],"kreeti-slider-full":["https:\/\/veritasinfo.org\/wp-content\/uploads\/2025\/12\/WhatsApp-Image-2025-12-28-at-08.01.24.jpeg",1080,527,false],"kreeti-featured":["https:\/\/veritasinfo.org\/wp-content\/uploads\/2025\/12\/WhatsApp-Image-2025-12-28-at-08.01.24.jpeg",1024,500,false],"kreeti-medium":["https:\/\/veritasinfo.org\/wp-content\/uploads\/2025\/12\/WhatsApp-Image-2025-12-28-at-08.01.24.jpeg",720,351,false],"kreeti-medium-square":["https:\/\/veritasinfo.org\/wp-content\/uploads\/2025\/12\/WhatsApp-Image-2025-12-28-at-08.01.24.jpeg",350,171,false]},"author_info":{"info":["US6"]},"category_info":"<a href=\"https:\/\/veritasinfo.org\/?cat=8\" rel=\"category\">Zgjedhjet parlamentare 2025<\/a>","tag_info":"Zgjedhjet parlamentare 2025","comment_count":"0","_links":{"self":[{"href":"https:\/\/veritasinfo.org\/index.php?rest_route=\/wp\/v2\/posts\/25815","targetHints":{"allow":["GET"]}}],"collection":[{"href":"https:\/\/veritasinfo.org\/index.php?rest_route=\/wp\/v2\/posts"}],"about":[{"href":"https:\/\/veritasinfo.org\/index.php?rest_route=\/wp\/v2\/types\/post"}],"author":[{"embeddable":true,"href":"https:\/\/veritasinfo.org\/index.php?rest_route=\/wp\/v2\/users\/7"}],"replies":[{"embeddable":true,"href":"https:\/\/veritasinfo.org\/index.php?rest_route=%2Fwp%2Fv2%2Fcomments&post=25815"}],"version-history":[{"count":2,"href":"https:\/\/veritasinfo.org\/index.php?rest_route=\/wp\/v2\/posts\/25815\/revisions"}],"predecessor-version":[{"id":25819,"href":"https:\/\/veritasinfo.org\/index.php?rest_route=\/wp\/v2\/posts\/25815\/revisions\/25819"}],"wp:featuredmedia":[{"embeddable":true,"href":"https:\/\/veritasinfo.org\/index.php?rest_route=\/wp\/v2\/media\/25817"}],"wp:attachment":[{"href":"https:\/\/veritasinfo.org\/index.php?rest_route=%2Fwp%2Fv2%2Fmedia&parent=25815"}],"wp:term":[{"taxonomy":"category","embeddable":true,"href":"https:\/\/veritasinfo.org\/index.php?rest_route=%2Fwp%2Fv2%2Fcategories&post=25815"},{"taxonomy":"post_tag","embeddable":true,"href":"https:\/\/veritasinfo.org\/index.php?rest_route=%2Fwp%2Fv2%2Ftags&post=25815"}],"curies":[{"name":"wp","href":"https:\/\/api.w.org\/{rel}","templated":true}]}}