{"id":2579,"date":"2025-07-05T08:38:43","date_gmt":"2025-07-05T06:38:43","guid":{"rendered":"https:\/\/veritasinfo.org\/?p=2579"},"modified":"2025-07-05T08:38:43","modified_gmt":"2025-07-05T06:38:43","slug":"zjarr-i-madh-ne-golesh","status":"publish","type":"post","link":"https:\/\/veritasinfo.org\/?p=2579","title":{"rendered":"Zjarr i madh n\u00eb Golesh"},"content":{"rendered":"<p><strong>Drenas, 5 korrik 2025<\/strong><\/p>\n<p>Zjarri ka p\u00ebrfshir\u00eb nj\u00eb pjes\u00eb t\u00eb konsiderueshme t\u00eb malit t\u00eb Goleshit t\u00eb premten.<\/p>\n<p>N\u00eb terren jan\u00eb aktivizuar nj\u00ebsitet e zjarrfik\u00ebsve, por si\u00e7 thuhet, terreni i pap\u00ebrshtatsh\u00ebm po e v\u00ebshtir\u00ebson lokalizimin e zjarrit. Nj\u00ebsitet pritet t\u00eb aktivizohen nga t\u00eb gjitha an\u00ebt.<\/p>\n<p>Deri m\u00eb tani nuk ka informacione mbi shkakun e zjarrit apo p\u00ebrmasat e d\u00ebmeve t\u00eb mundshme.<\/p>\n<p>Goleshi \u00ebsht\u00eb mal n\u00eb Kosov\u00ebn qendrore, 1,019 metra mbi nivelin e detit, af\u00ebr qytetit t\u00eb Fush\u00eb-Kosov\u00ebs dhe Aeroportit Nd\u00ebrkomb\u00ebtar t\u00eb Prishtin\u00ebs, \u201cAdem Jashari\u201d. N\u00eb mal buron nj\u00eb deg\u00eb e lumit Drenica.<\/p>\n","protected":false},"excerpt":{"rendered":"<p>Drenas, 5 korrik 2025 Zjarri ka p\u00ebrfshir\u00eb nj\u00eb pjes\u00eb t\u00eb konsiderueshme t\u00eb malit t\u00eb Goleshit t\u00eb premten. N\u00eb terren jan\u00eb aktivizuar nj\u00ebsitet e zjarrfik\u00ebsve, por<\/p>\n","protected":false},"author":2,"featured_media":2580,"comment_status":"open","ping_status":"open","sticky":false,"template":"","format":"standard","meta":{"footnotes":""},"categories":[52],"tags":[],"class_list":["post-2579","post","type-post","status-publish","format-standard","has-post-thumbnail","hentry","category-komunat-sq"],"yoast_head":"<!-- This site is optimized with the Yoast SEO plugin v25.3.1 - https:\/\/yoast.com\/wordpress\/plugins\/seo\/ -->\n<title>Zjarr i madh n\u00eb Golesh -<\/title>\n<meta name=\"robots\" content=\"index, follow, max-snippet:-1, max-image-preview:large, max-video-preview:-1\" \/>\n<link rel=\"canonical\" href=\"https:\/\/veritasinfo.org\/?p=2579\" \/>\n<meta property=\"og:locale\" content=\"en_US\" \/>\n<meta property=\"og:type\" content=\"article\" \/>\n<meta property=\"og:title\" content=\"Zjarr i madh n\u00eb Golesh -\" \/>\n<meta property=\"og:description\" content=\"Drenas, 5 korrik 2025 Zjarri ka p\u00ebrfshir\u00eb nj\u00eb pjes\u00eb t\u00eb konsiderueshme t\u00eb malit t\u00eb Goleshit t\u00eb premten. N\u00eb terren jan\u00eb aktivizuar nj\u00ebsitet e zjarrfik\u00ebsve, por\" \/>\n<meta property=\"og:url\" content=\"https:\/\/veritasinfo.org\/?p=2579\" \/>\n<meta property=\"article:published_time\" content=\"2025-07-05T06:38:43+00:00\" \/>\n<meta property=\"og:image\" content=\"https:\/\/veritasinfo.org\/wp-content\/uploads\/2025\/07\/zjarr.jpeg\" \/>\n\t<meta property=\"og:image:width\" content=\"1536\" \/>\n\t<meta property=\"og:image:height\" content=\"717\" \/>\n\t<meta property=\"og:image:type\" content=\"image\/jpeg\" \/>\n<meta name=\"author\" content=\"US1\" \/>\n<meta name=\"twitter:card\" content=\"summary_large_image\" \/>\n<meta name=\"twitter:label1\" content=\"Written by\" \/>\n\t<meta name=\"twitter:data1\" content=\"US1\" \/>\n\t<meta name=\"twitter:label2\" content=\"Est. reading time\" \/>\n\t<meta name=\"twitter:data2\" content=\"1 minute\" \/>\n<script type=\"application\/ld+json\" class=\"yoast-schema-graph\">{\"@context\":\"https:\/\/schema.org\",\"@graph\":[{\"@type\":\"WebPage\",\"@id\":\"https:\/\/veritasinfo.org\/?p=2579\",\"url\":\"https:\/\/veritasinfo.org\/?p=2579\",\"name\":\"Zjarr i madh n\u00eb Golesh -\",\"isPartOf\":{\"@id\":\"https:\/\/veritasinfo.org\/#website\"},\"primaryImageOfPage\":{\"@id\":\"https:\/\/veritasinfo.org\/?p=2579#primaryimage\"},\"image\":{\"@id\":\"https:\/\/veritasinfo.org\/?p=2579#primaryimage\"},\"thumbnailUrl\":\"https:\/\/veritasinfo.org\/wp-content\/uploads\/2025\/07\/zjarr.jpeg\",\"datePublished\":\"2025-07-05T06:38:43+00:00\",\"author\":{\"@id\":\"https:\/\/veritasinfo.org\/#\/schema\/person\/c2b8be262ea994d0995addca692c5e98\"},\"breadcrumb\":{\"@id\":\"https:\/\/veritasinfo.org\/?p=2579#breadcrumb\"},\"inLanguage\":\"en-US\",\"potentialAction\":[{\"@type\":\"ReadAction\",\"target\":[\"https:\/\/veritasinfo.org\/?p=2579\"]}]},{\"@type\":\"ImageObject\",\"inLanguage\":\"en-US\",\"@id\":\"https:\/\/veritasinfo.org\/?p=2579#primaryimage\",\"url\":\"https:\/\/veritasinfo.org\/wp-content\/uploads\/2025\/07\/zjarr.jpeg\",\"contentUrl\":\"https:\/\/veritasinfo.org\/wp-content\/uploads\/2025\/07\/zjarr.jpeg\",\"width\":1536,\"height\":717},{\"@type\":\"BreadcrumbList\",\"@id\":\"https:\/\/veritasinfo.org\/?p=2579#breadcrumb\",\"itemListElement\":[{\"@type\":\"ListItem\",\"position\":1,\"name\":\"Home\",\"item\":\"https:\/\/veritasinfo.org\/\"},{\"@type\":\"ListItem\",\"position\":2,\"name\":\"Zjarr i madh n\u00eb Golesh\"}]},{\"@type\":\"WebSite\",\"@id\":\"https:\/\/veritasinfo.org\/#website\",\"url\":\"https:\/\/veritasinfo.org\/\",\"name\":\"\",\"description\":\"\",\"potentialAction\":[{\"@type\":\"SearchAction\",\"target\":{\"@type\":\"EntryPoint\",\"urlTemplate\":\"https:\/\/veritasinfo.org\/?s={search_term_string}\"},\"query-input\":{\"@type\":\"PropertyValueSpecification\",\"valueRequired\":true,\"valueName\":\"search_term_string\"}}],\"inLanguage\":\"en-US\"},{\"@type\":\"Person\",\"@id\":\"https:\/\/veritasinfo.org\/#\/schema\/person\/c2b8be262ea994d0995addca692c5e98\",\"name\":\"US1\",\"image\":{\"@type\":\"ImageObject\",\"inLanguage\":\"en-US\",\"@id\":\"https:\/\/veritasinfo.org\/#\/schema\/person\/image\/\",\"url\":\"https:\/\/secure.gravatar.com\/avatar\/4e96a59bd256abf9956eb9963ac891a47461ffb364d47b0e9aab113328fdb75b?s=96&d=mm&r=g\",\"contentUrl\":\"https:\/\/secure.gravatar.com\/avatar\/4e96a59bd256abf9956eb9963ac891a47461ffb364d47b0e9aab113328fdb75b?s=96&d=mm&r=g\",\"caption\":\"US1\"},\"url\":\"https:\/\/veritasinfo.org\/?author=2\"}]}<\/script>\n<!-- \/ Yoast SEO plugin. -->","yoast_head_json":{"title":"Zjarr i madh n\u00eb Golesh -","robots":{"index":"index","follow":"follow","max-snippet":"max-snippet:-1","max-image-preview":"max-image-preview:large","max-video-preview":"max-video-preview:-1"},"canonical":"https:\/\/veritasinfo.org\/?p=2579","og_locale":"en_US","og_type":"article","og_title":"Zjarr i madh n\u00eb Golesh -","og_description":"Drenas, 5 korrik 2025 Zjarri ka p\u00ebrfshir\u00eb nj\u00eb pjes\u00eb t\u00eb konsiderueshme t\u00eb malit t\u00eb Goleshit t\u00eb premten. N\u00eb terren jan\u00eb aktivizuar nj\u00ebsitet e zjarrfik\u00ebsve, por","og_url":"https:\/\/veritasinfo.org\/?p=2579","article_published_time":"2025-07-05T06:38:43+00:00","og_image":[{"width":1536,"height":717,"url":"https:\/\/veritasinfo.org\/wp-content\/uploads\/2025\/07\/zjarr.jpeg","type":"image\/jpeg"}],"author":"US1","twitter_card":"summary_large_image","twitter_misc":{"Written by":"US1","Est. reading time":"1 minute"},"schema":{"@context":"https:\/\/schema.org","@graph":[{"@type":"WebPage","@id":"https:\/\/veritasinfo.org\/?p=2579","url":"https:\/\/veritasinfo.org\/?p=2579","name":"Zjarr i madh n\u00eb Golesh -","isPartOf":{"@id":"https:\/\/veritasinfo.org\/#website"},"primaryImageOfPage":{"@id":"https:\/\/veritasinfo.org\/?p=2579#primaryimage"},"image":{"@id":"https:\/\/veritasinfo.org\/?p=2579#primaryimage"},"thumbnailUrl":"https:\/\/veritasinfo.org\/wp-content\/uploads\/2025\/07\/zjarr.jpeg","datePublished":"2025-07-05T06:38:43+00:00","author":{"@id":"https:\/\/veritasinfo.org\/#\/schema\/person\/c2b8be262ea994d0995addca692c5e98"},"breadcrumb":{"@id":"https:\/\/veritasinfo.org\/?p=2579#breadcrumb"},"inLanguage":"en-US","potentialAction":[{"@type":"ReadAction","target":["https:\/\/veritasinfo.org\/?p=2579"]}]},{"@type":"ImageObject","inLanguage":"en-US","@id":"https:\/\/veritasinfo.org\/?p=2579#primaryimage","url":"https:\/\/veritasinfo.org\/wp-content\/uploads\/2025\/07\/zjarr.jpeg","contentUrl":"https:\/\/veritasinfo.org\/wp-content\/uploads\/2025\/07\/zjarr.jpeg","width":1536,"height":717},{"@type":"BreadcrumbList","@id":"https:\/\/veritasinfo.org\/?p=2579#breadcrumb","itemListElement":[{"@type":"ListItem","position":1,"name":"Home","item":"https:\/\/veritasinfo.org\/"},{"@type":"ListItem","position":2,"name":"Zjarr i madh n\u00eb Golesh"}]},{"@type":"WebSite","@id":"https:\/\/veritasinfo.org\/#website","url":"https:\/\/veritasinfo.org\/","name":"","description":"","potentialAction":[{"@type":"SearchAction","target":{"@type":"EntryPoint","urlTemplate":"https:\/\/veritasinfo.org\/?s={search_term_string}"},"query-input":{"@type":"PropertyValueSpecification","valueRequired":true,"valueName":"search_term_string"}}],"inLanguage":"en-US"},{"@type":"Person","@id":"https:\/\/veritasinfo.org\/#\/schema\/person\/c2b8be262ea994d0995addca692c5e98","name":"US1","image":{"@type":"ImageObject","inLanguage":"en-US","@id":"https:\/\/veritasinfo.org\/#\/schema\/person\/image\/","url":"https:\/\/secure.gravatar.com\/avatar\/4e96a59bd256abf9956eb9963ac891a47461ffb364d47b0e9aab113328fdb75b?s=96&d=mm&r=g","contentUrl":"https:\/\/secure.gravatar.com\/avatar\/4e96a59bd256abf9956eb9963ac891a47461ffb364d47b0e9aab113328fdb75b?s=96&d=mm&r=g","caption":"US1"},"url":"https:\/\/veritasinfo.org\/?author=2"}]}},"featured_image_urls":{"full":["https:\/\/veritasinfo.org\/wp-content\/uploads\/2025\/07\/zjarr.jpeg",1536,717,false],"thumbnail":["https:\/\/veritasinfo.org\/wp-content\/uploads\/2025\/07\/zjarr-150x150.jpeg",150,150,true],"medium":["https:\/\/veritasinfo.org\/wp-content\/uploads\/2025\/07\/zjarr-300x140.jpeg",300,140,true],"medium_large":["https:\/\/veritasinfo.org\/wp-content\/uploads\/2025\/07\/zjarr-768x359.jpeg",640,299,true],"large":["https:\/\/veritasinfo.org\/wp-content\/uploads\/2025\/07\/zjarr-1024x478.jpeg",640,299,true],"1536x1536":["https:\/\/veritasinfo.org\/wp-content\/uploads\/2025\/07\/zjarr.jpeg",1536,717,false],"2048x2048":["https:\/\/veritasinfo.org\/wp-content\/uploads\/2025\/07\/zjarr.jpeg",1536,717,false],"kreeti-slider-full":["https:\/\/veritasinfo.org\/wp-content\/uploads\/2025\/07\/zjarr.jpeg",1280,598,false],"kreeti-featured":["https:\/\/veritasinfo.org\/wp-content\/uploads\/2025\/07\/zjarr.jpeg",1024,478,false],"kreeti-medium":["https:\/\/veritasinfo.org\/wp-content\/uploads\/2025\/07\/zjarr.jpeg",720,336,false],"kreeti-medium-square":["https:\/\/veritasinfo.org\/wp-content\/uploads\/2025\/07\/zjarr.jpeg",350,163,false]},"author_info":{"info":["US1"]},"category_info":"<a href=\"https:\/\/veritasinfo.org\/?cat=52\" rel=\"category\">Komunat<\/a>","tag_info":"Komunat","comment_count":"0","_links":{"self":[{"href":"https:\/\/veritasinfo.org\/index.php?rest_route=\/wp\/v2\/posts\/2579","targetHints":{"allow":["GET"]}}],"collection":[{"href":"https:\/\/veritasinfo.org\/index.php?rest_route=\/wp\/v2\/posts"}],"about":[{"href":"https:\/\/veritasinfo.org\/index.php?rest_route=\/wp\/v2\/types\/post"}],"author":[{"embeddable":true,"href":"https:\/\/veritasinfo.org\/index.php?rest_route=\/wp\/v2\/users\/2"}],"replies":[{"embeddable":true,"href":"https:\/\/veritasinfo.org\/index.php?rest_route=%2Fwp%2Fv2%2Fcomments&post=2579"}],"version-history":[{"count":1,"href":"https:\/\/veritasinfo.org\/index.php?rest_route=\/wp\/v2\/posts\/2579\/revisions"}],"predecessor-version":[{"id":2581,"href":"https:\/\/veritasinfo.org\/index.php?rest_route=\/wp\/v2\/posts\/2579\/revisions\/2581"}],"wp:featuredmedia":[{"embeddable":true,"href":"https:\/\/veritasinfo.org\/index.php?rest_route=\/wp\/v2\/media\/2580"}],"wp:attachment":[{"href":"https:\/\/veritasinfo.org\/index.php?rest_route=%2Fwp%2Fv2%2Fmedia&parent=2579"}],"wp:term":[{"taxonomy":"category","embeddable":true,"href":"https:\/\/veritasinfo.org\/index.php?rest_route=%2Fwp%2Fv2%2Fcategories&post=2579"},{"taxonomy":"post_tag","embeddable":true,"href":"https:\/\/veritasinfo.org\/index.php?rest_route=%2Fwp%2Fv2%2Ftags&post=2579"}],"curies":[{"name":"wp","href":"https:\/\/api.w.org\/{rel}","templated":true}]}}