{"id":25785,"date":"2025-12-27T20:05:28","date_gmt":"2025-12-27T19:05:28","guid":{"rendered":"https:\/\/veritasinfo.org\/?p=25785"},"modified":"2025-12-27T20:05:28","modified_gmt":"2025-12-27T19:05:28","slug":"tubimet-permbyllese-elektorale-kandidatet-prezantojne-vizionet-qeverisese","status":"publish","type":"post","link":"https:\/\/veritasinfo.org\/?p=25785","title":{"rendered":"Tubimet p\u00ebrmbyll\u00ebse\u00a0elektorale, kandidat\u00ebt prezantojn\u00eb vizionet qeveris\u00ebse"},"content":{"rendered":"<p><strong>Prishtin\u00eb, 27 dhjetor 2025 20:04<\/strong><\/p>\n<p>Partit\u00eb politike n\u00eb Kosov\u00eb kan\u00eb p\u00ebrmbyllur fushat\u00ebn zgjedhore me tubime p\u00ebrfundimtare,\u00a0duke shpalosur premtimet dhe prioritetet p\u00ebr mandatin e ardhsh\u00ebm kat\u00ebrvje\u00e7ar.<br \/>\nL\u00ebvizja Vet\u00ebvendosje, PDK, LDK dhe AAK prezantuan vizionet e tyre p\u00ebr ekonomi, paga, energji, siguri dhe digjitalizim.<br \/>\nKandidat\u00ebt p\u00ebr kryeminist\u00ebr theksuan reformat sociale, investimet kapitale dhe zhvillimin institucional si shtylla kryesore t\u00eb programeve t\u00eb tyre.<\/p>\n<p>L\u00ebvizja Vet\u00ebvendosje ka p\u00ebrmbyllur fushat\u00ebn elektorale p\u00ebr zgjedhjet e parakohshme parlamentare, n\u00eb Prishtin\u00eb. Nga kryeqyteti, kryetari i L\u00ebvizjes Vet\u00ebvendosje, kandidati p\u00ebr kryeminist\u00ebr Albin Kurti tha se me qeverisjen e tyre territorit ia shtuan integritetin, institucioneve ua kthyen besimin, shtetit ia shtuan sovranitetin.<\/p>\n<p>Ai tha se nga 1 janari paga minimale do t\u00eb b\u00ebhet 425 euro e nga 1 korriku 500 euro e q\u00eb tha se grat\u00eb kudo q\u00eb do t\u00eb pun\u00ebsohen n\u00eb sektorin privat do ta marrin pag\u00ebn minimale p\u00ebr 6 muaj, nj\u00ebt\u00eb sikurse tha se do ta marrin edhe n\u00ebnat lehona, 6 muaj nga 500 euro.<\/p>\n<p>Premtoi dyfishim t\u00eb shtesave p\u00ebr f\u00ebmij\u00eb, nd\u00ebrsa tha se do t\u2019i\u00a0 ndajn\u00eb 1 miliard euro p\u00ebr prodhimtarin\u00eb. Sipas tij, shteti do t\u00eb jet\u00eb garanci, hipotek\u00eb p\u00ebr investimet t\u00eb cilat do t\u2019i b\u00ebjn\u00eb qytetar\u00ebt e Republik\u00ebs.<\/p>\n<p>Ai tha se 1 miliard euro do t\u00eb jen\u00eb edhe p\u00ebr ushtrin\u00eb. \u201cE kemi dyfishuar numrin e ushtar\u00ebve, e \u00e7izmeve n\u00eb tok\u00eb, por gjithashtu i kemi shtuar edhe syt\u00eb n\u00eb qiell. Kemi 3 lloj dron\u00ebsh e droni i kat\u00ebrt do t\u00eb jet\u00eb Made in Kosova, prodhuar n\u00eb vendin ton\u00eb. Ata para nesh i shitnin fabrikat p\u00ebr skrap e me ne do t\u00eb kemi edhe fabrik\u00eb t\u00eb municionit p\u00ebr ushtrin\u00eb ton\u00eb\u201d, deklaroi Kurti.<\/p>\n<p>Kandidati i LVV-s\u00eb p\u00ebr kryeminist\u00ebr tha se me t\u00eb n\u00eb krye t\u00eb qeveris\u00eb, asnj\u00eb vit nuk do t\u00eb ngelet m\u00eb pak se 1 miliard p\u00ebr investime kapitale.<\/p>\n<p>Kurti premtoi rritje t\u00eb buxhetit p\u00ebr barna esenciale, kontroll t\u00eb plot\u00eb sh\u00ebndet\u00ebsor p\u00ebr t\u00eb gjith\u00eb qytetar\u00ebt. Nd\u00ebrkoh\u00eb tha se mandati i ardhsh\u00ebm do t\u00eb jet\u00eb mandat i energjis\u00eb. \u201cDo ta modernizojm\u00eb Termocentralin Kosova B e do ta rehabilitojm\u00eb Termocentralin Kosova A\u201d, derisa premtoi edhe investime n\u00eb Trep\u00e7\u00eb.<\/p>\n<p>Kreu i Vet\u00ebvendosjes tha se do t\u00eb krijohet Prokuroria e re Speciale kund\u00ebr krimit t\u00eb organizuar e korrupsionit.<\/p>\n<p>____________________________________________________________________________<\/p>\n<p>Partia Demokratike e Kosov\u00ebs (PDK) ka organizuar sonte n\u00eb Prishtin\u00eb aktivitetin p\u00ebrmbyll\u00ebs t\u00eb fushat\u00ebs s\u00eb saj p\u00ebr zgjedhjet e parakohshme parlamentare.<\/p>\n<p>Kandidati p\u00ebr kryeminist\u00ebr nga kjo parti, Bedri Hamza, gjat\u00eb fjal\u00ebs s\u00eb tij theksoi se q\u00ebllimi i tyre \u00ebsht\u00eb hapja e nj\u00eb kapitulli t\u00eb ri p\u00ebr vendin.<\/p>\n<p>\u201cSonte nuk \u00ebsht\u00eb vet\u00ebm mbyllja e fushat\u00ebs, por fillimi i nj\u00eb kapitulli t\u00eb ri p\u00ebr Kosov\u00ebn \u2013 kapitull i unitetit, zhvillimit dhe dinjitetit. \u00cbsht\u00eb nj\u00eb kapitull ku \u00e7do qytetar do t\u00eb ndihet i p\u00ebrfaq\u00ebsuar, i respektuar dhe i sigurt p\u00ebr t\u00eb ardhmen\u201d, tha Hamza.<\/p>\n<p>Ai gjithashtu b\u00ebri thirrje p\u00ebr pjes\u00ebmarrje masive n\u00eb zgjedhje, duke n\u00ebnvizuar se vendimi p\u00ebr t\u00eb ardhmen e vendit do t\u00eb merret nga qytetar\u00ebt t\u00eb diel\u00ebn, p\u00ebrmes vot\u00ebs p\u00ebr numrin 130.<\/p>\n<p>\u201cSonte jemi k\u00ebtu p\u00ebr t\u2019u pajtuar p\u00ebr nj\u00eb vendim t\u00eb p\u00ebrbashk\u00ebt p\u00ebr t\u00eb ardhmen e Kosov\u00ebs \u2013 nj\u00eb vendim q\u00eb nuk merret n\u00eb k\u00ebt\u00eb sken\u00eb, por n\u00eb kutit\u00eb e votimit\u201d, p\u00ebrfundoi ai.<\/p>\n<p>______________________________________________________________________________<\/p>\n<p>Kryetari i Lidhjes Demokratike t\u00eb Kosov\u00ebs, Lumir Abdixhiku, ka folur sot n\u00eb Prishtin\u00eb p\u00ebr r\u00ebnd\u00ebsin\u00eb e teknologjis\u00eb dhe inteligjenc\u00ebs artificiale n\u00eb zhvillimin e vendit.<\/p>\n<p>Gjat\u00eb aktivitetit t\u00eb mbajtur n\u00eb hap\u00ebsir\u00ebn DeepSpace, ai theksoi se digjitalizimi paraqet nj\u00eb mund\u00ebsi ky\u00e7e p\u00ebr transformimin ekonomik dhe institucional t\u00eb Kosov\u00ebs.<\/p>\n<p>Abdixhiku ka b\u00ebr\u00eb t\u00eb ditur se LDK-ja ka parapar\u00eb krijimin e nj\u00eb Ministrie t\u00eb Digjitalizimit, si dhe programe p\u00ebr aft\u00ebsimin e rreth 40 mij\u00eb t\u00eb rinjve n\u00eb fush\u00ebn e teknologjis\u00eb s\u00eb informacionit dhe komunikimit.<\/p>\n<p>\u201cNe kemi plan t\u00eb qart\u00eb: Ministrin\u00eb e Digjitalizimit dhe trajnimin e 40 mij\u00eb t\u00eb rinjve n\u00eb ICT. P\u00ebr vende pune t\u00eb reja, ekonomi t\u00eb re dhe nj\u00eb shtet q\u00eb funksionon n\u00eb bot\u00ebn digjitale\u201d, ka shkruar ai n\u00eb Facebook.<\/p>\n<p>Sipas tij, kjo qasje synon krijimin e vendeve t\u00eb reja t\u00eb pun\u00ebs, nd\u00ebrtimin e nj\u00eb ekonomie moderne dhe funksionalizimin e shtetit n\u00eb epok\u00ebn digjitale.<\/p>\n<p>Ai ka vler\u00ebsuar se Kosova, si vend me popullsi t\u00eb re dhe potencial t\u00eb madh njer\u00ebzor, ka mund\u00ebsi reale t\u00eb b\u00ebj\u00eb nj\u00eb hap t\u00eb madh drejt integrimit evropian p\u00ebrmes teknologjis\u00eb, duke theksuar se p\u00ebrparimi n\u00eb bot\u00ebn digjitale \u00ebsht\u00eb i p\u00ebrshpejtuar dhe nuk ndjek ritmet tradicionale t\u00eb zhvillimit.<\/p>\n<p>N\u00eb fund, Abdixhiku ka shprehur bindjen se investimi n\u00eb dije dhe inovacion p\u00ebrb\u00ebn avantazhin kryesor t\u00eb Kosov\u00ebs dhe se e ardhmja e vendit \u00ebsht\u00eb e lidhur ngusht\u00eb me zhvillimin teknologjik.<\/p>\n<p>_____________________________________________________________________________<\/p>\n<p>Aleanca p\u00ebr Ardhm\u00ebrin\u00eb e Kosov\u00ebs (AAK) mbajti sot tubimin p\u00ebrmbyll\u00ebs t\u00eb fushat\u00ebs elektorale.<\/p>\n<p>Kryetari k\u00ebsaj partie Ramush Haradinaj premtoi dyfishim t\u00eb pagave, pensioneve dhe shtesave, duke akuzuar \u201cmafin\u00eb energjetike\u201d p\u00ebr rritjen e \u00e7mimeve.<\/p>\n<p>Ai tha se an\u00ebtar\u00ebsimi n\u00eb NATO dhe ndryshimi i qasjes ekonomike jan\u00eb ky\u00e7e p\u00ebr stabilitet, investime dhe ulje t\u00eb \u00e7mimeve, raporton KosovaPress.<\/p>\n<p>\u201cNe do t\u2019i rrisim pagat pensionet dhe shtesat n\u00eb dyfishim, e kemi t\u00eb parapar\u00eb, e kemi shkruar, e kemi shpjeguar\u2026 Secili qytetar mund t\u00eb shoh\u00eb q\u00eb do t\u2019i rrisim pagat\u2026 Ju pyes kush mundet ta \u00e7liroj\u00eb Kosov\u00ebn prej mafis\u00eb energjetike, a ka dikush n\u00eb k\u00ebt\u00eb vend? Sot ne jemi t\u00eb posht\u00ebruar, gati po na d\u00ebrgon n\u00eb shkat\u00ebrrim ekonomik mafia energjetike q\u00eb i ka kapur ata q\u00eb e qeverisin\u2026 Besoni nuk ma ndien p\u00ebr k\u00ebta tregtar\u00eb as p\u00ebr k\u00ebt\u00eb mafi energjetike, dikush duhet ta mbroj\u00eb k\u00ebt\u00eb popull ta \u00e7liroj\u00eb nga ky tmerr i \u00e7mimeve, sepse energjia po na rrit t\u00eb gjitha \u00e7mimet e tjera\u201d, tha ai.<\/p>\n<p>Haradinaj u shpreh se Kosova duhet t\u2019i kryej\u00eb urgjentisht an\u00ebtar\u00ebsimin n\u00eb NATO, p\u00ebr t\u00eb siguruar stabilitet dhe siguri afatgjate, dhe ndryshimin e qasjes politike dhe ekonomike.<\/p>\n<p>&nbsp;<\/p>\n<p>&nbsp;<\/p>\n<p>&nbsp;<\/p>\n","protected":false},"excerpt":{"rendered":"<p>Prishtin\u00eb, 27 dhjetor 2025 20:04 Partit\u00eb politike n\u00eb Kosov\u00eb kan\u00eb p\u00ebrmbyllur fushat\u00ebn zgjedhore me tubime p\u00ebrfundimtare,\u00a0duke shpalosur premtimet dhe prioritetet p\u00ebr mandatin e ardhsh\u00ebm kat\u00ebrvje\u00e7ar.<\/p>\n","protected":false},"author":7,"featured_media":25786,"comment_status":"open","ping_status":"open","sticky":false,"template":"","format":"standard","meta":{"footnotes":""},"categories":[8],"tags":[],"class_list":["post-25785","post","type-post","status-publish","format-standard","has-post-thumbnail","hentry","category-blog-sq"],"yoast_head":"<!-- This site is optimized with the Yoast SEO plugin v25.3.1 - https:\/\/yoast.com\/wordpress\/plugins\/seo\/ -->\n<title>Tubimet p\u00ebrmbyll\u00ebse\u00a0elektorale, kandidat\u00ebt prezantojn\u00eb vizionet qeveris\u00ebse -<\/title>\n<meta name=\"robots\" content=\"index, follow, max-snippet:-1, max-image-preview:large, max-video-preview:-1\" \/>\n<link rel=\"canonical\" href=\"https:\/\/veritasinfo.org\/?p=25785\" \/>\n<meta property=\"og:locale\" content=\"en_US\" \/>\n<meta property=\"og:type\" content=\"article\" \/>\n<meta property=\"og:title\" content=\"Tubimet p\u00ebrmbyll\u00ebse\u00a0elektorale, kandidat\u00ebt prezantojn\u00eb vizionet qeveris\u00ebse -\" \/>\n<meta property=\"og:description\" content=\"Prishtin\u00eb, 27 dhjetor 2025 20:04 Partit\u00eb politike n\u00eb Kosov\u00eb kan\u00eb p\u00ebrmbyllur fushat\u00ebn zgjedhore me tubime p\u00ebrfundimtare,\u00a0duke shpalosur premtimet dhe prioritetet p\u00ebr mandatin e ardhsh\u00ebm kat\u00ebrvje\u00e7ar.\" \/>\n<meta property=\"og:url\" content=\"https:\/\/veritasinfo.org\/?p=25785\" \/>\n<meta property=\"article:published_time\" content=\"2025-12-27T19:05:28+00:00\" \/>\n<meta property=\"og:image\" content=\"https:\/\/veritasinfo.org\/wp-content\/uploads\/2025\/12\/1-74.jpg\" \/>\n\t<meta property=\"og:image:width\" content=\"838\" \/>\n\t<meta property=\"og:image:height\" content=\"501\" \/>\n\t<meta property=\"og:image:type\" content=\"image\/jpeg\" \/>\n<meta name=\"author\" content=\"US6\" \/>\n<meta name=\"twitter:card\" content=\"summary_large_image\" \/>\n<meta name=\"twitter:label1\" content=\"Written by\" \/>\n\t<meta name=\"twitter:data1\" content=\"US6\" \/>\n\t<meta name=\"twitter:label2\" content=\"Est. reading time\" \/>\n\t<meta name=\"twitter:data2\" content=\"5 minutes\" \/>\n<script type=\"application\/ld+json\" class=\"yoast-schema-graph\">{\"@context\":\"https:\/\/schema.org\",\"@graph\":[{\"@type\":\"WebPage\",\"@id\":\"https:\/\/veritasinfo.org\/?p=25785\",\"url\":\"https:\/\/veritasinfo.org\/?p=25785\",\"name\":\"Tubimet p\u00ebrmbyll\u00ebse\u00a0elektorale, kandidat\u00ebt prezantojn\u00eb vizionet qeveris\u00ebse -\",\"isPartOf\":{\"@id\":\"https:\/\/veritasinfo.org\/#website\"},\"primaryImageOfPage\":{\"@id\":\"https:\/\/veritasinfo.org\/?p=25785#primaryimage\"},\"image\":{\"@id\":\"https:\/\/veritasinfo.org\/?p=25785#primaryimage\"},\"thumbnailUrl\":\"https:\/\/veritasinfo.org\/wp-content\/uploads\/2025\/12\/1-74.jpg\",\"datePublished\":\"2025-12-27T19:05:28+00:00\",\"author\":{\"@id\":\"https:\/\/veritasinfo.org\/#\/schema\/person\/fe199eede04c3937362892b7444747cc\"},\"breadcrumb\":{\"@id\":\"https:\/\/veritasinfo.org\/?p=25785#breadcrumb\"},\"inLanguage\":\"en-US\",\"potentialAction\":[{\"@type\":\"ReadAction\",\"target\":[\"https:\/\/veritasinfo.org\/?p=25785\"]}]},{\"@type\":\"ImageObject\",\"inLanguage\":\"en-US\",\"@id\":\"https:\/\/veritasinfo.org\/?p=25785#primaryimage\",\"url\":\"https:\/\/veritasinfo.org\/wp-content\/uploads\/2025\/12\/1-74.jpg\",\"contentUrl\":\"https:\/\/veritasinfo.org\/wp-content\/uploads\/2025\/12\/1-74.jpg\",\"width\":838,\"height\":501},{\"@type\":\"BreadcrumbList\",\"@id\":\"https:\/\/veritasinfo.org\/?p=25785#breadcrumb\",\"itemListElement\":[{\"@type\":\"ListItem\",\"position\":1,\"name\":\"Home\",\"item\":\"https:\/\/veritasinfo.org\/\"},{\"@type\":\"ListItem\",\"position\":2,\"name\":\"Tubimet p\u00ebrmbyll\u00ebse\u00a0elektorale, kandidat\u00ebt prezantojn\u00eb vizionet qeveris\u00ebse\"}]},{\"@type\":\"WebSite\",\"@id\":\"https:\/\/veritasinfo.org\/#website\",\"url\":\"https:\/\/veritasinfo.org\/\",\"name\":\"\",\"description\":\"\",\"potentialAction\":[{\"@type\":\"SearchAction\",\"target\":{\"@type\":\"EntryPoint\",\"urlTemplate\":\"https:\/\/veritasinfo.org\/?s={search_term_string}\"},\"query-input\":{\"@type\":\"PropertyValueSpecification\",\"valueRequired\":true,\"valueName\":\"search_term_string\"}}],\"inLanguage\":\"en-US\"},{\"@type\":\"Person\",\"@id\":\"https:\/\/veritasinfo.org\/#\/schema\/person\/fe199eede04c3937362892b7444747cc\",\"name\":\"US6\",\"image\":{\"@type\":\"ImageObject\",\"inLanguage\":\"en-US\",\"@id\":\"https:\/\/veritasinfo.org\/#\/schema\/person\/image\/\",\"url\":\"https:\/\/secure.gravatar.com\/avatar\/cb16c3c31c9d23b9b8c705964598220b3014e42ff51eb540ff23cefa3ae8c15f?s=96&d=mm&r=g\",\"contentUrl\":\"https:\/\/secure.gravatar.com\/avatar\/cb16c3c31c9d23b9b8c705964598220b3014e42ff51eb540ff23cefa3ae8c15f?s=96&d=mm&r=g\",\"caption\":\"US6\"},\"url\":\"https:\/\/veritasinfo.org\/?author=7\"}]}<\/script>\n<!-- \/ Yoast SEO plugin. -->","yoast_head_json":{"title":"Tubimet p\u00ebrmbyll\u00ebse\u00a0elektorale, kandidat\u00ebt prezantojn\u00eb vizionet qeveris\u00ebse -","robots":{"index":"index","follow":"follow","max-snippet":"max-snippet:-1","max-image-preview":"max-image-preview:large","max-video-preview":"max-video-preview:-1"},"canonical":"https:\/\/veritasinfo.org\/?p=25785","og_locale":"en_US","og_type":"article","og_title":"Tubimet p\u00ebrmbyll\u00ebse\u00a0elektorale, kandidat\u00ebt prezantojn\u00eb vizionet qeveris\u00ebse -","og_description":"Prishtin\u00eb, 27 dhjetor 2025 20:04 Partit\u00eb politike n\u00eb Kosov\u00eb kan\u00eb p\u00ebrmbyllur fushat\u00ebn zgjedhore me tubime p\u00ebrfundimtare,\u00a0duke shpalosur premtimet dhe prioritetet p\u00ebr mandatin e ardhsh\u00ebm kat\u00ebrvje\u00e7ar.","og_url":"https:\/\/veritasinfo.org\/?p=25785","article_published_time":"2025-12-27T19:05:28+00:00","og_image":[{"width":838,"height":501,"url":"https:\/\/veritasinfo.org\/wp-content\/uploads\/2025\/12\/1-74.jpg","type":"image\/jpeg"}],"author":"US6","twitter_card":"summary_large_image","twitter_misc":{"Written by":"US6","Est. reading time":"5 minutes"},"schema":{"@context":"https:\/\/schema.org","@graph":[{"@type":"WebPage","@id":"https:\/\/veritasinfo.org\/?p=25785","url":"https:\/\/veritasinfo.org\/?p=25785","name":"Tubimet p\u00ebrmbyll\u00ebse\u00a0elektorale, kandidat\u00ebt prezantojn\u00eb vizionet qeveris\u00ebse -","isPartOf":{"@id":"https:\/\/veritasinfo.org\/#website"},"primaryImageOfPage":{"@id":"https:\/\/veritasinfo.org\/?p=25785#primaryimage"},"image":{"@id":"https:\/\/veritasinfo.org\/?p=25785#primaryimage"},"thumbnailUrl":"https:\/\/veritasinfo.org\/wp-content\/uploads\/2025\/12\/1-74.jpg","datePublished":"2025-12-27T19:05:28+00:00","author":{"@id":"https:\/\/veritasinfo.org\/#\/schema\/person\/fe199eede04c3937362892b7444747cc"},"breadcrumb":{"@id":"https:\/\/veritasinfo.org\/?p=25785#breadcrumb"},"inLanguage":"en-US","potentialAction":[{"@type":"ReadAction","target":["https:\/\/veritasinfo.org\/?p=25785"]}]},{"@type":"ImageObject","inLanguage":"en-US","@id":"https:\/\/veritasinfo.org\/?p=25785#primaryimage","url":"https:\/\/veritasinfo.org\/wp-content\/uploads\/2025\/12\/1-74.jpg","contentUrl":"https:\/\/veritasinfo.org\/wp-content\/uploads\/2025\/12\/1-74.jpg","width":838,"height":501},{"@type":"BreadcrumbList","@id":"https:\/\/veritasinfo.org\/?p=25785#breadcrumb","itemListElement":[{"@type":"ListItem","position":1,"name":"Home","item":"https:\/\/veritasinfo.org\/"},{"@type":"ListItem","position":2,"name":"Tubimet p\u00ebrmbyll\u00ebse\u00a0elektorale, kandidat\u00ebt prezantojn\u00eb vizionet qeveris\u00ebse"}]},{"@type":"WebSite","@id":"https:\/\/veritasinfo.org\/#website","url":"https:\/\/veritasinfo.org\/","name":"","description":"","potentialAction":[{"@type":"SearchAction","target":{"@type":"EntryPoint","urlTemplate":"https:\/\/veritasinfo.org\/?s={search_term_string}"},"query-input":{"@type":"PropertyValueSpecification","valueRequired":true,"valueName":"search_term_string"}}],"inLanguage":"en-US"},{"@type":"Person","@id":"https:\/\/veritasinfo.org\/#\/schema\/person\/fe199eede04c3937362892b7444747cc","name":"US6","image":{"@type":"ImageObject","inLanguage":"en-US","@id":"https:\/\/veritasinfo.org\/#\/schema\/person\/image\/","url":"https:\/\/secure.gravatar.com\/avatar\/cb16c3c31c9d23b9b8c705964598220b3014e42ff51eb540ff23cefa3ae8c15f?s=96&d=mm&r=g","contentUrl":"https:\/\/secure.gravatar.com\/avatar\/cb16c3c31c9d23b9b8c705964598220b3014e42ff51eb540ff23cefa3ae8c15f?s=96&d=mm&r=g","caption":"US6"},"url":"https:\/\/veritasinfo.org\/?author=7"}]}},"featured_image_urls":{"full":["https:\/\/veritasinfo.org\/wp-content\/uploads\/2025\/12\/1-74.jpg",838,501,false],"thumbnail":["https:\/\/veritasinfo.org\/wp-content\/uploads\/2025\/12\/1-74-150x150.jpg",150,150,true],"medium":["https:\/\/veritasinfo.org\/wp-content\/uploads\/2025\/12\/1-74-300x179.jpg",300,179,true],"medium_large":["https:\/\/veritasinfo.org\/wp-content\/uploads\/2025\/12\/1-74-768x459.jpg",640,383,true],"large":["https:\/\/veritasinfo.org\/wp-content\/uploads\/2025\/12\/1-74.jpg",640,383,false],"1536x1536":["https:\/\/veritasinfo.org\/wp-content\/uploads\/2025\/12\/1-74.jpg",838,501,false],"2048x2048":["https:\/\/veritasinfo.org\/wp-content\/uploads\/2025\/12\/1-74.jpg",838,501,false],"kreeti-slider-full":["https:\/\/veritasinfo.org\/wp-content\/uploads\/2025\/12\/1-74.jpg",838,501,false],"kreeti-featured":["https:\/\/veritasinfo.org\/wp-content\/uploads\/2025\/12\/1-74.jpg",838,501,false],"kreeti-medium":["https:\/\/veritasinfo.org\/wp-content\/uploads\/2025\/12\/1-74.jpg",720,430,false],"kreeti-medium-square":["https:\/\/veritasinfo.org\/wp-content\/uploads\/2025\/12\/1-74.jpg",350,209,false]},"author_info":{"info":["US6"]},"category_info":"<a href=\"https:\/\/veritasinfo.org\/?cat=8\" rel=\"category\">Zgjedhjet parlamentare 2025<\/a>","tag_info":"Zgjedhjet parlamentare 2025","comment_count":"0","_links":{"self":[{"href":"https:\/\/veritasinfo.org\/index.php?rest_route=\/wp\/v2\/posts\/25785","targetHints":{"allow":["GET"]}}],"collection":[{"href":"https:\/\/veritasinfo.org\/index.php?rest_route=\/wp\/v2\/posts"}],"about":[{"href":"https:\/\/veritasinfo.org\/index.php?rest_route=\/wp\/v2\/types\/post"}],"author":[{"embeddable":true,"href":"https:\/\/veritasinfo.org\/index.php?rest_route=\/wp\/v2\/users\/7"}],"replies":[{"embeddable":true,"href":"https:\/\/veritasinfo.org\/index.php?rest_route=%2Fwp%2Fv2%2Fcomments&post=25785"}],"version-history":[{"count":1,"href":"https:\/\/veritasinfo.org\/index.php?rest_route=\/wp\/v2\/posts\/25785\/revisions"}],"predecessor-version":[{"id":25787,"href":"https:\/\/veritasinfo.org\/index.php?rest_route=\/wp\/v2\/posts\/25785\/revisions\/25787"}],"wp:featuredmedia":[{"embeddable":true,"href":"https:\/\/veritasinfo.org\/index.php?rest_route=\/wp\/v2\/media\/25786"}],"wp:attachment":[{"href":"https:\/\/veritasinfo.org\/index.php?rest_route=%2Fwp%2Fv2%2Fmedia&parent=25785"}],"wp:term":[{"taxonomy":"category","embeddable":true,"href":"https:\/\/veritasinfo.org\/index.php?rest_route=%2Fwp%2Fv2%2Fcategories&post=25785"},{"taxonomy":"post_tag","embeddable":true,"href":"https:\/\/veritasinfo.org\/index.php?rest_route=%2Fwp%2Fv2%2Ftags&post=25785"}],"curies":[{"name":"wp","href":"https:\/\/api.w.org\/{rel}","templated":true}]}}