{"id":2577,"date":"2025-07-05T08:31:19","date_gmt":"2025-07-05T06:31:19","guid":{"rendered":"https:\/\/veritasinfo.org\/?p=2577"},"modified":"2025-07-05T08:31:19","modified_gmt":"2025-07-05T06:31:19","slug":"uhapsen-kandidat-za-gradonacelnika-glogovca-uhapsen-osumnjicen-za-prinudu-i-lazno-predstavljanje-kao-sluzbeno-lice-pronadjen-arsenal-oruzja","status":"publish","type":"post","link":"https:\/\/veritasinfo.org\/?p=2577&lang=sr","title":{"rendered":"Uhap\u0161en kandidat za gradona\u010delnika Glogovca uhap\u0161en, osumnji\u010den za prinudu i la\u017eno predstavljanje kao slu\u017ebeno lice, prona\u0111en arsenal oru\u017eja"},"content":{"rendered":"<p><strong>Pri\u0161tina, 5. jul 2025<\/strong><\/p>\n<p>Naim Bazaj, star oko 54 godine, uhap\u0161en je kao osumnji\u010deni za nekoliko te\u0161kih krivi\u010dnih dela, uklju\u010dujuc\u0301i \u201eprinudu\u201c, \u201ela\u017eno predstavljanje kao slu\u017ebeno lice\u201c i \u201eneovla\u0161c\u0301eno posedovanje oru\u017eja\u201c. Biv\u0161i predsednik Skup\u0161tine op\u0161tine Glogovac, Naim Bazaj, kandidovac\u0301e se na lokalnim izborima pod sloganom \u201eInicijativa za Glogovac\u201c.<\/p>\n<p>Prilikom pretresa stana i pratec\u0301ih objekata, policija je zaplenila arsenal oru\u017eja i municije, me\u0111u kojima: duga\u010dku pu\u0161ku sa dvogledom, cev i 200 metaka kalibra .22 Remington, 1 automatsko oru\u017eje sa 15 metaka i okvirom, 1 dvocevnu sa\u010dmaricu i 46 metaka, 1 vazdu\u0161nu pu\u0161ku kalibra 4,5 mm (proizvedeno u Nema\u010dkoj), 1 pi\u0161tolj Sig Sauer sa okvirom i 29 metaka, 1 pi\u0161tolj AG-9 sa dva okvira i pratec\u0301om opremom, 1 iPhone 14 Pro Max i 1 ugovor i dokumentaciju za oru\u017eje na ime Fitim Bazaj.<\/p>\n","protected":false},"excerpt":{"rendered":"<p>Pri\u0161tina, 5. jul 2025 Naim Bazaj, star oko 54 godine, uhap\u0161en je kao osumnji\u010deni za nekoliko te\u0161kih krivi\u010dnih dela, uklju\u010dujuc\u0301i \u201eprinudu\u201c, \u201ela\u017eno predstavljanje kao slu\u017ebeno<\/p>\n","protected":false},"author":2,"featured_media":2575,"comment_status":"open","ping_status":"open","sticky":false,"template":"","format":"standard","meta":{"footnotes":""},"categories":[30],"tags":[],"class_list":["post-2577","post","type-post","status-publish","format-standard","has-post-thumbnail","hentry","category-drustvo"],"yoast_head":"<!-- This site is optimized with the Yoast SEO plugin v25.3.1 - https:\/\/yoast.com\/wordpress\/plugins\/seo\/ -->\n<title>Uhap\u0161en kandidat za gradona\u010delnika Glogovca uhap\u0161en, osumnji\u010den za prinudu i la\u017eno predstavljanje kao slu\u017ebeno lice, prona\u0111en arsenal oru\u017eja -<\/title>\n<meta name=\"robots\" content=\"index, follow, max-snippet:-1, max-image-preview:large, max-video-preview:-1\" \/>\n<link rel=\"canonical\" href=\"https:\/\/veritasinfo.org\/?p=2577&lang=sr\" \/>\n<meta property=\"og:locale\" content=\"en_US\" \/>\n<meta property=\"og:type\" content=\"article\" \/>\n<meta property=\"og:title\" content=\"Uhap\u0161en kandidat za gradona\u010delnika Glogovca uhap\u0161en, osumnji\u010den za prinudu i la\u017eno predstavljanje kao slu\u017ebeno lice, prona\u0111en arsenal oru\u017eja -\" \/>\n<meta property=\"og:description\" content=\"Pri\u0161tina, 5. jul 2025 Naim Bazaj, star oko 54 godine, uhap\u0161en je kao osumnji\u010deni za nekoliko te\u0161kih krivi\u010dnih dela, uklju\u010dujuc\u0301i \u201eprinudu\u201c, \u201ela\u017eno predstavljanje kao slu\u017ebeno\" \/>\n<meta property=\"og:url\" content=\"https:\/\/veritasinfo.org\/?p=2577&amp;lang=sr\" \/>\n<meta property=\"article:published_time\" content=\"2025-07-05T06:31:19+00:00\" \/>\n<meta property=\"og:image\" content=\"https:\/\/veritasinfo.org\/wp-content\/uploads\/2025\/07\/Naim-Bazaj.jpg\" \/>\n\t<meta property=\"og:image:width\" content=\"225\" \/>\n\t<meta property=\"og:image:height\" content=\"225\" \/>\n\t<meta property=\"og:image:type\" content=\"image\/jpeg\" \/>\n<meta name=\"author\" content=\"US1\" \/>\n<meta name=\"twitter:card\" content=\"summary_large_image\" \/>\n<meta name=\"twitter:label1\" content=\"Written by\" \/>\n\t<meta name=\"twitter:data1\" content=\"US1\" \/>\n\t<meta name=\"twitter:label2\" content=\"Est. reading time\" \/>\n\t<meta name=\"twitter:data2\" content=\"1 minute\" \/>\n<script type=\"application\/ld+json\" class=\"yoast-schema-graph\">{\"@context\":\"https:\/\/schema.org\",\"@graph\":[{\"@type\":\"WebPage\",\"@id\":\"https:\/\/veritasinfo.org\/?p=2577&lang=sr\",\"url\":\"https:\/\/veritasinfo.org\/?p=2577&lang=sr\",\"name\":\"Uhap\u0161en kandidat za gradona\u010delnika Glogovca uhap\u0161en, osumnji\u010den za prinudu i la\u017eno predstavljanje kao slu\u017ebeno lice, prona\u0111en arsenal oru\u017eja -\",\"isPartOf\":{\"@id\":\"https:\/\/veritasinfo.org\/#website\"},\"primaryImageOfPage\":{\"@id\":\"https:\/\/veritasinfo.org\/?p=2577&lang=sr#primaryimage\"},\"image\":{\"@id\":\"https:\/\/veritasinfo.org\/?p=2577&lang=sr#primaryimage\"},\"thumbnailUrl\":\"https:\/\/veritasinfo.org\/wp-content\/uploads\/2025\/07\/Naim-Bazaj.jpg\",\"datePublished\":\"2025-07-05T06:31:19+00:00\",\"author\":{\"@id\":\"https:\/\/veritasinfo.org\/#\/schema\/person\/c2b8be262ea994d0995addca692c5e98\"},\"breadcrumb\":{\"@id\":\"https:\/\/veritasinfo.org\/?p=2577&lang=sr#breadcrumb\"},\"inLanguage\":\"en-US\",\"potentialAction\":[{\"@type\":\"ReadAction\",\"target\":[\"https:\/\/veritasinfo.org\/?p=2577&lang=sr\"]}]},{\"@type\":\"ImageObject\",\"inLanguage\":\"en-US\",\"@id\":\"https:\/\/veritasinfo.org\/?p=2577&lang=sr#primaryimage\",\"url\":\"https:\/\/veritasinfo.org\/wp-content\/uploads\/2025\/07\/Naim-Bazaj.jpg\",\"contentUrl\":\"https:\/\/veritasinfo.org\/wp-content\/uploads\/2025\/07\/Naim-Bazaj.jpg\",\"width\":225,\"height\":225},{\"@type\":\"BreadcrumbList\",\"@id\":\"https:\/\/veritasinfo.org\/?p=2577&lang=sr#breadcrumb\",\"itemListElement\":[{\"@type\":\"ListItem\",\"position\":1,\"name\":\"Home\",\"item\":\"https:\/\/veritasinfo.org\/\"},{\"@type\":\"ListItem\",\"position\":2,\"name\":\"Uhap\u0161en kandidat za gradona\u010delnika Glogovca uhap\u0161en, osumnji\u010den za prinudu i la\u017eno predstavljanje kao slu\u017ebeno lice, prona\u0111en arsenal oru\u017eja\"}]},{\"@type\":\"WebSite\",\"@id\":\"https:\/\/veritasinfo.org\/#website\",\"url\":\"https:\/\/veritasinfo.org\/\",\"name\":\"\",\"description\":\"\",\"potentialAction\":[{\"@type\":\"SearchAction\",\"target\":{\"@type\":\"EntryPoint\",\"urlTemplate\":\"https:\/\/veritasinfo.org\/?s={search_term_string}\"},\"query-input\":{\"@type\":\"PropertyValueSpecification\",\"valueRequired\":true,\"valueName\":\"search_term_string\"}}],\"inLanguage\":\"en-US\"},{\"@type\":\"Person\",\"@id\":\"https:\/\/veritasinfo.org\/#\/schema\/person\/c2b8be262ea994d0995addca692c5e98\",\"name\":\"US1\",\"image\":{\"@type\":\"ImageObject\",\"inLanguage\":\"en-US\",\"@id\":\"https:\/\/veritasinfo.org\/#\/schema\/person\/image\/\",\"url\":\"https:\/\/secure.gravatar.com\/avatar\/4e96a59bd256abf9956eb9963ac891a47461ffb364d47b0e9aab113328fdb75b?s=96&d=mm&r=g\",\"contentUrl\":\"https:\/\/secure.gravatar.com\/avatar\/4e96a59bd256abf9956eb9963ac891a47461ffb364d47b0e9aab113328fdb75b?s=96&d=mm&r=g\",\"caption\":\"US1\"},\"url\":\"https:\/\/veritasinfo.org\/?author=2\"}]}<\/script>\n<!-- \/ Yoast SEO plugin. -->","yoast_head_json":{"title":"Uhap\u0161en kandidat za gradona\u010delnika Glogovca uhap\u0161en, osumnji\u010den za prinudu i la\u017eno predstavljanje kao slu\u017ebeno lice, prona\u0111en arsenal oru\u017eja -","robots":{"index":"index","follow":"follow","max-snippet":"max-snippet:-1","max-image-preview":"max-image-preview:large","max-video-preview":"max-video-preview:-1"},"canonical":"https:\/\/veritasinfo.org\/?p=2577&lang=sr","og_locale":"en_US","og_type":"article","og_title":"Uhap\u0161en kandidat za gradona\u010delnika Glogovca uhap\u0161en, osumnji\u010den za prinudu i la\u017eno predstavljanje kao slu\u017ebeno lice, prona\u0111en arsenal oru\u017eja -","og_description":"Pri\u0161tina, 5. jul 2025 Naim Bazaj, star oko 54 godine, uhap\u0161en je kao osumnji\u010deni za nekoliko te\u0161kih krivi\u010dnih dela, uklju\u010dujuc\u0301i \u201eprinudu\u201c, \u201ela\u017eno predstavljanje kao slu\u017ebeno","og_url":"https:\/\/veritasinfo.org\/?p=2577&lang=sr","article_published_time":"2025-07-05T06:31:19+00:00","og_image":[{"width":225,"height":225,"url":"https:\/\/veritasinfo.org\/wp-content\/uploads\/2025\/07\/Naim-Bazaj.jpg","type":"image\/jpeg"}],"author":"US1","twitter_card":"summary_large_image","twitter_misc":{"Written by":"US1","Est. reading time":"1 minute"},"schema":{"@context":"https:\/\/schema.org","@graph":[{"@type":"WebPage","@id":"https:\/\/veritasinfo.org\/?p=2577&lang=sr","url":"https:\/\/veritasinfo.org\/?p=2577&lang=sr","name":"Uhap\u0161en kandidat za gradona\u010delnika Glogovca uhap\u0161en, osumnji\u010den za prinudu i la\u017eno predstavljanje kao slu\u017ebeno lice, prona\u0111en arsenal oru\u017eja -","isPartOf":{"@id":"https:\/\/veritasinfo.org\/#website"},"primaryImageOfPage":{"@id":"https:\/\/veritasinfo.org\/?p=2577&lang=sr#primaryimage"},"image":{"@id":"https:\/\/veritasinfo.org\/?p=2577&lang=sr#primaryimage"},"thumbnailUrl":"https:\/\/veritasinfo.org\/wp-content\/uploads\/2025\/07\/Naim-Bazaj.jpg","datePublished":"2025-07-05T06:31:19+00:00","author":{"@id":"https:\/\/veritasinfo.org\/#\/schema\/person\/c2b8be262ea994d0995addca692c5e98"},"breadcrumb":{"@id":"https:\/\/veritasinfo.org\/?p=2577&lang=sr#breadcrumb"},"inLanguage":"en-US","potentialAction":[{"@type":"ReadAction","target":["https:\/\/veritasinfo.org\/?p=2577&lang=sr"]}]},{"@type":"ImageObject","inLanguage":"en-US","@id":"https:\/\/veritasinfo.org\/?p=2577&lang=sr#primaryimage","url":"https:\/\/veritasinfo.org\/wp-content\/uploads\/2025\/07\/Naim-Bazaj.jpg","contentUrl":"https:\/\/veritasinfo.org\/wp-content\/uploads\/2025\/07\/Naim-Bazaj.jpg","width":225,"height":225},{"@type":"BreadcrumbList","@id":"https:\/\/veritasinfo.org\/?p=2577&lang=sr#breadcrumb","itemListElement":[{"@type":"ListItem","position":1,"name":"Home","item":"https:\/\/veritasinfo.org\/"},{"@type":"ListItem","position":2,"name":"Uhap\u0161en kandidat za gradona\u010delnika Glogovca uhap\u0161en, osumnji\u010den za prinudu i la\u017eno predstavljanje kao slu\u017ebeno lice, prona\u0111en arsenal oru\u017eja"}]},{"@type":"WebSite","@id":"https:\/\/veritasinfo.org\/#website","url":"https:\/\/veritasinfo.org\/","name":"","description":"","potentialAction":[{"@type":"SearchAction","target":{"@type":"EntryPoint","urlTemplate":"https:\/\/veritasinfo.org\/?s={search_term_string}"},"query-input":{"@type":"PropertyValueSpecification","valueRequired":true,"valueName":"search_term_string"}}],"inLanguage":"en-US"},{"@type":"Person","@id":"https:\/\/veritasinfo.org\/#\/schema\/person\/c2b8be262ea994d0995addca692c5e98","name":"US1","image":{"@type":"ImageObject","inLanguage":"en-US","@id":"https:\/\/veritasinfo.org\/#\/schema\/person\/image\/","url":"https:\/\/secure.gravatar.com\/avatar\/4e96a59bd256abf9956eb9963ac891a47461ffb364d47b0e9aab113328fdb75b?s=96&d=mm&r=g","contentUrl":"https:\/\/secure.gravatar.com\/avatar\/4e96a59bd256abf9956eb9963ac891a47461ffb364d47b0e9aab113328fdb75b?s=96&d=mm&r=g","caption":"US1"},"url":"https:\/\/veritasinfo.org\/?author=2"}]}},"featured_image_urls":{"full":["https:\/\/veritasinfo.org\/wp-content\/uploads\/2025\/07\/Naim-Bazaj.jpg",225,225,false],"thumbnail":["https:\/\/veritasinfo.org\/wp-content\/uploads\/2025\/07\/Naim-Bazaj-150x150.jpg",150,150,true],"medium":["https:\/\/veritasinfo.org\/wp-content\/uploads\/2025\/07\/Naim-Bazaj.jpg",225,225,false],"medium_large":["https:\/\/veritasinfo.org\/wp-content\/uploads\/2025\/07\/Naim-Bazaj.jpg",225,225,false],"large":["https:\/\/veritasinfo.org\/wp-content\/uploads\/2025\/07\/Naim-Bazaj.jpg",225,225,false],"1536x1536":["https:\/\/veritasinfo.org\/wp-content\/uploads\/2025\/07\/Naim-Bazaj.jpg",225,225,false],"2048x2048":["https:\/\/veritasinfo.org\/wp-content\/uploads\/2025\/07\/Naim-Bazaj.jpg",225,225,false],"kreeti-slider-full":["https:\/\/veritasinfo.org\/wp-content\/uploads\/2025\/07\/Naim-Bazaj.jpg",225,225,false],"kreeti-featured":["https:\/\/veritasinfo.org\/wp-content\/uploads\/2025\/07\/Naim-Bazaj.jpg",225,225,false],"kreeti-medium":["https:\/\/veritasinfo.org\/wp-content\/uploads\/2025\/07\/Naim-Bazaj.jpg",225,225,false],"kreeti-medium-square":["https:\/\/veritasinfo.org\/wp-content\/uploads\/2025\/07\/Naim-Bazaj.jpg",225,225,false]},"author_info":{"info":["US1"]},"category_info":"<a href=\"https:\/\/veritasinfo.org\/?cat=30&#038;lang=sr\" rel=\"category\">Dru\u0161tvo<\/a>","tag_info":"Dru\u0161tvo","comment_count":"0","_links":{"self":[{"href":"https:\/\/veritasinfo.org\/index.php?rest_route=\/wp\/v2\/posts\/2577","targetHints":{"allow":["GET"]}}],"collection":[{"href":"https:\/\/veritasinfo.org\/index.php?rest_route=\/wp\/v2\/posts"}],"about":[{"href":"https:\/\/veritasinfo.org\/index.php?rest_route=\/wp\/v2\/types\/post"}],"author":[{"embeddable":true,"href":"https:\/\/veritasinfo.org\/index.php?rest_route=\/wp\/v2\/users\/2"}],"replies":[{"embeddable":true,"href":"https:\/\/veritasinfo.org\/index.php?rest_route=%2Fwp%2Fv2%2Fcomments&post=2577"}],"version-history":[{"count":1,"href":"https:\/\/veritasinfo.org\/index.php?rest_route=\/wp\/v2\/posts\/2577\/revisions"}],"predecessor-version":[{"id":2578,"href":"https:\/\/veritasinfo.org\/index.php?rest_route=\/wp\/v2\/posts\/2577\/revisions\/2578"}],"wp:featuredmedia":[{"embeddable":true,"href":"https:\/\/veritasinfo.org\/index.php?rest_route=\/wp\/v2\/media\/2575"}],"wp:attachment":[{"href":"https:\/\/veritasinfo.org\/index.php?rest_route=%2Fwp%2Fv2%2Fmedia&parent=2577"}],"wp:term":[{"taxonomy":"category","embeddable":true,"href":"https:\/\/veritasinfo.org\/index.php?rest_route=%2Fwp%2Fv2%2Fcategories&post=2577"},{"taxonomy":"post_tag","embeddable":true,"href":"https:\/\/veritasinfo.org\/index.php?rest_route=%2Fwp%2Fv2%2Ftags&post=2577"}],"curies":[{"name":"wp","href":"https:\/\/api.w.org\/{rel}","templated":true}]}}